{"id":9917,"date":"2022-01-12T13:43:29","date_gmt":"2022-01-12T13:43:29","guid":{"rendered":"https:\/\/www.institutfrancais-lituanie.com\/?p=9917"},"modified":"2022-01-26T13:38:00","modified_gmt":"2022-01-26T13:38:00","slug":"une-histoire-un-atelier-alors-ca-mord","status":"publish","type":"post","link":"https:\/\/www.institutfrancais-lituanie.com\/fr\/archives\/archives-une-histoire-un-atelier\/une-histoire-un-atelier-alors-ca-mord\/","title":{"rendered":"Une histoire, un atelier\u2026 : \u00ab Alors, \u00e7a mord ? \u00bb"},"content":{"rendered":"<p><strong>Le vendredi 21\u00a0janvier,<\/strong> <strong>\u00e0 16h00 <\/strong>\u00ab <strong>Une histoire, un atelier\u2026<\/strong> \u00bb<strong> pour les Tout Petits<\/strong><\/p>\n<p>Pour cette rencontre, nous vous proposons l\u2019histoire en fran\u00e7ais pour les enfants de 3 \u00e0 9 ans \u00ab Alors, \u00e7a mord ? \u00bb, suivie d\u2019un atelier cr\u00e9atif (dur\u00e9e\u00a0: 50 min).<\/p>\n<p>En raison du nombre de places disponibles, merci de confirmer votre inscription en remplissant le formulaire en ligne : <a href=\"https:\/\/forms.gle\/fFH5AdKEYCWkGR3y8\" target=\"_blank\" rel=\"noopener\">https:\/\/forms.gle\/fFH5AdKEYCWkGR3y8<\/a><\/p>\n<p><em><strong>A l\u2019Institut fran\u00e7ais de Lituanie. Gratuit, en fran\u00e7ais et en lituanien.<\/strong><\/em><\/p>\n<p><strong><em>Les accompagnateurs<\/em><\/strong> <strong><em>devront \u00eatre en mesure de pr\u00e9senter leur pass sanitaire lituanien (Galimybi\u0173 pasas) en cours de validit\u00e9 ou un certificat de vaccination europ\u00e9en, voire, \u00e9ventuellement d\u2019autres pi\u00e8ces justificatives.<\/em><\/strong><\/p>\n<hr \/>\n<p><strong>Pendant tous les \u2018\u00e9v\u00e9nements de l\u2019Institut fran\u00e7ais de Lituanie<\/strong>, tous les spectateurs et\/ou participants \u00e2g\u00e9s de plus de 6 ans doivent porter des masques respiratoires de niveau FFP2 au minimum, qui s\u2019ajustent parfaitement au visage et couvrent compl\u00e8tement le nez et la bouche (ci-apr\u00e8s \u2013 respirateurs).<\/p>\n<p>Le port de respirateurs n\u2019est pas obligatoire pour les personnes handicap\u00e9es qui ne peuvent pas en porter en raison de leur \u00e9tat de sant\u00e9 ou dont le port de respirateur peut nuire \u00e0 leur \u00e9tat de sant\u00e9 (un \u00e9cran facial est recommand\u00e9).<\/p>\n","protected":false},"excerpt":{"rendered":"<p>Le vendredi 21\u00a0janvier, \u00e0 16h00 \u00ab Une histoire, un atelier\u2026 \u00bb pour les Tout Petits&hellip;<\/p>\n","protected":false},"author":7,"featured_media":9915,"comment_status":"closed","ping_status":"open","sticky":false,"template":"","format":"standard","meta":{"footnotes":""},"categories":[116],"tags":[],"class_list":["post-9917","post","type-post","status-publish","format-standard","has-post-thumbnail","hentry","category-archives-une-histoire-un-atelier"],"yoast_head":"<!-- This site is optimized with the Yoast SEO plugin v23.2 - https:\/\/yoast.com\/wordpress\/plugins\/seo\/ -->\n<title>Une histoire, un atelier\u2026 : \u00ab Alors, \u00e7a mord ? \u00bb - IF Lituanie<\/title>\n<meta name=\"robots\" content=\"index, follow, max-snippet:-1, max-image-preview:large, max-video-preview:-1\" \/>\n<link rel=\"canonical\" href=\"https:\/\/www.institutfrancais-lituanie.com\/fr\/archives\/archives-une-histoire-un-atelier\/une-histoire-un-atelier-alors-ca-mord\/\" \/>\n<meta property=\"og:locale\" content=\"fr_FR\" \/>\n<meta property=\"og:type\" content=\"article\" \/>\n<meta property=\"og:title\" content=\"Une histoire, un atelier\u2026 : \u00ab Alors, \u00e7a mord ? \u00bb - IF Lituanie\" \/>\n<meta property=\"og:description\" content=\"Le vendredi 21\u00a0janvier, \u00e0 16h00 \u00ab Une histoire, un atelier\u2026 \u00bb pour les Tout Petits&hellip;\" \/>\n<meta property=\"og:url\" content=\"https:\/\/www.institutfrancais-lituanie.com\/fr\/archives\/archives-une-histoire-un-atelier\/une-histoire-un-atelier-alors-ca-mord\/\" \/>\n<meta property=\"og:site_name\" content=\"IF Lituanie\" \/>\n<meta property=\"article:publisher\" content=\"https:\/\/www.facebook.com\/prancuzuinstitutas\/\" \/>\n<meta property=\"article:published_time\" content=\"2022-01-12T13:43:29+00:00\" \/>\n<meta property=\"article:modified_time\" content=\"2022-01-26T13:38:00+00:00\" \/>\n<meta property=\"og:image\" content=\"https:\/\/www.institutfrancais-lituanie.com\/wp-content\/uploads\/2022\/01\/Maketas_Alors-ca-mord_web-01.jpg\" \/>\n\t<meta property=\"og:image:width\" content=\"1191\" \/>\n\t<meta property=\"og:image:height\" content=\"654\" \/>\n\t<meta property=\"og:image:type\" content=\"image\/jpeg\" \/>\n<meta name=\"author\" content=\"Evelina Reznikove\" \/>\n<meta name=\"twitter:card\" content=\"summary_large_image\" \/>\n<meta name=\"twitter:label1\" content=\"Written by\" \/>\n\t<meta name=\"twitter:data1\" content=\"Evelina Reznikove\" \/>\n\t<meta name=\"twitter:label2\" content=\"Est. reading time\" \/>\n\t<meta name=\"twitter:data2\" content=\"1 minute\" \/>\n<script type=\"application\/ld+json\" class=\"yoast-schema-graph\">{\"@context\":\"https:\/\/schema.org\",\"@graph\":[{\"@type\":\"Article\",\"@id\":\"https:\/\/www.institutfrancais-lituanie.com\/fr\/archives\/archives-une-histoire-un-atelier\/une-histoire-un-atelier-alors-ca-mord\/#article\",\"isPartOf\":{\"@id\":\"https:\/\/www.institutfrancais-lituanie.com\/fr\/archives\/archives-une-histoire-un-atelier\/une-histoire-un-atelier-alors-ca-mord\/\"},\"author\":{\"name\":\"Evelina Reznikove\",\"@id\":\"https:\/\/www.institutfrancais-lituanie.com\/fr\/#\/schema\/person\/c9dac6d9150f55695a95f9bba5374b9a\"},\"headline\":\"Une histoire, un atelier\u2026 : \u00ab Alors, \u00e7a mord ? \u00bb\",\"datePublished\":\"2022-01-12T13:43:29+00:00\",\"dateModified\":\"2022-01-26T13:38:00+00:00\",\"mainEntityOfPage\":{\"@id\":\"https:\/\/www.institutfrancais-lituanie.com\/fr\/archives\/archives-une-histoire-un-atelier\/une-histoire-un-atelier-alors-ca-mord\/\"},\"wordCount\":213,\"publisher\":{\"@id\":\"https:\/\/www.institutfrancais-lituanie.com\/fr\/#organization\"},\"image\":{\"@id\":\"https:\/\/www.institutfrancais-lituanie.com\/fr\/archives\/archives-une-histoire-un-atelier\/une-histoire-un-atelier-alors-ca-mord\/#primaryimage\"},\"thumbnailUrl\":\"https:\/\/www.institutfrancais-lituanie.com\/wp-content\/uploads\/2022\/01\/Maketas_Alors-ca-mord_web-01.jpg\",\"articleSection\":[\"Archives : Une histoire, un atelier\"],\"inLanguage\":\"fr-FR\"},{\"@type\":\"WebPage\",\"@id\":\"https:\/\/www.institutfrancais-lituanie.com\/fr\/archives\/archives-une-histoire-un-atelier\/une-histoire-un-atelier-alors-ca-mord\/\",\"url\":\"https:\/\/www.institutfrancais-lituanie.com\/fr\/archives\/archives-une-histoire-un-atelier\/une-histoire-un-atelier-alors-ca-mord\/\",\"name\":\"Une histoire, un atelier\u2026 : \u00ab Alors, \u00e7a mord ? \u00bb - IF Lituanie\",\"isPartOf\":{\"@id\":\"https:\/\/www.institutfrancais-lituanie.com\/fr\/#website\"},\"primaryImageOfPage\":{\"@id\":\"https:\/\/www.institutfrancais-lituanie.com\/fr\/archives\/archives-une-histoire-un-atelier\/une-histoire-un-atelier-alors-ca-mord\/#primaryimage\"},\"image\":{\"@id\":\"https:\/\/www.institutfrancais-lituanie.com\/fr\/archives\/archives-une-histoire-un-atelier\/une-histoire-un-atelier-alors-ca-mord\/#primaryimage\"},\"thumbnailUrl\":\"https:\/\/www.institutfrancais-lituanie.com\/wp-content\/uploads\/2022\/01\/Maketas_Alors-ca-mord_web-01.jpg\",\"datePublished\":\"2022-01-12T13:43:29+00:00\",\"dateModified\":\"2022-01-26T13:38:00+00:00\",\"breadcrumb\":{\"@id\":\"https:\/\/www.institutfrancais-lituanie.com\/fr\/archives\/archives-une-histoire-un-atelier\/une-histoire-un-atelier-alors-ca-mord\/#breadcrumb\"},\"inLanguage\":\"fr-FR\",\"potentialAction\":[{\"@type\":\"ReadAction\",\"target\":[\"https:\/\/www.institutfrancais-lituanie.com\/fr\/archives\/archives-une-histoire-un-atelier\/une-histoire-un-atelier-alors-ca-mord\/\"]}]},{\"@type\":\"ImageObject\",\"inLanguage\":\"fr-FR\",\"@id\":\"https:\/\/www.institutfrancais-lituanie.com\/fr\/archives\/archives-une-histoire-un-atelier\/une-histoire-un-atelier-alors-ca-mord\/#primaryimage\",\"url\":\"https:\/\/www.institutfrancais-lituanie.com\/wp-content\/uploads\/2022\/01\/Maketas_Alors-ca-mord_web-01.jpg\",\"contentUrl\":\"https:\/\/www.institutfrancais-lituanie.com\/wp-content\/uploads\/2022\/01\/Maketas_Alors-ca-mord_web-01.jpg\",\"width\":1191,\"height\":654},{\"@type\":\"BreadcrumbList\",\"@id\":\"https:\/\/www.institutfrancais-lituanie.com\/fr\/archives\/archives-une-histoire-un-atelier\/une-histoire-un-atelier-alors-ca-mord\/#breadcrumb\",\"itemListElement\":[{\"@type\":\"ListItem\",\"position\":1,\"name\":\"Home\",\"item\":\"https:\/\/www.institutfrancais-lituanie.com\/fr\/\"},{\"@type\":\"ListItem\",\"position\":2,\"name\":\"Une histoire, un atelier\u2026 : \u00ab Alors, \u00e7a mord ? \u00bb\"}]},{\"@type\":\"WebSite\",\"@id\":\"https:\/\/www.institutfrancais-lituanie.com\/fr\/#website\",\"url\":\"https:\/\/www.institutfrancais-lituanie.com\/fr\/\",\"name\":\"IF Lituanie\",\"description\":\"Pranc\u016bz\u0173 kalbos kursai, kult\u016bra, mediateka...\",\"publisher\":{\"@id\":\"https:\/\/www.institutfrancais-lituanie.com\/fr\/#organization\"},\"potentialAction\":[{\"@type\":\"SearchAction\",\"target\":{\"@type\":\"EntryPoint\",\"urlTemplate\":\"https:\/\/www.institutfrancais-lituanie.com\/fr\/?s={search_term_string}\"},\"query-input\":\"required name=search_term_string\"}],\"inLanguage\":\"fr-FR\"},{\"@type\":\"Organization\",\"@id\":\"https:\/\/www.institutfrancais-lituanie.com\/fr\/#organization\",\"name\":\"Pranc\u016bz\u0173 institutas\",\"url\":\"https:\/\/www.institutfrancais-lituanie.com\/fr\/\",\"logo\":{\"@type\":\"ImageObject\",\"inLanguage\":\"fr-FR\",\"@id\":\"https:\/\/www.institutfrancais-lituanie.com\/fr\/#\/schema\/logo\/image\/\",\"url\":\"https:\/\/www.institutfrancais-lituanie.com\/wp-content\/uploads\/2023\/04\/IF_Logo-Lituanie-RVB.jpg\",\"contentUrl\":\"https:\/\/www.institutfrancais-lituanie.com\/wp-content\/uploads\/2023\/04\/IF_Logo-Lituanie-RVB.jpg\",\"width\":827,\"height\":555,\"caption\":\"Pranc\u016bz\u0173 institutas\"},\"image\":{\"@id\":\"https:\/\/www.institutfrancais-lituanie.com\/fr\/#\/schema\/logo\/image\/\"},\"sameAs\":[\"https:\/\/www.facebook.com\/prancuzuinstitutas\/\",\"https:\/\/www.instagram.com\/institut_francais_lituanie\/\"]},{\"@type\":\"Person\",\"@id\":\"https:\/\/www.institutfrancais-lituanie.com\/fr\/#\/schema\/person\/c9dac6d9150f55695a95f9bba5374b9a\",\"name\":\"Evelina Reznikove\",\"image\":{\"@type\":\"ImageObject\",\"inLanguage\":\"fr-FR\",\"@id\":\"https:\/\/www.institutfrancais-lituanie.com\/fr\/#\/schema\/person\/image\/\",\"url\":\"https:\/\/secure.gravatar.com\/avatar\/76f7b7d50952f6766575cbf6aadb57cc?s=96&d=mm&r=g\",\"contentUrl\":\"https:\/\/secure.gravatar.com\/avatar\/76f7b7d50952f6766575cbf6aadb57cc?s=96&d=mm&r=g\",\"caption\":\"Evelina Reznikove\"},\"url\":\"https:\/\/www.institutfrancais-lituanie.com\/fr\/author\/evelina\/\"}]}<\/script>\n<!-- \/ Yoast SEO plugin. -->","yoast_head_json":{"title":"Une histoire, un atelier\u2026 : \u00ab Alors, \u00e7a mord ? \u00bb - IF Lituanie","robots":{"index":"index","follow":"follow","max-snippet":"max-snippet:-1","max-image-preview":"max-image-preview:large","max-video-preview":"max-video-preview:-1"},"canonical":"https:\/\/www.institutfrancais-lituanie.com\/fr\/archives\/archives-une-histoire-un-atelier\/une-histoire-un-atelier-alors-ca-mord\/","og_locale":"fr_FR","og_type":"article","og_title":"Une histoire, un atelier\u2026 : \u00ab Alors, \u00e7a mord ? \u00bb - IF Lituanie","og_description":"Le vendredi 21\u00a0janvier, \u00e0 16h00 \u00ab Une histoire, un atelier\u2026 \u00bb pour les Tout Petits&hellip;","og_url":"https:\/\/www.institutfrancais-lituanie.com\/fr\/archives\/archives-une-histoire-un-atelier\/une-histoire-un-atelier-alors-ca-mord\/","og_site_name":"IF Lituanie","article_publisher":"https:\/\/www.facebook.com\/prancuzuinstitutas\/","article_published_time":"2022-01-12T13:43:29+00:00","article_modified_time":"2022-01-26T13:38:00+00:00","og_image":[{"width":1191,"height":654,"url":"https:\/\/www.institutfrancais-lituanie.com\/wp-content\/uploads\/2022\/01\/Maketas_Alors-ca-mord_web-01.jpg","type":"image\/jpeg"}],"author":"Evelina Reznikove","twitter_card":"summary_large_image","twitter_misc":{"Written by":"Evelina Reznikove","Est. reading time":"1 minute"},"schema":{"@context":"https:\/\/schema.org","@graph":[{"@type":"Article","@id":"https:\/\/www.institutfrancais-lituanie.com\/fr\/archives\/archives-une-histoire-un-atelier\/une-histoire-un-atelier-alors-ca-mord\/#article","isPartOf":{"@id":"https:\/\/www.institutfrancais-lituanie.com\/fr\/archives\/archives-une-histoire-un-atelier\/une-histoire-un-atelier-alors-ca-mord\/"},"author":{"name":"Evelina Reznikove","@id":"https:\/\/www.institutfrancais-lituanie.com\/fr\/#\/schema\/person\/c9dac6d9150f55695a95f9bba5374b9a"},"headline":"Une histoire, un atelier\u2026 : \u00ab Alors, \u00e7a mord ? \u00bb","datePublished":"2022-01-12T13:43:29+00:00","dateModified":"2022-01-26T13:38:00+00:00","mainEntityOfPage":{"@id":"https:\/\/www.institutfrancais-lituanie.com\/fr\/archives\/archives-une-histoire-un-atelier\/une-histoire-un-atelier-alors-ca-mord\/"},"wordCount":213,"publisher":{"@id":"https:\/\/www.institutfrancais-lituanie.com\/fr\/#organization"},"image":{"@id":"https:\/\/www.institutfrancais-lituanie.com\/fr\/archives\/archives-une-histoire-un-atelier\/une-histoire-un-atelier-alors-ca-mord\/#primaryimage"},"thumbnailUrl":"https:\/\/www.institutfrancais-lituanie.com\/wp-content\/uploads\/2022\/01\/Maketas_Alors-ca-mord_web-01.jpg","articleSection":["Archives : Une histoire, un atelier"],"inLanguage":"fr-FR"},{"@type":"WebPage","@id":"https:\/\/www.institutfrancais-lituanie.com\/fr\/archives\/archives-une-histoire-un-atelier\/une-histoire-un-atelier-alors-ca-mord\/","url":"https:\/\/www.institutfrancais-lituanie.com\/fr\/archives\/archives-une-histoire-un-atelier\/une-histoire-un-atelier-alors-ca-mord\/","name":"Une histoire, un atelier\u2026 : \u00ab Alors, \u00e7a mord ? \u00bb - IF Lituanie","isPartOf":{"@id":"https:\/\/www.institutfrancais-lituanie.com\/fr\/#website"},"primaryImageOfPage":{"@id":"https:\/\/www.institutfrancais-lituanie.com\/fr\/archives\/archives-une-histoire-un-atelier\/une-histoire-un-atelier-alors-ca-mord\/#primaryimage"},"image":{"@id":"https:\/\/www.institutfrancais-lituanie.com\/fr\/archives\/archives-une-histoire-un-atelier\/une-histoire-un-atelier-alors-ca-mord\/#primaryimage"},"thumbnailUrl":"https:\/\/www.institutfrancais-lituanie.com\/wp-content\/uploads\/2022\/01\/Maketas_Alors-ca-mord_web-01.jpg","datePublished":"2022-01-12T13:43:29+00:00","dateModified":"2022-01-26T13:38:00+00:00","breadcrumb":{"@id":"https:\/\/www.institutfrancais-lituanie.com\/fr\/archives\/archives-une-histoire-un-atelier\/une-histoire-un-atelier-alors-ca-mord\/#breadcrumb"},"inLanguage":"fr-FR","potentialAction":[{"@type":"ReadAction","target":["https:\/\/www.institutfrancais-lituanie.com\/fr\/archives\/archives-une-histoire-un-atelier\/une-histoire-un-atelier-alors-ca-mord\/"]}]},{"@type":"ImageObject","inLanguage":"fr-FR","@id":"https:\/\/www.institutfrancais-lituanie.com\/fr\/archives\/archives-une-histoire-un-atelier\/une-histoire-un-atelier-alors-ca-mord\/#primaryimage","url":"https:\/\/www.institutfrancais-lituanie.com\/wp-content\/uploads\/2022\/01\/Maketas_Alors-ca-mord_web-01.jpg","contentUrl":"https:\/\/www.institutfrancais-lituanie.com\/wp-content\/uploads\/2022\/01\/Maketas_Alors-ca-mord_web-01.jpg","width":1191,"height":654},{"@type":"BreadcrumbList","@id":"https:\/\/www.institutfrancais-lituanie.com\/fr\/archives\/archives-une-histoire-un-atelier\/une-histoire-un-atelier-alors-ca-mord\/#breadcrumb","itemListElement":[{"@type":"ListItem","position":1,"name":"Home","item":"https:\/\/www.institutfrancais-lituanie.com\/fr\/"},{"@type":"ListItem","position":2,"name":"Une histoire, un atelier\u2026 : \u00ab Alors, \u00e7a mord ? \u00bb"}]},{"@type":"WebSite","@id":"https:\/\/www.institutfrancais-lituanie.com\/fr\/#website","url":"https:\/\/www.institutfrancais-lituanie.com\/fr\/","name":"IF Lituanie","description":"Pranc\u016bz\u0173 kalbos kursai, kult\u016bra, mediateka...","publisher":{"@id":"https:\/\/www.institutfrancais-lituanie.com\/fr\/#organization"},"potentialAction":[{"@type":"SearchAction","target":{"@type":"EntryPoint","urlTemplate":"https:\/\/www.institutfrancais-lituanie.com\/fr\/?s={search_term_string}"},"query-input":"required name=search_term_string"}],"inLanguage":"fr-FR"},{"@type":"Organization","@id":"https:\/\/www.institutfrancais-lituanie.com\/fr\/#organization","name":"Pranc\u016bz\u0173 institutas","url":"https:\/\/www.institutfrancais-lituanie.com\/fr\/","logo":{"@type":"ImageObject","inLanguage":"fr-FR","@id":"https:\/\/www.institutfrancais-lituanie.com\/fr\/#\/schema\/logo\/image\/","url":"https:\/\/www.institutfrancais-lituanie.com\/wp-content\/uploads\/2023\/04\/IF_Logo-Lituanie-RVB.jpg","contentUrl":"https:\/\/www.institutfrancais-lituanie.com\/wp-content\/uploads\/2023\/04\/IF_Logo-Lituanie-RVB.jpg","width":827,"height":555,"caption":"Pranc\u016bz\u0173 institutas"},"image":{"@id":"https:\/\/www.institutfrancais-lituanie.com\/fr\/#\/schema\/logo\/image\/"},"sameAs":["https:\/\/www.facebook.com\/prancuzuinstitutas\/","https:\/\/www.instagram.com\/institut_francais_lituanie\/"]},{"@type":"Person","@id":"https:\/\/www.institutfrancais-lituanie.com\/fr\/#\/schema\/person\/c9dac6d9150f55695a95f9bba5374b9a","name":"Evelina Reznikove","image":{"@type":"ImageObject","inLanguage":"fr-FR","@id":"https:\/\/www.institutfrancais-lituanie.com\/fr\/#\/schema\/person\/image\/","url":"https:\/\/secure.gravatar.com\/avatar\/76f7b7d50952f6766575cbf6aadb57cc?s=96&d=mm&r=g","contentUrl":"https:\/\/secure.gravatar.com\/avatar\/76f7b7d50952f6766575cbf6aadb57cc?s=96&d=mm&r=g","caption":"Evelina Reznikove"},"url":"https:\/\/www.institutfrancais-lituanie.com\/fr\/author\/evelina\/"}]}},"_links":{"self":[{"href":"https:\/\/www.institutfrancais-lituanie.com\/fr\/wp-json\/wp\/v2\/posts\/9917"}],"collection":[{"href":"https:\/\/www.institutfrancais-lituanie.com\/fr\/wp-json\/wp\/v2\/posts"}],"about":[{"href":"https:\/\/www.institutfrancais-lituanie.com\/fr\/wp-json\/wp\/v2\/types\/post"}],"author":[{"embeddable":true,"href":"https:\/\/www.institutfrancais-lituanie.com\/fr\/wp-json\/wp\/v2\/users\/7"}],"replies":[{"embeddable":true,"href":"https:\/\/www.institutfrancais-lituanie.com\/fr\/wp-json\/wp\/v2\/comments?post=9917"}],"version-history":[{"count":2,"href":"https:\/\/www.institutfrancais-lituanie.com\/fr\/wp-json\/wp\/v2\/posts\/9917\/revisions"}],"predecessor-version":[{"id":10004,"href":"https:\/\/www.institutfrancais-lituanie.com\/fr\/wp-json\/wp\/v2\/posts\/9917\/revisions\/10004"}],"wp:featuredmedia":[{"embeddable":true,"href":"https:\/\/www.institutfrancais-lituanie.com\/fr\/wp-json\/wp\/v2\/media\/9915"}],"wp:attachment":[{"href":"https:\/\/www.institutfrancais-lituanie.com\/fr\/wp-json\/wp\/v2\/media?parent=9917"}],"wp:term":[{"taxonomy":"category","embeddable":true,"href":"https:\/\/www.institutfrancais-lituanie.com\/fr\/wp-json\/wp\/v2\/categories?post=9917"},{"taxonomy":"post_tag","embeddable":true,"href":"https:\/\/www.institutfrancais-lituanie.com\/fr\/wp-json\/wp\/v2\/tags?post=9917"}],"curies":[{"name":"wp","href":"https:\/\/api.w.org\/{rel}","templated":true}]}}