{"id":9902,"date":"2022-01-10T15:26:51","date_gmt":"2022-01-10T15:26:51","guid":{"rendered":"https:\/\/www.institutfrancais-lituanie.com\/?p=9902"},"modified":"2022-01-26T13:36:09","modified_gmt":"2022-01-26T13:36:09","slug":"tete-a-tete-avec-le-chanteur-antoine-wend","status":"publish","type":"post","link":"https:\/\/www.institutfrancais-lituanie.com\/fr\/archives\/tete-archives\/tete-a-tete-avec-le-chanteur-antoine-wend\/","title":{"rendered":"\u00ab\u00a0T\u00eate-\u00e0-t\u00eate\u00a0\u00bb avec le chanteur Antoine Wend"},"content":{"rendered":"<p><strong>Jeudi 20 janvier, 18h00 <\/strong><strong>\u00ab\u00a0T\u00eate-\u00e0-t\u00eate\u00a0\u00bb avec le chanteur Antoine Wend <\/strong><\/p>\n<p>Nous commen\u00e7ons l&#8217;ann\u00e9e par une rencontre avec <strong>Antoine Wend<\/strong>, le gagnant de l&#8217;\u00e9mission lituanienne <em>X Factor<\/em>, qui en 2021, avec le pianiste Mindaugas Pundzius, a \u00e9t\u00e9 \u00e9lu vainqueur de ce programme t\u00e9l\u00e9vis\u00e9. Le <strong>\u00ab <\/strong>t\u00eate-\u00e0-t\u00eate <strong>\u00bb<\/strong> sera anim\u00e9 par le journaliste Valdas Puteikis.<\/p>\n<p>Le 26 d\u00e9cembre 2021, apr\u00e8s plusieurs mois de lutte, le programme t\u00e9l\u00e9vis\u00e9 populaire <em>X Factor<\/em> est remport\u00e9 par le duo <strong>\u00ab <\/strong>Mando <strong>\u00bb<\/strong>, qui s&#8217;\u00e9tait form\u00e9 \u00e0 peine six mois plus t\u00f4t. L&#8217;un des membres du duo est Antoine Wend, un architecte de 27 ans travaillant aux <em>Ateliers Jean Noel<\/em> \u00e0 Paris.<\/p>\n<p>Le pianiste Mindaugas Pundzius a d\u00e9couvert l&#8217;architecte, qui \u00e9tait inconnu en France, sur sa chaine <em>YouTube<\/em> et l&#8217;a invit\u00e9 \u00e0 participer au projet <em>X Factor<\/em> avec lui.<\/p>\n<p>En tant que laur\u00e9at du projet musical, <strong>\u00ab<\/strong> Mando <strong>\u00bb <\/strong>a gagn\u00e9 non seulement un prix financier mais aussi l&#8217;opportunit\u00e9 d&#8217;enregistrer un single qui sera publi\u00e9 par <em>Universal Music Group<\/em>, la plus grande maison de disques au monde.<\/p>\n<p>Lors de cette rencontre, vous en saurez plus sur le parcours du chanteur et ses projets futurs.<\/p>\n<p><strong><em>En fran\u00e7ais avec la traduction en lituanien. Entr\u00e9<\/em><\/strong><strong><em>e libre<\/em><\/strong><strong><em>.<\/em><\/strong><\/p>\n<hr \/>\n<p><strong>Pendant tous les \u2018\u00e9v\u00e9nements de l\u2019Institut fran\u00e7ais de Lituanie<\/strong>, tous les spectateurs et\/ou participants \u00e2g\u00e9s de plus de 6 ans doivent porter des masques respiratoires de niveau FFP2 au minimum, qui s\u2019ajustent parfaitement au visage et couvrent compl\u00e8tement le nez et la bouche (ci-apr\u00e8s \u2013 respirateurs).<\/p>\n<p>Le port de respirateurs n\u2019est pas obligatoire pour les personnes handicap\u00e9es qui ne peuvent pas en porter en raison de leur \u00e9tat de sant\u00e9 ou dont le port de respirateur peut nuire \u00e0 leur \u00e9tat de sant\u00e9 (un \u00e9cran facial est recommand\u00e9).<\/p>\n<p><iframe loading=\"lazy\" title=\"\u201eT\u00eate-\u00e0-t\u00eate\u201c: Antoine Wend\" width=\"1170\" height=\"658\" src=\"https:\/\/www.youtube.com\/embed\/aMgrCfWXBts?feature=oembed\" frameborder=\"0\" allow=\"accelerometer; autoplay; clipboard-write; encrypted-media; gyroscope; picture-in-picture\" allowfullscreen><\/iframe><\/p>\n","protected":false},"excerpt":{"rendered":"<p>Jeudi 20 janvier, 18h00 \u00ab\u00a0T\u00eate-\u00e0-t\u00eate\u00a0\u00bb avec le chanteur Antoine Wend Nous commen\u00e7ons l&#8217;ann\u00e9e par une&hellip;<\/p>\n","protected":false},"author":7,"featured_media":9899,"comment_status":"closed","ping_status":"open","sticky":false,"template":"","format":"standard","meta":{"footnotes":""},"categories":[151],"tags":[],"class_list":["post-9902","post","type-post","status-publish","format-standard","has-post-thumbnail","hentry","category-tete-archives"],"yoast_head":"<!-- This site is optimized with the Yoast SEO plugin v23.2 - https:\/\/yoast.com\/wordpress\/plugins\/seo\/ -->\n<title>\u00ab\u00a0T\u00eate-\u00e0-t\u00eate\u00a0\u00bb avec le chanteur Antoine Wend - IF Lituanie<\/title>\n<meta name=\"robots\" content=\"index, follow, max-snippet:-1, max-image-preview:large, max-video-preview:-1\" \/>\n<link rel=\"canonical\" href=\"https:\/\/www.institutfrancais-lituanie.com\/fr\/archives\/tete-archives\/tete-a-tete-avec-le-chanteur-antoine-wend\/\" \/>\n<meta property=\"og:locale\" content=\"fr_FR\" \/>\n<meta property=\"og:type\" content=\"article\" \/>\n<meta property=\"og:title\" content=\"\u00ab\u00a0T\u00eate-\u00e0-t\u00eate\u00a0\u00bb avec le chanteur Antoine Wend - IF Lituanie\" \/>\n<meta property=\"og:description\" content=\"Jeudi 20 janvier, 18h00 \u00ab\u00a0T\u00eate-\u00e0-t\u00eate\u00a0\u00bb avec le chanteur Antoine Wend Nous commen\u00e7ons l&#8217;ann\u00e9e par une&hellip;\" \/>\n<meta property=\"og:url\" content=\"https:\/\/www.institutfrancais-lituanie.com\/fr\/archives\/tete-archives\/tete-a-tete-avec-le-chanteur-antoine-wend\/\" \/>\n<meta property=\"og:site_name\" content=\"IF Lituanie\" \/>\n<meta property=\"article:publisher\" content=\"https:\/\/www.facebook.com\/prancuzuinstitutas\/\" \/>\n<meta property=\"article:published_time\" content=\"2022-01-10T15:26:51+00:00\" \/>\n<meta property=\"article:modified_time\" content=\"2022-01-26T13:36:09+00:00\" \/>\n<meta property=\"og:image\" content=\"https:\/\/www.institutfrancais-lituanie.com\/wp-content\/uploads\/2022\/01\/Antoine_web-01.jpg\" \/>\n\t<meta property=\"og:image:width\" content=\"1191\" \/>\n\t<meta property=\"og:image:height\" content=\"654\" \/>\n\t<meta property=\"og:image:type\" content=\"image\/jpeg\" \/>\n<meta name=\"author\" content=\"Evelina Reznikove\" \/>\n<meta name=\"twitter:card\" content=\"summary_large_image\" \/>\n<meta name=\"twitter:label1\" content=\"Written by\" \/>\n\t<meta name=\"twitter:data1\" content=\"Evelina Reznikove\" \/>\n\t<meta name=\"twitter:label2\" content=\"Est. reading time\" \/>\n\t<meta name=\"twitter:data2\" content=\"2 minutes\" \/>\n<script type=\"application\/ld+json\" class=\"yoast-schema-graph\">{\"@context\":\"https:\/\/schema.org\",\"@graph\":[{\"@type\":\"Article\",\"@id\":\"https:\/\/www.institutfrancais-lituanie.com\/fr\/archives\/tete-archives\/tete-a-tete-avec-le-chanteur-antoine-wend\/#article\",\"isPartOf\":{\"@id\":\"https:\/\/www.institutfrancais-lituanie.com\/fr\/archives\/tete-archives\/tete-a-tete-avec-le-chanteur-antoine-wend\/\"},\"author\":{\"name\":\"Evelina Reznikove\",\"@id\":\"https:\/\/www.institutfrancais-lituanie.com\/fr\/#\/schema\/person\/c9dac6d9150f55695a95f9bba5374b9a\"},\"headline\":\"\u00ab\u00a0T\u00eate-\u00e0-t\u00eate\u00a0\u00bb avec le chanteur Antoine Wend\",\"datePublished\":\"2022-01-10T15:26:51+00:00\",\"dateModified\":\"2022-01-26T13:36:09+00:00\",\"mainEntityOfPage\":{\"@id\":\"https:\/\/www.institutfrancais-lituanie.com\/fr\/archives\/tete-archives\/tete-a-tete-avec-le-chanteur-antoine-wend\/\"},\"wordCount\":311,\"publisher\":{\"@id\":\"https:\/\/www.institutfrancais-lituanie.com\/fr\/#organization\"},\"image\":{\"@id\":\"https:\/\/www.institutfrancais-lituanie.com\/fr\/archives\/tete-archives\/tete-a-tete-avec-le-chanteur-antoine-wend\/#primaryimage\"},\"thumbnailUrl\":\"https:\/\/www.institutfrancais-lituanie.com\/wp-content\/uploads\/2022\/01\/Antoine_web-01.jpg\",\"articleSection\":[\"Tete (archives)\"],\"inLanguage\":\"fr-FR\"},{\"@type\":\"WebPage\",\"@id\":\"https:\/\/www.institutfrancais-lituanie.com\/fr\/archives\/tete-archives\/tete-a-tete-avec-le-chanteur-antoine-wend\/\",\"url\":\"https:\/\/www.institutfrancais-lituanie.com\/fr\/archives\/tete-archives\/tete-a-tete-avec-le-chanteur-antoine-wend\/\",\"name\":\"\u00ab\u00a0T\u00eate-\u00e0-t\u00eate\u00a0\u00bb avec le chanteur Antoine Wend - IF Lituanie\",\"isPartOf\":{\"@id\":\"https:\/\/www.institutfrancais-lituanie.com\/fr\/#website\"},\"primaryImageOfPage\":{\"@id\":\"https:\/\/www.institutfrancais-lituanie.com\/fr\/archives\/tete-archives\/tete-a-tete-avec-le-chanteur-antoine-wend\/#primaryimage\"},\"image\":{\"@id\":\"https:\/\/www.institutfrancais-lituanie.com\/fr\/archives\/tete-archives\/tete-a-tete-avec-le-chanteur-antoine-wend\/#primaryimage\"},\"thumbnailUrl\":\"https:\/\/www.institutfrancais-lituanie.com\/wp-content\/uploads\/2022\/01\/Antoine_web-01.jpg\",\"datePublished\":\"2022-01-10T15:26:51+00:00\",\"dateModified\":\"2022-01-26T13:36:09+00:00\",\"breadcrumb\":{\"@id\":\"https:\/\/www.institutfrancais-lituanie.com\/fr\/archives\/tete-archives\/tete-a-tete-avec-le-chanteur-antoine-wend\/#breadcrumb\"},\"inLanguage\":\"fr-FR\",\"potentialAction\":[{\"@type\":\"ReadAction\",\"target\":[\"https:\/\/www.institutfrancais-lituanie.com\/fr\/archives\/tete-archives\/tete-a-tete-avec-le-chanteur-antoine-wend\/\"]}]},{\"@type\":\"ImageObject\",\"inLanguage\":\"fr-FR\",\"@id\":\"https:\/\/www.institutfrancais-lituanie.com\/fr\/archives\/tete-archives\/tete-a-tete-avec-le-chanteur-antoine-wend\/#primaryimage\",\"url\":\"https:\/\/www.institutfrancais-lituanie.com\/wp-content\/uploads\/2022\/01\/Antoine_web-01.jpg\",\"contentUrl\":\"https:\/\/www.institutfrancais-lituanie.com\/wp-content\/uploads\/2022\/01\/Antoine_web-01.jpg\",\"width\":1191,\"height\":654},{\"@type\":\"BreadcrumbList\",\"@id\":\"https:\/\/www.institutfrancais-lituanie.com\/fr\/archives\/tete-archives\/tete-a-tete-avec-le-chanteur-antoine-wend\/#breadcrumb\",\"itemListElement\":[{\"@type\":\"ListItem\",\"position\":1,\"name\":\"Home\",\"item\":\"https:\/\/www.institutfrancais-lituanie.com\/fr\/\"},{\"@type\":\"ListItem\",\"position\":2,\"name\":\"\u00ab\u00a0T\u00eate-\u00e0-t\u00eate\u00a0\u00bb avec le chanteur Antoine Wend\"}]},{\"@type\":\"WebSite\",\"@id\":\"https:\/\/www.institutfrancais-lituanie.com\/fr\/#website\",\"url\":\"https:\/\/www.institutfrancais-lituanie.com\/fr\/\",\"name\":\"IF Lituanie\",\"description\":\"Pranc\u016bz\u0173 kalbos kursai, kult\u016bra, mediateka...\",\"publisher\":{\"@id\":\"https:\/\/www.institutfrancais-lituanie.com\/fr\/#organization\"},\"potentialAction\":[{\"@type\":\"SearchAction\",\"target\":{\"@type\":\"EntryPoint\",\"urlTemplate\":\"https:\/\/www.institutfrancais-lituanie.com\/fr\/?s={search_term_string}\"},\"query-input\":\"required name=search_term_string\"}],\"inLanguage\":\"fr-FR\"},{\"@type\":\"Organization\",\"@id\":\"https:\/\/www.institutfrancais-lituanie.com\/fr\/#organization\",\"name\":\"Pranc\u016bz\u0173 institutas\",\"url\":\"https:\/\/www.institutfrancais-lituanie.com\/fr\/\",\"logo\":{\"@type\":\"ImageObject\",\"inLanguage\":\"fr-FR\",\"@id\":\"https:\/\/www.institutfrancais-lituanie.com\/fr\/#\/schema\/logo\/image\/\",\"url\":\"https:\/\/www.institutfrancais-lituanie.com\/wp-content\/uploads\/2023\/04\/IF_Logo-Lituanie-RVB.jpg\",\"contentUrl\":\"https:\/\/www.institutfrancais-lituanie.com\/wp-content\/uploads\/2023\/04\/IF_Logo-Lituanie-RVB.jpg\",\"width\":827,\"height\":555,\"caption\":\"Pranc\u016bz\u0173 institutas\"},\"image\":{\"@id\":\"https:\/\/www.institutfrancais-lituanie.com\/fr\/#\/schema\/logo\/image\/\"},\"sameAs\":[\"https:\/\/www.facebook.com\/prancuzuinstitutas\/\",\"https:\/\/www.instagram.com\/institut_francais_lituanie\/\"]},{\"@type\":\"Person\",\"@id\":\"https:\/\/www.institutfrancais-lituanie.com\/fr\/#\/schema\/person\/c9dac6d9150f55695a95f9bba5374b9a\",\"name\":\"Evelina Reznikove\",\"image\":{\"@type\":\"ImageObject\",\"inLanguage\":\"fr-FR\",\"@id\":\"https:\/\/www.institutfrancais-lituanie.com\/fr\/#\/schema\/person\/image\/\",\"url\":\"https:\/\/secure.gravatar.com\/avatar\/76f7b7d50952f6766575cbf6aadb57cc?s=96&d=mm&r=g\",\"contentUrl\":\"https:\/\/secure.gravatar.com\/avatar\/76f7b7d50952f6766575cbf6aadb57cc?s=96&d=mm&r=g\",\"caption\":\"Evelina Reznikove\"},\"url\":\"https:\/\/www.institutfrancais-lituanie.com\/fr\/author\/evelina\/\"}]}<\/script>\n<!-- \/ Yoast SEO plugin. -->","yoast_head_json":{"title":"\u00ab\u00a0T\u00eate-\u00e0-t\u00eate\u00a0\u00bb avec le chanteur Antoine Wend - IF Lituanie","robots":{"index":"index","follow":"follow","max-snippet":"max-snippet:-1","max-image-preview":"max-image-preview:large","max-video-preview":"max-video-preview:-1"},"canonical":"https:\/\/www.institutfrancais-lituanie.com\/fr\/archives\/tete-archives\/tete-a-tete-avec-le-chanteur-antoine-wend\/","og_locale":"fr_FR","og_type":"article","og_title":"\u00ab\u00a0T\u00eate-\u00e0-t\u00eate\u00a0\u00bb avec le chanteur Antoine Wend - IF Lituanie","og_description":"Jeudi 20 janvier, 18h00 \u00ab\u00a0T\u00eate-\u00e0-t\u00eate\u00a0\u00bb avec le chanteur Antoine Wend Nous commen\u00e7ons l&#8217;ann\u00e9e par une&hellip;","og_url":"https:\/\/www.institutfrancais-lituanie.com\/fr\/archives\/tete-archives\/tete-a-tete-avec-le-chanteur-antoine-wend\/","og_site_name":"IF Lituanie","article_publisher":"https:\/\/www.facebook.com\/prancuzuinstitutas\/","article_published_time":"2022-01-10T15:26:51+00:00","article_modified_time":"2022-01-26T13:36:09+00:00","og_image":[{"width":1191,"height":654,"url":"https:\/\/www.institutfrancais-lituanie.com\/wp-content\/uploads\/2022\/01\/Antoine_web-01.jpg","type":"image\/jpeg"}],"author":"Evelina Reznikove","twitter_card":"summary_large_image","twitter_misc":{"Written by":"Evelina Reznikove","Est. reading time":"2 minutes"},"schema":{"@context":"https:\/\/schema.org","@graph":[{"@type":"Article","@id":"https:\/\/www.institutfrancais-lituanie.com\/fr\/archives\/tete-archives\/tete-a-tete-avec-le-chanteur-antoine-wend\/#article","isPartOf":{"@id":"https:\/\/www.institutfrancais-lituanie.com\/fr\/archives\/tete-archives\/tete-a-tete-avec-le-chanteur-antoine-wend\/"},"author":{"name":"Evelina Reznikove","@id":"https:\/\/www.institutfrancais-lituanie.com\/fr\/#\/schema\/person\/c9dac6d9150f55695a95f9bba5374b9a"},"headline":"\u00ab\u00a0T\u00eate-\u00e0-t\u00eate\u00a0\u00bb avec le chanteur Antoine Wend","datePublished":"2022-01-10T15:26:51+00:00","dateModified":"2022-01-26T13:36:09+00:00","mainEntityOfPage":{"@id":"https:\/\/www.institutfrancais-lituanie.com\/fr\/archives\/tete-archives\/tete-a-tete-avec-le-chanteur-antoine-wend\/"},"wordCount":311,"publisher":{"@id":"https:\/\/www.institutfrancais-lituanie.com\/fr\/#organization"},"image":{"@id":"https:\/\/www.institutfrancais-lituanie.com\/fr\/archives\/tete-archives\/tete-a-tete-avec-le-chanteur-antoine-wend\/#primaryimage"},"thumbnailUrl":"https:\/\/www.institutfrancais-lituanie.com\/wp-content\/uploads\/2022\/01\/Antoine_web-01.jpg","articleSection":["Tete (archives)"],"inLanguage":"fr-FR"},{"@type":"WebPage","@id":"https:\/\/www.institutfrancais-lituanie.com\/fr\/archives\/tete-archives\/tete-a-tete-avec-le-chanteur-antoine-wend\/","url":"https:\/\/www.institutfrancais-lituanie.com\/fr\/archives\/tete-archives\/tete-a-tete-avec-le-chanteur-antoine-wend\/","name":"\u00ab\u00a0T\u00eate-\u00e0-t\u00eate\u00a0\u00bb avec le chanteur Antoine Wend - IF Lituanie","isPartOf":{"@id":"https:\/\/www.institutfrancais-lituanie.com\/fr\/#website"},"primaryImageOfPage":{"@id":"https:\/\/www.institutfrancais-lituanie.com\/fr\/archives\/tete-archives\/tete-a-tete-avec-le-chanteur-antoine-wend\/#primaryimage"},"image":{"@id":"https:\/\/www.institutfrancais-lituanie.com\/fr\/archives\/tete-archives\/tete-a-tete-avec-le-chanteur-antoine-wend\/#primaryimage"},"thumbnailUrl":"https:\/\/www.institutfrancais-lituanie.com\/wp-content\/uploads\/2022\/01\/Antoine_web-01.jpg","datePublished":"2022-01-10T15:26:51+00:00","dateModified":"2022-01-26T13:36:09+00:00","breadcrumb":{"@id":"https:\/\/www.institutfrancais-lituanie.com\/fr\/archives\/tete-archives\/tete-a-tete-avec-le-chanteur-antoine-wend\/#breadcrumb"},"inLanguage":"fr-FR","potentialAction":[{"@type":"ReadAction","target":["https:\/\/www.institutfrancais-lituanie.com\/fr\/archives\/tete-archives\/tete-a-tete-avec-le-chanteur-antoine-wend\/"]}]},{"@type":"ImageObject","inLanguage":"fr-FR","@id":"https:\/\/www.institutfrancais-lituanie.com\/fr\/archives\/tete-archives\/tete-a-tete-avec-le-chanteur-antoine-wend\/#primaryimage","url":"https:\/\/www.institutfrancais-lituanie.com\/wp-content\/uploads\/2022\/01\/Antoine_web-01.jpg","contentUrl":"https:\/\/www.institutfrancais-lituanie.com\/wp-content\/uploads\/2022\/01\/Antoine_web-01.jpg","width":1191,"height":654},{"@type":"BreadcrumbList","@id":"https:\/\/www.institutfrancais-lituanie.com\/fr\/archives\/tete-archives\/tete-a-tete-avec-le-chanteur-antoine-wend\/#breadcrumb","itemListElement":[{"@type":"ListItem","position":1,"name":"Home","item":"https:\/\/www.institutfrancais-lituanie.com\/fr\/"},{"@type":"ListItem","position":2,"name":"\u00ab\u00a0T\u00eate-\u00e0-t\u00eate\u00a0\u00bb avec le chanteur Antoine Wend"}]},{"@type":"WebSite","@id":"https:\/\/www.institutfrancais-lituanie.com\/fr\/#website","url":"https:\/\/www.institutfrancais-lituanie.com\/fr\/","name":"IF Lituanie","description":"Pranc\u016bz\u0173 kalbos kursai, kult\u016bra, mediateka...","publisher":{"@id":"https:\/\/www.institutfrancais-lituanie.com\/fr\/#organization"},"potentialAction":[{"@type":"SearchAction","target":{"@type":"EntryPoint","urlTemplate":"https:\/\/www.institutfrancais-lituanie.com\/fr\/?s={search_term_string}"},"query-input":"required name=search_term_string"}],"inLanguage":"fr-FR"},{"@type":"Organization","@id":"https:\/\/www.institutfrancais-lituanie.com\/fr\/#organization","name":"Pranc\u016bz\u0173 institutas","url":"https:\/\/www.institutfrancais-lituanie.com\/fr\/","logo":{"@type":"ImageObject","inLanguage":"fr-FR","@id":"https:\/\/www.institutfrancais-lituanie.com\/fr\/#\/schema\/logo\/image\/","url":"https:\/\/www.institutfrancais-lituanie.com\/wp-content\/uploads\/2023\/04\/IF_Logo-Lituanie-RVB.jpg","contentUrl":"https:\/\/www.institutfrancais-lituanie.com\/wp-content\/uploads\/2023\/04\/IF_Logo-Lituanie-RVB.jpg","width":827,"height":555,"caption":"Pranc\u016bz\u0173 institutas"},"image":{"@id":"https:\/\/www.institutfrancais-lituanie.com\/fr\/#\/schema\/logo\/image\/"},"sameAs":["https:\/\/www.facebook.com\/prancuzuinstitutas\/","https:\/\/www.instagram.com\/institut_francais_lituanie\/"]},{"@type":"Person","@id":"https:\/\/www.institutfrancais-lituanie.com\/fr\/#\/schema\/person\/c9dac6d9150f55695a95f9bba5374b9a","name":"Evelina Reznikove","image":{"@type":"ImageObject","inLanguage":"fr-FR","@id":"https:\/\/www.institutfrancais-lituanie.com\/fr\/#\/schema\/person\/image\/","url":"https:\/\/secure.gravatar.com\/avatar\/76f7b7d50952f6766575cbf6aadb57cc?s=96&d=mm&r=g","contentUrl":"https:\/\/secure.gravatar.com\/avatar\/76f7b7d50952f6766575cbf6aadb57cc?s=96&d=mm&r=g","caption":"Evelina Reznikove"},"url":"https:\/\/www.institutfrancais-lituanie.com\/fr\/author\/evelina\/"}]}},"_links":{"self":[{"href":"https:\/\/www.institutfrancais-lituanie.com\/fr\/wp-json\/wp\/v2\/posts\/9902"}],"collection":[{"href":"https:\/\/www.institutfrancais-lituanie.com\/fr\/wp-json\/wp\/v2\/posts"}],"about":[{"href":"https:\/\/www.institutfrancais-lituanie.com\/fr\/wp-json\/wp\/v2\/types\/post"}],"author":[{"embeddable":true,"href":"https:\/\/www.institutfrancais-lituanie.com\/fr\/wp-json\/wp\/v2\/users\/7"}],"replies":[{"embeddable":true,"href":"https:\/\/www.institutfrancais-lituanie.com\/fr\/wp-json\/wp\/v2\/comments?post=9902"}],"version-history":[{"count":3,"href":"https:\/\/www.institutfrancais-lituanie.com\/fr\/wp-json\/wp\/v2\/posts\/9902\/revisions"}],"predecessor-version":[{"id":10026,"href":"https:\/\/www.institutfrancais-lituanie.com\/fr\/wp-json\/wp\/v2\/posts\/9902\/revisions\/10026"}],"wp:featuredmedia":[{"embeddable":true,"href":"https:\/\/www.institutfrancais-lituanie.com\/fr\/wp-json\/wp\/v2\/media\/9899"}],"wp:attachment":[{"href":"https:\/\/www.institutfrancais-lituanie.com\/fr\/wp-json\/wp\/v2\/media?parent=9902"}],"wp:term":[{"taxonomy":"category","embeddable":true,"href":"https:\/\/www.institutfrancais-lituanie.com\/fr\/wp-json\/wp\/v2\/categories?post=9902"},{"taxonomy":"post_tag","embeddable":true,"href":"https:\/\/www.institutfrancais-lituanie.com\/fr\/wp-json\/wp\/v2\/tags?post=9902"}],"curies":[{"name":"wp","href":"https:\/\/api.w.org\/{rel}","templated":true}]}}