{"id":7851,"date":"2021-08-05T08:34:38","date_gmt":"2021-08-05T08:34:38","guid":{"rendered":"https:\/\/www.institutfrancais-lituanie.com\/?p=7851"},"modified":"2021-08-31T09:49:37","modified_gmt":"2021-08-31T09:49:37","slug":"festival-international-contempo-2021","status":"publish","type":"post","link":"https:\/\/www.institutfrancais-lituanie.com\/fr\/archives\/festival-international-contempo-2021\/","title":{"rendered":"Festival international ConTempo 2021"},"content":{"rendered":"<p>Pour sa troisi\u00e8me \u00e9dition, le festival ConTempo, qui se d\u00e9roulera \u00e0 Kaunas du 17 au 26 ao\u00fbt, propose un fabuleux panel de spectacles urbains. Le festival ConTempo est un festival multidisciplinaire qui combine danse, th\u00e9\u00e2tre, cirque, installations artistiques.<\/p>\n<p>Le festival accueille cette ann\u00e9e deux grandes compagnies de danse fran\u00e7aises\u00a0:<\/p>\n<h5><strong>Horizon | Rhizome (France)<\/strong><\/h5>\n<p><img loading=\"lazy\" decoding=\"async\" class=\"alignnone size-full wp-image-7845\" src=\"https:\/\/www.institutfrancais-lituanie.com\/wp-content\/uploads\/2021\/08\/HORIZON_Johann-Walter-1024x682-1.jpg\" alt=\"\" width=\"1024\" height=\"682\" srcset=\"https:\/\/www.institutfrancais-lituanie.com\/wp-content\/uploads\/2021\/08\/HORIZON_Johann-Walter-1024x682-1.jpg 1024w, https:\/\/www.institutfrancais-lituanie.com\/wp-content\/uploads\/2021\/08\/HORIZON_Johann-Walter-1024x682-1-300x200.jpg 300w, https:\/\/www.institutfrancais-lituanie.com\/wp-content\/uploads\/2021\/08\/HORIZON_Johann-Walter-1024x682-1-768x512.jpg 768w, https:\/\/www.institutfrancais-lituanie.com\/wp-content\/uploads\/2021\/08\/HORIZON_Johann-Walter-1024x682-1-585x390.jpg 585w, https:\/\/www.institutfrancais-lituanie.com\/wp-content\/uploads\/2021\/08\/HORIZON_Johann-Walter-1024x682-1-263x175.jpg 263w\" sizes=\"(max-width: 1024px) 100vw, 1024px\" \/><\/p>\n<p><strong>17-21 ao\u00fbt, Kaunas et Kauno rajonas<\/strong><\/p>\n<p><strong>17 ao\u00fbt (mardi) 19.00 | Kaunas,<\/strong>\u00a0Nepriklausomyb\u0117s a., prie \u0160v. arkangelo Mykolo (\u012egulos) ba\u017eny\u010dios (Soboro), Kaunas<br \/>\n<strong>18 ao\u00fbt (mercredi) 18.00 | Kaunas,<\/strong>\u00a0Nepriklausomyb\u0117s a., prie \u0160v. arkangelo Mykolo (\u012egulos) ba\u017eny\u010dios (Soboro), Kaunas<br \/>\n<strong>19 ao\u00fbt (jeudi) 18.00 | Zapy\u0161kis,<\/strong>\u00a0prie Zapy\u0161kio \u0160v. Jono Krik\u0161tytojo ba\u017eny\u010dios, Muziejaus g. 1, Zapy\u0161kis<br \/>\n<strong>20 ao\u00fbt (vendredi) 18.00 | Akademija,<\/strong>\u00a0Tado Ivanausko Obelyn\u0117s sodyba-memorialinis muziejus, Obelyn\u0117s g. 8, Akademija, Kauno r.<br \/>\n<strong>21 ao\u00fbt (samedi) 18.00 | Kaunas,<\/strong>\u00a0prie IX forto auk\u0173 paminklo, \u017demai\u010di\u0173 plentas 73, Kaunas<\/p>\n<p><strong>&gt;&gt; Toutes ces performances sont gratuites !<\/strong><\/p>\n<p><strong>Trukm\u0117<\/strong>: 25 min.<\/p>\n<p>Kas lieka, kai visko netenkame? Akrobatui, dirban\u010diam su trapecija, atsakymas \u012f \u0161\u012f klausim\u0105 susideda i\u0161 keturi\u0173 dalyk\u0173: \u012frankio, k\u016bno, oro ir gravitacijos. Priemoni\u0173 n\u0117ra daug, ta\u010diau, regis, j\u0173 galimyb\u0117s niekada nesibaigia: trapecija tampa transporto priemone, kuri\u0105 reikia prisijaukinti ir suvaldyti, k\u016bnas \u2013 metamorfoze ir \u017eaidim\u0173 \u012frankiu, judan\u010diu priklausomai nuo svorio ir lengvumo, o ore nuolat mai\u0161osi ir nuostabias formas kuria nematomos dalel\u0117s.<\/p>\n<p><strong>Chlo\u00e9 Moglia<\/strong>\u00a0gim\u0117 Perpinjane, Pranc\u016bzijoje. Augo keramikos, kuri\u0105 maitino \u017eem\u0117s, vandens ir ugnies s\u0105veika, pasaulyje. Mok\u0117si akrobatikos su trapecija CNAC ir kovos men\u0173 pas Jean-Michel Chomet. 2009 m. Bretan\u0117je \u012fk\u016br\u0117 \u201eRhizome\u201c, kur sujung\u0117 kovos menus ir menin\u012f mastym\u0105, o jos akistata su tu\u0161tuma tapo dar vienu eksperimentavimo b\u016bdu, kurian\u010diu prasm\u0119 ir kelian\u010diu nebylius klausimus, kurie sudaro jos pasirodym\u0173 esm\u0119.<\/p>\n<p><strong>Metai:<\/strong>\u00a02013<\/p>\n<p><strong>Id\u0117ja ir atlikimas:\u00a0<\/strong>Chlo\u00e9 Moglia<\/p>\n<p><strong>Technikos vadovas:<\/strong>\u00a0Herv\u00e9 Chantepie<\/p>\n<p><strong>Gamyba:<\/strong>\u00a0Killian Le Dorner<\/p>\n<p><strong>Konstrukcija:<\/strong>\u00a0Silvain Ohl and Eric No\u00ebl<\/p>\n<p><strong>Nuotrauka:<\/strong>\u00a0Johann Walter Bantz<\/p>\n<p>&nbsp;<\/p>\n<h5><strong>Orbes | Jordi Gal\u00ed (Pranc\u016bzija)<\/strong><\/h5>\n<p><img loading=\"lazy\" decoding=\"async\" class=\"alignnone size-full wp-image-7847\" src=\"https:\/\/www.institutfrancais-lituanie.com\/wp-content\/uploads\/2021\/08\/ORBES_Jean-Pellaprat-1024x617-1.jpg\" alt=\"\" width=\"1024\" height=\"617\" srcset=\"https:\/\/www.institutfrancais-lituanie.com\/wp-content\/uploads\/2021\/08\/ORBES_Jean-Pellaprat-1024x617-1.jpg 1024w, https:\/\/www.institutfrancais-lituanie.com\/wp-content\/uploads\/2021\/08\/ORBES_Jean-Pellaprat-1024x617-1-300x181.jpg 300w, https:\/\/www.institutfrancais-lituanie.com\/wp-content\/uploads\/2021\/08\/ORBES_Jean-Pellaprat-1024x617-1-768x463.jpg 768w, https:\/\/www.institutfrancais-lituanie.com\/wp-content\/uploads\/2021\/08\/ORBES_Jean-Pellaprat-1024x617-1-585x352.jpg 585w\" sizes=\"(max-width: 1024px) 100vw, 1024px\" \/><\/p>\n<p><strong>25-26 ao\u00fbt, Kaunas<\/strong><\/p>\n<p><strong>25 ao\u00fbt (mercredi) 16:00 | Kaunas,<\/strong>\u00a0Nepriklausomyb\u0117s a., prie \u0160v. arkangelo Mykolo (\u012egulos) ba\u017eny\u010dios (Soboro), Kaunas.<br \/>\n<strong>26 ao\u00fbt (jeudi) 15:00 | Kaunas,<\/strong>\u00a0Nepriklausomyb\u0117s a., prie \u0160v. arkangelo Mykolo (\u012egulos) ba\u017eny\u010dios (Soboro), Kaunas.<\/p>\n<p><strong>&gt;&gt; Toutes ces performances sont gratuites !<\/strong><\/p>\n<p><strong>&gt;&gt; Vous pouvez aller et venir librement pendant l&#8217;\u00e9v\u00e9nement<\/strong><\/p>\n<p><strong>Trukm\u0117<\/strong>: 150 min.<\/p>\n<p>Neai\u0161k\u016bs ir nepa\u017e\u012fstami objektai, netik\u0117tai atsirad\u0119 mums \u012fprastose erdv\u0117se, kelia klausim\u0173 ir \u017eadina mums tok\u012f b\u016btin\u0105 smalsum\u0105. Viena toki\u0173 patir\u010di\u0173 \u2013 katalon\u0173 re\u017eisieriaus Jordi Gal\u00ed instaliacija \u201eOrbes\u201c, kuri parodo, kaip materijos ir konteksto s\u0105veikoje atrodo judesys. Kokius judesius reikia atlikti, kad tarp element\u0173 atsirast\u0173 naujas ry\u0161ys? K\u0105 i\u0161 tokios patirties gali pasisemti atlik\u0117jas, aplinka ir \u017ei\u016brovas? Pasirodymas suteikia form\u0105 nauj\u0173 poj\u016b\u010di\u0173 tro\u0161kimui, o penki\u0173 erdv\u0117je esan\u010di\u0173 atlik\u0117j\u0173 k\u016bnai tampa pa\u010dios instaliacijos architektais, aktoriais, med\u017eiagomis, statytojais ir konstrukto detal\u0117mis.<\/p>\n<p><strong>Jordi Gal\u00ed<\/strong>\u00a0studijavo \u0161iuolaikin\u012f \u0161ok\u012f ir dirbo kartu su Wimu Vandekeybusu, Anne Teresa De Keersmaeker ir Maguy Marin. 2007 m. \u012fk\u016br\u0117 \u201eCie Arrangement Provisoire\u201c. Nuo 2014 m. savo menine kryptimi k\u016br\u0117jas dalijasi su choreografe Vania Vaneau. Jo darbai skirti k\u016bno ir med\u017eiagos santykio tarp judesio ir objekto tyrin\u0117jimui bei specialiai kuriami vie\u0161osioms erdv\u0117ms. J.Gal\u00ed b\u016bdingos monumentalios ir laikinos konstrukcijos, o pasirodymai, siekiantys gyventojams, visuomenei ir vartotojams pasi\u016blyti pam\u0117ginti kitaip suvokti kasdienio gyvenimo kontekst\u0105, atskleid\u017eia ne\u012fprasto laikinumo poj\u016bt\u012f miesto ar gamtos peiza\u017euose.<\/p>\n<p><strong>Metai:\u00a0<\/strong>2018<\/p>\n<p><strong>Koncepcija:<\/strong>\u00a0Jordi Gal\u00ed<\/p>\n<p><strong>Bendradarbiaujant su:\u00a0<\/strong>Nermin Salepci<\/p>\n<p><strong>K\u016bryba ir atlikimas:<\/strong>\u00a0Anne Sophie Gabert, Lea Helmst\u00e4dter, Konrad Kaniuk, J\u00e9r\u00e9my Paon, Jeanne Vallauri\/Julia Moncla<\/p>\n<p><strong>Partneriai:\u00a0<\/strong>Sandra Pasini, Julien Quartier, Guillaume Robert, Vania Vaneau<\/p>\n<p><strong>Nuotraukos:<\/strong>\u00a0Jean Pellaprat<\/p>\n<p><strong>Anonsas:<\/strong>\u00a0Vincent Laisney<\/p>\n","protected":false},"excerpt":{"rendered":"<p>Pour sa troisi\u00e8me \u00e9dition, le festival ConTempo, qui se d\u00e9roulera \u00e0 Kaunas du 17 au&hellip;<\/p>\n","protected":false},"author":7,"featured_media":7849,"comment_status":"closed","ping_status":"open","sticky":false,"template":"","format":"standard","meta":{"footnotes":""},"categories":[58,99],"tags":[],"class_list":["post-7851","post","type-post","status-publish","format-standard","has-post-thumbnail","hentry","category-archives","category-archives-spectacles"],"yoast_head":"<!-- This site is optimized with the Yoast SEO plugin v23.2 - https:\/\/yoast.com\/wordpress\/plugins\/seo\/ -->\n<title>Festival international ConTempo 2021 - IF Lituanie<\/title>\n<meta name=\"robots\" content=\"index, follow, max-snippet:-1, max-image-preview:large, max-video-preview:-1\" \/>\n<link rel=\"canonical\" href=\"https:\/\/www.institutfrancais-lituanie.com\/fr\/archives\/festival-international-contempo-2021\/\" \/>\n<meta property=\"og:locale\" content=\"fr_FR\" \/>\n<meta property=\"og:type\" content=\"article\" \/>\n<meta property=\"og:title\" content=\"Festival international ConTempo 2021 - IF Lituanie\" \/>\n<meta property=\"og:description\" content=\"Pour sa troisi\u00e8me \u00e9dition, le festival ConTempo, qui se d\u00e9roulera \u00e0 Kaunas du 17 au&hellip;\" \/>\n<meta property=\"og:url\" content=\"https:\/\/www.institutfrancais-lituanie.com\/fr\/archives\/festival-international-contempo-2021\/\" \/>\n<meta property=\"og:site_name\" content=\"IF Lituanie\" \/>\n<meta property=\"article:publisher\" content=\"https:\/\/www.facebook.com\/prancuzuinstitutas\/\" \/>\n<meta property=\"article:published_time\" content=\"2021-08-05T08:34:38+00:00\" \/>\n<meta property=\"article:modified_time\" content=\"2021-08-31T09:49:37+00:00\" \/>\n<meta property=\"og:image\" content=\"https:\/\/www.institutfrancais-lituanie.com\/wp-content\/uploads\/2021\/08\/FORMAT-2020-1.jpg\" \/>\n\t<meta property=\"og:image:width\" content=\"1170\" \/>\n\t<meta property=\"og:image:height\" content=\"585\" \/>\n\t<meta property=\"og:image:type\" content=\"image\/jpeg\" \/>\n<meta name=\"author\" content=\"Evelina Reznikove\" \/>\n<meta name=\"twitter:card\" content=\"summary_large_image\" \/>\n<meta name=\"twitter:label1\" content=\"Written by\" \/>\n\t<meta name=\"twitter:data1\" content=\"Evelina Reznikove\" \/>\n\t<meta name=\"twitter:label2\" content=\"Est. reading time\" \/>\n\t<meta name=\"twitter:data2\" content=\"3 minutes\" \/>\n<script type=\"application\/ld+json\" class=\"yoast-schema-graph\">{\"@context\":\"https:\/\/schema.org\",\"@graph\":[{\"@type\":\"Article\",\"@id\":\"https:\/\/www.institutfrancais-lituanie.com\/fr\/archives\/festival-international-contempo-2021\/#article\",\"isPartOf\":{\"@id\":\"https:\/\/www.institutfrancais-lituanie.com\/fr\/archives\/festival-international-contempo-2021\/\"},\"author\":{\"name\":\"Evelina Reznikove\",\"@id\":\"https:\/\/www.institutfrancais-lituanie.com\/fr\/#\/schema\/person\/c9dac6d9150f55695a95f9bba5374b9a\"},\"headline\":\"Festival international ConTempo 2021\",\"datePublished\":\"2021-08-05T08:34:38+00:00\",\"dateModified\":\"2021-08-31T09:49:37+00:00\",\"mainEntityOfPage\":{\"@id\":\"https:\/\/www.institutfrancais-lituanie.com\/fr\/archives\/festival-international-contempo-2021\/\"},\"wordCount\":619,\"publisher\":{\"@id\":\"https:\/\/www.institutfrancais-lituanie.com\/fr\/#organization\"},\"image\":{\"@id\":\"https:\/\/www.institutfrancais-lituanie.com\/fr\/archives\/festival-international-contempo-2021\/#primaryimage\"},\"thumbnailUrl\":\"https:\/\/www.institutfrancais-lituanie.com\/wp-content\/uploads\/2021\/08\/FORMAT-2020-1.jpg\",\"articleSection\":[\"Archives\",\"Archives : Spectacles\"],\"inLanguage\":\"fr-FR\"},{\"@type\":\"WebPage\",\"@id\":\"https:\/\/www.institutfrancais-lituanie.com\/fr\/archives\/festival-international-contempo-2021\/\",\"url\":\"https:\/\/www.institutfrancais-lituanie.com\/fr\/archives\/festival-international-contempo-2021\/\",\"name\":\"Festival international ConTempo 2021 - IF Lituanie\",\"isPartOf\":{\"@id\":\"https:\/\/www.institutfrancais-lituanie.com\/fr\/#website\"},\"primaryImageOfPage\":{\"@id\":\"https:\/\/www.institutfrancais-lituanie.com\/fr\/archives\/festival-international-contempo-2021\/#primaryimage\"},\"image\":{\"@id\":\"https:\/\/www.institutfrancais-lituanie.com\/fr\/archives\/festival-international-contempo-2021\/#primaryimage\"},\"thumbnailUrl\":\"https:\/\/www.institutfrancais-lituanie.com\/wp-content\/uploads\/2021\/08\/FORMAT-2020-1.jpg\",\"datePublished\":\"2021-08-05T08:34:38+00:00\",\"dateModified\":\"2021-08-31T09:49:37+00:00\",\"breadcrumb\":{\"@id\":\"https:\/\/www.institutfrancais-lituanie.com\/fr\/archives\/festival-international-contempo-2021\/#breadcrumb\"},\"inLanguage\":\"fr-FR\",\"potentialAction\":[{\"@type\":\"ReadAction\",\"target\":[\"https:\/\/www.institutfrancais-lituanie.com\/fr\/archives\/festival-international-contempo-2021\/\"]}]},{\"@type\":\"ImageObject\",\"inLanguage\":\"fr-FR\",\"@id\":\"https:\/\/www.institutfrancais-lituanie.com\/fr\/archives\/festival-international-contempo-2021\/#primaryimage\",\"url\":\"https:\/\/www.institutfrancais-lituanie.com\/wp-content\/uploads\/2021\/08\/FORMAT-2020-1.jpg\",\"contentUrl\":\"https:\/\/www.institutfrancais-lituanie.com\/wp-content\/uploads\/2021\/08\/FORMAT-2020-1.jpg\",\"width\":1170,\"height\":585},{\"@type\":\"BreadcrumbList\",\"@id\":\"https:\/\/www.institutfrancais-lituanie.com\/fr\/archives\/festival-international-contempo-2021\/#breadcrumb\",\"itemListElement\":[{\"@type\":\"ListItem\",\"position\":1,\"name\":\"Home\",\"item\":\"https:\/\/www.institutfrancais-lituanie.com\/fr\/\"},{\"@type\":\"ListItem\",\"position\":2,\"name\":\"Festival international ConTempo 2021\"}]},{\"@type\":\"WebSite\",\"@id\":\"https:\/\/www.institutfrancais-lituanie.com\/fr\/#website\",\"url\":\"https:\/\/www.institutfrancais-lituanie.com\/fr\/\",\"name\":\"IF Lituanie\",\"description\":\"Pranc\u016bz\u0173 kalbos kursai, kult\u016bra, mediateka...\",\"publisher\":{\"@id\":\"https:\/\/www.institutfrancais-lituanie.com\/fr\/#organization\"},\"potentialAction\":[{\"@type\":\"SearchAction\",\"target\":{\"@type\":\"EntryPoint\",\"urlTemplate\":\"https:\/\/www.institutfrancais-lituanie.com\/fr\/?s={search_term_string}\"},\"query-input\":\"required name=search_term_string\"}],\"inLanguage\":\"fr-FR\"},{\"@type\":\"Organization\",\"@id\":\"https:\/\/www.institutfrancais-lituanie.com\/fr\/#organization\",\"name\":\"Pranc\u016bz\u0173 institutas\",\"url\":\"https:\/\/www.institutfrancais-lituanie.com\/fr\/\",\"logo\":{\"@type\":\"ImageObject\",\"inLanguage\":\"fr-FR\",\"@id\":\"https:\/\/www.institutfrancais-lituanie.com\/fr\/#\/schema\/logo\/image\/\",\"url\":\"https:\/\/www.institutfrancais-lituanie.com\/wp-content\/uploads\/2023\/04\/IF_Logo-Lituanie-RVB.jpg\",\"contentUrl\":\"https:\/\/www.institutfrancais-lituanie.com\/wp-content\/uploads\/2023\/04\/IF_Logo-Lituanie-RVB.jpg\",\"width\":827,\"height\":555,\"caption\":\"Pranc\u016bz\u0173 institutas\"},\"image\":{\"@id\":\"https:\/\/www.institutfrancais-lituanie.com\/fr\/#\/schema\/logo\/image\/\"},\"sameAs\":[\"https:\/\/www.facebook.com\/prancuzuinstitutas\/\",\"https:\/\/www.instagram.com\/institut_francais_lituanie\/\"]},{\"@type\":\"Person\",\"@id\":\"https:\/\/www.institutfrancais-lituanie.com\/fr\/#\/schema\/person\/c9dac6d9150f55695a95f9bba5374b9a\",\"name\":\"Evelina Reznikove\",\"image\":{\"@type\":\"ImageObject\",\"inLanguage\":\"fr-FR\",\"@id\":\"https:\/\/www.institutfrancais-lituanie.com\/fr\/#\/schema\/person\/image\/\",\"url\":\"https:\/\/secure.gravatar.com\/avatar\/76f7b7d50952f6766575cbf6aadb57cc?s=96&d=mm&r=g\",\"contentUrl\":\"https:\/\/secure.gravatar.com\/avatar\/76f7b7d50952f6766575cbf6aadb57cc?s=96&d=mm&r=g\",\"caption\":\"Evelina Reznikove\"},\"url\":\"https:\/\/www.institutfrancais-lituanie.com\/fr\/author\/evelina\/\"}]}<\/script>\n<!-- \/ Yoast SEO plugin. -->","yoast_head_json":{"title":"Festival international ConTempo 2021 - IF Lituanie","robots":{"index":"index","follow":"follow","max-snippet":"max-snippet:-1","max-image-preview":"max-image-preview:large","max-video-preview":"max-video-preview:-1"},"canonical":"https:\/\/www.institutfrancais-lituanie.com\/fr\/archives\/festival-international-contempo-2021\/","og_locale":"fr_FR","og_type":"article","og_title":"Festival international ConTempo 2021 - IF Lituanie","og_description":"Pour sa troisi\u00e8me \u00e9dition, le festival ConTempo, qui se d\u00e9roulera \u00e0 Kaunas du 17 au&hellip;","og_url":"https:\/\/www.institutfrancais-lituanie.com\/fr\/archives\/festival-international-contempo-2021\/","og_site_name":"IF Lituanie","article_publisher":"https:\/\/www.facebook.com\/prancuzuinstitutas\/","article_published_time":"2021-08-05T08:34:38+00:00","article_modified_time":"2021-08-31T09:49:37+00:00","og_image":[{"width":1170,"height":585,"url":"https:\/\/www.institutfrancais-lituanie.com\/wp-content\/uploads\/2021\/08\/FORMAT-2020-1.jpg","type":"image\/jpeg"}],"author":"Evelina Reznikove","twitter_card":"summary_large_image","twitter_misc":{"Written by":"Evelina Reznikove","Est. reading time":"3 minutes"},"schema":{"@context":"https:\/\/schema.org","@graph":[{"@type":"Article","@id":"https:\/\/www.institutfrancais-lituanie.com\/fr\/archives\/festival-international-contempo-2021\/#article","isPartOf":{"@id":"https:\/\/www.institutfrancais-lituanie.com\/fr\/archives\/festival-international-contempo-2021\/"},"author":{"name":"Evelina Reznikove","@id":"https:\/\/www.institutfrancais-lituanie.com\/fr\/#\/schema\/person\/c9dac6d9150f55695a95f9bba5374b9a"},"headline":"Festival international ConTempo 2021","datePublished":"2021-08-05T08:34:38+00:00","dateModified":"2021-08-31T09:49:37+00:00","mainEntityOfPage":{"@id":"https:\/\/www.institutfrancais-lituanie.com\/fr\/archives\/festival-international-contempo-2021\/"},"wordCount":619,"publisher":{"@id":"https:\/\/www.institutfrancais-lituanie.com\/fr\/#organization"},"image":{"@id":"https:\/\/www.institutfrancais-lituanie.com\/fr\/archives\/festival-international-contempo-2021\/#primaryimage"},"thumbnailUrl":"https:\/\/www.institutfrancais-lituanie.com\/wp-content\/uploads\/2021\/08\/FORMAT-2020-1.jpg","articleSection":["Archives","Archives : Spectacles"],"inLanguage":"fr-FR"},{"@type":"WebPage","@id":"https:\/\/www.institutfrancais-lituanie.com\/fr\/archives\/festival-international-contempo-2021\/","url":"https:\/\/www.institutfrancais-lituanie.com\/fr\/archives\/festival-international-contempo-2021\/","name":"Festival international ConTempo 2021 - IF Lituanie","isPartOf":{"@id":"https:\/\/www.institutfrancais-lituanie.com\/fr\/#website"},"primaryImageOfPage":{"@id":"https:\/\/www.institutfrancais-lituanie.com\/fr\/archives\/festival-international-contempo-2021\/#primaryimage"},"image":{"@id":"https:\/\/www.institutfrancais-lituanie.com\/fr\/archives\/festival-international-contempo-2021\/#primaryimage"},"thumbnailUrl":"https:\/\/www.institutfrancais-lituanie.com\/wp-content\/uploads\/2021\/08\/FORMAT-2020-1.jpg","datePublished":"2021-08-05T08:34:38+00:00","dateModified":"2021-08-31T09:49:37+00:00","breadcrumb":{"@id":"https:\/\/www.institutfrancais-lituanie.com\/fr\/archives\/festival-international-contempo-2021\/#breadcrumb"},"inLanguage":"fr-FR","potentialAction":[{"@type":"ReadAction","target":["https:\/\/www.institutfrancais-lituanie.com\/fr\/archives\/festival-international-contempo-2021\/"]}]},{"@type":"ImageObject","inLanguage":"fr-FR","@id":"https:\/\/www.institutfrancais-lituanie.com\/fr\/archives\/festival-international-contempo-2021\/#primaryimage","url":"https:\/\/www.institutfrancais-lituanie.com\/wp-content\/uploads\/2021\/08\/FORMAT-2020-1.jpg","contentUrl":"https:\/\/www.institutfrancais-lituanie.com\/wp-content\/uploads\/2021\/08\/FORMAT-2020-1.jpg","width":1170,"height":585},{"@type":"BreadcrumbList","@id":"https:\/\/www.institutfrancais-lituanie.com\/fr\/archives\/festival-international-contempo-2021\/#breadcrumb","itemListElement":[{"@type":"ListItem","position":1,"name":"Home","item":"https:\/\/www.institutfrancais-lituanie.com\/fr\/"},{"@type":"ListItem","position":2,"name":"Festival international ConTempo 2021"}]},{"@type":"WebSite","@id":"https:\/\/www.institutfrancais-lituanie.com\/fr\/#website","url":"https:\/\/www.institutfrancais-lituanie.com\/fr\/","name":"IF Lituanie","description":"Pranc\u016bz\u0173 kalbos kursai, kult\u016bra, mediateka...","publisher":{"@id":"https:\/\/www.institutfrancais-lituanie.com\/fr\/#organization"},"potentialAction":[{"@type":"SearchAction","target":{"@type":"EntryPoint","urlTemplate":"https:\/\/www.institutfrancais-lituanie.com\/fr\/?s={search_term_string}"},"query-input":"required name=search_term_string"}],"inLanguage":"fr-FR"},{"@type":"Organization","@id":"https:\/\/www.institutfrancais-lituanie.com\/fr\/#organization","name":"Pranc\u016bz\u0173 institutas","url":"https:\/\/www.institutfrancais-lituanie.com\/fr\/","logo":{"@type":"ImageObject","inLanguage":"fr-FR","@id":"https:\/\/www.institutfrancais-lituanie.com\/fr\/#\/schema\/logo\/image\/","url":"https:\/\/www.institutfrancais-lituanie.com\/wp-content\/uploads\/2023\/04\/IF_Logo-Lituanie-RVB.jpg","contentUrl":"https:\/\/www.institutfrancais-lituanie.com\/wp-content\/uploads\/2023\/04\/IF_Logo-Lituanie-RVB.jpg","width":827,"height":555,"caption":"Pranc\u016bz\u0173 institutas"},"image":{"@id":"https:\/\/www.institutfrancais-lituanie.com\/fr\/#\/schema\/logo\/image\/"},"sameAs":["https:\/\/www.facebook.com\/prancuzuinstitutas\/","https:\/\/www.instagram.com\/institut_francais_lituanie\/"]},{"@type":"Person","@id":"https:\/\/www.institutfrancais-lituanie.com\/fr\/#\/schema\/person\/c9dac6d9150f55695a95f9bba5374b9a","name":"Evelina Reznikove","image":{"@type":"ImageObject","inLanguage":"fr-FR","@id":"https:\/\/www.institutfrancais-lituanie.com\/fr\/#\/schema\/person\/image\/","url":"https:\/\/secure.gravatar.com\/avatar\/76f7b7d50952f6766575cbf6aadb57cc?s=96&d=mm&r=g","contentUrl":"https:\/\/secure.gravatar.com\/avatar\/76f7b7d50952f6766575cbf6aadb57cc?s=96&d=mm&r=g","caption":"Evelina Reznikove"},"url":"https:\/\/www.institutfrancais-lituanie.com\/fr\/author\/evelina\/"}]}},"_links":{"self":[{"href":"https:\/\/www.institutfrancais-lituanie.com\/fr\/wp-json\/wp\/v2\/posts\/7851"}],"collection":[{"href":"https:\/\/www.institutfrancais-lituanie.com\/fr\/wp-json\/wp\/v2\/posts"}],"about":[{"href":"https:\/\/www.institutfrancais-lituanie.com\/fr\/wp-json\/wp\/v2\/types\/post"}],"author":[{"embeddable":true,"href":"https:\/\/www.institutfrancais-lituanie.com\/fr\/wp-json\/wp\/v2\/users\/7"}],"replies":[{"embeddable":true,"href":"https:\/\/www.institutfrancais-lituanie.com\/fr\/wp-json\/wp\/v2\/comments?post=7851"}],"version-history":[{"count":1,"href":"https:\/\/www.institutfrancais-lituanie.com\/fr\/wp-json\/wp\/v2\/posts\/7851\/revisions"}],"predecessor-version":[{"id":7852,"href":"https:\/\/www.institutfrancais-lituanie.com\/fr\/wp-json\/wp\/v2\/posts\/7851\/revisions\/7852"}],"wp:featuredmedia":[{"embeddable":true,"href":"https:\/\/www.institutfrancais-lituanie.com\/fr\/wp-json\/wp\/v2\/media\/7849"}],"wp:attachment":[{"href":"https:\/\/www.institutfrancais-lituanie.com\/fr\/wp-json\/wp\/v2\/media?parent=7851"}],"wp:term":[{"taxonomy":"category","embeddable":true,"href":"https:\/\/www.institutfrancais-lituanie.com\/fr\/wp-json\/wp\/v2\/categories?post=7851"},{"taxonomy":"post_tag","embeddable":true,"href":"https:\/\/www.institutfrancais-lituanie.com\/fr\/wp-json\/wp\/v2\/tags?post=7851"}],"curies":[{"name":"wp","href":"https:\/\/api.w.org\/{rel}","templated":true}]}}