{"id":7226,"date":"2021-05-10T10:14:11","date_gmt":"2021-05-10T10:14:11","guid":{"rendered":"https:\/\/www.institutfrancais-lituanie.com\/?p=7226"},"modified":"2021-05-10T10:14:11","modified_gmt":"2021-05-10T10:14:11","slug":"tete-a-tete-avec-le-footballeur-hugo-videmont","status":"publish","type":"post","link":"https:\/\/www.institutfrancais-lituanie.com\/fr\/archives\/tete-archives\/tete-a-tete-avec-le-footballeur-hugo-videmont\/","title":{"rendered":"\u00ab T\u00eate-\u00e0-t\u00eate \u00bb avec le footballeur Hugo Vid\u00e9mont"},"content":{"rendered":"<p><strong>Jeudi 2<\/strong><strong>7<\/strong> <strong>mai<\/strong><strong>, 18h00<\/strong><\/p>\n<p><strong>\u00ab T\u00eate-\u00e0-t\u00eate \u00bb avec le <\/strong><strong>footballeur<\/strong> <strong>Hugo Vid<\/strong><strong>\u00e9<\/strong><strong>mont <\/strong><\/p>\n<p>Entretien men\u00e9 par Valdas Puteikis<\/p>\n<p><strong>Rencontre en ligne.\u00a0Merci de vous inscrire<\/strong> : <a href=\"https:\/\/forms.gle\/n9WHtNn11Ka7Rjob7\" target=\"_blank\" rel=\"noopener\">https:\/\/forms.gle\/n9WHtNn11Ka7Rjob7<\/a><\/p>\n<p>Pour continuer notre cycle de rencontres \u00ab T\u00eate \u00e0 t\u00eate <strong>\u00bb<\/strong>, nous vous proposons de faire la connaissance avec le footballeur Hugo Vid\u00e9mont, qui joue actuellement en\u00a0Lituanie, au \u00ab \u017dalgiris <strong>\u00bb <\/strong>de Vilnius.\u00a0La rencontre sera anim\u00e9e par le journaliste Valdas Puteikis.<\/p>\n<p><strong>Hugo Videmont est\u00a0<\/strong>n\u00e9 en 1993\u00a0\u00e0\u00a0Marseille. Il est footballeur professionnel depuis 2013, \u00e9voluant au poste d&#8217;attaquant.\u00a0En 2015, il joue pour le club Corse de l\u2019AC Ajaccio avant de d\u00e9buter en 2017 une premi\u00e8re exp\u00e9rience en Pologne au\u00a0Wisla Cracovie. Il rejoint le club \u017dalgiris<strong>\u00a0<\/strong>de Vilnius en 2019 et deviendra champion de Lituanie en 2020 ainsi que meilleur buteur du championnat avec 13 buts en 20 matchs.<\/p>\n<p><strong><em>En fran\u00e7ais et en lituanien<\/em><\/strong>.\u00a0<strong><em>Gratuit.<\/em><\/strong><\/p>\n<p>La rencontre sera \u00e9galement diffus\u00e9e en direct sur le Facebook de l&#8217;Institut fran\u00e7ais de Lituanie.<\/p>\n","protected":false},"excerpt":{"rendered":"<p>Jeudi 27 mai, 18h00 \u00ab T\u00eate-\u00e0-t\u00eate \u00bb avec le footballeur Hugo Vid\u00e9mont Entretien men\u00e9 par&hellip;<\/p>\n","protected":false},"author":2,"featured_media":7224,"comment_status":"closed","ping_status":"open","sticky":false,"template":"","format":"standard","meta":{"footnotes":""},"categories":[151],"tags":[],"class_list":["post-7226","post","type-post","status-publish","format-standard","has-post-thumbnail","hentry","category-tete-archives"],"yoast_head":"<!-- This site is optimized with the Yoast SEO plugin v23.2 - https:\/\/yoast.com\/wordpress\/plugins\/seo\/ -->\n<title>\u00ab T\u00eate-\u00e0-t\u00eate \u00bb avec le footballeur Hugo Vid\u00e9mont - IF Lituanie<\/title>\n<meta name=\"robots\" content=\"index, follow, max-snippet:-1, max-image-preview:large, max-video-preview:-1\" \/>\n<link rel=\"canonical\" href=\"https:\/\/www.institutfrancais-lituanie.com\/fr\/archives\/tete-archives\/tete-a-tete-avec-le-footballeur-hugo-videmont\/\" \/>\n<meta property=\"og:locale\" content=\"fr_FR\" \/>\n<meta property=\"og:type\" content=\"article\" \/>\n<meta property=\"og:title\" content=\"\u00ab T\u00eate-\u00e0-t\u00eate \u00bb avec le footballeur Hugo Vid\u00e9mont - IF Lituanie\" \/>\n<meta property=\"og:description\" content=\"Jeudi 27 mai, 18h00 \u00ab T\u00eate-\u00e0-t\u00eate \u00bb avec le footballeur Hugo Vid\u00e9mont Entretien men\u00e9 par&hellip;\" \/>\n<meta property=\"og:url\" content=\"https:\/\/www.institutfrancais-lituanie.com\/fr\/archives\/tete-archives\/tete-a-tete-avec-le-footballeur-hugo-videmont\/\" \/>\n<meta property=\"og:site_name\" content=\"IF Lituanie\" \/>\n<meta property=\"article:publisher\" content=\"https:\/\/www.facebook.com\/prancuzuinstitutas\/\" \/>\n<meta property=\"article:published_time\" content=\"2021-05-10T10:14:11+00:00\" \/>\n<meta property=\"og:image\" content=\"https:\/\/www.institutfrancais-lituanie.com\/wp-content\/uploads\/2021\/05\/Hugo.png\" \/>\n\t<meta property=\"og:image:width\" content=\"1170\" \/>\n\t<meta property=\"og:image:height\" content=\"585\" \/>\n\t<meta property=\"og:image:type\" content=\"image\/png\" \/>\n<meta name=\"author\" content=\"Loic\" \/>\n<meta name=\"twitter:card\" content=\"summary_large_image\" \/>\n<meta name=\"twitter:label1\" content=\"Written by\" \/>\n\t<meta name=\"twitter:data1\" content=\"Loic\" \/>\n\t<meta name=\"twitter:label2\" content=\"Est. reading time\" \/>\n\t<meta name=\"twitter:data2\" content=\"1 minute\" \/>\n<script type=\"application\/ld+json\" class=\"yoast-schema-graph\">{\"@context\":\"https:\/\/schema.org\",\"@graph\":[{\"@type\":\"Article\",\"@id\":\"https:\/\/www.institutfrancais-lituanie.com\/fr\/archives\/tete-archives\/tete-a-tete-avec-le-footballeur-hugo-videmont\/#article\",\"isPartOf\":{\"@id\":\"https:\/\/www.institutfrancais-lituanie.com\/fr\/archives\/tete-archives\/tete-a-tete-avec-le-footballeur-hugo-videmont\/\"},\"author\":{\"name\":\"Loic\",\"@id\":\"https:\/\/www.institutfrancais-lituanie.com\/fr\/#\/schema\/person\/161b6644a2db59e5f235bfbe9026d036\"},\"headline\":\"\u00ab T\u00eate-\u00e0-t\u00eate \u00bb avec le footballeur Hugo Vid\u00e9mont\",\"datePublished\":\"2021-05-10T10:14:11+00:00\",\"dateModified\":\"2021-05-10T10:14:11+00:00\",\"mainEntityOfPage\":{\"@id\":\"https:\/\/www.institutfrancais-lituanie.com\/fr\/archives\/tete-archives\/tete-a-tete-avec-le-footballeur-hugo-videmont\/\"},\"wordCount\":173,\"publisher\":{\"@id\":\"https:\/\/www.institutfrancais-lituanie.com\/fr\/#organization\"},\"image\":{\"@id\":\"https:\/\/www.institutfrancais-lituanie.com\/fr\/archives\/tete-archives\/tete-a-tete-avec-le-footballeur-hugo-videmont\/#primaryimage\"},\"thumbnailUrl\":\"https:\/\/www.institutfrancais-lituanie.com\/wp-content\/uploads\/2021\/05\/Hugo.png\",\"articleSection\":[\"Tete (archives)\"],\"inLanguage\":\"fr-FR\"},{\"@type\":\"WebPage\",\"@id\":\"https:\/\/www.institutfrancais-lituanie.com\/fr\/archives\/tete-archives\/tete-a-tete-avec-le-footballeur-hugo-videmont\/\",\"url\":\"https:\/\/www.institutfrancais-lituanie.com\/fr\/archives\/tete-archives\/tete-a-tete-avec-le-footballeur-hugo-videmont\/\",\"name\":\"\u00ab T\u00eate-\u00e0-t\u00eate \u00bb avec le footballeur Hugo Vid\u00e9mont - IF Lituanie\",\"isPartOf\":{\"@id\":\"https:\/\/www.institutfrancais-lituanie.com\/fr\/#website\"},\"primaryImageOfPage\":{\"@id\":\"https:\/\/www.institutfrancais-lituanie.com\/fr\/archives\/tete-archives\/tete-a-tete-avec-le-footballeur-hugo-videmont\/#primaryimage\"},\"image\":{\"@id\":\"https:\/\/www.institutfrancais-lituanie.com\/fr\/archives\/tete-archives\/tete-a-tete-avec-le-footballeur-hugo-videmont\/#primaryimage\"},\"thumbnailUrl\":\"https:\/\/www.institutfrancais-lituanie.com\/wp-content\/uploads\/2021\/05\/Hugo.png\",\"datePublished\":\"2021-05-10T10:14:11+00:00\",\"dateModified\":\"2021-05-10T10:14:11+00:00\",\"breadcrumb\":{\"@id\":\"https:\/\/www.institutfrancais-lituanie.com\/fr\/archives\/tete-archives\/tete-a-tete-avec-le-footballeur-hugo-videmont\/#breadcrumb\"},\"inLanguage\":\"fr-FR\",\"potentialAction\":[{\"@type\":\"ReadAction\",\"target\":[\"https:\/\/www.institutfrancais-lituanie.com\/fr\/archives\/tete-archives\/tete-a-tete-avec-le-footballeur-hugo-videmont\/\"]}]},{\"@type\":\"ImageObject\",\"inLanguage\":\"fr-FR\",\"@id\":\"https:\/\/www.institutfrancais-lituanie.com\/fr\/archives\/tete-archives\/tete-a-tete-avec-le-footballeur-hugo-videmont\/#primaryimage\",\"url\":\"https:\/\/www.institutfrancais-lituanie.com\/wp-content\/uploads\/2021\/05\/Hugo.png\",\"contentUrl\":\"https:\/\/www.institutfrancais-lituanie.com\/wp-content\/uploads\/2021\/05\/Hugo.png\",\"width\":1170,\"height\":585},{\"@type\":\"BreadcrumbList\",\"@id\":\"https:\/\/www.institutfrancais-lituanie.com\/fr\/archives\/tete-archives\/tete-a-tete-avec-le-footballeur-hugo-videmont\/#breadcrumb\",\"itemListElement\":[{\"@type\":\"ListItem\",\"position\":1,\"name\":\"Home\",\"item\":\"https:\/\/www.institutfrancais-lituanie.com\/fr\/\"},{\"@type\":\"ListItem\",\"position\":2,\"name\":\"\u00ab T\u00eate-\u00e0-t\u00eate \u00bb avec le footballeur Hugo Vid\u00e9mont\"}]},{\"@type\":\"WebSite\",\"@id\":\"https:\/\/www.institutfrancais-lituanie.com\/fr\/#website\",\"url\":\"https:\/\/www.institutfrancais-lituanie.com\/fr\/\",\"name\":\"IF Lituanie\",\"description\":\"Pranc\u016bz\u0173 kalbos kursai, kult\u016bra, mediateka...\",\"publisher\":{\"@id\":\"https:\/\/www.institutfrancais-lituanie.com\/fr\/#organization\"},\"potentialAction\":[{\"@type\":\"SearchAction\",\"target\":{\"@type\":\"EntryPoint\",\"urlTemplate\":\"https:\/\/www.institutfrancais-lituanie.com\/fr\/?s={search_term_string}\"},\"query-input\":\"required name=search_term_string\"}],\"inLanguage\":\"fr-FR\"},{\"@type\":\"Organization\",\"@id\":\"https:\/\/www.institutfrancais-lituanie.com\/fr\/#organization\",\"name\":\"Pranc\u016bz\u0173 institutas\",\"url\":\"https:\/\/www.institutfrancais-lituanie.com\/fr\/\",\"logo\":{\"@type\":\"ImageObject\",\"inLanguage\":\"fr-FR\",\"@id\":\"https:\/\/www.institutfrancais-lituanie.com\/fr\/#\/schema\/logo\/image\/\",\"url\":\"https:\/\/www.institutfrancais-lituanie.com\/wp-content\/uploads\/2023\/04\/IF_Logo-Lituanie-RVB.jpg\",\"contentUrl\":\"https:\/\/www.institutfrancais-lituanie.com\/wp-content\/uploads\/2023\/04\/IF_Logo-Lituanie-RVB.jpg\",\"width\":827,\"height\":555,\"caption\":\"Pranc\u016bz\u0173 institutas\"},\"image\":{\"@id\":\"https:\/\/www.institutfrancais-lituanie.com\/fr\/#\/schema\/logo\/image\/\"},\"sameAs\":[\"https:\/\/www.facebook.com\/prancuzuinstitutas\/\",\"https:\/\/www.instagram.com\/institut_francais_lituanie\/\"]},{\"@type\":\"Person\",\"@id\":\"https:\/\/www.institutfrancais-lituanie.com\/fr\/#\/schema\/person\/161b6644a2db59e5f235bfbe9026d036\",\"name\":\"Loic\",\"image\":{\"@type\":\"ImageObject\",\"inLanguage\":\"fr-FR\",\"@id\":\"https:\/\/www.institutfrancais-lituanie.com\/fr\/#\/schema\/person\/image\/\",\"url\":\"https:\/\/secure.gravatar.com\/avatar\/d6d4be166a8ce40ea7b7165c57cf2ffd?s=96&d=mm&r=g\",\"contentUrl\":\"https:\/\/secure.gravatar.com\/avatar\/d6d4be166a8ce40ea7b7165c57cf2ffd?s=96&d=mm&r=g\",\"caption\":\"Loic\"},\"url\":\"https:\/\/www.institutfrancais-lituanie.com\/fr\/author\/loic\/\"}]}<\/script>\n<!-- \/ Yoast SEO plugin. -->","yoast_head_json":{"title":"\u00ab T\u00eate-\u00e0-t\u00eate \u00bb avec le footballeur Hugo Vid\u00e9mont - IF Lituanie","robots":{"index":"index","follow":"follow","max-snippet":"max-snippet:-1","max-image-preview":"max-image-preview:large","max-video-preview":"max-video-preview:-1"},"canonical":"https:\/\/www.institutfrancais-lituanie.com\/fr\/archives\/tete-archives\/tete-a-tete-avec-le-footballeur-hugo-videmont\/","og_locale":"fr_FR","og_type":"article","og_title":"\u00ab T\u00eate-\u00e0-t\u00eate \u00bb avec le footballeur Hugo Vid\u00e9mont - IF Lituanie","og_description":"Jeudi 27 mai, 18h00 \u00ab T\u00eate-\u00e0-t\u00eate \u00bb avec le footballeur Hugo Vid\u00e9mont Entretien men\u00e9 par&hellip;","og_url":"https:\/\/www.institutfrancais-lituanie.com\/fr\/archives\/tete-archives\/tete-a-tete-avec-le-footballeur-hugo-videmont\/","og_site_name":"IF Lituanie","article_publisher":"https:\/\/www.facebook.com\/prancuzuinstitutas\/","article_published_time":"2021-05-10T10:14:11+00:00","og_image":[{"width":1170,"height":585,"url":"https:\/\/www.institutfrancais-lituanie.com\/wp-content\/uploads\/2021\/05\/Hugo.png","type":"image\/png"}],"author":"Loic","twitter_card":"summary_large_image","twitter_misc":{"Written by":"Loic","Est. reading time":"1 minute"},"schema":{"@context":"https:\/\/schema.org","@graph":[{"@type":"Article","@id":"https:\/\/www.institutfrancais-lituanie.com\/fr\/archives\/tete-archives\/tete-a-tete-avec-le-footballeur-hugo-videmont\/#article","isPartOf":{"@id":"https:\/\/www.institutfrancais-lituanie.com\/fr\/archives\/tete-archives\/tete-a-tete-avec-le-footballeur-hugo-videmont\/"},"author":{"name":"Loic","@id":"https:\/\/www.institutfrancais-lituanie.com\/fr\/#\/schema\/person\/161b6644a2db59e5f235bfbe9026d036"},"headline":"\u00ab T\u00eate-\u00e0-t\u00eate \u00bb avec le footballeur Hugo Vid\u00e9mont","datePublished":"2021-05-10T10:14:11+00:00","dateModified":"2021-05-10T10:14:11+00:00","mainEntityOfPage":{"@id":"https:\/\/www.institutfrancais-lituanie.com\/fr\/archives\/tete-archives\/tete-a-tete-avec-le-footballeur-hugo-videmont\/"},"wordCount":173,"publisher":{"@id":"https:\/\/www.institutfrancais-lituanie.com\/fr\/#organization"},"image":{"@id":"https:\/\/www.institutfrancais-lituanie.com\/fr\/archives\/tete-archives\/tete-a-tete-avec-le-footballeur-hugo-videmont\/#primaryimage"},"thumbnailUrl":"https:\/\/www.institutfrancais-lituanie.com\/wp-content\/uploads\/2021\/05\/Hugo.png","articleSection":["Tete (archives)"],"inLanguage":"fr-FR"},{"@type":"WebPage","@id":"https:\/\/www.institutfrancais-lituanie.com\/fr\/archives\/tete-archives\/tete-a-tete-avec-le-footballeur-hugo-videmont\/","url":"https:\/\/www.institutfrancais-lituanie.com\/fr\/archives\/tete-archives\/tete-a-tete-avec-le-footballeur-hugo-videmont\/","name":"\u00ab T\u00eate-\u00e0-t\u00eate \u00bb avec le footballeur Hugo Vid\u00e9mont - IF Lituanie","isPartOf":{"@id":"https:\/\/www.institutfrancais-lituanie.com\/fr\/#website"},"primaryImageOfPage":{"@id":"https:\/\/www.institutfrancais-lituanie.com\/fr\/archives\/tete-archives\/tete-a-tete-avec-le-footballeur-hugo-videmont\/#primaryimage"},"image":{"@id":"https:\/\/www.institutfrancais-lituanie.com\/fr\/archives\/tete-archives\/tete-a-tete-avec-le-footballeur-hugo-videmont\/#primaryimage"},"thumbnailUrl":"https:\/\/www.institutfrancais-lituanie.com\/wp-content\/uploads\/2021\/05\/Hugo.png","datePublished":"2021-05-10T10:14:11+00:00","dateModified":"2021-05-10T10:14:11+00:00","breadcrumb":{"@id":"https:\/\/www.institutfrancais-lituanie.com\/fr\/archives\/tete-archives\/tete-a-tete-avec-le-footballeur-hugo-videmont\/#breadcrumb"},"inLanguage":"fr-FR","potentialAction":[{"@type":"ReadAction","target":["https:\/\/www.institutfrancais-lituanie.com\/fr\/archives\/tete-archives\/tete-a-tete-avec-le-footballeur-hugo-videmont\/"]}]},{"@type":"ImageObject","inLanguage":"fr-FR","@id":"https:\/\/www.institutfrancais-lituanie.com\/fr\/archives\/tete-archives\/tete-a-tete-avec-le-footballeur-hugo-videmont\/#primaryimage","url":"https:\/\/www.institutfrancais-lituanie.com\/wp-content\/uploads\/2021\/05\/Hugo.png","contentUrl":"https:\/\/www.institutfrancais-lituanie.com\/wp-content\/uploads\/2021\/05\/Hugo.png","width":1170,"height":585},{"@type":"BreadcrumbList","@id":"https:\/\/www.institutfrancais-lituanie.com\/fr\/archives\/tete-archives\/tete-a-tete-avec-le-footballeur-hugo-videmont\/#breadcrumb","itemListElement":[{"@type":"ListItem","position":1,"name":"Home","item":"https:\/\/www.institutfrancais-lituanie.com\/fr\/"},{"@type":"ListItem","position":2,"name":"\u00ab T\u00eate-\u00e0-t\u00eate \u00bb avec le footballeur Hugo Vid\u00e9mont"}]},{"@type":"WebSite","@id":"https:\/\/www.institutfrancais-lituanie.com\/fr\/#website","url":"https:\/\/www.institutfrancais-lituanie.com\/fr\/","name":"IF Lituanie","description":"Pranc\u016bz\u0173 kalbos kursai, kult\u016bra, mediateka...","publisher":{"@id":"https:\/\/www.institutfrancais-lituanie.com\/fr\/#organization"},"potentialAction":[{"@type":"SearchAction","target":{"@type":"EntryPoint","urlTemplate":"https:\/\/www.institutfrancais-lituanie.com\/fr\/?s={search_term_string}"},"query-input":"required name=search_term_string"}],"inLanguage":"fr-FR"},{"@type":"Organization","@id":"https:\/\/www.institutfrancais-lituanie.com\/fr\/#organization","name":"Pranc\u016bz\u0173 institutas","url":"https:\/\/www.institutfrancais-lituanie.com\/fr\/","logo":{"@type":"ImageObject","inLanguage":"fr-FR","@id":"https:\/\/www.institutfrancais-lituanie.com\/fr\/#\/schema\/logo\/image\/","url":"https:\/\/www.institutfrancais-lituanie.com\/wp-content\/uploads\/2023\/04\/IF_Logo-Lituanie-RVB.jpg","contentUrl":"https:\/\/www.institutfrancais-lituanie.com\/wp-content\/uploads\/2023\/04\/IF_Logo-Lituanie-RVB.jpg","width":827,"height":555,"caption":"Pranc\u016bz\u0173 institutas"},"image":{"@id":"https:\/\/www.institutfrancais-lituanie.com\/fr\/#\/schema\/logo\/image\/"},"sameAs":["https:\/\/www.facebook.com\/prancuzuinstitutas\/","https:\/\/www.instagram.com\/institut_francais_lituanie\/"]},{"@type":"Person","@id":"https:\/\/www.institutfrancais-lituanie.com\/fr\/#\/schema\/person\/161b6644a2db59e5f235bfbe9026d036","name":"Loic","image":{"@type":"ImageObject","inLanguage":"fr-FR","@id":"https:\/\/www.institutfrancais-lituanie.com\/fr\/#\/schema\/person\/image\/","url":"https:\/\/secure.gravatar.com\/avatar\/d6d4be166a8ce40ea7b7165c57cf2ffd?s=96&d=mm&r=g","contentUrl":"https:\/\/secure.gravatar.com\/avatar\/d6d4be166a8ce40ea7b7165c57cf2ffd?s=96&d=mm&r=g","caption":"Loic"},"url":"https:\/\/www.institutfrancais-lituanie.com\/fr\/author\/loic\/"}]}},"_links":{"self":[{"href":"https:\/\/www.institutfrancais-lituanie.com\/fr\/wp-json\/wp\/v2\/posts\/7226"}],"collection":[{"href":"https:\/\/www.institutfrancais-lituanie.com\/fr\/wp-json\/wp\/v2\/posts"}],"about":[{"href":"https:\/\/www.institutfrancais-lituanie.com\/fr\/wp-json\/wp\/v2\/types\/post"}],"author":[{"embeddable":true,"href":"https:\/\/www.institutfrancais-lituanie.com\/fr\/wp-json\/wp\/v2\/users\/2"}],"replies":[{"embeddable":true,"href":"https:\/\/www.institutfrancais-lituanie.com\/fr\/wp-json\/wp\/v2\/comments?post=7226"}],"version-history":[{"count":1,"href":"https:\/\/www.institutfrancais-lituanie.com\/fr\/wp-json\/wp\/v2\/posts\/7226\/revisions"}],"predecessor-version":[{"id":7227,"href":"https:\/\/www.institutfrancais-lituanie.com\/fr\/wp-json\/wp\/v2\/posts\/7226\/revisions\/7227"}],"wp:featuredmedia":[{"embeddable":true,"href":"https:\/\/www.institutfrancais-lituanie.com\/fr\/wp-json\/wp\/v2\/media\/7224"}],"wp:attachment":[{"href":"https:\/\/www.institutfrancais-lituanie.com\/fr\/wp-json\/wp\/v2\/media?parent=7226"}],"wp:term":[{"taxonomy":"category","embeddable":true,"href":"https:\/\/www.institutfrancais-lituanie.com\/fr\/wp-json\/wp\/v2\/categories?post=7226"},{"taxonomy":"post_tag","embeddable":true,"href":"https:\/\/www.institutfrancais-lituanie.com\/fr\/wp-json\/wp\/v2\/tags?post=7226"}],"curies":[{"name":"wp","href":"https:\/\/api.w.org\/{rel}","templated":true}]}}