{"id":6382,"date":"2020-09-10T07:29:28","date_gmt":"2020-09-10T07:29:28","guid":{"rendered":"https:\/\/www.institutfrancais-lituanie.com\/?p=6382"},"modified":"2020-10-15T09:44:26","modified_gmt":"2020-10-15T09:44:26","slug":"lheure-du-conte-autour-du-petit-nicolas-en-direct-via-facebook","status":"publish","type":"post","link":"https:\/\/www.institutfrancais-lituanie.com\/fr\/archives\/archives-lheure-du-conte\/lheure-du-conte-autour-du-petit-nicolas-en-direct-via-facebook\/","title":{"rendered":"L\u2019Heure du conte autour du \u00ab\u00a0Petit Nicolas\u00a0\u00bb en direct via Facebook"},"content":{"rendered":"<p><strong>L\u2019Heure du conte autour du \u00ab\u00a0Petit Nicolas\u00a0\u00bb en direct via Facebook<\/strong><\/p>\n<p><strong>Le vendredi 18 septembre, \u00e0 17h<\/strong><\/p>\n<p>https:\/\/www.facebook.com\/events\/323288648928008<\/p>\n<p>En septembre, l\u2019Institut fran\u00e7ais de Lituanie vous invite \u00e0 participer \u00e0 \u00ab L\u2019Heure du conte \u00bb en direct via notre page Facebook. Rejoignez-nous le vendredi 18 septembre, \u00e0 17h\u00a0 et venez r\u00eaver devant les spectacles imagin\u00e9s autour du \u00ab Petit Nicolas \u00bb de Ren\u00e9 Goscinny et Jean-Jacques Semp\u00e9 par l\u2019actrice et metteuse en sc\u00e8ne Saul\u0117 Degutyt\u0117 du \u00ab Th\u00e9\u00e2tre de la table \u00bb.<\/p>\n","protected":false},"excerpt":{"rendered":"<p>L\u2019Heure du conte autour du \u00ab\u00a0Petit Nicolas\u00a0\u00bb en direct via Facebook Le vendredi 18 septembre,&hellip;<\/p>\n","protected":false},"author":2,"featured_media":6380,"comment_status":"closed","ping_status":"open","sticky":false,"template":"","format":"standard","meta":{"footnotes":""},"categories":[112],"tags":[],"class_list":["post-6382","post","type-post","status-publish","format-standard","has-post-thumbnail","hentry","category-archives-lheure-du-conte"],"yoast_head":"<!-- This site is optimized with the Yoast SEO plugin v23.2 - https:\/\/yoast.com\/wordpress\/plugins\/seo\/ -->\n<title>L\u2019Heure du conte autour du \u00ab\u00a0Petit Nicolas\u00a0\u00bb en direct via Facebook - IF Lituanie<\/title>\n<meta name=\"robots\" content=\"index, follow, max-snippet:-1, max-image-preview:large, max-video-preview:-1\" \/>\n<link rel=\"canonical\" href=\"https:\/\/www.institutfrancais-lituanie.com\/fr\/archives\/archives-lheure-du-conte\/lheure-du-conte-autour-du-petit-nicolas-en-direct-via-facebook\/\" \/>\n<meta property=\"og:locale\" content=\"fr_FR\" \/>\n<meta property=\"og:type\" content=\"article\" \/>\n<meta property=\"og:title\" content=\"L\u2019Heure du conte autour du \u00ab\u00a0Petit Nicolas\u00a0\u00bb en direct via Facebook - IF Lituanie\" \/>\n<meta property=\"og:description\" content=\"L\u2019Heure du conte autour du \u00ab\u00a0Petit Nicolas\u00a0\u00bb en direct via Facebook Le vendredi 18 septembre,&hellip;\" \/>\n<meta property=\"og:url\" content=\"https:\/\/www.institutfrancais-lituanie.com\/fr\/archives\/archives-lheure-du-conte\/lheure-du-conte-autour-du-petit-nicolas-en-direct-via-facebook\/\" \/>\n<meta property=\"og:site_name\" content=\"IF Lituanie\" \/>\n<meta property=\"article:publisher\" content=\"https:\/\/www.facebook.com\/prancuzuinstitutas\/\" \/>\n<meta property=\"article:published_time\" content=\"2020-09-10T07:29:28+00:00\" \/>\n<meta property=\"article:modified_time\" content=\"2020-10-15T09:44:26+00:00\" \/>\n<meta property=\"og:image\" content=\"https:\/\/www.institutfrancais-lituanie.com\/wp-content\/uploads\/2020\/09\/nicolas-facebook-site.jpg\" \/>\n\t<meta property=\"og:image:width\" content=\"1170\" \/>\n\t<meta property=\"og:image:height\" content=\"585\" \/>\n\t<meta property=\"og:image:type\" content=\"image\/jpeg\" \/>\n<meta name=\"author\" content=\"Loic\" \/>\n<meta name=\"twitter:card\" content=\"summary_large_image\" \/>\n<meta name=\"twitter:label1\" content=\"Written by\" \/>\n\t<meta name=\"twitter:data1\" content=\"Loic\" \/>\n<script type=\"application\/ld+json\" class=\"yoast-schema-graph\">{\"@context\":\"https:\/\/schema.org\",\"@graph\":[{\"@type\":\"Article\",\"@id\":\"https:\/\/www.institutfrancais-lituanie.com\/fr\/archives\/archives-lheure-du-conte\/lheure-du-conte-autour-du-petit-nicolas-en-direct-via-facebook\/#article\",\"isPartOf\":{\"@id\":\"https:\/\/www.institutfrancais-lituanie.com\/fr\/archives\/archives-lheure-du-conte\/lheure-du-conte-autour-du-petit-nicolas-en-direct-via-facebook\/\"},\"author\":{\"name\":\"Loic\",\"@id\":\"https:\/\/www.institutfrancais-lituanie.com\/fr\/#\/schema\/person\/161b6644a2db59e5f235bfbe9026d036\"},\"headline\":\"L\u2019Heure du conte autour du \u00ab\u00a0Petit Nicolas\u00a0\u00bb en direct via Facebook\",\"datePublished\":\"2020-09-10T07:29:28+00:00\",\"dateModified\":\"2020-10-15T09:44:26+00:00\",\"mainEntityOfPage\":{\"@id\":\"https:\/\/www.institutfrancais-lituanie.com\/fr\/archives\/archives-lheure-du-conte\/lheure-du-conte-autour-du-petit-nicolas-en-direct-via-facebook\/\"},\"wordCount\":94,\"publisher\":{\"@id\":\"https:\/\/www.institutfrancais-lituanie.com\/fr\/#organization\"},\"image\":{\"@id\":\"https:\/\/www.institutfrancais-lituanie.com\/fr\/archives\/archives-lheure-du-conte\/lheure-du-conte-autour-du-petit-nicolas-en-direct-via-facebook\/#primaryimage\"},\"thumbnailUrl\":\"https:\/\/www.institutfrancais-lituanie.com\/wp-content\/uploads\/2020\/09\/nicolas-facebook-site.jpg\",\"articleSection\":[\"Archives : l'heure du conte\"],\"inLanguage\":\"fr-FR\"},{\"@type\":\"WebPage\",\"@id\":\"https:\/\/www.institutfrancais-lituanie.com\/fr\/archives\/archives-lheure-du-conte\/lheure-du-conte-autour-du-petit-nicolas-en-direct-via-facebook\/\",\"url\":\"https:\/\/www.institutfrancais-lituanie.com\/fr\/archives\/archives-lheure-du-conte\/lheure-du-conte-autour-du-petit-nicolas-en-direct-via-facebook\/\",\"name\":\"L\u2019Heure du conte autour du \u00ab\u00a0Petit Nicolas\u00a0\u00bb en direct via Facebook - IF Lituanie\",\"isPartOf\":{\"@id\":\"https:\/\/www.institutfrancais-lituanie.com\/fr\/#website\"},\"primaryImageOfPage\":{\"@id\":\"https:\/\/www.institutfrancais-lituanie.com\/fr\/archives\/archives-lheure-du-conte\/lheure-du-conte-autour-du-petit-nicolas-en-direct-via-facebook\/#primaryimage\"},\"image\":{\"@id\":\"https:\/\/www.institutfrancais-lituanie.com\/fr\/archives\/archives-lheure-du-conte\/lheure-du-conte-autour-du-petit-nicolas-en-direct-via-facebook\/#primaryimage\"},\"thumbnailUrl\":\"https:\/\/www.institutfrancais-lituanie.com\/wp-content\/uploads\/2020\/09\/nicolas-facebook-site.jpg\",\"datePublished\":\"2020-09-10T07:29:28+00:00\",\"dateModified\":\"2020-10-15T09:44:26+00:00\",\"breadcrumb\":{\"@id\":\"https:\/\/www.institutfrancais-lituanie.com\/fr\/archives\/archives-lheure-du-conte\/lheure-du-conte-autour-du-petit-nicolas-en-direct-via-facebook\/#breadcrumb\"},\"inLanguage\":\"fr-FR\",\"potentialAction\":[{\"@type\":\"ReadAction\",\"target\":[\"https:\/\/www.institutfrancais-lituanie.com\/fr\/archives\/archives-lheure-du-conte\/lheure-du-conte-autour-du-petit-nicolas-en-direct-via-facebook\/\"]}]},{\"@type\":\"ImageObject\",\"inLanguage\":\"fr-FR\",\"@id\":\"https:\/\/www.institutfrancais-lituanie.com\/fr\/archives\/archives-lheure-du-conte\/lheure-du-conte-autour-du-petit-nicolas-en-direct-via-facebook\/#primaryimage\",\"url\":\"https:\/\/www.institutfrancais-lituanie.com\/wp-content\/uploads\/2020\/09\/nicolas-facebook-site.jpg\",\"contentUrl\":\"https:\/\/www.institutfrancais-lituanie.com\/wp-content\/uploads\/2020\/09\/nicolas-facebook-site.jpg\",\"width\":1170,\"height\":585},{\"@type\":\"BreadcrumbList\",\"@id\":\"https:\/\/www.institutfrancais-lituanie.com\/fr\/archives\/archives-lheure-du-conte\/lheure-du-conte-autour-du-petit-nicolas-en-direct-via-facebook\/#breadcrumb\",\"itemListElement\":[{\"@type\":\"ListItem\",\"position\":1,\"name\":\"Home\",\"item\":\"https:\/\/www.institutfrancais-lituanie.com\/fr\/\"},{\"@type\":\"ListItem\",\"position\":2,\"name\":\"L\u2019Heure du conte autour du \u00ab\u00a0Petit Nicolas\u00a0\u00bb en direct via Facebook\"}]},{\"@type\":\"WebSite\",\"@id\":\"https:\/\/www.institutfrancais-lituanie.com\/fr\/#website\",\"url\":\"https:\/\/www.institutfrancais-lituanie.com\/fr\/\",\"name\":\"IF Lituanie\",\"description\":\"Pranc\u016bz\u0173 kalbos kursai, kult\u016bra, mediateka...\",\"publisher\":{\"@id\":\"https:\/\/www.institutfrancais-lituanie.com\/fr\/#organization\"},\"potentialAction\":[{\"@type\":\"SearchAction\",\"target\":{\"@type\":\"EntryPoint\",\"urlTemplate\":\"https:\/\/www.institutfrancais-lituanie.com\/fr\/?s={search_term_string}\"},\"query-input\":\"required name=search_term_string\"}],\"inLanguage\":\"fr-FR\"},{\"@type\":\"Organization\",\"@id\":\"https:\/\/www.institutfrancais-lituanie.com\/fr\/#organization\",\"name\":\"Pranc\u016bz\u0173 institutas\",\"url\":\"https:\/\/www.institutfrancais-lituanie.com\/fr\/\",\"logo\":{\"@type\":\"ImageObject\",\"inLanguage\":\"fr-FR\",\"@id\":\"https:\/\/www.institutfrancais-lituanie.com\/fr\/#\/schema\/logo\/image\/\",\"url\":\"https:\/\/www.institutfrancais-lituanie.com\/wp-content\/uploads\/2023\/04\/IF_Logo-Lituanie-RVB.jpg\",\"contentUrl\":\"https:\/\/www.institutfrancais-lituanie.com\/wp-content\/uploads\/2023\/04\/IF_Logo-Lituanie-RVB.jpg\",\"width\":827,\"height\":555,\"caption\":\"Pranc\u016bz\u0173 institutas\"},\"image\":{\"@id\":\"https:\/\/www.institutfrancais-lituanie.com\/fr\/#\/schema\/logo\/image\/\"},\"sameAs\":[\"https:\/\/www.facebook.com\/prancuzuinstitutas\/\",\"https:\/\/www.instagram.com\/institut_francais_lituanie\/\"]},{\"@type\":\"Person\",\"@id\":\"https:\/\/www.institutfrancais-lituanie.com\/fr\/#\/schema\/person\/161b6644a2db59e5f235bfbe9026d036\",\"name\":\"Loic\",\"image\":{\"@type\":\"ImageObject\",\"inLanguage\":\"fr-FR\",\"@id\":\"https:\/\/www.institutfrancais-lituanie.com\/fr\/#\/schema\/person\/image\/\",\"url\":\"https:\/\/secure.gravatar.com\/avatar\/d6d4be166a8ce40ea7b7165c57cf2ffd?s=96&d=mm&r=g\",\"contentUrl\":\"https:\/\/secure.gravatar.com\/avatar\/d6d4be166a8ce40ea7b7165c57cf2ffd?s=96&d=mm&r=g\",\"caption\":\"Loic\"},\"url\":\"https:\/\/www.institutfrancais-lituanie.com\/fr\/author\/loic\/\"}]}<\/script>\n<!-- \/ Yoast SEO plugin. -->","yoast_head_json":{"title":"L\u2019Heure du conte autour du \u00ab\u00a0Petit Nicolas\u00a0\u00bb en direct via Facebook - IF Lituanie","robots":{"index":"index","follow":"follow","max-snippet":"max-snippet:-1","max-image-preview":"max-image-preview:large","max-video-preview":"max-video-preview:-1"},"canonical":"https:\/\/www.institutfrancais-lituanie.com\/fr\/archives\/archives-lheure-du-conte\/lheure-du-conte-autour-du-petit-nicolas-en-direct-via-facebook\/","og_locale":"fr_FR","og_type":"article","og_title":"L\u2019Heure du conte autour du \u00ab\u00a0Petit Nicolas\u00a0\u00bb en direct via Facebook - IF Lituanie","og_description":"L\u2019Heure du conte autour du \u00ab\u00a0Petit Nicolas\u00a0\u00bb en direct via Facebook Le vendredi 18 septembre,&hellip;","og_url":"https:\/\/www.institutfrancais-lituanie.com\/fr\/archives\/archives-lheure-du-conte\/lheure-du-conte-autour-du-petit-nicolas-en-direct-via-facebook\/","og_site_name":"IF Lituanie","article_publisher":"https:\/\/www.facebook.com\/prancuzuinstitutas\/","article_published_time":"2020-09-10T07:29:28+00:00","article_modified_time":"2020-10-15T09:44:26+00:00","og_image":[{"width":1170,"height":585,"url":"https:\/\/www.institutfrancais-lituanie.com\/wp-content\/uploads\/2020\/09\/nicolas-facebook-site.jpg","type":"image\/jpeg"}],"author":"Loic","twitter_card":"summary_large_image","twitter_misc":{"Written by":"Loic"},"schema":{"@context":"https:\/\/schema.org","@graph":[{"@type":"Article","@id":"https:\/\/www.institutfrancais-lituanie.com\/fr\/archives\/archives-lheure-du-conte\/lheure-du-conte-autour-du-petit-nicolas-en-direct-via-facebook\/#article","isPartOf":{"@id":"https:\/\/www.institutfrancais-lituanie.com\/fr\/archives\/archives-lheure-du-conte\/lheure-du-conte-autour-du-petit-nicolas-en-direct-via-facebook\/"},"author":{"name":"Loic","@id":"https:\/\/www.institutfrancais-lituanie.com\/fr\/#\/schema\/person\/161b6644a2db59e5f235bfbe9026d036"},"headline":"L\u2019Heure du conte autour du \u00ab\u00a0Petit Nicolas\u00a0\u00bb en direct via Facebook","datePublished":"2020-09-10T07:29:28+00:00","dateModified":"2020-10-15T09:44:26+00:00","mainEntityOfPage":{"@id":"https:\/\/www.institutfrancais-lituanie.com\/fr\/archives\/archives-lheure-du-conte\/lheure-du-conte-autour-du-petit-nicolas-en-direct-via-facebook\/"},"wordCount":94,"publisher":{"@id":"https:\/\/www.institutfrancais-lituanie.com\/fr\/#organization"},"image":{"@id":"https:\/\/www.institutfrancais-lituanie.com\/fr\/archives\/archives-lheure-du-conte\/lheure-du-conte-autour-du-petit-nicolas-en-direct-via-facebook\/#primaryimage"},"thumbnailUrl":"https:\/\/www.institutfrancais-lituanie.com\/wp-content\/uploads\/2020\/09\/nicolas-facebook-site.jpg","articleSection":["Archives : l'heure du conte"],"inLanguage":"fr-FR"},{"@type":"WebPage","@id":"https:\/\/www.institutfrancais-lituanie.com\/fr\/archives\/archives-lheure-du-conte\/lheure-du-conte-autour-du-petit-nicolas-en-direct-via-facebook\/","url":"https:\/\/www.institutfrancais-lituanie.com\/fr\/archives\/archives-lheure-du-conte\/lheure-du-conte-autour-du-petit-nicolas-en-direct-via-facebook\/","name":"L\u2019Heure du conte autour du \u00ab\u00a0Petit Nicolas\u00a0\u00bb en direct via Facebook - IF Lituanie","isPartOf":{"@id":"https:\/\/www.institutfrancais-lituanie.com\/fr\/#website"},"primaryImageOfPage":{"@id":"https:\/\/www.institutfrancais-lituanie.com\/fr\/archives\/archives-lheure-du-conte\/lheure-du-conte-autour-du-petit-nicolas-en-direct-via-facebook\/#primaryimage"},"image":{"@id":"https:\/\/www.institutfrancais-lituanie.com\/fr\/archives\/archives-lheure-du-conte\/lheure-du-conte-autour-du-petit-nicolas-en-direct-via-facebook\/#primaryimage"},"thumbnailUrl":"https:\/\/www.institutfrancais-lituanie.com\/wp-content\/uploads\/2020\/09\/nicolas-facebook-site.jpg","datePublished":"2020-09-10T07:29:28+00:00","dateModified":"2020-10-15T09:44:26+00:00","breadcrumb":{"@id":"https:\/\/www.institutfrancais-lituanie.com\/fr\/archives\/archives-lheure-du-conte\/lheure-du-conte-autour-du-petit-nicolas-en-direct-via-facebook\/#breadcrumb"},"inLanguage":"fr-FR","potentialAction":[{"@type":"ReadAction","target":["https:\/\/www.institutfrancais-lituanie.com\/fr\/archives\/archives-lheure-du-conte\/lheure-du-conte-autour-du-petit-nicolas-en-direct-via-facebook\/"]}]},{"@type":"ImageObject","inLanguage":"fr-FR","@id":"https:\/\/www.institutfrancais-lituanie.com\/fr\/archives\/archives-lheure-du-conte\/lheure-du-conte-autour-du-petit-nicolas-en-direct-via-facebook\/#primaryimage","url":"https:\/\/www.institutfrancais-lituanie.com\/wp-content\/uploads\/2020\/09\/nicolas-facebook-site.jpg","contentUrl":"https:\/\/www.institutfrancais-lituanie.com\/wp-content\/uploads\/2020\/09\/nicolas-facebook-site.jpg","width":1170,"height":585},{"@type":"BreadcrumbList","@id":"https:\/\/www.institutfrancais-lituanie.com\/fr\/archives\/archives-lheure-du-conte\/lheure-du-conte-autour-du-petit-nicolas-en-direct-via-facebook\/#breadcrumb","itemListElement":[{"@type":"ListItem","position":1,"name":"Home","item":"https:\/\/www.institutfrancais-lituanie.com\/fr\/"},{"@type":"ListItem","position":2,"name":"L\u2019Heure du conte autour du \u00ab\u00a0Petit Nicolas\u00a0\u00bb en direct via Facebook"}]},{"@type":"WebSite","@id":"https:\/\/www.institutfrancais-lituanie.com\/fr\/#website","url":"https:\/\/www.institutfrancais-lituanie.com\/fr\/","name":"IF Lituanie","description":"Pranc\u016bz\u0173 kalbos kursai, kult\u016bra, mediateka...","publisher":{"@id":"https:\/\/www.institutfrancais-lituanie.com\/fr\/#organization"},"potentialAction":[{"@type":"SearchAction","target":{"@type":"EntryPoint","urlTemplate":"https:\/\/www.institutfrancais-lituanie.com\/fr\/?s={search_term_string}"},"query-input":"required name=search_term_string"}],"inLanguage":"fr-FR"},{"@type":"Organization","@id":"https:\/\/www.institutfrancais-lituanie.com\/fr\/#organization","name":"Pranc\u016bz\u0173 institutas","url":"https:\/\/www.institutfrancais-lituanie.com\/fr\/","logo":{"@type":"ImageObject","inLanguage":"fr-FR","@id":"https:\/\/www.institutfrancais-lituanie.com\/fr\/#\/schema\/logo\/image\/","url":"https:\/\/www.institutfrancais-lituanie.com\/wp-content\/uploads\/2023\/04\/IF_Logo-Lituanie-RVB.jpg","contentUrl":"https:\/\/www.institutfrancais-lituanie.com\/wp-content\/uploads\/2023\/04\/IF_Logo-Lituanie-RVB.jpg","width":827,"height":555,"caption":"Pranc\u016bz\u0173 institutas"},"image":{"@id":"https:\/\/www.institutfrancais-lituanie.com\/fr\/#\/schema\/logo\/image\/"},"sameAs":["https:\/\/www.facebook.com\/prancuzuinstitutas\/","https:\/\/www.instagram.com\/institut_francais_lituanie\/"]},{"@type":"Person","@id":"https:\/\/www.institutfrancais-lituanie.com\/fr\/#\/schema\/person\/161b6644a2db59e5f235bfbe9026d036","name":"Loic","image":{"@type":"ImageObject","inLanguage":"fr-FR","@id":"https:\/\/www.institutfrancais-lituanie.com\/fr\/#\/schema\/person\/image\/","url":"https:\/\/secure.gravatar.com\/avatar\/d6d4be166a8ce40ea7b7165c57cf2ffd?s=96&d=mm&r=g","contentUrl":"https:\/\/secure.gravatar.com\/avatar\/d6d4be166a8ce40ea7b7165c57cf2ffd?s=96&d=mm&r=g","caption":"Loic"},"url":"https:\/\/www.institutfrancais-lituanie.com\/fr\/author\/loic\/"}]}},"_links":{"self":[{"href":"https:\/\/www.institutfrancais-lituanie.com\/fr\/wp-json\/wp\/v2\/posts\/6382"}],"collection":[{"href":"https:\/\/www.institutfrancais-lituanie.com\/fr\/wp-json\/wp\/v2\/posts"}],"about":[{"href":"https:\/\/www.institutfrancais-lituanie.com\/fr\/wp-json\/wp\/v2\/types\/post"}],"author":[{"embeddable":true,"href":"https:\/\/www.institutfrancais-lituanie.com\/fr\/wp-json\/wp\/v2\/users\/2"}],"replies":[{"embeddable":true,"href":"https:\/\/www.institutfrancais-lituanie.com\/fr\/wp-json\/wp\/v2\/comments?post=6382"}],"version-history":[{"count":1,"href":"https:\/\/www.institutfrancais-lituanie.com\/fr\/wp-json\/wp\/v2\/posts\/6382\/revisions"}],"predecessor-version":[{"id":6383,"href":"https:\/\/www.institutfrancais-lituanie.com\/fr\/wp-json\/wp\/v2\/posts\/6382\/revisions\/6383"}],"wp:featuredmedia":[{"embeddable":true,"href":"https:\/\/www.institutfrancais-lituanie.com\/fr\/wp-json\/wp\/v2\/media\/6380"}],"wp:attachment":[{"href":"https:\/\/www.institutfrancais-lituanie.com\/fr\/wp-json\/wp\/v2\/media?parent=6382"}],"wp:term":[{"taxonomy":"category","embeddable":true,"href":"https:\/\/www.institutfrancais-lituanie.com\/fr\/wp-json\/wp\/v2\/categories?post=6382"},{"taxonomy":"post_tag","embeddable":true,"href":"https:\/\/www.institutfrancais-lituanie.com\/fr\/wp-json\/wp\/v2\/tags?post=6382"}],"curies":[{"name":"wp","href":"https:\/\/api.w.org\/{rel}","templated":true}]}}