{"id":5635,"date":"2020-01-27T13:16:47","date_gmt":"2020-01-27T13:16:47","guid":{"rendered":"https:\/\/www.institutfrancais-lituanie.com\/?p=5635"},"modified":"2020-02-07T09:01:40","modified_gmt":"2020-02-07T09:01:40","slug":"presentation-de-la-traduction-en-lituanien-de-tempete-de-le-clezio","status":"publish","type":"post","link":"https:\/\/www.institutfrancais-lituanie.com\/fr\/archives\/archives-litterature\/presentation-de-la-traduction-en-lituanien-de-tempete-de-le-clezio\/","title":{"rendered":"Pr\u00e9sentation de la traduction en Lituanien de \u00ab Temp\u00eate \u00bb de Le Cl\u00e9zio"},"content":{"rendered":"<p><strong>Pr\u00e9sentation de la traduction en Lituanien du roman \u00ab Temp\u00eate \u00bb de J.M.G. Le Cl\u00e9zio<\/strong><\/p>\n<p>La maison d\u2019\u00e9dition \u00ab Gelm\u0117s \u00bb et l&#8217;Institut fran\u00e7ais de Lituanie vous invitent \u00e0 la pr\u00e9sentation de la traduction en Lituanien du livre \u00ab Temp\u00eate \u00bb de J.M.G. Le Cl\u00e9zio (\u00e9d. \u00ab Gelm\u0117s \u00bb, 2019).<\/p>\n<p>Intervenants : prof. traductrice Jon\u0117 Ramunyt\u0117, r\u00e9dactrice Donata Lin\u010diuvien\u0117. La soir\u00e9e sera anim\u00e9e par l\u2019\u00e9crivaine et critique litt\u00e9raire Gintar\u0117 Adomaityt\u0117.<\/p>\n<p><strong>Mercredi 5 f\u00e9vrier, 18h<\/strong><br \/>\n<strong>En lituanien uniquement, entr\u00e9e libre. A la m\u00e9diath\u00e8que de l\u2018Institut fran\u00e7ais.<\/strong><\/p>\n","protected":false},"excerpt":{"rendered":"<p>Pr\u00e9sentation de la traduction en Lituanien du roman \u00ab Temp\u00eate \u00bb de J.M.G. Le Cl\u00e9zio&hellip;<\/p>\n","protected":false},"author":2,"featured_media":5633,"comment_status":"closed","ping_status":"open","sticky":false,"template":"","format":"standard","meta":{"footnotes":""},"categories":[95],"tags":[],"class_list":["post-5635","post","type-post","status-publish","format-standard","has-post-thumbnail","hentry","category-archives-litterature"],"yoast_head":"<!-- This site is optimized with the Yoast SEO plugin v23.2 - https:\/\/yoast.com\/wordpress\/plugins\/seo\/ -->\n<title>Pr\u00e9sentation de la traduction en Lituanien de \u00ab Temp\u00eate \u00bb de Le Cl\u00e9zio - IF Lituanie<\/title>\n<meta name=\"robots\" content=\"index, follow, max-snippet:-1, max-image-preview:large, max-video-preview:-1\" \/>\n<link rel=\"canonical\" href=\"https:\/\/www.institutfrancais-lituanie.com\/fr\/archives\/archives-litterature\/presentation-de-la-traduction-en-lituanien-de-tempete-de-le-clezio\/\" \/>\n<meta property=\"og:locale\" content=\"fr_FR\" \/>\n<meta property=\"og:type\" content=\"article\" \/>\n<meta property=\"og:title\" content=\"Pr\u00e9sentation de la traduction en Lituanien de \u00ab Temp\u00eate \u00bb de Le Cl\u00e9zio - IF Lituanie\" \/>\n<meta property=\"og:description\" content=\"Pr\u00e9sentation de la traduction en Lituanien du roman \u00ab Temp\u00eate \u00bb de J.M.G. Le Cl\u00e9zio&hellip;\" \/>\n<meta property=\"og:url\" content=\"https:\/\/www.institutfrancais-lituanie.com\/fr\/archives\/archives-litterature\/presentation-de-la-traduction-en-lituanien-de-tempete-de-le-clezio\/\" \/>\n<meta property=\"og:site_name\" content=\"IF Lituanie\" \/>\n<meta property=\"article:publisher\" content=\"https:\/\/www.facebook.com\/prancuzuinstitutas\/\" \/>\n<meta property=\"article:published_time\" content=\"2020-01-27T13:16:47+00:00\" \/>\n<meta property=\"article:modified_time\" content=\"2020-02-07T09:01:40+00:00\" \/>\n<meta property=\"og:image\" content=\"https:\/\/www.institutfrancais-lituanie.com\/wp-content\/uploads\/2020\/01\/audra-site.jpg\" \/>\n\t<meta property=\"og:image:width\" content=\"1170\" \/>\n\t<meta property=\"og:image:height\" content=\"585\" \/>\n\t<meta property=\"og:image:type\" content=\"image\/jpeg\" \/>\n<meta name=\"author\" content=\"Loic\" \/>\n<meta name=\"twitter:card\" content=\"summary_large_image\" \/>\n<meta name=\"twitter:label1\" content=\"Written by\" \/>\n\t<meta name=\"twitter:data1\" content=\"Loic\" \/>\n<script type=\"application\/ld+json\" class=\"yoast-schema-graph\">{\"@context\":\"https:\/\/schema.org\",\"@graph\":[{\"@type\":\"Article\",\"@id\":\"https:\/\/www.institutfrancais-lituanie.com\/fr\/archives\/archives-litterature\/presentation-de-la-traduction-en-lituanien-de-tempete-de-le-clezio\/#article\",\"isPartOf\":{\"@id\":\"https:\/\/www.institutfrancais-lituanie.com\/fr\/archives\/archives-litterature\/presentation-de-la-traduction-en-lituanien-de-tempete-de-le-clezio\/\"},\"author\":{\"name\":\"Loic\",\"@id\":\"https:\/\/www.institutfrancais-lituanie.com\/fr\/#\/schema\/person\/161b6644a2db59e5f235bfbe9026d036\"},\"headline\":\"Pr\u00e9sentation de la traduction en Lituanien de \u00ab Temp\u00eate \u00bb de Le Cl\u00e9zio\",\"datePublished\":\"2020-01-27T13:16:47+00:00\",\"dateModified\":\"2020-02-07T09:01:40+00:00\",\"mainEntityOfPage\":{\"@id\":\"https:\/\/www.institutfrancais-lituanie.com\/fr\/archives\/archives-litterature\/presentation-de-la-traduction-en-lituanien-de-tempete-de-le-clezio\/\"},\"wordCount\":113,\"publisher\":{\"@id\":\"https:\/\/www.institutfrancais-lituanie.com\/fr\/#organization\"},\"image\":{\"@id\":\"https:\/\/www.institutfrancais-lituanie.com\/fr\/archives\/archives-litterature\/presentation-de-la-traduction-en-lituanien-de-tempete-de-le-clezio\/#primaryimage\"},\"thumbnailUrl\":\"https:\/\/www.institutfrancais-lituanie.com\/wp-content\/uploads\/2020\/01\/audra-site.jpg\",\"articleSection\":[\"Archives : Litt\u00e9rature\"],\"inLanguage\":\"fr-FR\"},{\"@type\":\"WebPage\",\"@id\":\"https:\/\/www.institutfrancais-lituanie.com\/fr\/archives\/archives-litterature\/presentation-de-la-traduction-en-lituanien-de-tempete-de-le-clezio\/\",\"url\":\"https:\/\/www.institutfrancais-lituanie.com\/fr\/archives\/archives-litterature\/presentation-de-la-traduction-en-lituanien-de-tempete-de-le-clezio\/\",\"name\":\"Pr\u00e9sentation de la traduction en Lituanien de \u00ab Temp\u00eate \u00bb de Le Cl\u00e9zio - IF Lituanie\",\"isPartOf\":{\"@id\":\"https:\/\/www.institutfrancais-lituanie.com\/fr\/#website\"},\"primaryImageOfPage\":{\"@id\":\"https:\/\/www.institutfrancais-lituanie.com\/fr\/archives\/archives-litterature\/presentation-de-la-traduction-en-lituanien-de-tempete-de-le-clezio\/#primaryimage\"},\"image\":{\"@id\":\"https:\/\/www.institutfrancais-lituanie.com\/fr\/archives\/archives-litterature\/presentation-de-la-traduction-en-lituanien-de-tempete-de-le-clezio\/#primaryimage\"},\"thumbnailUrl\":\"https:\/\/www.institutfrancais-lituanie.com\/wp-content\/uploads\/2020\/01\/audra-site.jpg\",\"datePublished\":\"2020-01-27T13:16:47+00:00\",\"dateModified\":\"2020-02-07T09:01:40+00:00\",\"breadcrumb\":{\"@id\":\"https:\/\/www.institutfrancais-lituanie.com\/fr\/archives\/archives-litterature\/presentation-de-la-traduction-en-lituanien-de-tempete-de-le-clezio\/#breadcrumb\"},\"inLanguage\":\"fr-FR\",\"potentialAction\":[{\"@type\":\"ReadAction\",\"target\":[\"https:\/\/www.institutfrancais-lituanie.com\/fr\/archives\/archives-litterature\/presentation-de-la-traduction-en-lituanien-de-tempete-de-le-clezio\/\"]}]},{\"@type\":\"ImageObject\",\"inLanguage\":\"fr-FR\",\"@id\":\"https:\/\/www.institutfrancais-lituanie.com\/fr\/archives\/archives-litterature\/presentation-de-la-traduction-en-lituanien-de-tempete-de-le-clezio\/#primaryimage\",\"url\":\"https:\/\/www.institutfrancais-lituanie.com\/wp-content\/uploads\/2020\/01\/audra-site.jpg\",\"contentUrl\":\"https:\/\/www.institutfrancais-lituanie.com\/wp-content\/uploads\/2020\/01\/audra-site.jpg\",\"width\":1170,\"height\":585},{\"@type\":\"BreadcrumbList\",\"@id\":\"https:\/\/www.institutfrancais-lituanie.com\/fr\/archives\/archives-litterature\/presentation-de-la-traduction-en-lituanien-de-tempete-de-le-clezio\/#breadcrumb\",\"itemListElement\":[{\"@type\":\"ListItem\",\"position\":1,\"name\":\"Home\",\"item\":\"https:\/\/www.institutfrancais-lituanie.com\/fr\/\"},{\"@type\":\"ListItem\",\"position\":2,\"name\":\"Pr\u00e9sentation de la traduction en Lituanien de \u00ab Temp\u00eate \u00bb de Le Cl\u00e9zio\"}]},{\"@type\":\"WebSite\",\"@id\":\"https:\/\/www.institutfrancais-lituanie.com\/fr\/#website\",\"url\":\"https:\/\/www.institutfrancais-lituanie.com\/fr\/\",\"name\":\"IF Lituanie\",\"description\":\"Pranc\u016bz\u0173 kalbos kursai, kult\u016bra, mediateka...\",\"publisher\":{\"@id\":\"https:\/\/www.institutfrancais-lituanie.com\/fr\/#organization\"},\"potentialAction\":[{\"@type\":\"SearchAction\",\"target\":{\"@type\":\"EntryPoint\",\"urlTemplate\":\"https:\/\/www.institutfrancais-lituanie.com\/fr\/?s={search_term_string}\"},\"query-input\":\"required name=search_term_string\"}],\"inLanguage\":\"fr-FR\"},{\"@type\":\"Organization\",\"@id\":\"https:\/\/www.institutfrancais-lituanie.com\/fr\/#organization\",\"name\":\"Pranc\u016bz\u0173 institutas\",\"url\":\"https:\/\/www.institutfrancais-lituanie.com\/fr\/\",\"logo\":{\"@type\":\"ImageObject\",\"inLanguage\":\"fr-FR\",\"@id\":\"https:\/\/www.institutfrancais-lituanie.com\/fr\/#\/schema\/logo\/image\/\",\"url\":\"https:\/\/www.institutfrancais-lituanie.com\/wp-content\/uploads\/2023\/04\/IF_Logo-Lituanie-RVB.jpg\",\"contentUrl\":\"https:\/\/www.institutfrancais-lituanie.com\/wp-content\/uploads\/2023\/04\/IF_Logo-Lituanie-RVB.jpg\",\"width\":827,\"height\":555,\"caption\":\"Pranc\u016bz\u0173 institutas\"},\"image\":{\"@id\":\"https:\/\/www.institutfrancais-lituanie.com\/fr\/#\/schema\/logo\/image\/\"},\"sameAs\":[\"https:\/\/www.facebook.com\/prancuzuinstitutas\/\",\"https:\/\/www.instagram.com\/institut_francais_lituanie\/\"]},{\"@type\":\"Person\",\"@id\":\"https:\/\/www.institutfrancais-lituanie.com\/fr\/#\/schema\/person\/161b6644a2db59e5f235bfbe9026d036\",\"name\":\"Loic\",\"image\":{\"@type\":\"ImageObject\",\"inLanguage\":\"fr-FR\",\"@id\":\"https:\/\/www.institutfrancais-lituanie.com\/fr\/#\/schema\/person\/image\/\",\"url\":\"https:\/\/secure.gravatar.com\/avatar\/d6d4be166a8ce40ea7b7165c57cf2ffd?s=96&d=mm&r=g\",\"contentUrl\":\"https:\/\/secure.gravatar.com\/avatar\/d6d4be166a8ce40ea7b7165c57cf2ffd?s=96&d=mm&r=g\",\"caption\":\"Loic\"},\"url\":\"https:\/\/www.institutfrancais-lituanie.com\/fr\/author\/loic\/\"}]}<\/script>\n<!-- \/ Yoast SEO plugin. -->","yoast_head_json":{"title":"Pr\u00e9sentation de la traduction en Lituanien de \u00ab Temp\u00eate \u00bb de Le Cl\u00e9zio - IF Lituanie","robots":{"index":"index","follow":"follow","max-snippet":"max-snippet:-1","max-image-preview":"max-image-preview:large","max-video-preview":"max-video-preview:-1"},"canonical":"https:\/\/www.institutfrancais-lituanie.com\/fr\/archives\/archives-litterature\/presentation-de-la-traduction-en-lituanien-de-tempete-de-le-clezio\/","og_locale":"fr_FR","og_type":"article","og_title":"Pr\u00e9sentation de la traduction en Lituanien de \u00ab Temp\u00eate \u00bb de Le Cl\u00e9zio - IF Lituanie","og_description":"Pr\u00e9sentation de la traduction en Lituanien du roman \u00ab Temp\u00eate \u00bb de J.M.G. Le Cl\u00e9zio&hellip;","og_url":"https:\/\/www.institutfrancais-lituanie.com\/fr\/archives\/archives-litterature\/presentation-de-la-traduction-en-lituanien-de-tempete-de-le-clezio\/","og_site_name":"IF Lituanie","article_publisher":"https:\/\/www.facebook.com\/prancuzuinstitutas\/","article_published_time":"2020-01-27T13:16:47+00:00","article_modified_time":"2020-02-07T09:01:40+00:00","og_image":[{"width":1170,"height":585,"url":"https:\/\/www.institutfrancais-lituanie.com\/wp-content\/uploads\/2020\/01\/audra-site.jpg","type":"image\/jpeg"}],"author":"Loic","twitter_card":"summary_large_image","twitter_misc":{"Written by":"Loic"},"schema":{"@context":"https:\/\/schema.org","@graph":[{"@type":"Article","@id":"https:\/\/www.institutfrancais-lituanie.com\/fr\/archives\/archives-litterature\/presentation-de-la-traduction-en-lituanien-de-tempete-de-le-clezio\/#article","isPartOf":{"@id":"https:\/\/www.institutfrancais-lituanie.com\/fr\/archives\/archives-litterature\/presentation-de-la-traduction-en-lituanien-de-tempete-de-le-clezio\/"},"author":{"name":"Loic","@id":"https:\/\/www.institutfrancais-lituanie.com\/fr\/#\/schema\/person\/161b6644a2db59e5f235bfbe9026d036"},"headline":"Pr\u00e9sentation de la traduction en Lituanien de \u00ab Temp\u00eate \u00bb de Le Cl\u00e9zio","datePublished":"2020-01-27T13:16:47+00:00","dateModified":"2020-02-07T09:01:40+00:00","mainEntityOfPage":{"@id":"https:\/\/www.institutfrancais-lituanie.com\/fr\/archives\/archives-litterature\/presentation-de-la-traduction-en-lituanien-de-tempete-de-le-clezio\/"},"wordCount":113,"publisher":{"@id":"https:\/\/www.institutfrancais-lituanie.com\/fr\/#organization"},"image":{"@id":"https:\/\/www.institutfrancais-lituanie.com\/fr\/archives\/archives-litterature\/presentation-de-la-traduction-en-lituanien-de-tempete-de-le-clezio\/#primaryimage"},"thumbnailUrl":"https:\/\/www.institutfrancais-lituanie.com\/wp-content\/uploads\/2020\/01\/audra-site.jpg","articleSection":["Archives : Litt\u00e9rature"],"inLanguage":"fr-FR"},{"@type":"WebPage","@id":"https:\/\/www.institutfrancais-lituanie.com\/fr\/archives\/archives-litterature\/presentation-de-la-traduction-en-lituanien-de-tempete-de-le-clezio\/","url":"https:\/\/www.institutfrancais-lituanie.com\/fr\/archives\/archives-litterature\/presentation-de-la-traduction-en-lituanien-de-tempete-de-le-clezio\/","name":"Pr\u00e9sentation de la traduction en Lituanien de \u00ab Temp\u00eate \u00bb de Le Cl\u00e9zio - IF Lituanie","isPartOf":{"@id":"https:\/\/www.institutfrancais-lituanie.com\/fr\/#website"},"primaryImageOfPage":{"@id":"https:\/\/www.institutfrancais-lituanie.com\/fr\/archives\/archives-litterature\/presentation-de-la-traduction-en-lituanien-de-tempete-de-le-clezio\/#primaryimage"},"image":{"@id":"https:\/\/www.institutfrancais-lituanie.com\/fr\/archives\/archives-litterature\/presentation-de-la-traduction-en-lituanien-de-tempete-de-le-clezio\/#primaryimage"},"thumbnailUrl":"https:\/\/www.institutfrancais-lituanie.com\/wp-content\/uploads\/2020\/01\/audra-site.jpg","datePublished":"2020-01-27T13:16:47+00:00","dateModified":"2020-02-07T09:01:40+00:00","breadcrumb":{"@id":"https:\/\/www.institutfrancais-lituanie.com\/fr\/archives\/archives-litterature\/presentation-de-la-traduction-en-lituanien-de-tempete-de-le-clezio\/#breadcrumb"},"inLanguage":"fr-FR","potentialAction":[{"@type":"ReadAction","target":["https:\/\/www.institutfrancais-lituanie.com\/fr\/archives\/archives-litterature\/presentation-de-la-traduction-en-lituanien-de-tempete-de-le-clezio\/"]}]},{"@type":"ImageObject","inLanguage":"fr-FR","@id":"https:\/\/www.institutfrancais-lituanie.com\/fr\/archives\/archives-litterature\/presentation-de-la-traduction-en-lituanien-de-tempete-de-le-clezio\/#primaryimage","url":"https:\/\/www.institutfrancais-lituanie.com\/wp-content\/uploads\/2020\/01\/audra-site.jpg","contentUrl":"https:\/\/www.institutfrancais-lituanie.com\/wp-content\/uploads\/2020\/01\/audra-site.jpg","width":1170,"height":585},{"@type":"BreadcrumbList","@id":"https:\/\/www.institutfrancais-lituanie.com\/fr\/archives\/archives-litterature\/presentation-de-la-traduction-en-lituanien-de-tempete-de-le-clezio\/#breadcrumb","itemListElement":[{"@type":"ListItem","position":1,"name":"Home","item":"https:\/\/www.institutfrancais-lituanie.com\/fr\/"},{"@type":"ListItem","position":2,"name":"Pr\u00e9sentation de la traduction en Lituanien de \u00ab Temp\u00eate \u00bb de Le Cl\u00e9zio"}]},{"@type":"WebSite","@id":"https:\/\/www.institutfrancais-lituanie.com\/fr\/#website","url":"https:\/\/www.institutfrancais-lituanie.com\/fr\/","name":"IF Lituanie","description":"Pranc\u016bz\u0173 kalbos kursai, kult\u016bra, mediateka...","publisher":{"@id":"https:\/\/www.institutfrancais-lituanie.com\/fr\/#organization"},"potentialAction":[{"@type":"SearchAction","target":{"@type":"EntryPoint","urlTemplate":"https:\/\/www.institutfrancais-lituanie.com\/fr\/?s={search_term_string}"},"query-input":"required name=search_term_string"}],"inLanguage":"fr-FR"},{"@type":"Organization","@id":"https:\/\/www.institutfrancais-lituanie.com\/fr\/#organization","name":"Pranc\u016bz\u0173 institutas","url":"https:\/\/www.institutfrancais-lituanie.com\/fr\/","logo":{"@type":"ImageObject","inLanguage":"fr-FR","@id":"https:\/\/www.institutfrancais-lituanie.com\/fr\/#\/schema\/logo\/image\/","url":"https:\/\/www.institutfrancais-lituanie.com\/wp-content\/uploads\/2023\/04\/IF_Logo-Lituanie-RVB.jpg","contentUrl":"https:\/\/www.institutfrancais-lituanie.com\/wp-content\/uploads\/2023\/04\/IF_Logo-Lituanie-RVB.jpg","width":827,"height":555,"caption":"Pranc\u016bz\u0173 institutas"},"image":{"@id":"https:\/\/www.institutfrancais-lituanie.com\/fr\/#\/schema\/logo\/image\/"},"sameAs":["https:\/\/www.facebook.com\/prancuzuinstitutas\/","https:\/\/www.instagram.com\/institut_francais_lituanie\/"]},{"@type":"Person","@id":"https:\/\/www.institutfrancais-lituanie.com\/fr\/#\/schema\/person\/161b6644a2db59e5f235bfbe9026d036","name":"Loic","image":{"@type":"ImageObject","inLanguage":"fr-FR","@id":"https:\/\/www.institutfrancais-lituanie.com\/fr\/#\/schema\/person\/image\/","url":"https:\/\/secure.gravatar.com\/avatar\/d6d4be166a8ce40ea7b7165c57cf2ffd?s=96&d=mm&r=g","contentUrl":"https:\/\/secure.gravatar.com\/avatar\/d6d4be166a8ce40ea7b7165c57cf2ffd?s=96&d=mm&r=g","caption":"Loic"},"url":"https:\/\/www.institutfrancais-lituanie.com\/fr\/author\/loic\/"}]}},"_links":{"self":[{"href":"https:\/\/www.institutfrancais-lituanie.com\/fr\/wp-json\/wp\/v2\/posts\/5635"}],"collection":[{"href":"https:\/\/www.institutfrancais-lituanie.com\/fr\/wp-json\/wp\/v2\/posts"}],"about":[{"href":"https:\/\/www.institutfrancais-lituanie.com\/fr\/wp-json\/wp\/v2\/types\/post"}],"author":[{"embeddable":true,"href":"https:\/\/www.institutfrancais-lituanie.com\/fr\/wp-json\/wp\/v2\/users\/2"}],"replies":[{"embeddable":true,"href":"https:\/\/www.institutfrancais-lituanie.com\/fr\/wp-json\/wp\/v2\/comments?post=5635"}],"version-history":[{"count":1,"href":"https:\/\/www.institutfrancais-lituanie.com\/fr\/wp-json\/wp\/v2\/posts\/5635\/revisions"}],"predecessor-version":[{"id":5636,"href":"https:\/\/www.institutfrancais-lituanie.com\/fr\/wp-json\/wp\/v2\/posts\/5635\/revisions\/5636"}],"wp:featuredmedia":[{"embeddable":true,"href":"https:\/\/www.institutfrancais-lituanie.com\/fr\/wp-json\/wp\/v2\/media\/5633"}],"wp:attachment":[{"href":"https:\/\/www.institutfrancais-lituanie.com\/fr\/wp-json\/wp\/v2\/media?parent=5635"}],"wp:term":[{"taxonomy":"category","embeddable":true,"href":"https:\/\/www.institutfrancais-lituanie.com\/fr\/wp-json\/wp\/v2\/categories?post=5635"},{"taxonomy":"post_tag","embeddable":true,"href":"https:\/\/www.institutfrancais-lituanie.com\/fr\/wp-json\/wp\/v2\/tags?post=5635"}],"curies":[{"name":"wp","href":"https:\/\/api.w.org\/{rel}","templated":true}]}}