{"id":5624,"date":"2020-01-27T09:52:12","date_gmt":"2020-01-27T09:52:12","guid":{"rendered":"https:\/\/www.institutfrancais-lituanie.com\/?p=5624"},"modified":"2020-01-27T09:52:12","modified_gmt":"2020-01-27T09:52:12","slug":"les-etudes-dart-en-france","status":"publish","type":"post","link":"https:\/\/www.institutfrancais-lituanie.com\/fr\/web-documentaires\/les-etudes-dart-en-france\/","title":{"rendered":"Les \u00e9tudes d&#8217;art en France"},"content":{"rendered":"<p><span style=\"font-size: 12pt; color: #008ac9;\"><b style=\"color: #008ac9; font-size: 12pt;\">Webdocumentaire : \u00ab Les <\/b><span style=\"color: #008ac9;\"><span style=\"font-size: 16px;\"><b>\u00e9tudes<\/b><\/span><\/span><b style=\"color: #008ac9; font-size: 12pt;\"> d&#8217;art en France \u00bb<\/b><\/span><\/p>\n<hr \/>\n<p>L&#8217;Institut fran\u00e7ais de Lituanie et Campus France Lituanie ont produit et r\u00e9alis\u00e9 un webdocumentaire sur les \u00e9tudes d&#8217;art en France afin d&#8217;apporter des \u00e9l\u00e9ments de r\u00e9ponses aux \u00e9tudiants \u00e9trangers qui souhaiteraient venir \u00e9tudier l&#8217;art en France.<\/p>\n<p>Ce webdocumentaire a \u00e9t\u00e9 r\u00e9alis\u00e9 avec l&#8217;aide de l&#8217;And\u00e9A (Association nationale des \u00e9coles sup\u00e9rieures d\u2019art).<\/p>\n<p><a href=\"https:\/\/www.institutfrancais-lituanie.info\/Art\/\" target=\"_blank\" rel=\"noopener noreferrer\">Voir le documentaire en ligne<\/a><\/p>\n<p><strong>Intervenants :\u00a0<\/strong><\/p>\n<p><strong>Bernhard R\u00fcdiger \/<\/strong>\u00a0Artiste sculpteur, Directeur de recherche \u00e0 l\u2019\u00c9cole Nationale Sup\u00e9rieure des Beaux-Arts de Lyon (ENSBA)<br \/>\n<strong>Emmanuel Tibloux \/ <\/strong>Directeur de l\u2019\u00e9cole nationale sup\u00e9rieure des Arts D\u00e9coratifs de Paris (EnsAD)<br \/>\n<strong>Thierry Heynen<\/strong> \/ Directeur g\u00e9n\u00e9ral de l\u2019\u00c9cole Sup\u00e9rieure d\u2019Art et Design Le Havre &#8211; Rouen (ESADHaR)<br \/>\n<strong>Jean-Baptiste Auvray<\/strong> \/ Professeur de Design \u00e0 l\u2019\u00e9cole Camondo, Designer \u00e0 l\u2019agence Faire. www.faire.archi<br \/>\n<strong>Fr\u00e9d\u00e9ric Lalande<\/strong> \/ Directeur de l&#8217;\u00e9cole intuit lab<br \/>\n<strong>Mykol\u00e9<\/strong> \/ Artiste, Ancienne \u00e9l\u00e8ve de l\u2019\u00c9cole Nationale Sup\u00e9rieure des Beaux-Arts de Paris.<br \/>\n<strong>Elena Selena<\/strong> \/ Graphiste, illustratrice. Ancienne \u00e9l\u00e8ve de l\u2019\u00c9cole Estienne.<br \/>\n<strong>J\u00e9r\u00f4me Nivet-Carzon<\/strong> et les jeunes artistes pr\u00e9sent\u00e9s par la Galerie Nivet-Carzon lors du Salon international Art Vilnius en 2019 : <strong>Yves Bartlett<\/strong>, <strong>Jean-Baptiste Lorthiois<\/strong>, <strong>Marius Astruc<\/strong>,<strong> Paul Dagorne<\/strong>, <strong>Albane Monnier<\/strong>, <strong>Baptiste Verrey<\/strong> et <strong>Yue Yuan<\/strong>.<br \/>\n<strong>Nine Dijkmeijer<\/strong>, \u00e9tudiante en Design textile \u00e0 l&#8217;\u00e9cole Olivier-de-Serres http:\/\/ensaama.net.<\/p>\n<p><strong>Production :<\/strong> Institut fran\u00e7ais de Lituanie &amp; Campus France Lituanie<br \/>\n<strong>R\u00e9alisation :<\/strong> Lo\u00efc Salfati<br \/>\n<strong>\u00c9quipe de r\u00e9daction :<\/strong> Giedre Bernotaite-Salfati, Magali Thiebaut<\/p>\n","protected":false},"excerpt":{"rendered":"<p>Webdocumentaire : \u00ab Les \u00e9tudes d&#8217;art en France \u00bb L&#8217;Institut fran\u00e7ais de Lituanie et Campus&hellip;<\/p>\n","protected":false},"author":2,"featured_media":5625,"comment_status":"closed","ping_status":"open","sticky":false,"template":"","format":"standard","meta":{"footnotes":""},"categories":[123],"tags":[],"class_list":["post-5624","post","type-post","status-publish","format-standard","has-post-thumbnail","hentry","category-web-documentaires"],"yoast_head":"<!-- This site is optimized with the Yoast SEO plugin v23.2 - https:\/\/yoast.com\/wordpress\/plugins\/seo\/ -->\n<title>Les \u00e9tudes d&#039;art en France - IF Lituanie<\/title>\n<meta name=\"robots\" content=\"index, follow, max-snippet:-1, max-image-preview:large, max-video-preview:-1\" \/>\n<link rel=\"canonical\" href=\"https:\/\/www.institutfrancais-lituanie.com\/fr\/web-documentaires\/les-etudes-dart-en-france\/\" \/>\n<meta property=\"og:locale\" content=\"fr_FR\" \/>\n<meta property=\"og:type\" content=\"article\" \/>\n<meta property=\"og:title\" content=\"Les \u00e9tudes d&#039;art en France - IF Lituanie\" \/>\n<meta property=\"og:description\" content=\"Webdocumentaire : \u00ab Les \u00e9tudes d&#8217;art en France \u00bb L&#8217;Institut fran\u00e7ais de Lituanie et Campus&hellip;\" \/>\n<meta property=\"og:url\" content=\"https:\/\/www.institutfrancais-lituanie.com\/fr\/web-documentaires\/les-etudes-dart-en-france\/\" \/>\n<meta property=\"og:site_name\" content=\"IF Lituanie\" \/>\n<meta property=\"article:publisher\" content=\"https:\/\/www.facebook.com\/prancuzuinstitutas\/\" \/>\n<meta property=\"article:published_time\" content=\"2020-01-27T09:52:12+00:00\" \/>\n<meta property=\"og:image\" content=\"https:\/\/www.institutfrancais-lituanie.com\/wp-content\/uploads\/2020\/01\/landscape-site.jpg\" \/>\n\t<meta property=\"og:image:width\" content=\"1170\" \/>\n\t<meta property=\"og:image:height\" content=\"585\" \/>\n\t<meta property=\"og:image:type\" content=\"image\/jpeg\" \/>\n<meta name=\"author\" content=\"Loic\" \/>\n<meta name=\"twitter:card\" content=\"summary_large_image\" \/>\n<meta name=\"twitter:label1\" content=\"Written by\" \/>\n\t<meta name=\"twitter:data1\" content=\"Loic\" \/>\n\t<meta name=\"twitter:label2\" content=\"Est. reading time\" \/>\n\t<meta name=\"twitter:data2\" content=\"1 minute\" \/>\n<script type=\"application\/ld+json\" class=\"yoast-schema-graph\">{\"@context\":\"https:\/\/schema.org\",\"@graph\":[{\"@type\":\"Article\",\"@id\":\"https:\/\/www.institutfrancais-lituanie.com\/fr\/web-documentaires\/les-etudes-dart-en-france\/#article\",\"isPartOf\":{\"@id\":\"https:\/\/www.institutfrancais-lituanie.com\/fr\/web-documentaires\/les-etudes-dart-en-france\/\"},\"author\":{\"name\":\"Loic\",\"@id\":\"https:\/\/www.institutfrancais-lituanie.com\/fr\/#\/schema\/person\/161b6644a2db59e5f235bfbe9026d036\"},\"headline\":\"Les \u00e9tudes d&#8217;art en France\",\"datePublished\":\"2020-01-27T09:52:12+00:00\",\"dateModified\":\"2020-01-27T09:52:12+00:00\",\"mainEntityOfPage\":{\"@id\":\"https:\/\/www.institutfrancais-lituanie.com\/fr\/web-documentaires\/les-etudes-dart-en-france\/\"},\"wordCount\":253,\"publisher\":{\"@id\":\"https:\/\/www.institutfrancais-lituanie.com\/fr\/#organization\"},\"image\":{\"@id\":\"https:\/\/www.institutfrancais-lituanie.com\/fr\/web-documentaires\/les-etudes-dart-en-france\/#primaryimage\"},\"thumbnailUrl\":\"https:\/\/www.institutfrancais-lituanie.com\/wp-content\/uploads\/2020\/01\/landscape-site.jpg\",\"articleSection\":[\"Web-documentaires\"],\"inLanguage\":\"fr-FR\"},{\"@type\":\"WebPage\",\"@id\":\"https:\/\/www.institutfrancais-lituanie.com\/fr\/web-documentaires\/les-etudes-dart-en-france\/\",\"url\":\"https:\/\/www.institutfrancais-lituanie.com\/fr\/web-documentaires\/les-etudes-dart-en-france\/\",\"name\":\"Les \u00e9tudes d'art en France - IF Lituanie\",\"isPartOf\":{\"@id\":\"https:\/\/www.institutfrancais-lituanie.com\/fr\/#website\"},\"primaryImageOfPage\":{\"@id\":\"https:\/\/www.institutfrancais-lituanie.com\/fr\/web-documentaires\/les-etudes-dart-en-france\/#primaryimage\"},\"image\":{\"@id\":\"https:\/\/www.institutfrancais-lituanie.com\/fr\/web-documentaires\/les-etudes-dart-en-france\/#primaryimage\"},\"thumbnailUrl\":\"https:\/\/www.institutfrancais-lituanie.com\/wp-content\/uploads\/2020\/01\/landscape-site.jpg\",\"datePublished\":\"2020-01-27T09:52:12+00:00\",\"dateModified\":\"2020-01-27T09:52:12+00:00\",\"breadcrumb\":{\"@id\":\"https:\/\/www.institutfrancais-lituanie.com\/fr\/web-documentaires\/les-etudes-dart-en-france\/#breadcrumb\"},\"inLanguage\":\"fr-FR\",\"potentialAction\":[{\"@type\":\"ReadAction\",\"target\":[\"https:\/\/www.institutfrancais-lituanie.com\/fr\/web-documentaires\/les-etudes-dart-en-france\/\"]}]},{\"@type\":\"ImageObject\",\"inLanguage\":\"fr-FR\",\"@id\":\"https:\/\/www.institutfrancais-lituanie.com\/fr\/web-documentaires\/les-etudes-dart-en-france\/#primaryimage\",\"url\":\"https:\/\/www.institutfrancais-lituanie.com\/wp-content\/uploads\/2020\/01\/landscape-site.jpg\",\"contentUrl\":\"https:\/\/www.institutfrancais-lituanie.com\/wp-content\/uploads\/2020\/01\/landscape-site.jpg\",\"width\":1170,\"height\":585},{\"@type\":\"BreadcrumbList\",\"@id\":\"https:\/\/www.institutfrancais-lituanie.com\/fr\/web-documentaires\/les-etudes-dart-en-france\/#breadcrumb\",\"itemListElement\":[{\"@type\":\"ListItem\",\"position\":1,\"name\":\"Home\",\"item\":\"https:\/\/www.institutfrancais-lituanie.com\/fr\/\"},{\"@type\":\"ListItem\",\"position\":2,\"name\":\"Les \u00e9tudes d&#8217;art en France\"}]},{\"@type\":\"WebSite\",\"@id\":\"https:\/\/www.institutfrancais-lituanie.com\/fr\/#website\",\"url\":\"https:\/\/www.institutfrancais-lituanie.com\/fr\/\",\"name\":\"IF Lituanie\",\"description\":\"Pranc\u016bz\u0173 kalbos kursai, kult\u016bra, mediateka...\",\"publisher\":{\"@id\":\"https:\/\/www.institutfrancais-lituanie.com\/fr\/#organization\"},\"potentialAction\":[{\"@type\":\"SearchAction\",\"target\":{\"@type\":\"EntryPoint\",\"urlTemplate\":\"https:\/\/www.institutfrancais-lituanie.com\/fr\/?s={search_term_string}\"},\"query-input\":\"required name=search_term_string\"}],\"inLanguage\":\"fr-FR\"},{\"@type\":\"Organization\",\"@id\":\"https:\/\/www.institutfrancais-lituanie.com\/fr\/#organization\",\"name\":\"Pranc\u016bz\u0173 institutas\",\"url\":\"https:\/\/www.institutfrancais-lituanie.com\/fr\/\",\"logo\":{\"@type\":\"ImageObject\",\"inLanguage\":\"fr-FR\",\"@id\":\"https:\/\/www.institutfrancais-lituanie.com\/fr\/#\/schema\/logo\/image\/\",\"url\":\"https:\/\/www.institutfrancais-lituanie.com\/wp-content\/uploads\/2023\/04\/IF_Logo-Lituanie-RVB.jpg\",\"contentUrl\":\"https:\/\/www.institutfrancais-lituanie.com\/wp-content\/uploads\/2023\/04\/IF_Logo-Lituanie-RVB.jpg\",\"width\":827,\"height\":555,\"caption\":\"Pranc\u016bz\u0173 institutas\"},\"image\":{\"@id\":\"https:\/\/www.institutfrancais-lituanie.com\/fr\/#\/schema\/logo\/image\/\"},\"sameAs\":[\"https:\/\/www.facebook.com\/prancuzuinstitutas\/\",\"https:\/\/www.instagram.com\/institut_francais_lituanie\/\"]},{\"@type\":\"Person\",\"@id\":\"https:\/\/www.institutfrancais-lituanie.com\/fr\/#\/schema\/person\/161b6644a2db59e5f235bfbe9026d036\",\"name\":\"Loic\",\"image\":{\"@type\":\"ImageObject\",\"inLanguage\":\"fr-FR\",\"@id\":\"https:\/\/www.institutfrancais-lituanie.com\/fr\/#\/schema\/person\/image\/\",\"url\":\"https:\/\/secure.gravatar.com\/avatar\/d6d4be166a8ce40ea7b7165c57cf2ffd?s=96&d=mm&r=g\",\"contentUrl\":\"https:\/\/secure.gravatar.com\/avatar\/d6d4be166a8ce40ea7b7165c57cf2ffd?s=96&d=mm&r=g\",\"caption\":\"Loic\"},\"url\":\"https:\/\/www.institutfrancais-lituanie.com\/fr\/author\/loic\/\"}]}<\/script>\n<!-- \/ Yoast SEO plugin. -->","yoast_head_json":{"title":"Les \u00e9tudes d'art en France - IF Lituanie","robots":{"index":"index","follow":"follow","max-snippet":"max-snippet:-1","max-image-preview":"max-image-preview:large","max-video-preview":"max-video-preview:-1"},"canonical":"https:\/\/www.institutfrancais-lituanie.com\/fr\/web-documentaires\/les-etudes-dart-en-france\/","og_locale":"fr_FR","og_type":"article","og_title":"Les \u00e9tudes d'art en France - IF Lituanie","og_description":"Webdocumentaire : \u00ab Les \u00e9tudes d&#8217;art en France \u00bb L&#8217;Institut fran\u00e7ais de Lituanie et Campus&hellip;","og_url":"https:\/\/www.institutfrancais-lituanie.com\/fr\/web-documentaires\/les-etudes-dart-en-france\/","og_site_name":"IF Lituanie","article_publisher":"https:\/\/www.facebook.com\/prancuzuinstitutas\/","article_published_time":"2020-01-27T09:52:12+00:00","og_image":[{"width":1170,"height":585,"url":"https:\/\/www.institutfrancais-lituanie.com\/wp-content\/uploads\/2020\/01\/landscape-site.jpg","type":"image\/jpeg"}],"author":"Loic","twitter_card":"summary_large_image","twitter_misc":{"Written by":"Loic","Est. reading time":"1 minute"},"schema":{"@context":"https:\/\/schema.org","@graph":[{"@type":"Article","@id":"https:\/\/www.institutfrancais-lituanie.com\/fr\/web-documentaires\/les-etudes-dart-en-france\/#article","isPartOf":{"@id":"https:\/\/www.institutfrancais-lituanie.com\/fr\/web-documentaires\/les-etudes-dart-en-france\/"},"author":{"name":"Loic","@id":"https:\/\/www.institutfrancais-lituanie.com\/fr\/#\/schema\/person\/161b6644a2db59e5f235bfbe9026d036"},"headline":"Les \u00e9tudes d&#8217;art en France","datePublished":"2020-01-27T09:52:12+00:00","dateModified":"2020-01-27T09:52:12+00:00","mainEntityOfPage":{"@id":"https:\/\/www.institutfrancais-lituanie.com\/fr\/web-documentaires\/les-etudes-dart-en-france\/"},"wordCount":253,"publisher":{"@id":"https:\/\/www.institutfrancais-lituanie.com\/fr\/#organization"},"image":{"@id":"https:\/\/www.institutfrancais-lituanie.com\/fr\/web-documentaires\/les-etudes-dart-en-france\/#primaryimage"},"thumbnailUrl":"https:\/\/www.institutfrancais-lituanie.com\/wp-content\/uploads\/2020\/01\/landscape-site.jpg","articleSection":["Web-documentaires"],"inLanguage":"fr-FR"},{"@type":"WebPage","@id":"https:\/\/www.institutfrancais-lituanie.com\/fr\/web-documentaires\/les-etudes-dart-en-france\/","url":"https:\/\/www.institutfrancais-lituanie.com\/fr\/web-documentaires\/les-etudes-dart-en-france\/","name":"Les \u00e9tudes d'art en France - IF Lituanie","isPartOf":{"@id":"https:\/\/www.institutfrancais-lituanie.com\/fr\/#website"},"primaryImageOfPage":{"@id":"https:\/\/www.institutfrancais-lituanie.com\/fr\/web-documentaires\/les-etudes-dart-en-france\/#primaryimage"},"image":{"@id":"https:\/\/www.institutfrancais-lituanie.com\/fr\/web-documentaires\/les-etudes-dart-en-france\/#primaryimage"},"thumbnailUrl":"https:\/\/www.institutfrancais-lituanie.com\/wp-content\/uploads\/2020\/01\/landscape-site.jpg","datePublished":"2020-01-27T09:52:12+00:00","dateModified":"2020-01-27T09:52:12+00:00","breadcrumb":{"@id":"https:\/\/www.institutfrancais-lituanie.com\/fr\/web-documentaires\/les-etudes-dart-en-france\/#breadcrumb"},"inLanguage":"fr-FR","potentialAction":[{"@type":"ReadAction","target":["https:\/\/www.institutfrancais-lituanie.com\/fr\/web-documentaires\/les-etudes-dart-en-france\/"]}]},{"@type":"ImageObject","inLanguage":"fr-FR","@id":"https:\/\/www.institutfrancais-lituanie.com\/fr\/web-documentaires\/les-etudes-dart-en-france\/#primaryimage","url":"https:\/\/www.institutfrancais-lituanie.com\/wp-content\/uploads\/2020\/01\/landscape-site.jpg","contentUrl":"https:\/\/www.institutfrancais-lituanie.com\/wp-content\/uploads\/2020\/01\/landscape-site.jpg","width":1170,"height":585},{"@type":"BreadcrumbList","@id":"https:\/\/www.institutfrancais-lituanie.com\/fr\/web-documentaires\/les-etudes-dart-en-france\/#breadcrumb","itemListElement":[{"@type":"ListItem","position":1,"name":"Home","item":"https:\/\/www.institutfrancais-lituanie.com\/fr\/"},{"@type":"ListItem","position":2,"name":"Les \u00e9tudes d&#8217;art en France"}]},{"@type":"WebSite","@id":"https:\/\/www.institutfrancais-lituanie.com\/fr\/#website","url":"https:\/\/www.institutfrancais-lituanie.com\/fr\/","name":"IF Lituanie","description":"Pranc\u016bz\u0173 kalbos kursai, kult\u016bra, mediateka...","publisher":{"@id":"https:\/\/www.institutfrancais-lituanie.com\/fr\/#organization"},"potentialAction":[{"@type":"SearchAction","target":{"@type":"EntryPoint","urlTemplate":"https:\/\/www.institutfrancais-lituanie.com\/fr\/?s={search_term_string}"},"query-input":"required name=search_term_string"}],"inLanguage":"fr-FR"},{"@type":"Organization","@id":"https:\/\/www.institutfrancais-lituanie.com\/fr\/#organization","name":"Pranc\u016bz\u0173 institutas","url":"https:\/\/www.institutfrancais-lituanie.com\/fr\/","logo":{"@type":"ImageObject","inLanguage":"fr-FR","@id":"https:\/\/www.institutfrancais-lituanie.com\/fr\/#\/schema\/logo\/image\/","url":"https:\/\/www.institutfrancais-lituanie.com\/wp-content\/uploads\/2023\/04\/IF_Logo-Lituanie-RVB.jpg","contentUrl":"https:\/\/www.institutfrancais-lituanie.com\/wp-content\/uploads\/2023\/04\/IF_Logo-Lituanie-RVB.jpg","width":827,"height":555,"caption":"Pranc\u016bz\u0173 institutas"},"image":{"@id":"https:\/\/www.institutfrancais-lituanie.com\/fr\/#\/schema\/logo\/image\/"},"sameAs":["https:\/\/www.facebook.com\/prancuzuinstitutas\/","https:\/\/www.instagram.com\/institut_francais_lituanie\/"]},{"@type":"Person","@id":"https:\/\/www.institutfrancais-lituanie.com\/fr\/#\/schema\/person\/161b6644a2db59e5f235bfbe9026d036","name":"Loic","image":{"@type":"ImageObject","inLanguage":"fr-FR","@id":"https:\/\/www.institutfrancais-lituanie.com\/fr\/#\/schema\/person\/image\/","url":"https:\/\/secure.gravatar.com\/avatar\/d6d4be166a8ce40ea7b7165c57cf2ffd?s=96&d=mm&r=g","contentUrl":"https:\/\/secure.gravatar.com\/avatar\/d6d4be166a8ce40ea7b7165c57cf2ffd?s=96&d=mm&r=g","caption":"Loic"},"url":"https:\/\/www.institutfrancais-lituanie.com\/fr\/author\/loic\/"}]}},"_links":{"self":[{"href":"https:\/\/www.institutfrancais-lituanie.com\/fr\/wp-json\/wp\/v2\/posts\/5624"}],"collection":[{"href":"https:\/\/www.institutfrancais-lituanie.com\/fr\/wp-json\/wp\/v2\/posts"}],"about":[{"href":"https:\/\/www.institutfrancais-lituanie.com\/fr\/wp-json\/wp\/v2\/types\/post"}],"author":[{"embeddable":true,"href":"https:\/\/www.institutfrancais-lituanie.com\/fr\/wp-json\/wp\/v2\/users\/2"}],"replies":[{"embeddable":true,"href":"https:\/\/www.institutfrancais-lituanie.com\/fr\/wp-json\/wp\/v2\/comments?post=5624"}],"version-history":[{"count":1,"href":"https:\/\/www.institutfrancais-lituanie.com\/fr\/wp-json\/wp\/v2\/posts\/5624\/revisions"}],"predecessor-version":[{"id":5628,"href":"https:\/\/www.institutfrancais-lituanie.com\/fr\/wp-json\/wp\/v2\/posts\/5624\/revisions\/5628"}],"wp:featuredmedia":[{"embeddable":true,"href":"https:\/\/www.institutfrancais-lituanie.com\/fr\/wp-json\/wp\/v2\/media\/5625"}],"wp:attachment":[{"href":"https:\/\/www.institutfrancais-lituanie.com\/fr\/wp-json\/wp\/v2\/media?parent=5624"}],"wp:term":[{"taxonomy":"category","embeddable":true,"href":"https:\/\/www.institutfrancais-lituanie.com\/fr\/wp-json\/wp\/v2\/categories?post=5624"},{"taxonomy":"post_tag","embeddable":true,"href":"https:\/\/www.institutfrancais-lituanie.com\/fr\/wp-json\/wp\/v2\/tags?post=5624"}],"curies":[{"name":"wp","href":"https:\/\/api.w.org\/{rel}","templated":true}]}}