{"id":5294,"date":"2019-11-06T13:36:40","date_gmt":"2019-11-06T13:36:40","guid":{"rendered":"https:\/\/www.institutfrancais-lituanie.com\/?p=5294"},"modified":"2019-11-06T13:36:40","modified_gmt":"2019-11-06T13:36:40","slug":"presentation-du-livre-de-vytautas-kandrotas-a-la-decouverte-de-la-france","status":"publish","type":"post","link":"https:\/\/www.institutfrancais-lituanie.com\/fr\/archives\/archives-litterature\/presentation-du-livre-de-vytautas-kandrotas-a-la-decouverte-de-la-france\/","title":{"rendered":"Pr\u00e9sentation du livre de Vytautas Kandrotas\u00a0 : \u00ab A la d\u00e9couverte de la France \u00bb"},"content":{"rendered":"<p><strong>Jeudi 28 novembre, \u00e0 18h <\/strong><\/p>\n<p><strong>Pr<\/strong><strong>\u00e9<\/strong><strong>sentation du livre de Vytautas Kandrotas\u00a0 \u00ab A la d\u00e9couverte de la France \u00bb (\u00e9d. <em>Terra Publica<\/em>, 2019)<\/strong><\/p>\n<p>La maison d\u2019\u00e9ditions Terra Publica et l\u2019Institut fran\u00e7ais de Lituanie vous invitent \u00e0 la pr\u00e9sentation du livre de Vytautas Kandrotas : \u00ab A la d\u00e9couverte de la France \u00bb en pr\u00e9sence de l\u2019auteur.<\/p>\n<p>Vytautas Kandrotas est un photographe et un \u00e9crivain ayant \u00e9crit plus de 100 livres touristiques. Il a remport\u00e9 la \u00ab Croix du tourisme \u00bb, une distinction pour des m\u00e9rites dans le domaine du tourisme lituanien. Cette fois l\u2018auteur propose de d\u00e9couvrir la France. Apr\u00e8s y avoir v\u00e9cu plus de deux ans, l\u2018auteur partage son exp\u00e9rience, ses connaissances et ses impressions. C\u2019est un livre de voyages, dans lequel la France est repr\u00e9sent\u00e9e \u00e0 travers le tourisme, la gastronomie, les traditions, les liens historiques avec la Lituanie mais c\u2019est surtout une exp\u00e9rience personnelle.<\/p>\n<p><strong><em>En Lituanien uniquement. Entr\u00e9e libre. M\u00e9diath\u00e8que de l\u2019Institut fran\u00e7ais.<\/em><\/strong><\/p>\n<p>&nbsp;<\/p>\n","protected":false},"excerpt":{"rendered":"<p>Jeudi 28 novembre, \u00e0 18h Pr\u00e9sentation du livre de Vytautas Kandrotas\u00a0 \u00ab A la d\u00e9couverte&hellip;<\/p>\n","protected":false},"author":2,"featured_media":5292,"comment_status":"closed","ping_status":"open","sticky":false,"template":"","format":"standard","meta":{"footnotes":""},"categories":[95],"tags":[],"class_list":["post-5294","post","type-post","status-publish","format-standard","has-post-thumbnail","hentry","category-archives-litterature"],"yoast_head":"<!-- This site is optimized with the Yoast SEO plugin v23.2 - https:\/\/yoast.com\/wordpress\/plugins\/seo\/ -->\n<title>Pr\u00e9sentation du livre de Vytautas Kandrotas\u00a0 : \u00ab A la d\u00e9couverte de la France \u00bb - IF Lituanie<\/title>\n<meta name=\"robots\" content=\"index, follow, max-snippet:-1, max-image-preview:large, max-video-preview:-1\" \/>\n<link rel=\"canonical\" href=\"https:\/\/www.institutfrancais-lituanie.com\/fr\/archives\/archives-litterature\/presentation-du-livre-de-vytautas-kandrotas-a-la-decouverte-de-la-france\/\" \/>\n<meta property=\"og:locale\" content=\"fr_FR\" \/>\n<meta property=\"og:type\" content=\"article\" \/>\n<meta property=\"og:title\" content=\"Pr\u00e9sentation du livre de Vytautas Kandrotas\u00a0 : \u00ab A la d\u00e9couverte de la France \u00bb - IF Lituanie\" \/>\n<meta property=\"og:description\" content=\"Jeudi 28 novembre, \u00e0 18h Pr\u00e9sentation du livre de Vytautas Kandrotas\u00a0 \u00ab A la d\u00e9couverte&hellip;\" \/>\n<meta property=\"og:url\" content=\"https:\/\/www.institutfrancais-lituanie.com\/fr\/archives\/archives-litterature\/presentation-du-livre-de-vytautas-kandrotas-a-la-decouverte-de-la-france\/\" \/>\n<meta property=\"og:site_name\" content=\"IF Lituanie\" \/>\n<meta property=\"article:publisher\" content=\"https:\/\/www.facebook.com\/prancuzuinstitutas\/\" \/>\n<meta property=\"article:published_time\" content=\"2019-11-06T13:36:40+00:00\" \/>\n<meta property=\"og:image\" content=\"https:\/\/www.institutfrancais-lituanie.com\/wp-content\/uploads\/2019\/11\/pazink-site.jpg\" \/>\n\t<meta property=\"og:image:width\" content=\"1170\" \/>\n\t<meta property=\"og:image:height\" content=\"585\" \/>\n\t<meta property=\"og:image:type\" content=\"image\/jpeg\" \/>\n<meta name=\"author\" content=\"Loic\" \/>\n<meta name=\"twitter:card\" content=\"summary_large_image\" \/>\n<meta name=\"twitter:label1\" content=\"Written by\" \/>\n\t<meta name=\"twitter:data1\" content=\"Loic\" \/>\n\t<meta name=\"twitter:label2\" content=\"Est. reading time\" \/>\n\t<meta name=\"twitter:data2\" content=\"1 minute\" \/>\n<script type=\"application\/ld+json\" class=\"yoast-schema-graph\">{\"@context\":\"https:\/\/schema.org\",\"@graph\":[{\"@type\":\"Article\",\"@id\":\"https:\/\/www.institutfrancais-lituanie.com\/fr\/archives\/archives-litterature\/presentation-du-livre-de-vytautas-kandrotas-a-la-decouverte-de-la-france\/#article\",\"isPartOf\":{\"@id\":\"https:\/\/www.institutfrancais-lituanie.com\/fr\/archives\/archives-litterature\/presentation-du-livre-de-vytautas-kandrotas-a-la-decouverte-de-la-france\/\"},\"author\":{\"name\":\"Loic\",\"@id\":\"https:\/\/www.institutfrancais-lituanie.com\/fr\/#\/schema\/person\/161b6644a2db59e5f235bfbe9026d036\"},\"headline\":\"Pr\u00e9sentation du livre de Vytautas Kandrotas\u00a0 : \u00ab A la d\u00e9couverte de la France \u00bb\",\"datePublished\":\"2019-11-06T13:36:40+00:00\",\"dateModified\":\"2019-11-06T13:36:40+00:00\",\"mainEntityOfPage\":{\"@id\":\"https:\/\/www.institutfrancais-lituanie.com\/fr\/archives\/archives-litterature\/presentation-du-livre-de-vytautas-kandrotas-a-la-decouverte-de-la-france\/\"},\"wordCount\":184,\"publisher\":{\"@id\":\"https:\/\/www.institutfrancais-lituanie.com\/fr\/#organization\"},\"image\":{\"@id\":\"https:\/\/www.institutfrancais-lituanie.com\/fr\/archives\/archives-litterature\/presentation-du-livre-de-vytautas-kandrotas-a-la-decouverte-de-la-france\/#primaryimage\"},\"thumbnailUrl\":\"https:\/\/www.institutfrancais-lituanie.com\/wp-content\/uploads\/2019\/11\/pazink-site.jpg\",\"articleSection\":[\"Archives : Litt\u00e9rature\"],\"inLanguage\":\"fr-FR\"},{\"@type\":\"WebPage\",\"@id\":\"https:\/\/www.institutfrancais-lituanie.com\/fr\/archives\/archives-litterature\/presentation-du-livre-de-vytautas-kandrotas-a-la-decouverte-de-la-france\/\",\"url\":\"https:\/\/www.institutfrancais-lituanie.com\/fr\/archives\/archives-litterature\/presentation-du-livre-de-vytautas-kandrotas-a-la-decouverte-de-la-france\/\",\"name\":\"Pr\u00e9sentation du livre de Vytautas Kandrotas\u00a0 : \u00ab A la d\u00e9couverte de la France \u00bb - IF Lituanie\",\"isPartOf\":{\"@id\":\"https:\/\/www.institutfrancais-lituanie.com\/fr\/#website\"},\"primaryImageOfPage\":{\"@id\":\"https:\/\/www.institutfrancais-lituanie.com\/fr\/archives\/archives-litterature\/presentation-du-livre-de-vytautas-kandrotas-a-la-decouverte-de-la-france\/#primaryimage\"},\"image\":{\"@id\":\"https:\/\/www.institutfrancais-lituanie.com\/fr\/archives\/archives-litterature\/presentation-du-livre-de-vytautas-kandrotas-a-la-decouverte-de-la-france\/#primaryimage\"},\"thumbnailUrl\":\"https:\/\/www.institutfrancais-lituanie.com\/wp-content\/uploads\/2019\/11\/pazink-site.jpg\",\"datePublished\":\"2019-11-06T13:36:40+00:00\",\"dateModified\":\"2019-11-06T13:36:40+00:00\",\"breadcrumb\":{\"@id\":\"https:\/\/www.institutfrancais-lituanie.com\/fr\/archives\/archives-litterature\/presentation-du-livre-de-vytautas-kandrotas-a-la-decouverte-de-la-france\/#breadcrumb\"},\"inLanguage\":\"fr-FR\",\"potentialAction\":[{\"@type\":\"ReadAction\",\"target\":[\"https:\/\/www.institutfrancais-lituanie.com\/fr\/archives\/archives-litterature\/presentation-du-livre-de-vytautas-kandrotas-a-la-decouverte-de-la-france\/\"]}]},{\"@type\":\"ImageObject\",\"inLanguage\":\"fr-FR\",\"@id\":\"https:\/\/www.institutfrancais-lituanie.com\/fr\/archives\/archives-litterature\/presentation-du-livre-de-vytautas-kandrotas-a-la-decouverte-de-la-france\/#primaryimage\",\"url\":\"https:\/\/www.institutfrancais-lituanie.com\/wp-content\/uploads\/2019\/11\/pazink-site.jpg\",\"contentUrl\":\"https:\/\/www.institutfrancais-lituanie.com\/wp-content\/uploads\/2019\/11\/pazink-site.jpg\",\"width\":1170,\"height\":585},{\"@type\":\"BreadcrumbList\",\"@id\":\"https:\/\/www.institutfrancais-lituanie.com\/fr\/archives\/archives-litterature\/presentation-du-livre-de-vytautas-kandrotas-a-la-decouverte-de-la-france\/#breadcrumb\",\"itemListElement\":[{\"@type\":\"ListItem\",\"position\":1,\"name\":\"Home\",\"item\":\"https:\/\/www.institutfrancais-lituanie.com\/fr\/\"},{\"@type\":\"ListItem\",\"position\":2,\"name\":\"Pr\u00e9sentation du livre de Vytautas Kandrotas\u00a0 : \u00ab A la d\u00e9couverte de la France \u00bb\"}]},{\"@type\":\"WebSite\",\"@id\":\"https:\/\/www.institutfrancais-lituanie.com\/fr\/#website\",\"url\":\"https:\/\/www.institutfrancais-lituanie.com\/fr\/\",\"name\":\"IF Lituanie\",\"description\":\"Pranc\u016bz\u0173 kalbos kursai, kult\u016bra, mediateka...\",\"publisher\":{\"@id\":\"https:\/\/www.institutfrancais-lituanie.com\/fr\/#organization\"},\"potentialAction\":[{\"@type\":\"SearchAction\",\"target\":{\"@type\":\"EntryPoint\",\"urlTemplate\":\"https:\/\/www.institutfrancais-lituanie.com\/fr\/?s={search_term_string}\"},\"query-input\":\"required name=search_term_string\"}],\"inLanguage\":\"fr-FR\"},{\"@type\":\"Organization\",\"@id\":\"https:\/\/www.institutfrancais-lituanie.com\/fr\/#organization\",\"name\":\"Pranc\u016bz\u0173 institutas\",\"url\":\"https:\/\/www.institutfrancais-lituanie.com\/fr\/\",\"logo\":{\"@type\":\"ImageObject\",\"inLanguage\":\"fr-FR\",\"@id\":\"https:\/\/www.institutfrancais-lituanie.com\/fr\/#\/schema\/logo\/image\/\",\"url\":\"https:\/\/www.institutfrancais-lituanie.com\/wp-content\/uploads\/2023\/04\/IF_Logo-Lituanie-RVB.jpg\",\"contentUrl\":\"https:\/\/www.institutfrancais-lituanie.com\/wp-content\/uploads\/2023\/04\/IF_Logo-Lituanie-RVB.jpg\",\"width\":827,\"height\":555,\"caption\":\"Pranc\u016bz\u0173 institutas\"},\"image\":{\"@id\":\"https:\/\/www.institutfrancais-lituanie.com\/fr\/#\/schema\/logo\/image\/\"},\"sameAs\":[\"https:\/\/www.facebook.com\/prancuzuinstitutas\/\",\"https:\/\/www.instagram.com\/institut_francais_lituanie\/\"]},{\"@type\":\"Person\",\"@id\":\"https:\/\/www.institutfrancais-lituanie.com\/fr\/#\/schema\/person\/161b6644a2db59e5f235bfbe9026d036\",\"name\":\"Loic\",\"image\":{\"@type\":\"ImageObject\",\"inLanguage\":\"fr-FR\",\"@id\":\"https:\/\/www.institutfrancais-lituanie.com\/fr\/#\/schema\/person\/image\/\",\"url\":\"https:\/\/secure.gravatar.com\/avatar\/d6d4be166a8ce40ea7b7165c57cf2ffd?s=96&d=mm&r=g\",\"contentUrl\":\"https:\/\/secure.gravatar.com\/avatar\/d6d4be166a8ce40ea7b7165c57cf2ffd?s=96&d=mm&r=g\",\"caption\":\"Loic\"},\"url\":\"https:\/\/www.institutfrancais-lituanie.com\/fr\/author\/loic\/\"}]}<\/script>\n<!-- \/ Yoast SEO plugin. -->","yoast_head_json":{"title":"Pr\u00e9sentation du livre de Vytautas Kandrotas\u00a0 : \u00ab A la d\u00e9couverte de la France \u00bb - IF Lituanie","robots":{"index":"index","follow":"follow","max-snippet":"max-snippet:-1","max-image-preview":"max-image-preview:large","max-video-preview":"max-video-preview:-1"},"canonical":"https:\/\/www.institutfrancais-lituanie.com\/fr\/archives\/archives-litterature\/presentation-du-livre-de-vytautas-kandrotas-a-la-decouverte-de-la-france\/","og_locale":"fr_FR","og_type":"article","og_title":"Pr\u00e9sentation du livre de Vytautas Kandrotas\u00a0 : \u00ab A la d\u00e9couverte de la France \u00bb - IF Lituanie","og_description":"Jeudi 28 novembre, \u00e0 18h Pr\u00e9sentation du livre de Vytautas Kandrotas\u00a0 \u00ab A la d\u00e9couverte&hellip;","og_url":"https:\/\/www.institutfrancais-lituanie.com\/fr\/archives\/archives-litterature\/presentation-du-livre-de-vytautas-kandrotas-a-la-decouverte-de-la-france\/","og_site_name":"IF Lituanie","article_publisher":"https:\/\/www.facebook.com\/prancuzuinstitutas\/","article_published_time":"2019-11-06T13:36:40+00:00","og_image":[{"width":1170,"height":585,"url":"https:\/\/www.institutfrancais-lituanie.com\/wp-content\/uploads\/2019\/11\/pazink-site.jpg","type":"image\/jpeg"}],"author":"Loic","twitter_card":"summary_large_image","twitter_misc":{"Written by":"Loic","Est. reading time":"1 minute"},"schema":{"@context":"https:\/\/schema.org","@graph":[{"@type":"Article","@id":"https:\/\/www.institutfrancais-lituanie.com\/fr\/archives\/archives-litterature\/presentation-du-livre-de-vytautas-kandrotas-a-la-decouverte-de-la-france\/#article","isPartOf":{"@id":"https:\/\/www.institutfrancais-lituanie.com\/fr\/archives\/archives-litterature\/presentation-du-livre-de-vytautas-kandrotas-a-la-decouverte-de-la-france\/"},"author":{"name":"Loic","@id":"https:\/\/www.institutfrancais-lituanie.com\/fr\/#\/schema\/person\/161b6644a2db59e5f235bfbe9026d036"},"headline":"Pr\u00e9sentation du livre de Vytautas Kandrotas\u00a0 : \u00ab A la d\u00e9couverte de la France \u00bb","datePublished":"2019-11-06T13:36:40+00:00","dateModified":"2019-11-06T13:36:40+00:00","mainEntityOfPage":{"@id":"https:\/\/www.institutfrancais-lituanie.com\/fr\/archives\/archives-litterature\/presentation-du-livre-de-vytautas-kandrotas-a-la-decouverte-de-la-france\/"},"wordCount":184,"publisher":{"@id":"https:\/\/www.institutfrancais-lituanie.com\/fr\/#organization"},"image":{"@id":"https:\/\/www.institutfrancais-lituanie.com\/fr\/archives\/archives-litterature\/presentation-du-livre-de-vytautas-kandrotas-a-la-decouverte-de-la-france\/#primaryimage"},"thumbnailUrl":"https:\/\/www.institutfrancais-lituanie.com\/wp-content\/uploads\/2019\/11\/pazink-site.jpg","articleSection":["Archives : Litt\u00e9rature"],"inLanguage":"fr-FR"},{"@type":"WebPage","@id":"https:\/\/www.institutfrancais-lituanie.com\/fr\/archives\/archives-litterature\/presentation-du-livre-de-vytautas-kandrotas-a-la-decouverte-de-la-france\/","url":"https:\/\/www.institutfrancais-lituanie.com\/fr\/archives\/archives-litterature\/presentation-du-livre-de-vytautas-kandrotas-a-la-decouverte-de-la-france\/","name":"Pr\u00e9sentation du livre de Vytautas Kandrotas\u00a0 : \u00ab A la d\u00e9couverte de la France \u00bb - IF Lituanie","isPartOf":{"@id":"https:\/\/www.institutfrancais-lituanie.com\/fr\/#website"},"primaryImageOfPage":{"@id":"https:\/\/www.institutfrancais-lituanie.com\/fr\/archives\/archives-litterature\/presentation-du-livre-de-vytautas-kandrotas-a-la-decouverte-de-la-france\/#primaryimage"},"image":{"@id":"https:\/\/www.institutfrancais-lituanie.com\/fr\/archives\/archives-litterature\/presentation-du-livre-de-vytautas-kandrotas-a-la-decouverte-de-la-france\/#primaryimage"},"thumbnailUrl":"https:\/\/www.institutfrancais-lituanie.com\/wp-content\/uploads\/2019\/11\/pazink-site.jpg","datePublished":"2019-11-06T13:36:40+00:00","dateModified":"2019-11-06T13:36:40+00:00","breadcrumb":{"@id":"https:\/\/www.institutfrancais-lituanie.com\/fr\/archives\/archives-litterature\/presentation-du-livre-de-vytautas-kandrotas-a-la-decouverte-de-la-france\/#breadcrumb"},"inLanguage":"fr-FR","potentialAction":[{"@type":"ReadAction","target":["https:\/\/www.institutfrancais-lituanie.com\/fr\/archives\/archives-litterature\/presentation-du-livre-de-vytautas-kandrotas-a-la-decouverte-de-la-france\/"]}]},{"@type":"ImageObject","inLanguage":"fr-FR","@id":"https:\/\/www.institutfrancais-lituanie.com\/fr\/archives\/archives-litterature\/presentation-du-livre-de-vytautas-kandrotas-a-la-decouverte-de-la-france\/#primaryimage","url":"https:\/\/www.institutfrancais-lituanie.com\/wp-content\/uploads\/2019\/11\/pazink-site.jpg","contentUrl":"https:\/\/www.institutfrancais-lituanie.com\/wp-content\/uploads\/2019\/11\/pazink-site.jpg","width":1170,"height":585},{"@type":"BreadcrumbList","@id":"https:\/\/www.institutfrancais-lituanie.com\/fr\/archives\/archives-litterature\/presentation-du-livre-de-vytautas-kandrotas-a-la-decouverte-de-la-france\/#breadcrumb","itemListElement":[{"@type":"ListItem","position":1,"name":"Home","item":"https:\/\/www.institutfrancais-lituanie.com\/fr\/"},{"@type":"ListItem","position":2,"name":"Pr\u00e9sentation du livre de Vytautas Kandrotas\u00a0 : \u00ab A la d\u00e9couverte de la France \u00bb"}]},{"@type":"WebSite","@id":"https:\/\/www.institutfrancais-lituanie.com\/fr\/#website","url":"https:\/\/www.institutfrancais-lituanie.com\/fr\/","name":"IF Lituanie","description":"Pranc\u016bz\u0173 kalbos kursai, kult\u016bra, mediateka...","publisher":{"@id":"https:\/\/www.institutfrancais-lituanie.com\/fr\/#organization"},"potentialAction":[{"@type":"SearchAction","target":{"@type":"EntryPoint","urlTemplate":"https:\/\/www.institutfrancais-lituanie.com\/fr\/?s={search_term_string}"},"query-input":"required name=search_term_string"}],"inLanguage":"fr-FR"},{"@type":"Organization","@id":"https:\/\/www.institutfrancais-lituanie.com\/fr\/#organization","name":"Pranc\u016bz\u0173 institutas","url":"https:\/\/www.institutfrancais-lituanie.com\/fr\/","logo":{"@type":"ImageObject","inLanguage":"fr-FR","@id":"https:\/\/www.institutfrancais-lituanie.com\/fr\/#\/schema\/logo\/image\/","url":"https:\/\/www.institutfrancais-lituanie.com\/wp-content\/uploads\/2023\/04\/IF_Logo-Lituanie-RVB.jpg","contentUrl":"https:\/\/www.institutfrancais-lituanie.com\/wp-content\/uploads\/2023\/04\/IF_Logo-Lituanie-RVB.jpg","width":827,"height":555,"caption":"Pranc\u016bz\u0173 institutas"},"image":{"@id":"https:\/\/www.institutfrancais-lituanie.com\/fr\/#\/schema\/logo\/image\/"},"sameAs":["https:\/\/www.facebook.com\/prancuzuinstitutas\/","https:\/\/www.instagram.com\/institut_francais_lituanie\/"]},{"@type":"Person","@id":"https:\/\/www.institutfrancais-lituanie.com\/fr\/#\/schema\/person\/161b6644a2db59e5f235bfbe9026d036","name":"Loic","image":{"@type":"ImageObject","inLanguage":"fr-FR","@id":"https:\/\/www.institutfrancais-lituanie.com\/fr\/#\/schema\/person\/image\/","url":"https:\/\/secure.gravatar.com\/avatar\/d6d4be166a8ce40ea7b7165c57cf2ffd?s=96&d=mm&r=g","contentUrl":"https:\/\/secure.gravatar.com\/avatar\/d6d4be166a8ce40ea7b7165c57cf2ffd?s=96&d=mm&r=g","caption":"Loic"},"url":"https:\/\/www.institutfrancais-lituanie.com\/fr\/author\/loic\/"}]}},"_links":{"self":[{"href":"https:\/\/www.institutfrancais-lituanie.com\/fr\/wp-json\/wp\/v2\/posts\/5294"}],"collection":[{"href":"https:\/\/www.institutfrancais-lituanie.com\/fr\/wp-json\/wp\/v2\/posts"}],"about":[{"href":"https:\/\/www.institutfrancais-lituanie.com\/fr\/wp-json\/wp\/v2\/types\/post"}],"author":[{"embeddable":true,"href":"https:\/\/www.institutfrancais-lituanie.com\/fr\/wp-json\/wp\/v2\/users\/2"}],"replies":[{"embeddable":true,"href":"https:\/\/www.institutfrancais-lituanie.com\/fr\/wp-json\/wp\/v2\/comments?post=5294"}],"version-history":[{"count":1,"href":"https:\/\/www.institutfrancais-lituanie.com\/fr\/wp-json\/wp\/v2\/posts\/5294\/revisions"}],"predecessor-version":[{"id":5295,"href":"https:\/\/www.institutfrancais-lituanie.com\/fr\/wp-json\/wp\/v2\/posts\/5294\/revisions\/5295"}],"wp:featuredmedia":[{"embeddable":true,"href":"https:\/\/www.institutfrancais-lituanie.com\/fr\/wp-json\/wp\/v2\/media\/5292"}],"wp:attachment":[{"href":"https:\/\/www.institutfrancais-lituanie.com\/fr\/wp-json\/wp\/v2\/media?parent=5294"}],"wp:term":[{"taxonomy":"category","embeddable":true,"href":"https:\/\/www.institutfrancais-lituanie.com\/fr\/wp-json\/wp\/v2\/categories?post=5294"},{"taxonomy":"post_tag","embeddable":true,"href":"https:\/\/www.institutfrancais-lituanie.com\/fr\/wp-json\/wp\/v2\/tags?post=5294"}],"curies":[{"name":"wp","href":"https:\/\/api.w.org\/{rel}","templated":true}]}}