{"id":4499,"date":"2019-04-08T05:07:40","date_gmt":"2019-04-08T05:07:40","guid":{"rendered":"http:\/\/institutfrancais-lituanie.com\/?p=4499"},"modified":"2019-05-09T07:41:22","modified_gmt":"2019-05-09T07:41:22","slug":"conference-deugene-ebode","status":"publish","type":"post","link":"https:\/\/www.institutfrancais-lituanie.com\/fr\/archives\/archives-debat-didees\/archives-nouveaux-regards\/conference-deugene-ebode\/","title":{"rendered":"Conf\u00e9rence d&#8217;Eug\u00e8ne Ebod\u00e9 : L\u2019exp\u00e9rience du roseau vue comme une r\u00e9silience"},"content":{"rendered":"<p><strong>Dans le cadre du d\u00e9bat d\u2019id\u00e9es, l\u2019Institut fran\u00e7ais de Lituanie propose un cycle de conf\u00e9rences consacr\u00e9 aux grandes ruptures du XXIe si\u00e8cle.<\/strong> Le premier volet de ce cycle aura lieu les 24 et 25 avril \u00e0 la Biblioth\u00e8que Nationale de Lituanie.\u00a0L\u2019\u00e9crivain Eugene Ebod\u00e9 et le sociologue Francois H\u00e9ran viendront parler \u00e0 tour de r\u00f4le de ce th\u00e8me au centre des pr\u00e9occupations actuelles.<\/p>\n<p><strong>Le 24 avril \u00e0 17h30 \u00e0 la\u00a0Biblioth\u00e8que Nationale de Lituanie :<\/strong><\/p>\n<p><strong>Conf\u00e9rence de l&#8217;\u00e9crivain Eug\u00e8ne Ebod\u00e9 :\u00a0L\u2019exp\u00e9rience du roseau vue comme une r\u00e9silience ou le\u00a0pouvoir de r\u00e9sistance de l\u2019homme face \u00e0 l\u2019injustice<\/strong><\/p>\n<p>\u00ab L\u2019homme pris dans son histoire tourment\u00e9e est semblable au roseau qui plie sous la bourrasque mais ne rompt pas. \u00bb<\/p>\n<p>L\u2019\u00e9crivain Eug\u00e8ne Ebod\u00e9 abordera lors de sa conf\u00e9rence le th\u00e8me des ruptures sous deux angles : le n\u00e9gatif, mais aussi le positif. Tout en revenant sur les fractures de nos soci\u00e9t\u00e9s actuelles, dont la solitude, les in\u00e9galit\u00e9s et le rejet des migrations t\u00e9moignent, il parlera aussi des ruptures qui permettent de faire face \u00e0 des situations historiques injustes ou dramatiques. Gr\u00e2ce \u00e0 des exemples tels que Rosa Parks avec le mouvement des droit civiques aux Etats-Unis, la rupture contre l\u2019Apartheid avec Mandela (dont il traite dans son dernier roman Le balcon de Dieu), il tentera de montrer que les ruptures sont une preuve de plus de la capacit\u00e9 de r\u00e9silience et de r\u00e9sistances de l\u2019homme.<\/p>\n<p><strong>Eugene Ebod\u00e9<\/strong><\/p>\n<p>\u00c9crivain et enseignant, Eug\u00e8ne Ebod\u00e9 est n\u00e9 en 1962 \u00e0 Douala au Cameroun. En 1982, il quitte le Cameroun pour la France et obtient son dipl\u00f4me de Sciences politiques en 1988.<span class=\"Apple-converted-space\">\u00a0<\/span><\/p>\n<p>Eug\u00e8ne \u00c9bod\u00e9 est docteur en litt\u00e9ratures fran\u00e7aise et compar\u00e9e (Universit\u00e9 Paul-Val\u00e9ry de Montpellier), dipl\u00f4m\u00e9 du CELSA (Ecole des Hautes Etudes en sciences de la communication) et de l&#8217;Institut d&#8217;\u00c9tudes Politiques d&#8217;Aix-en-Provence. Critique litt\u00e9raire au quotidien suisse Le Courrier de Gen\u00e8ve, il est professeur documentaliste au lyc\u00e9e Andr\u00e9 Chamson du Vigan. Auteur d\u2019une quinzaine de livres portant principalement sur les fractures sociales et la n\u00e9cessit\u00e9 de la coop\u00e9ration parmi les \u00eatres, ses principaux romans rendent compte de l&#8217;action de figures f\u00e9minines h\u00e9ro\u00efques telles Souveraine Magnifique, rescap\u00e9e du g\u00e9nocide des Tutsi au Rwanda (Souveraine Magnifique, \u00e9d. Gallimard 2014), l&#8217;Am\u00e9ricaine Rosa Parks (La Rose dans le bus jaune, \u00e9d. Gallimard 2013) ou le r\u00f4le m\u00e9connu de la Casaman\u00e7aise Aline Sito\u00e9 Diatta dans la critique de la colonisation au S\u00e9n\u00e9gal (La transmission, \u00e9d. Gallimard 2002). Son roman Le Balcon de Dieu (\u00e9d. Gallimard, 2019), souligne et salue la &#8220;r\u00e9volution digitale&#8221; des femmes \u00e0 Mayotte.<\/p>\n<p>Eug\u00e8ne \u00c9BOD\u00c9 a re\u00e7u plusieurs distinctions dont le prix Eve Delacroix (Acad\u00e9mie fran\u00e7aise), le prix Yambo Ouologuem et le prix Jeand&#8217;Heurs du roman historique. Eug\u00e8ne \u00c9bod\u00e9 a \u00e9t\u00e9 chroniqueur litt\u00e9raire de l&#8217;\u00e9mission Cosmopolitaine sur France Inter. Eugene Ebod\u00e9 est Chevalier des Arts et des Lettres (promotion janvier 2010).<\/p>\n<p>Eugene Ebode a particip\u00e9 en 2016 au webdocumentaire\u00a0\u00ab\u00a0La crise migratoire et nous\u00a0\u00bb produit et r\u00e9alis\u00e9 par l\u2019Institut fran\u00e7ais de Lituanie avec la collaboration de plusieurs mus\u00e9es fran\u00e7ais et de l\u2019UNHCR de Lituanie.<span class=\"Apple-converted-space\">\u00a0<\/span><\/p>\n<p>Voir le documentaire :<a href=\"http:\/\/www.institutfrancais-lituanie.info\/migration\/\" target=\"_blank\" rel=\"noopener\">\u00a0www.institutfrancais-lituanie.info\/migration\/<\/a><\/p>\n","protected":false},"excerpt":{"rendered":"<p>Dans le cadre du d\u00e9bat d\u2019id\u00e9es, l\u2019Institut fran\u00e7ais de Lituanie propose un cycle de conf\u00e9rences&hellip;<\/p>\n","protected":false},"author":2,"featured_media":4497,"comment_status":"closed","ping_status":"open","sticky":false,"template":"","format":"standard","meta":{"footnotes":""},"categories":[72],"tags":[],"class_list":["post-4499","post","type-post","status-publish","format-standard","has-post-thumbnail","hentry","category-archives-nouveaux-regards"],"yoast_head":"<!-- This site is optimized with the Yoast SEO plugin v23.2 - https:\/\/yoast.com\/wordpress\/plugins\/seo\/ -->\n<title>Conf\u00e9rence d&#039;Eug\u00e8ne Ebod\u00e9 : L\u2019exp\u00e9rience du roseau vue comme une r\u00e9silience - IF Lituanie<\/title>\n<meta name=\"robots\" content=\"index, follow, max-snippet:-1, max-image-preview:large, max-video-preview:-1\" \/>\n<link rel=\"canonical\" href=\"https:\/\/www.institutfrancais-lituanie.com\/fr\/archives\/archives-debat-didees\/archives-nouveaux-regards\/conference-deugene-ebode\/\" \/>\n<meta property=\"og:locale\" content=\"fr_FR\" \/>\n<meta property=\"og:type\" content=\"article\" \/>\n<meta property=\"og:title\" content=\"Conf\u00e9rence d&#039;Eug\u00e8ne Ebod\u00e9 : L\u2019exp\u00e9rience du roseau vue comme une r\u00e9silience - IF Lituanie\" \/>\n<meta property=\"og:description\" content=\"Dans le cadre du d\u00e9bat d\u2019id\u00e9es, l\u2019Institut fran\u00e7ais de Lituanie propose un cycle de conf\u00e9rences&hellip;\" \/>\n<meta property=\"og:url\" content=\"https:\/\/www.institutfrancais-lituanie.com\/fr\/archives\/archives-debat-didees\/archives-nouveaux-regards\/conference-deugene-ebode\/\" \/>\n<meta property=\"og:site_name\" content=\"IF Lituanie\" \/>\n<meta property=\"article:publisher\" content=\"https:\/\/www.facebook.com\/prancuzuinstitutas\/\" \/>\n<meta property=\"article:published_time\" content=\"2019-04-08T05:07:40+00:00\" \/>\n<meta property=\"article:modified_time\" content=\"2019-05-09T07:41:22+00:00\" \/>\n<meta property=\"og:image\" content=\"https:\/\/www.institutfrancais-lituanie.com\/wp-content\/uploads\/2019\/04\/Eugene.jpg\" \/>\n\t<meta property=\"og:image:width\" content=\"1170\" \/>\n\t<meta property=\"og:image:height\" content=\"585\" \/>\n\t<meta property=\"og:image:type\" content=\"image\/jpeg\" \/>\n<meta name=\"author\" content=\"Loic\" \/>\n<meta name=\"twitter:card\" content=\"summary_large_image\" \/>\n<meta name=\"twitter:label1\" content=\"Written by\" \/>\n\t<meta name=\"twitter:data1\" content=\"Loic\" \/>\n\t<meta name=\"twitter:label2\" content=\"Est. reading time\" \/>\n\t<meta name=\"twitter:data2\" content=\"3 minutes\" \/>\n<script type=\"application\/ld+json\" class=\"yoast-schema-graph\">{\"@context\":\"https:\/\/schema.org\",\"@graph\":[{\"@type\":\"Article\",\"@id\":\"https:\/\/www.institutfrancais-lituanie.com\/fr\/archives\/archives-debat-didees\/archives-nouveaux-regards\/conference-deugene-ebode\/#article\",\"isPartOf\":{\"@id\":\"https:\/\/www.institutfrancais-lituanie.com\/fr\/archives\/archives-debat-didees\/archives-nouveaux-regards\/conference-deugene-ebode\/\"},\"author\":{\"name\":\"Loic\",\"@id\":\"https:\/\/www.institutfrancais-lituanie.com\/fr\/#\/schema\/person\/161b6644a2db59e5f235bfbe9026d036\"},\"headline\":\"Conf\u00e9rence d&#8217;Eug\u00e8ne Ebod\u00e9 : L\u2019exp\u00e9rience du roseau vue comme une r\u00e9silience\",\"datePublished\":\"2019-04-08T05:07:40+00:00\",\"dateModified\":\"2019-05-09T07:41:22+00:00\",\"mainEntityOfPage\":{\"@id\":\"https:\/\/www.institutfrancais-lituanie.com\/fr\/archives\/archives-debat-didees\/archives-nouveaux-regards\/conference-deugene-ebode\/\"},\"wordCount\":574,\"publisher\":{\"@id\":\"https:\/\/www.institutfrancais-lituanie.com\/fr\/#organization\"},\"image\":{\"@id\":\"https:\/\/www.institutfrancais-lituanie.com\/fr\/archives\/archives-debat-didees\/archives-nouveaux-regards\/conference-deugene-ebode\/#primaryimage\"},\"thumbnailUrl\":\"https:\/\/www.institutfrancais-lituanie.com\/wp-content\/uploads\/2019\/04\/Eugene.jpg\",\"articleSection\":[\"Archives : Nouveaux regards\"],\"inLanguage\":\"fr-FR\"},{\"@type\":\"WebPage\",\"@id\":\"https:\/\/www.institutfrancais-lituanie.com\/fr\/archives\/archives-debat-didees\/archives-nouveaux-regards\/conference-deugene-ebode\/\",\"url\":\"https:\/\/www.institutfrancais-lituanie.com\/fr\/archives\/archives-debat-didees\/archives-nouveaux-regards\/conference-deugene-ebode\/\",\"name\":\"Conf\u00e9rence d'Eug\u00e8ne Ebod\u00e9 : L\u2019exp\u00e9rience du roseau vue comme une r\u00e9silience - IF Lituanie\",\"isPartOf\":{\"@id\":\"https:\/\/www.institutfrancais-lituanie.com\/fr\/#website\"},\"primaryImageOfPage\":{\"@id\":\"https:\/\/www.institutfrancais-lituanie.com\/fr\/archives\/archives-debat-didees\/archives-nouveaux-regards\/conference-deugene-ebode\/#primaryimage\"},\"image\":{\"@id\":\"https:\/\/www.institutfrancais-lituanie.com\/fr\/archives\/archives-debat-didees\/archives-nouveaux-regards\/conference-deugene-ebode\/#primaryimage\"},\"thumbnailUrl\":\"https:\/\/www.institutfrancais-lituanie.com\/wp-content\/uploads\/2019\/04\/Eugene.jpg\",\"datePublished\":\"2019-04-08T05:07:40+00:00\",\"dateModified\":\"2019-05-09T07:41:22+00:00\",\"breadcrumb\":{\"@id\":\"https:\/\/www.institutfrancais-lituanie.com\/fr\/archives\/archives-debat-didees\/archives-nouveaux-regards\/conference-deugene-ebode\/#breadcrumb\"},\"inLanguage\":\"fr-FR\",\"potentialAction\":[{\"@type\":\"ReadAction\",\"target\":[\"https:\/\/www.institutfrancais-lituanie.com\/fr\/archives\/archives-debat-didees\/archives-nouveaux-regards\/conference-deugene-ebode\/\"]}]},{\"@type\":\"ImageObject\",\"inLanguage\":\"fr-FR\",\"@id\":\"https:\/\/www.institutfrancais-lituanie.com\/fr\/archives\/archives-debat-didees\/archives-nouveaux-regards\/conference-deugene-ebode\/#primaryimage\",\"url\":\"https:\/\/www.institutfrancais-lituanie.com\/wp-content\/uploads\/2019\/04\/Eugene.jpg\",\"contentUrl\":\"https:\/\/www.institutfrancais-lituanie.com\/wp-content\/uploads\/2019\/04\/Eugene.jpg\",\"width\":1170,\"height\":585},{\"@type\":\"BreadcrumbList\",\"@id\":\"https:\/\/www.institutfrancais-lituanie.com\/fr\/archives\/archives-debat-didees\/archives-nouveaux-regards\/conference-deugene-ebode\/#breadcrumb\",\"itemListElement\":[{\"@type\":\"ListItem\",\"position\":1,\"name\":\"Home\",\"item\":\"https:\/\/www.institutfrancais-lituanie.com\/fr\/\"},{\"@type\":\"ListItem\",\"position\":2,\"name\":\"Conf\u00e9rence d&#8217;Eug\u00e8ne Ebod\u00e9 : L\u2019exp\u00e9rience du roseau vue comme une r\u00e9silience\"}]},{\"@type\":\"WebSite\",\"@id\":\"https:\/\/www.institutfrancais-lituanie.com\/fr\/#website\",\"url\":\"https:\/\/www.institutfrancais-lituanie.com\/fr\/\",\"name\":\"IF Lituanie\",\"description\":\"Pranc\u016bz\u0173 kalbos kursai, kult\u016bra, mediateka...\",\"publisher\":{\"@id\":\"https:\/\/www.institutfrancais-lituanie.com\/fr\/#organization\"},\"potentialAction\":[{\"@type\":\"SearchAction\",\"target\":{\"@type\":\"EntryPoint\",\"urlTemplate\":\"https:\/\/www.institutfrancais-lituanie.com\/fr\/?s={search_term_string}\"},\"query-input\":\"required name=search_term_string\"}],\"inLanguage\":\"fr-FR\"},{\"@type\":\"Organization\",\"@id\":\"https:\/\/www.institutfrancais-lituanie.com\/fr\/#organization\",\"name\":\"Pranc\u016bz\u0173 institutas\",\"url\":\"https:\/\/www.institutfrancais-lituanie.com\/fr\/\",\"logo\":{\"@type\":\"ImageObject\",\"inLanguage\":\"fr-FR\",\"@id\":\"https:\/\/www.institutfrancais-lituanie.com\/fr\/#\/schema\/logo\/image\/\",\"url\":\"https:\/\/www.institutfrancais-lituanie.com\/wp-content\/uploads\/2023\/04\/IF_Logo-Lituanie-RVB.jpg\",\"contentUrl\":\"https:\/\/www.institutfrancais-lituanie.com\/wp-content\/uploads\/2023\/04\/IF_Logo-Lituanie-RVB.jpg\",\"width\":827,\"height\":555,\"caption\":\"Pranc\u016bz\u0173 institutas\"},\"image\":{\"@id\":\"https:\/\/www.institutfrancais-lituanie.com\/fr\/#\/schema\/logo\/image\/\"},\"sameAs\":[\"https:\/\/www.facebook.com\/prancuzuinstitutas\/\",\"https:\/\/www.instagram.com\/institut_francais_lituanie\/\"]},{\"@type\":\"Person\",\"@id\":\"https:\/\/www.institutfrancais-lituanie.com\/fr\/#\/schema\/person\/161b6644a2db59e5f235bfbe9026d036\",\"name\":\"Loic\",\"image\":{\"@type\":\"ImageObject\",\"inLanguage\":\"fr-FR\",\"@id\":\"https:\/\/www.institutfrancais-lituanie.com\/fr\/#\/schema\/person\/image\/\",\"url\":\"https:\/\/secure.gravatar.com\/avatar\/d6d4be166a8ce40ea7b7165c57cf2ffd?s=96&d=mm&r=g\",\"contentUrl\":\"https:\/\/secure.gravatar.com\/avatar\/d6d4be166a8ce40ea7b7165c57cf2ffd?s=96&d=mm&r=g\",\"caption\":\"Loic\"},\"url\":\"https:\/\/www.institutfrancais-lituanie.com\/fr\/author\/loic\/\"}]}<\/script>\n<!-- \/ Yoast SEO plugin. -->","yoast_head_json":{"title":"Conf\u00e9rence d'Eug\u00e8ne Ebod\u00e9 : L\u2019exp\u00e9rience du roseau vue comme une r\u00e9silience - IF Lituanie","robots":{"index":"index","follow":"follow","max-snippet":"max-snippet:-1","max-image-preview":"max-image-preview:large","max-video-preview":"max-video-preview:-1"},"canonical":"https:\/\/www.institutfrancais-lituanie.com\/fr\/archives\/archives-debat-didees\/archives-nouveaux-regards\/conference-deugene-ebode\/","og_locale":"fr_FR","og_type":"article","og_title":"Conf\u00e9rence d'Eug\u00e8ne Ebod\u00e9 : L\u2019exp\u00e9rience du roseau vue comme une r\u00e9silience - IF Lituanie","og_description":"Dans le cadre du d\u00e9bat d\u2019id\u00e9es, l\u2019Institut fran\u00e7ais de Lituanie propose un cycle de conf\u00e9rences&hellip;","og_url":"https:\/\/www.institutfrancais-lituanie.com\/fr\/archives\/archives-debat-didees\/archives-nouveaux-regards\/conference-deugene-ebode\/","og_site_name":"IF Lituanie","article_publisher":"https:\/\/www.facebook.com\/prancuzuinstitutas\/","article_published_time":"2019-04-08T05:07:40+00:00","article_modified_time":"2019-05-09T07:41:22+00:00","og_image":[{"width":1170,"height":585,"url":"https:\/\/www.institutfrancais-lituanie.com\/wp-content\/uploads\/2019\/04\/Eugene.jpg","type":"image\/jpeg"}],"author":"Loic","twitter_card":"summary_large_image","twitter_misc":{"Written by":"Loic","Est. reading time":"3 minutes"},"schema":{"@context":"https:\/\/schema.org","@graph":[{"@type":"Article","@id":"https:\/\/www.institutfrancais-lituanie.com\/fr\/archives\/archives-debat-didees\/archives-nouveaux-regards\/conference-deugene-ebode\/#article","isPartOf":{"@id":"https:\/\/www.institutfrancais-lituanie.com\/fr\/archives\/archives-debat-didees\/archives-nouveaux-regards\/conference-deugene-ebode\/"},"author":{"name":"Loic","@id":"https:\/\/www.institutfrancais-lituanie.com\/fr\/#\/schema\/person\/161b6644a2db59e5f235bfbe9026d036"},"headline":"Conf\u00e9rence d&#8217;Eug\u00e8ne Ebod\u00e9 : L\u2019exp\u00e9rience du roseau vue comme une r\u00e9silience","datePublished":"2019-04-08T05:07:40+00:00","dateModified":"2019-05-09T07:41:22+00:00","mainEntityOfPage":{"@id":"https:\/\/www.institutfrancais-lituanie.com\/fr\/archives\/archives-debat-didees\/archives-nouveaux-regards\/conference-deugene-ebode\/"},"wordCount":574,"publisher":{"@id":"https:\/\/www.institutfrancais-lituanie.com\/fr\/#organization"},"image":{"@id":"https:\/\/www.institutfrancais-lituanie.com\/fr\/archives\/archives-debat-didees\/archives-nouveaux-regards\/conference-deugene-ebode\/#primaryimage"},"thumbnailUrl":"https:\/\/www.institutfrancais-lituanie.com\/wp-content\/uploads\/2019\/04\/Eugene.jpg","articleSection":["Archives : Nouveaux regards"],"inLanguage":"fr-FR"},{"@type":"WebPage","@id":"https:\/\/www.institutfrancais-lituanie.com\/fr\/archives\/archives-debat-didees\/archives-nouveaux-regards\/conference-deugene-ebode\/","url":"https:\/\/www.institutfrancais-lituanie.com\/fr\/archives\/archives-debat-didees\/archives-nouveaux-regards\/conference-deugene-ebode\/","name":"Conf\u00e9rence d'Eug\u00e8ne Ebod\u00e9 : L\u2019exp\u00e9rience du roseau vue comme une r\u00e9silience - IF Lituanie","isPartOf":{"@id":"https:\/\/www.institutfrancais-lituanie.com\/fr\/#website"},"primaryImageOfPage":{"@id":"https:\/\/www.institutfrancais-lituanie.com\/fr\/archives\/archives-debat-didees\/archives-nouveaux-regards\/conference-deugene-ebode\/#primaryimage"},"image":{"@id":"https:\/\/www.institutfrancais-lituanie.com\/fr\/archives\/archives-debat-didees\/archives-nouveaux-regards\/conference-deugene-ebode\/#primaryimage"},"thumbnailUrl":"https:\/\/www.institutfrancais-lituanie.com\/wp-content\/uploads\/2019\/04\/Eugene.jpg","datePublished":"2019-04-08T05:07:40+00:00","dateModified":"2019-05-09T07:41:22+00:00","breadcrumb":{"@id":"https:\/\/www.institutfrancais-lituanie.com\/fr\/archives\/archives-debat-didees\/archives-nouveaux-regards\/conference-deugene-ebode\/#breadcrumb"},"inLanguage":"fr-FR","potentialAction":[{"@type":"ReadAction","target":["https:\/\/www.institutfrancais-lituanie.com\/fr\/archives\/archives-debat-didees\/archives-nouveaux-regards\/conference-deugene-ebode\/"]}]},{"@type":"ImageObject","inLanguage":"fr-FR","@id":"https:\/\/www.institutfrancais-lituanie.com\/fr\/archives\/archives-debat-didees\/archives-nouveaux-regards\/conference-deugene-ebode\/#primaryimage","url":"https:\/\/www.institutfrancais-lituanie.com\/wp-content\/uploads\/2019\/04\/Eugene.jpg","contentUrl":"https:\/\/www.institutfrancais-lituanie.com\/wp-content\/uploads\/2019\/04\/Eugene.jpg","width":1170,"height":585},{"@type":"BreadcrumbList","@id":"https:\/\/www.institutfrancais-lituanie.com\/fr\/archives\/archives-debat-didees\/archives-nouveaux-regards\/conference-deugene-ebode\/#breadcrumb","itemListElement":[{"@type":"ListItem","position":1,"name":"Home","item":"https:\/\/www.institutfrancais-lituanie.com\/fr\/"},{"@type":"ListItem","position":2,"name":"Conf\u00e9rence d&#8217;Eug\u00e8ne Ebod\u00e9 : L\u2019exp\u00e9rience du roseau vue comme une r\u00e9silience"}]},{"@type":"WebSite","@id":"https:\/\/www.institutfrancais-lituanie.com\/fr\/#website","url":"https:\/\/www.institutfrancais-lituanie.com\/fr\/","name":"IF Lituanie","description":"Pranc\u016bz\u0173 kalbos kursai, kult\u016bra, mediateka...","publisher":{"@id":"https:\/\/www.institutfrancais-lituanie.com\/fr\/#organization"},"potentialAction":[{"@type":"SearchAction","target":{"@type":"EntryPoint","urlTemplate":"https:\/\/www.institutfrancais-lituanie.com\/fr\/?s={search_term_string}"},"query-input":"required name=search_term_string"}],"inLanguage":"fr-FR"},{"@type":"Organization","@id":"https:\/\/www.institutfrancais-lituanie.com\/fr\/#organization","name":"Pranc\u016bz\u0173 institutas","url":"https:\/\/www.institutfrancais-lituanie.com\/fr\/","logo":{"@type":"ImageObject","inLanguage":"fr-FR","@id":"https:\/\/www.institutfrancais-lituanie.com\/fr\/#\/schema\/logo\/image\/","url":"https:\/\/www.institutfrancais-lituanie.com\/wp-content\/uploads\/2023\/04\/IF_Logo-Lituanie-RVB.jpg","contentUrl":"https:\/\/www.institutfrancais-lituanie.com\/wp-content\/uploads\/2023\/04\/IF_Logo-Lituanie-RVB.jpg","width":827,"height":555,"caption":"Pranc\u016bz\u0173 institutas"},"image":{"@id":"https:\/\/www.institutfrancais-lituanie.com\/fr\/#\/schema\/logo\/image\/"},"sameAs":["https:\/\/www.facebook.com\/prancuzuinstitutas\/","https:\/\/www.instagram.com\/institut_francais_lituanie\/"]},{"@type":"Person","@id":"https:\/\/www.institutfrancais-lituanie.com\/fr\/#\/schema\/person\/161b6644a2db59e5f235bfbe9026d036","name":"Loic","image":{"@type":"ImageObject","inLanguage":"fr-FR","@id":"https:\/\/www.institutfrancais-lituanie.com\/fr\/#\/schema\/person\/image\/","url":"https:\/\/secure.gravatar.com\/avatar\/d6d4be166a8ce40ea7b7165c57cf2ffd?s=96&d=mm&r=g","contentUrl":"https:\/\/secure.gravatar.com\/avatar\/d6d4be166a8ce40ea7b7165c57cf2ffd?s=96&d=mm&r=g","caption":"Loic"},"url":"https:\/\/www.institutfrancais-lituanie.com\/fr\/author\/loic\/"}]}},"_links":{"self":[{"href":"https:\/\/www.institutfrancais-lituanie.com\/fr\/wp-json\/wp\/v2\/posts\/4499"}],"collection":[{"href":"https:\/\/www.institutfrancais-lituanie.com\/fr\/wp-json\/wp\/v2\/posts"}],"about":[{"href":"https:\/\/www.institutfrancais-lituanie.com\/fr\/wp-json\/wp\/v2\/types\/post"}],"author":[{"embeddable":true,"href":"https:\/\/www.institutfrancais-lituanie.com\/fr\/wp-json\/wp\/v2\/users\/2"}],"replies":[{"embeddable":true,"href":"https:\/\/www.institutfrancais-lituanie.com\/fr\/wp-json\/wp\/v2\/comments?post=4499"}],"version-history":[{"count":2,"href":"https:\/\/www.institutfrancais-lituanie.com\/fr\/wp-json\/wp\/v2\/posts\/4499\/revisions"}],"predecessor-version":[{"id":4517,"href":"https:\/\/www.institutfrancais-lituanie.com\/fr\/wp-json\/wp\/v2\/posts\/4499\/revisions\/4517"}],"wp:featuredmedia":[{"embeddable":true,"href":"https:\/\/www.institutfrancais-lituanie.com\/fr\/wp-json\/wp\/v2\/media\/4497"}],"wp:attachment":[{"href":"https:\/\/www.institutfrancais-lituanie.com\/fr\/wp-json\/wp\/v2\/media?parent=4499"}],"wp:term":[{"taxonomy":"category","embeddable":true,"href":"https:\/\/www.institutfrancais-lituanie.com\/fr\/wp-json\/wp\/v2\/categories?post=4499"},{"taxonomy":"post_tag","embeddable":true,"href":"https:\/\/www.institutfrancais-lituanie.com\/fr\/wp-json\/wp\/v2\/tags?post=4499"}],"curies":[{"name":"wp","href":"https:\/\/api.w.org\/{rel}","templated":true}]}}