{"id":4170,"date":"2019-03-01T14:34:24","date_gmt":"2019-03-01T14:34:24","guid":{"rendered":"http:\/\/institutfrancais-lituanie.com\/?p=4170"},"modified":"2019-03-25T06:41:05","modified_gmt":"2019-03-25T06:41:05","slug":"mondialisation-des-prix-litteraires-francais-litterature-francaise-francophone-et-mondiale","status":"publish","type":"post","link":"https:\/\/www.institutfrancais-lituanie.com\/fr\/archives\/archives-litterature\/mondialisation-des-prix-litteraires-francais-litterature-francaise-francophone-et-mondiale\/","title":{"rendered":"Mondialisation des prix litt\u00e9raires fran\u00e7ais: litt\u00e9rature fran\u00e7aise, francophone et mondiale"},"content":{"rendered":"<p><strong>Conf\u00e9rence de Egl\u0117 Ka\u010dkut\u0117 &#8220;Mondialisation des prix litt\u00e9raires fran\u00e7ais: litt\u00e9rature fran\u00e7aise, francophone et litt\u00e9rature mondiale en fran\u00e7ais&#8221;<\/strong><\/p>\n<p><strong>\u00a0<\/strong>Chercheuse et critique litt\u00e9raire Egl\u0117 Ka\u010dkut\u0117, sp\u00e9cialiste en litt\u00e9rature fran\u00e7aise et francophone, viendra \u00e0 l\u2019Institut afin de nous parler de ce qu\u2019est la litt\u00e9rature fran\u00e7aise au 21<sup>\u00e8me<\/sup> si\u00e8cle. En 2006, tous les six prix litt\u00e9raires fran\u00e7ais principaux avaient \u00e9t\u00e9 attribu\u00e9s \u00e0 des \u00e9crivains qui n\u2019\u00e9taient pas n\u00e9s en France et 44 auteurs francophones avaient par la suite r\u00e9dig\u00e9 un <em>manifeste<\/em> intitul\u00e9 &#8220;<em>Pour<\/em> une &#8220;<em>litt\u00e9rature<\/em>&#8211;<em>monde<\/em>&#8221; en fran\u00e7ais. Egl\u0117 Ka\u010dkut\u0117 \u00e9voquera donc les r\u00e9percussions de ce d\u00e9veloppement sur la conception du champ litt\u00e9raire francophone et les d\u00e9bats autour de la litt\u00e9rature fran\u00e7aise.<\/p>\n<p><strong>Le mardi 19 mars \u00e0 18H<\/strong><\/p>\n<p><strong>Entr<\/strong><strong>\u00e9 libre, en lituanien uniquement.\u00a0Institut fran\u00e7ais de Lituanie.<\/strong><\/p>\n","protected":false},"excerpt":{"rendered":"<p>Conf\u00e9rence de Egl\u0117 Ka\u010dkut\u0117 &#8220;Mondialisation des prix litt\u00e9raires fran\u00e7ais: litt\u00e9rature fran\u00e7aise, francophone et litt\u00e9rature mondiale&hellip;<\/p>\n","protected":false},"author":2,"featured_media":4168,"comment_status":"closed","ping_status":"open","sticky":false,"template":"","format":"standard","meta":{"footnotes":""},"categories":[95],"tags":[],"class_list":["post-4170","post","type-post","status-publish","format-standard","has-post-thumbnail","hentry","category-archives-litterature"],"yoast_head":"<!-- This site is optimized with the Yoast SEO plugin v23.2 - https:\/\/yoast.com\/wordpress\/plugins\/seo\/ -->\n<title>Mondialisation des prix litt\u00e9raires fran\u00e7ais: litt\u00e9rature fran\u00e7aise, francophone et mondiale - IF Lituanie<\/title>\n<meta name=\"robots\" content=\"index, follow, max-snippet:-1, max-image-preview:large, max-video-preview:-1\" \/>\n<link rel=\"canonical\" href=\"https:\/\/www.institutfrancais-lituanie.com\/fr\/archives\/archives-litterature\/mondialisation-des-prix-litteraires-francais-litterature-francaise-francophone-et-mondiale\/\" \/>\n<meta property=\"og:locale\" content=\"fr_FR\" \/>\n<meta property=\"og:type\" content=\"article\" \/>\n<meta property=\"og:title\" content=\"Mondialisation des prix litt\u00e9raires fran\u00e7ais: litt\u00e9rature fran\u00e7aise, francophone et mondiale - IF Lituanie\" \/>\n<meta property=\"og:description\" content=\"Conf\u00e9rence de Egl\u0117 Ka\u010dkut\u0117 &#8220;Mondialisation des prix litt\u00e9raires fran\u00e7ais: litt\u00e9rature fran\u00e7aise, francophone et litt\u00e9rature mondiale&hellip;\" \/>\n<meta property=\"og:url\" content=\"https:\/\/www.institutfrancais-lituanie.com\/fr\/archives\/archives-litterature\/mondialisation-des-prix-litteraires-francais-litterature-francaise-francophone-et-mondiale\/\" \/>\n<meta property=\"og:site_name\" content=\"IF Lituanie\" \/>\n<meta property=\"article:publisher\" content=\"https:\/\/www.facebook.com\/prancuzuinstitutas\/\" \/>\n<meta property=\"article:published_time\" content=\"2019-03-01T14:34:24+00:00\" \/>\n<meta property=\"article:modified_time\" content=\"2019-03-25T06:41:05+00:00\" \/>\n<meta property=\"og:image\" content=\"https:\/\/www.institutfrancais-lituanie.com\/wp-content\/uploads\/2019\/03\/continentsnoirs.jpg\" \/>\n\t<meta property=\"og:image:width\" content=\"1170\" \/>\n\t<meta property=\"og:image:height\" content=\"585\" \/>\n\t<meta property=\"og:image:type\" content=\"image\/jpeg\" \/>\n<meta name=\"author\" content=\"Loic\" \/>\n<meta name=\"twitter:card\" content=\"summary_large_image\" \/>\n<meta name=\"twitter:label1\" content=\"Written by\" \/>\n\t<meta name=\"twitter:data1\" content=\"Loic\" \/>\n\t<meta name=\"twitter:label2\" content=\"Est. reading time\" \/>\n\t<meta name=\"twitter:data2\" content=\"1 minute\" \/>\n<script type=\"application\/ld+json\" class=\"yoast-schema-graph\">{\"@context\":\"https:\/\/schema.org\",\"@graph\":[{\"@type\":\"Article\",\"@id\":\"https:\/\/www.institutfrancais-lituanie.com\/fr\/archives\/archives-litterature\/mondialisation-des-prix-litteraires-francais-litterature-francaise-francophone-et-mondiale\/#article\",\"isPartOf\":{\"@id\":\"https:\/\/www.institutfrancais-lituanie.com\/fr\/archives\/archives-litterature\/mondialisation-des-prix-litteraires-francais-litterature-francaise-francophone-et-mondiale\/\"},\"author\":{\"name\":\"Loic\",\"@id\":\"https:\/\/www.institutfrancais-lituanie.com\/fr\/#\/schema\/person\/161b6644a2db59e5f235bfbe9026d036\"},\"headline\":\"Mondialisation des prix litt\u00e9raires fran\u00e7ais: litt\u00e9rature fran\u00e7aise, francophone et mondiale\",\"datePublished\":\"2019-03-01T14:34:24+00:00\",\"dateModified\":\"2019-03-25T06:41:05+00:00\",\"mainEntityOfPage\":{\"@id\":\"https:\/\/www.institutfrancais-lituanie.com\/fr\/archives\/archives-litterature\/mondialisation-des-prix-litteraires-francais-litterature-francaise-francophone-et-mondiale\/\"},\"wordCount\":164,\"publisher\":{\"@id\":\"https:\/\/www.institutfrancais-lituanie.com\/fr\/#organization\"},\"image\":{\"@id\":\"https:\/\/www.institutfrancais-lituanie.com\/fr\/archives\/archives-litterature\/mondialisation-des-prix-litteraires-francais-litterature-francaise-francophone-et-mondiale\/#primaryimage\"},\"thumbnailUrl\":\"https:\/\/www.institutfrancais-lituanie.com\/wp-content\/uploads\/2019\/03\/continentsnoirs.jpg\",\"articleSection\":[\"Archives : Litt\u00e9rature\"],\"inLanguage\":\"fr-FR\"},{\"@type\":\"WebPage\",\"@id\":\"https:\/\/www.institutfrancais-lituanie.com\/fr\/archives\/archives-litterature\/mondialisation-des-prix-litteraires-francais-litterature-francaise-francophone-et-mondiale\/\",\"url\":\"https:\/\/www.institutfrancais-lituanie.com\/fr\/archives\/archives-litterature\/mondialisation-des-prix-litteraires-francais-litterature-francaise-francophone-et-mondiale\/\",\"name\":\"Mondialisation des prix litt\u00e9raires fran\u00e7ais: litt\u00e9rature fran\u00e7aise, francophone et mondiale - IF Lituanie\",\"isPartOf\":{\"@id\":\"https:\/\/www.institutfrancais-lituanie.com\/fr\/#website\"},\"primaryImageOfPage\":{\"@id\":\"https:\/\/www.institutfrancais-lituanie.com\/fr\/archives\/archives-litterature\/mondialisation-des-prix-litteraires-francais-litterature-francaise-francophone-et-mondiale\/#primaryimage\"},\"image\":{\"@id\":\"https:\/\/www.institutfrancais-lituanie.com\/fr\/archives\/archives-litterature\/mondialisation-des-prix-litteraires-francais-litterature-francaise-francophone-et-mondiale\/#primaryimage\"},\"thumbnailUrl\":\"https:\/\/www.institutfrancais-lituanie.com\/wp-content\/uploads\/2019\/03\/continentsnoirs.jpg\",\"datePublished\":\"2019-03-01T14:34:24+00:00\",\"dateModified\":\"2019-03-25T06:41:05+00:00\",\"breadcrumb\":{\"@id\":\"https:\/\/www.institutfrancais-lituanie.com\/fr\/archives\/archives-litterature\/mondialisation-des-prix-litteraires-francais-litterature-francaise-francophone-et-mondiale\/#breadcrumb\"},\"inLanguage\":\"fr-FR\",\"potentialAction\":[{\"@type\":\"ReadAction\",\"target\":[\"https:\/\/www.institutfrancais-lituanie.com\/fr\/archives\/archives-litterature\/mondialisation-des-prix-litteraires-francais-litterature-francaise-francophone-et-mondiale\/\"]}]},{\"@type\":\"ImageObject\",\"inLanguage\":\"fr-FR\",\"@id\":\"https:\/\/www.institutfrancais-lituanie.com\/fr\/archives\/archives-litterature\/mondialisation-des-prix-litteraires-francais-litterature-francaise-francophone-et-mondiale\/#primaryimage\",\"url\":\"https:\/\/www.institutfrancais-lituanie.com\/wp-content\/uploads\/2019\/03\/continentsnoirs.jpg\",\"contentUrl\":\"https:\/\/www.institutfrancais-lituanie.com\/wp-content\/uploads\/2019\/03\/continentsnoirs.jpg\",\"width\":1170,\"height\":585},{\"@type\":\"BreadcrumbList\",\"@id\":\"https:\/\/www.institutfrancais-lituanie.com\/fr\/archives\/archives-litterature\/mondialisation-des-prix-litteraires-francais-litterature-francaise-francophone-et-mondiale\/#breadcrumb\",\"itemListElement\":[{\"@type\":\"ListItem\",\"position\":1,\"name\":\"Home\",\"item\":\"https:\/\/www.institutfrancais-lituanie.com\/fr\/\"},{\"@type\":\"ListItem\",\"position\":2,\"name\":\"Mondialisation des prix litt\u00e9raires fran\u00e7ais: litt\u00e9rature fran\u00e7aise, francophone et mondiale\"}]},{\"@type\":\"WebSite\",\"@id\":\"https:\/\/www.institutfrancais-lituanie.com\/fr\/#website\",\"url\":\"https:\/\/www.institutfrancais-lituanie.com\/fr\/\",\"name\":\"IF Lituanie\",\"description\":\"Pranc\u016bz\u0173 kalbos kursai, kult\u016bra, mediateka...\",\"publisher\":{\"@id\":\"https:\/\/www.institutfrancais-lituanie.com\/fr\/#organization\"},\"potentialAction\":[{\"@type\":\"SearchAction\",\"target\":{\"@type\":\"EntryPoint\",\"urlTemplate\":\"https:\/\/www.institutfrancais-lituanie.com\/fr\/?s={search_term_string}\"},\"query-input\":\"required name=search_term_string\"}],\"inLanguage\":\"fr-FR\"},{\"@type\":\"Organization\",\"@id\":\"https:\/\/www.institutfrancais-lituanie.com\/fr\/#organization\",\"name\":\"Pranc\u016bz\u0173 institutas\",\"url\":\"https:\/\/www.institutfrancais-lituanie.com\/fr\/\",\"logo\":{\"@type\":\"ImageObject\",\"inLanguage\":\"fr-FR\",\"@id\":\"https:\/\/www.institutfrancais-lituanie.com\/fr\/#\/schema\/logo\/image\/\",\"url\":\"https:\/\/www.institutfrancais-lituanie.com\/wp-content\/uploads\/2023\/04\/IF_Logo-Lituanie-RVB.jpg\",\"contentUrl\":\"https:\/\/www.institutfrancais-lituanie.com\/wp-content\/uploads\/2023\/04\/IF_Logo-Lituanie-RVB.jpg\",\"width\":827,\"height\":555,\"caption\":\"Pranc\u016bz\u0173 institutas\"},\"image\":{\"@id\":\"https:\/\/www.institutfrancais-lituanie.com\/fr\/#\/schema\/logo\/image\/\"},\"sameAs\":[\"https:\/\/www.facebook.com\/prancuzuinstitutas\/\",\"https:\/\/www.instagram.com\/institut_francais_lituanie\/\"]},{\"@type\":\"Person\",\"@id\":\"https:\/\/www.institutfrancais-lituanie.com\/fr\/#\/schema\/person\/161b6644a2db59e5f235bfbe9026d036\",\"name\":\"Loic\",\"image\":{\"@type\":\"ImageObject\",\"inLanguage\":\"fr-FR\",\"@id\":\"https:\/\/www.institutfrancais-lituanie.com\/fr\/#\/schema\/person\/image\/\",\"url\":\"https:\/\/secure.gravatar.com\/avatar\/d6d4be166a8ce40ea7b7165c57cf2ffd?s=96&d=mm&r=g\",\"contentUrl\":\"https:\/\/secure.gravatar.com\/avatar\/d6d4be166a8ce40ea7b7165c57cf2ffd?s=96&d=mm&r=g\",\"caption\":\"Loic\"},\"url\":\"https:\/\/www.institutfrancais-lituanie.com\/fr\/author\/loic\/\"}]}<\/script>\n<!-- \/ Yoast SEO plugin. -->","yoast_head_json":{"title":"Mondialisation des prix litt\u00e9raires fran\u00e7ais: litt\u00e9rature fran\u00e7aise, francophone et mondiale - IF Lituanie","robots":{"index":"index","follow":"follow","max-snippet":"max-snippet:-1","max-image-preview":"max-image-preview:large","max-video-preview":"max-video-preview:-1"},"canonical":"https:\/\/www.institutfrancais-lituanie.com\/fr\/archives\/archives-litterature\/mondialisation-des-prix-litteraires-francais-litterature-francaise-francophone-et-mondiale\/","og_locale":"fr_FR","og_type":"article","og_title":"Mondialisation des prix litt\u00e9raires fran\u00e7ais: litt\u00e9rature fran\u00e7aise, francophone et mondiale - IF Lituanie","og_description":"Conf\u00e9rence de Egl\u0117 Ka\u010dkut\u0117 &#8220;Mondialisation des prix litt\u00e9raires fran\u00e7ais: litt\u00e9rature fran\u00e7aise, francophone et litt\u00e9rature mondiale&hellip;","og_url":"https:\/\/www.institutfrancais-lituanie.com\/fr\/archives\/archives-litterature\/mondialisation-des-prix-litteraires-francais-litterature-francaise-francophone-et-mondiale\/","og_site_name":"IF Lituanie","article_publisher":"https:\/\/www.facebook.com\/prancuzuinstitutas\/","article_published_time":"2019-03-01T14:34:24+00:00","article_modified_time":"2019-03-25T06:41:05+00:00","og_image":[{"width":1170,"height":585,"url":"https:\/\/www.institutfrancais-lituanie.com\/wp-content\/uploads\/2019\/03\/continentsnoirs.jpg","type":"image\/jpeg"}],"author":"Loic","twitter_card":"summary_large_image","twitter_misc":{"Written by":"Loic","Est. reading time":"1 minute"},"schema":{"@context":"https:\/\/schema.org","@graph":[{"@type":"Article","@id":"https:\/\/www.institutfrancais-lituanie.com\/fr\/archives\/archives-litterature\/mondialisation-des-prix-litteraires-francais-litterature-francaise-francophone-et-mondiale\/#article","isPartOf":{"@id":"https:\/\/www.institutfrancais-lituanie.com\/fr\/archives\/archives-litterature\/mondialisation-des-prix-litteraires-francais-litterature-francaise-francophone-et-mondiale\/"},"author":{"name":"Loic","@id":"https:\/\/www.institutfrancais-lituanie.com\/fr\/#\/schema\/person\/161b6644a2db59e5f235bfbe9026d036"},"headline":"Mondialisation des prix litt\u00e9raires fran\u00e7ais: litt\u00e9rature fran\u00e7aise, francophone et mondiale","datePublished":"2019-03-01T14:34:24+00:00","dateModified":"2019-03-25T06:41:05+00:00","mainEntityOfPage":{"@id":"https:\/\/www.institutfrancais-lituanie.com\/fr\/archives\/archives-litterature\/mondialisation-des-prix-litteraires-francais-litterature-francaise-francophone-et-mondiale\/"},"wordCount":164,"publisher":{"@id":"https:\/\/www.institutfrancais-lituanie.com\/fr\/#organization"},"image":{"@id":"https:\/\/www.institutfrancais-lituanie.com\/fr\/archives\/archives-litterature\/mondialisation-des-prix-litteraires-francais-litterature-francaise-francophone-et-mondiale\/#primaryimage"},"thumbnailUrl":"https:\/\/www.institutfrancais-lituanie.com\/wp-content\/uploads\/2019\/03\/continentsnoirs.jpg","articleSection":["Archives : Litt\u00e9rature"],"inLanguage":"fr-FR"},{"@type":"WebPage","@id":"https:\/\/www.institutfrancais-lituanie.com\/fr\/archives\/archives-litterature\/mondialisation-des-prix-litteraires-francais-litterature-francaise-francophone-et-mondiale\/","url":"https:\/\/www.institutfrancais-lituanie.com\/fr\/archives\/archives-litterature\/mondialisation-des-prix-litteraires-francais-litterature-francaise-francophone-et-mondiale\/","name":"Mondialisation des prix litt\u00e9raires fran\u00e7ais: litt\u00e9rature fran\u00e7aise, francophone et mondiale - IF Lituanie","isPartOf":{"@id":"https:\/\/www.institutfrancais-lituanie.com\/fr\/#website"},"primaryImageOfPage":{"@id":"https:\/\/www.institutfrancais-lituanie.com\/fr\/archives\/archives-litterature\/mondialisation-des-prix-litteraires-francais-litterature-francaise-francophone-et-mondiale\/#primaryimage"},"image":{"@id":"https:\/\/www.institutfrancais-lituanie.com\/fr\/archives\/archives-litterature\/mondialisation-des-prix-litteraires-francais-litterature-francaise-francophone-et-mondiale\/#primaryimage"},"thumbnailUrl":"https:\/\/www.institutfrancais-lituanie.com\/wp-content\/uploads\/2019\/03\/continentsnoirs.jpg","datePublished":"2019-03-01T14:34:24+00:00","dateModified":"2019-03-25T06:41:05+00:00","breadcrumb":{"@id":"https:\/\/www.institutfrancais-lituanie.com\/fr\/archives\/archives-litterature\/mondialisation-des-prix-litteraires-francais-litterature-francaise-francophone-et-mondiale\/#breadcrumb"},"inLanguage":"fr-FR","potentialAction":[{"@type":"ReadAction","target":["https:\/\/www.institutfrancais-lituanie.com\/fr\/archives\/archives-litterature\/mondialisation-des-prix-litteraires-francais-litterature-francaise-francophone-et-mondiale\/"]}]},{"@type":"ImageObject","inLanguage":"fr-FR","@id":"https:\/\/www.institutfrancais-lituanie.com\/fr\/archives\/archives-litterature\/mondialisation-des-prix-litteraires-francais-litterature-francaise-francophone-et-mondiale\/#primaryimage","url":"https:\/\/www.institutfrancais-lituanie.com\/wp-content\/uploads\/2019\/03\/continentsnoirs.jpg","contentUrl":"https:\/\/www.institutfrancais-lituanie.com\/wp-content\/uploads\/2019\/03\/continentsnoirs.jpg","width":1170,"height":585},{"@type":"BreadcrumbList","@id":"https:\/\/www.institutfrancais-lituanie.com\/fr\/archives\/archives-litterature\/mondialisation-des-prix-litteraires-francais-litterature-francaise-francophone-et-mondiale\/#breadcrumb","itemListElement":[{"@type":"ListItem","position":1,"name":"Home","item":"https:\/\/www.institutfrancais-lituanie.com\/fr\/"},{"@type":"ListItem","position":2,"name":"Mondialisation des prix litt\u00e9raires fran\u00e7ais: litt\u00e9rature fran\u00e7aise, francophone et mondiale"}]},{"@type":"WebSite","@id":"https:\/\/www.institutfrancais-lituanie.com\/fr\/#website","url":"https:\/\/www.institutfrancais-lituanie.com\/fr\/","name":"IF Lituanie","description":"Pranc\u016bz\u0173 kalbos kursai, kult\u016bra, mediateka...","publisher":{"@id":"https:\/\/www.institutfrancais-lituanie.com\/fr\/#organization"},"potentialAction":[{"@type":"SearchAction","target":{"@type":"EntryPoint","urlTemplate":"https:\/\/www.institutfrancais-lituanie.com\/fr\/?s={search_term_string}"},"query-input":"required name=search_term_string"}],"inLanguage":"fr-FR"},{"@type":"Organization","@id":"https:\/\/www.institutfrancais-lituanie.com\/fr\/#organization","name":"Pranc\u016bz\u0173 institutas","url":"https:\/\/www.institutfrancais-lituanie.com\/fr\/","logo":{"@type":"ImageObject","inLanguage":"fr-FR","@id":"https:\/\/www.institutfrancais-lituanie.com\/fr\/#\/schema\/logo\/image\/","url":"https:\/\/www.institutfrancais-lituanie.com\/wp-content\/uploads\/2023\/04\/IF_Logo-Lituanie-RVB.jpg","contentUrl":"https:\/\/www.institutfrancais-lituanie.com\/wp-content\/uploads\/2023\/04\/IF_Logo-Lituanie-RVB.jpg","width":827,"height":555,"caption":"Pranc\u016bz\u0173 institutas"},"image":{"@id":"https:\/\/www.institutfrancais-lituanie.com\/fr\/#\/schema\/logo\/image\/"},"sameAs":["https:\/\/www.facebook.com\/prancuzuinstitutas\/","https:\/\/www.instagram.com\/institut_francais_lituanie\/"]},{"@type":"Person","@id":"https:\/\/www.institutfrancais-lituanie.com\/fr\/#\/schema\/person\/161b6644a2db59e5f235bfbe9026d036","name":"Loic","image":{"@type":"ImageObject","inLanguage":"fr-FR","@id":"https:\/\/www.institutfrancais-lituanie.com\/fr\/#\/schema\/person\/image\/","url":"https:\/\/secure.gravatar.com\/avatar\/d6d4be166a8ce40ea7b7165c57cf2ffd?s=96&d=mm&r=g","contentUrl":"https:\/\/secure.gravatar.com\/avatar\/d6d4be166a8ce40ea7b7165c57cf2ffd?s=96&d=mm&r=g","caption":"Loic"},"url":"https:\/\/www.institutfrancais-lituanie.com\/fr\/author\/loic\/"}]}},"_links":{"self":[{"href":"https:\/\/www.institutfrancais-lituanie.com\/fr\/wp-json\/wp\/v2\/posts\/4170"}],"collection":[{"href":"https:\/\/www.institutfrancais-lituanie.com\/fr\/wp-json\/wp\/v2\/posts"}],"about":[{"href":"https:\/\/www.institutfrancais-lituanie.com\/fr\/wp-json\/wp\/v2\/types\/post"}],"author":[{"embeddable":true,"href":"https:\/\/www.institutfrancais-lituanie.com\/fr\/wp-json\/wp\/v2\/users\/2"}],"replies":[{"embeddable":true,"href":"https:\/\/www.institutfrancais-lituanie.com\/fr\/wp-json\/wp\/v2\/comments?post=4170"}],"version-history":[{"count":2,"href":"https:\/\/www.institutfrancais-lituanie.com\/fr\/wp-json\/wp\/v2\/posts\/4170\/revisions"}],"predecessor-version":[{"id":4286,"href":"https:\/\/www.institutfrancais-lituanie.com\/fr\/wp-json\/wp\/v2\/posts\/4170\/revisions\/4286"}],"wp:featuredmedia":[{"embeddable":true,"href":"https:\/\/www.institutfrancais-lituanie.com\/fr\/wp-json\/wp\/v2\/media\/4168"}],"wp:attachment":[{"href":"https:\/\/www.institutfrancais-lituanie.com\/fr\/wp-json\/wp\/v2\/media?parent=4170"}],"wp:term":[{"taxonomy":"category","embeddable":true,"href":"https:\/\/www.institutfrancais-lituanie.com\/fr\/wp-json\/wp\/v2\/categories?post=4170"},{"taxonomy":"post_tag","embeddable":true,"href":"https:\/\/www.institutfrancais-lituanie.com\/fr\/wp-json\/wp\/v2\/tags?post=4170"}],"curies":[{"name":"wp","href":"https:\/\/api.w.org\/{rel}","templated":true}]}}