{"id":3419,"date":"2019-02-07T14:11:30","date_gmt":"2019-02-07T14:11:30","guid":{"rendered":"http:\/\/institutfrancais-lituanie.com\/?p=3419"},"modified":"2019-02-17T12:24:19","modified_gmt":"2019-02-17T12:24:19","slug":"heure-du-conte","status":"publish","type":"post","link":"https:\/\/www.institutfrancais-lituanie.com\/fr\/archives\/archives-lheure-du-conte\/heure-du-conte\/","title":{"rendered":"Heure du conte"},"content":{"rendered":"<p><strong>&#8220;Heure du conte&#8221;: une initiation des enfants non francophones de 3 \u00e0 9 ans \u00e0 la litt\u00e9rature fran\u00e7aise. <\/strong>Une fois par mois, nous vous invitons avec vos enfants \u00e0 l\u2019heure du conte en lituanien afin d&#8217;initier les enfants non francophones \u00e0 la litt\u00e9rature fran\u00e7aise.<\/p>\n<p><b>Le vendredi 15 f\u00e9vrier \u00e0 17 h, Institut fran\u00e7ais\u00a0de Lituanie.\u00a0<\/b>Cette ann\u00e9e, \u00ab L\u2019Heure du conte \u00bb sera consacr\u00e9e aux \u00ab Contes du\u00a0 chat perch\u00e9 \u00bb de l\u2019\u00e9crivain fran\u00e7ais Marcel Aym\u00e9.\u00a0 Venez r\u00eaver devant les spectacles imagin\u00e9s par l\u2019actrice et metteuse en sc\u00e8ne Saul\u0117 Degutyt\u0117 du \u00ab Th\u00e9\u00e2tre de la table \u00bb. En ce mois de f\u00e9vrier, les petits spectateurs (et les plus grands\u00a0!) pourront assister \u00e0 la mise en sc\u00e8ne du conte \u00ab La patte du chat \u00bb.<\/p>\n<p>En lituanien, pour les enfants non francophones de 3 \u00e0 9 ans. Entr\u00e9e libre.<\/p>\n<p><strong><em>En raison du nombre de places disponibles, merci de confirmer votre inscription en remplissant le formulaire en ligne<\/em><\/strong>:<\/p>\n<p><img loading=\"lazy\" decoding=\"async\" class=\"alignnone size-full wp-image-2827\" src=\"http:\/\/institutfrancais-lituanie.com\/wp-content\/uploads\/2019\/01\/stalo-teatras1.jpg\" alt=\"\" width=\"250\" height=\"104\" \/><\/p>\n<p><iframe loading=\"lazy\" src=\"https:\/\/docs.google.com\/forms\/d\/e\/1FAIpQLScov9YT--zvB2a1bvOTU0UuPM6aFfuAR8NIcDXahTVYo0CAag\/viewform?embedded=true\" width=\"100%\" height=\"1092\" frameborder=\"0\" marginwidth=\"0\" marginheight=\"0\">\u012ekeliama\u2026<\/iframe><\/p>\n","protected":false},"excerpt":{"rendered":"<p>&#8220;Heure du conte&#8221;: une initiation des enfants non francophones de 3 \u00e0 9 ans \u00e0&hellip;<\/p>\n","protected":false},"author":2,"featured_media":3417,"comment_status":"closed","ping_status":"open","sticky":false,"template":"","format":"standard","meta":{"footnotes":""},"categories":[112],"tags":[],"class_list":["post-3419","post","type-post","status-publish","format-standard","has-post-thumbnail","hentry","category-archives-lheure-du-conte"],"yoast_head":"<!-- This site is optimized with the Yoast SEO plugin v23.2 - https:\/\/yoast.com\/wordpress\/plugins\/seo\/ -->\n<title>Heure du conte - IF Lituanie<\/title>\n<meta name=\"robots\" content=\"index, follow, max-snippet:-1, max-image-preview:large, max-video-preview:-1\" \/>\n<link rel=\"canonical\" href=\"https:\/\/www.institutfrancais-lituanie.com\/fr\/archives\/archives-lheure-du-conte\/heure-du-conte\/\" \/>\n<meta property=\"og:locale\" content=\"fr_FR\" \/>\n<meta property=\"og:type\" content=\"article\" \/>\n<meta property=\"og:title\" content=\"Heure du conte - IF Lituanie\" \/>\n<meta property=\"og:description\" content=\"&#8220;Heure du conte&#8221;: une initiation des enfants non francophones de 3 \u00e0 9 ans \u00e0&hellip;\" \/>\n<meta property=\"og:url\" content=\"https:\/\/www.institutfrancais-lituanie.com\/fr\/archives\/archives-lheure-du-conte\/heure-du-conte\/\" \/>\n<meta property=\"og:site_name\" content=\"IF Lituanie\" \/>\n<meta property=\"article:publisher\" content=\"https:\/\/www.facebook.com\/prancuzuinstitutas\/\" \/>\n<meta property=\"article:published_time\" content=\"2019-02-07T14:11:30+00:00\" \/>\n<meta property=\"article:modified_time\" content=\"2019-02-17T12:24:19+00:00\" \/>\n<meta property=\"og:image\" content=\"https:\/\/www.institutfrancais-lituanie.com\/wp-content\/uploads\/2019\/02\/Site-chat.jpg\" \/>\n\t<meta property=\"og:image:width\" content=\"1170\" \/>\n\t<meta property=\"og:image:height\" content=\"585\" \/>\n\t<meta property=\"og:image:type\" content=\"image\/jpeg\" \/>\n<meta name=\"author\" content=\"Loic\" \/>\n<meta name=\"twitter:card\" content=\"summary_large_image\" \/>\n<meta name=\"twitter:label1\" content=\"Written by\" \/>\n\t<meta name=\"twitter:data1\" content=\"Loic\" \/>\n\t<meta name=\"twitter:label2\" content=\"Est. reading time\" \/>\n\t<meta name=\"twitter:data2\" content=\"1 minute\" \/>\n<script type=\"application\/ld+json\" class=\"yoast-schema-graph\">{\"@context\":\"https:\/\/schema.org\",\"@graph\":[{\"@type\":\"Article\",\"@id\":\"https:\/\/www.institutfrancais-lituanie.com\/fr\/archives\/archives-lheure-du-conte\/heure-du-conte\/#article\",\"isPartOf\":{\"@id\":\"https:\/\/www.institutfrancais-lituanie.com\/fr\/archives\/archives-lheure-du-conte\/heure-du-conte\/\"},\"author\":{\"name\":\"Loic\",\"@id\":\"https:\/\/www.institutfrancais-lituanie.com\/fr\/#\/schema\/person\/161b6644a2db59e5f235bfbe9026d036\"},\"headline\":\"Heure du conte\",\"datePublished\":\"2019-02-07T14:11:30+00:00\",\"dateModified\":\"2019-02-17T12:24:19+00:00\",\"mainEntityOfPage\":{\"@id\":\"https:\/\/www.institutfrancais-lituanie.com\/fr\/archives\/archives-lheure-du-conte\/heure-du-conte\/\"},\"wordCount\":159,\"publisher\":{\"@id\":\"https:\/\/www.institutfrancais-lituanie.com\/fr\/#organization\"},\"image\":{\"@id\":\"https:\/\/www.institutfrancais-lituanie.com\/fr\/archives\/archives-lheure-du-conte\/heure-du-conte\/#primaryimage\"},\"thumbnailUrl\":\"https:\/\/www.institutfrancais-lituanie.com\/wp-content\/uploads\/2019\/02\/Site-chat.jpg\",\"articleSection\":[\"Archives : l'heure du conte\"],\"inLanguage\":\"fr-FR\"},{\"@type\":\"WebPage\",\"@id\":\"https:\/\/www.institutfrancais-lituanie.com\/fr\/archives\/archives-lheure-du-conte\/heure-du-conte\/\",\"url\":\"https:\/\/www.institutfrancais-lituanie.com\/fr\/archives\/archives-lheure-du-conte\/heure-du-conte\/\",\"name\":\"Heure du conte - IF Lituanie\",\"isPartOf\":{\"@id\":\"https:\/\/www.institutfrancais-lituanie.com\/fr\/#website\"},\"primaryImageOfPage\":{\"@id\":\"https:\/\/www.institutfrancais-lituanie.com\/fr\/archives\/archives-lheure-du-conte\/heure-du-conte\/#primaryimage\"},\"image\":{\"@id\":\"https:\/\/www.institutfrancais-lituanie.com\/fr\/archives\/archives-lheure-du-conte\/heure-du-conte\/#primaryimage\"},\"thumbnailUrl\":\"https:\/\/www.institutfrancais-lituanie.com\/wp-content\/uploads\/2019\/02\/Site-chat.jpg\",\"datePublished\":\"2019-02-07T14:11:30+00:00\",\"dateModified\":\"2019-02-17T12:24:19+00:00\",\"breadcrumb\":{\"@id\":\"https:\/\/www.institutfrancais-lituanie.com\/fr\/archives\/archives-lheure-du-conte\/heure-du-conte\/#breadcrumb\"},\"inLanguage\":\"fr-FR\",\"potentialAction\":[{\"@type\":\"ReadAction\",\"target\":[\"https:\/\/www.institutfrancais-lituanie.com\/fr\/archives\/archives-lheure-du-conte\/heure-du-conte\/\"]}]},{\"@type\":\"ImageObject\",\"inLanguage\":\"fr-FR\",\"@id\":\"https:\/\/www.institutfrancais-lituanie.com\/fr\/archives\/archives-lheure-du-conte\/heure-du-conte\/#primaryimage\",\"url\":\"https:\/\/www.institutfrancais-lituanie.com\/wp-content\/uploads\/2019\/02\/Site-chat.jpg\",\"contentUrl\":\"https:\/\/www.institutfrancais-lituanie.com\/wp-content\/uploads\/2019\/02\/Site-chat.jpg\",\"width\":1170,\"height\":585},{\"@type\":\"BreadcrumbList\",\"@id\":\"https:\/\/www.institutfrancais-lituanie.com\/fr\/archives\/archives-lheure-du-conte\/heure-du-conte\/#breadcrumb\",\"itemListElement\":[{\"@type\":\"ListItem\",\"position\":1,\"name\":\"Home\",\"item\":\"https:\/\/www.institutfrancais-lituanie.com\/fr\/\"},{\"@type\":\"ListItem\",\"position\":2,\"name\":\"Heure du conte\"}]},{\"@type\":\"WebSite\",\"@id\":\"https:\/\/www.institutfrancais-lituanie.com\/fr\/#website\",\"url\":\"https:\/\/www.institutfrancais-lituanie.com\/fr\/\",\"name\":\"IF Lituanie\",\"description\":\"Pranc\u016bz\u0173 kalbos kursai, kult\u016bra, mediateka...\",\"publisher\":{\"@id\":\"https:\/\/www.institutfrancais-lituanie.com\/fr\/#organization\"},\"potentialAction\":[{\"@type\":\"SearchAction\",\"target\":{\"@type\":\"EntryPoint\",\"urlTemplate\":\"https:\/\/www.institutfrancais-lituanie.com\/fr\/?s={search_term_string}\"},\"query-input\":\"required name=search_term_string\"}],\"inLanguage\":\"fr-FR\"},{\"@type\":\"Organization\",\"@id\":\"https:\/\/www.institutfrancais-lituanie.com\/fr\/#organization\",\"name\":\"Pranc\u016bz\u0173 institutas\",\"url\":\"https:\/\/www.institutfrancais-lituanie.com\/fr\/\",\"logo\":{\"@type\":\"ImageObject\",\"inLanguage\":\"fr-FR\",\"@id\":\"https:\/\/www.institutfrancais-lituanie.com\/fr\/#\/schema\/logo\/image\/\",\"url\":\"https:\/\/www.institutfrancais-lituanie.com\/wp-content\/uploads\/2023\/04\/IF_Logo-Lituanie-RVB.jpg\",\"contentUrl\":\"https:\/\/www.institutfrancais-lituanie.com\/wp-content\/uploads\/2023\/04\/IF_Logo-Lituanie-RVB.jpg\",\"width\":827,\"height\":555,\"caption\":\"Pranc\u016bz\u0173 institutas\"},\"image\":{\"@id\":\"https:\/\/www.institutfrancais-lituanie.com\/fr\/#\/schema\/logo\/image\/\"},\"sameAs\":[\"https:\/\/www.facebook.com\/prancuzuinstitutas\/\",\"https:\/\/www.instagram.com\/institut_francais_lituanie\/\"]},{\"@type\":\"Person\",\"@id\":\"https:\/\/www.institutfrancais-lituanie.com\/fr\/#\/schema\/person\/161b6644a2db59e5f235bfbe9026d036\",\"name\":\"Loic\",\"image\":{\"@type\":\"ImageObject\",\"inLanguage\":\"fr-FR\",\"@id\":\"https:\/\/www.institutfrancais-lituanie.com\/fr\/#\/schema\/person\/image\/\",\"url\":\"https:\/\/secure.gravatar.com\/avatar\/d6d4be166a8ce40ea7b7165c57cf2ffd?s=96&d=mm&r=g\",\"contentUrl\":\"https:\/\/secure.gravatar.com\/avatar\/d6d4be166a8ce40ea7b7165c57cf2ffd?s=96&d=mm&r=g\",\"caption\":\"Loic\"},\"url\":\"https:\/\/www.institutfrancais-lituanie.com\/fr\/author\/loic\/\"}]}<\/script>\n<!-- \/ Yoast SEO plugin. -->","yoast_head_json":{"title":"Heure du conte - IF Lituanie","robots":{"index":"index","follow":"follow","max-snippet":"max-snippet:-1","max-image-preview":"max-image-preview:large","max-video-preview":"max-video-preview:-1"},"canonical":"https:\/\/www.institutfrancais-lituanie.com\/fr\/archives\/archives-lheure-du-conte\/heure-du-conte\/","og_locale":"fr_FR","og_type":"article","og_title":"Heure du conte - IF Lituanie","og_description":"&#8220;Heure du conte&#8221;: une initiation des enfants non francophones de 3 \u00e0 9 ans \u00e0&hellip;","og_url":"https:\/\/www.institutfrancais-lituanie.com\/fr\/archives\/archives-lheure-du-conte\/heure-du-conte\/","og_site_name":"IF Lituanie","article_publisher":"https:\/\/www.facebook.com\/prancuzuinstitutas\/","article_published_time":"2019-02-07T14:11:30+00:00","article_modified_time":"2019-02-17T12:24:19+00:00","og_image":[{"width":1170,"height":585,"url":"https:\/\/www.institutfrancais-lituanie.com\/wp-content\/uploads\/2019\/02\/Site-chat.jpg","type":"image\/jpeg"}],"author":"Loic","twitter_card":"summary_large_image","twitter_misc":{"Written by":"Loic","Est. reading time":"1 minute"},"schema":{"@context":"https:\/\/schema.org","@graph":[{"@type":"Article","@id":"https:\/\/www.institutfrancais-lituanie.com\/fr\/archives\/archives-lheure-du-conte\/heure-du-conte\/#article","isPartOf":{"@id":"https:\/\/www.institutfrancais-lituanie.com\/fr\/archives\/archives-lheure-du-conte\/heure-du-conte\/"},"author":{"name":"Loic","@id":"https:\/\/www.institutfrancais-lituanie.com\/fr\/#\/schema\/person\/161b6644a2db59e5f235bfbe9026d036"},"headline":"Heure du conte","datePublished":"2019-02-07T14:11:30+00:00","dateModified":"2019-02-17T12:24:19+00:00","mainEntityOfPage":{"@id":"https:\/\/www.institutfrancais-lituanie.com\/fr\/archives\/archives-lheure-du-conte\/heure-du-conte\/"},"wordCount":159,"publisher":{"@id":"https:\/\/www.institutfrancais-lituanie.com\/fr\/#organization"},"image":{"@id":"https:\/\/www.institutfrancais-lituanie.com\/fr\/archives\/archives-lheure-du-conte\/heure-du-conte\/#primaryimage"},"thumbnailUrl":"https:\/\/www.institutfrancais-lituanie.com\/wp-content\/uploads\/2019\/02\/Site-chat.jpg","articleSection":["Archives : l'heure du conte"],"inLanguage":"fr-FR"},{"@type":"WebPage","@id":"https:\/\/www.institutfrancais-lituanie.com\/fr\/archives\/archives-lheure-du-conte\/heure-du-conte\/","url":"https:\/\/www.institutfrancais-lituanie.com\/fr\/archives\/archives-lheure-du-conte\/heure-du-conte\/","name":"Heure du conte - IF Lituanie","isPartOf":{"@id":"https:\/\/www.institutfrancais-lituanie.com\/fr\/#website"},"primaryImageOfPage":{"@id":"https:\/\/www.institutfrancais-lituanie.com\/fr\/archives\/archives-lheure-du-conte\/heure-du-conte\/#primaryimage"},"image":{"@id":"https:\/\/www.institutfrancais-lituanie.com\/fr\/archives\/archives-lheure-du-conte\/heure-du-conte\/#primaryimage"},"thumbnailUrl":"https:\/\/www.institutfrancais-lituanie.com\/wp-content\/uploads\/2019\/02\/Site-chat.jpg","datePublished":"2019-02-07T14:11:30+00:00","dateModified":"2019-02-17T12:24:19+00:00","breadcrumb":{"@id":"https:\/\/www.institutfrancais-lituanie.com\/fr\/archives\/archives-lheure-du-conte\/heure-du-conte\/#breadcrumb"},"inLanguage":"fr-FR","potentialAction":[{"@type":"ReadAction","target":["https:\/\/www.institutfrancais-lituanie.com\/fr\/archives\/archives-lheure-du-conte\/heure-du-conte\/"]}]},{"@type":"ImageObject","inLanguage":"fr-FR","@id":"https:\/\/www.institutfrancais-lituanie.com\/fr\/archives\/archives-lheure-du-conte\/heure-du-conte\/#primaryimage","url":"https:\/\/www.institutfrancais-lituanie.com\/wp-content\/uploads\/2019\/02\/Site-chat.jpg","contentUrl":"https:\/\/www.institutfrancais-lituanie.com\/wp-content\/uploads\/2019\/02\/Site-chat.jpg","width":1170,"height":585},{"@type":"BreadcrumbList","@id":"https:\/\/www.institutfrancais-lituanie.com\/fr\/archives\/archives-lheure-du-conte\/heure-du-conte\/#breadcrumb","itemListElement":[{"@type":"ListItem","position":1,"name":"Home","item":"https:\/\/www.institutfrancais-lituanie.com\/fr\/"},{"@type":"ListItem","position":2,"name":"Heure du conte"}]},{"@type":"WebSite","@id":"https:\/\/www.institutfrancais-lituanie.com\/fr\/#website","url":"https:\/\/www.institutfrancais-lituanie.com\/fr\/","name":"IF Lituanie","description":"Pranc\u016bz\u0173 kalbos kursai, kult\u016bra, mediateka...","publisher":{"@id":"https:\/\/www.institutfrancais-lituanie.com\/fr\/#organization"},"potentialAction":[{"@type":"SearchAction","target":{"@type":"EntryPoint","urlTemplate":"https:\/\/www.institutfrancais-lituanie.com\/fr\/?s={search_term_string}"},"query-input":"required name=search_term_string"}],"inLanguage":"fr-FR"},{"@type":"Organization","@id":"https:\/\/www.institutfrancais-lituanie.com\/fr\/#organization","name":"Pranc\u016bz\u0173 institutas","url":"https:\/\/www.institutfrancais-lituanie.com\/fr\/","logo":{"@type":"ImageObject","inLanguage":"fr-FR","@id":"https:\/\/www.institutfrancais-lituanie.com\/fr\/#\/schema\/logo\/image\/","url":"https:\/\/www.institutfrancais-lituanie.com\/wp-content\/uploads\/2023\/04\/IF_Logo-Lituanie-RVB.jpg","contentUrl":"https:\/\/www.institutfrancais-lituanie.com\/wp-content\/uploads\/2023\/04\/IF_Logo-Lituanie-RVB.jpg","width":827,"height":555,"caption":"Pranc\u016bz\u0173 institutas"},"image":{"@id":"https:\/\/www.institutfrancais-lituanie.com\/fr\/#\/schema\/logo\/image\/"},"sameAs":["https:\/\/www.facebook.com\/prancuzuinstitutas\/","https:\/\/www.instagram.com\/institut_francais_lituanie\/"]},{"@type":"Person","@id":"https:\/\/www.institutfrancais-lituanie.com\/fr\/#\/schema\/person\/161b6644a2db59e5f235bfbe9026d036","name":"Loic","image":{"@type":"ImageObject","inLanguage":"fr-FR","@id":"https:\/\/www.institutfrancais-lituanie.com\/fr\/#\/schema\/person\/image\/","url":"https:\/\/secure.gravatar.com\/avatar\/d6d4be166a8ce40ea7b7165c57cf2ffd?s=96&d=mm&r=g","contentUrl":"https:\/\/secure.gravatar.com\/avatar\/d6d4be166a8ce40ea7b7165c57cf2ffd?s=96&d=mm&r=g","caption":"Loic"},"url":"https:\/\/www.institutfrancais-lituanie.com\/fr\/author\/loic\/"}]}},"_links":{"self":[{"href":"https:\/\/www.institutfrancais-lituanie.com\/fr\/wp-json\/wp\/v2\/posts\/3419"}],"collection":[{"href":"https:\/\/www.institutfrancais-lituanie.com\/fr\/wp-json\/wp\/v2\/posts"}],"about":[{"href":"https:\/\/www.institutfrancais-lituanie.com\/fr\/wp-json\/wp\/v2\/types\/post"}],"author":[{"embeddable":true,"href":"https:\/\/www.institutfrancais-lituanie.com\/fr\/wp-json\/wp\/v2\/users\/2"}],"replies":[{"embeddable":true,"href":"https:\/\/www.institutfrancais-lituanie.com\/fr\/wp-json\/wp\/v2\/comments?post=3419"}],"version-history":[{"count":1,"href":"https:\/\/www.institutfrancais-lituanie.com\/fr\/wp-json\/wp\/v2\/posts\/3419\/revisions"}],"predecessor-version":[{"id":3420,"href":"https:\/\/www.institutfrancais-lituanie.com\/fr\/wp-json\/wp\/v2\/posts\/3419\/revisions\/3420"}],"wp:featuredmedia":[{"embeddable":true,"href":"https:\/\/www.institutfrancais-lituanie.com\/fr\/wp-json\/wp\/v2\/media\/3417"}],"wp:attachment":[{"href":"https:\/\/www.institutfrancais-lituanie.com\/fr\/wp-json\/wp\/v2\/media?parent=3419"}],"wp:term":[{"taxonomy":"category","embeddable":true,"href":"https:\/\/www.institutfrancais-lituanie.com\/fr\/wp-json\/wp\/v2\/categories?post=3419"},{"taxonomy":"post_tag","embeddable":true,"href":"https:\/\/www.institutfrancais-lituanie.com\/fr\/wp-json\/wp\/v2\/tags?post=3419"}],"curies":[{"name":"wp","href":"https:\/\/api.w.org\/{rel}","templated":true}]}}