{"id":2425,"date":"2019-01-04T07:31:57","date_gmt":"2019-01-04T07:31:57","guid":{"rendered":"http:\/\/institutfrancais-lituanie.com\/?p=2425"},"modified":"2019-01-04T07:31:57","modified_gmt":"2019-01-04T07:31:57","slug":"claude-hagege-la-pensee-unique-et-la-diversite-des-langues","status":"publish","type":"post","link":"https:\/\/www.institutfrancais-lituanie.com\/fr\/archives\/archives-debat-didees\/archives-nouveaux-regards\/claude-hagege-la-pensee-unique-et-la-diversite-des-langues\/","title":{"rendered":"Claude Hag\u00e8ge : \u00ab La pens\u00e9e unique et la diversit\u00e9 des langues \u00bb"},"content":{"rendered":"<p><b>A l\u2019occasion des Journ\u00e9es de la Francophonie <\/b>et dans le cadre de notre cycle <i>Nouveaux regards sur le monde actuel<\/i><b><i> \u00a0<\/i><\/b><\/p>\n<p><b>Conf\u00e9rence de Claude Hag\u00e8ge :\u00a0<i>La pens\u00e9e unique et la diversit\u00e9 des langues<\/i><\/b><\/p>\n<p>(avec la traduction vers le lituanien)<\/p>\n<p>Professeur honoraire au Coll\u00e8ge de France et linguiste de renomm\u00e9e internationale, ancien \u00e9l\u00e8ve de l&#8217;\u00c9cole Normale Sup\u00e9rieure, agr\u00e9g\u00e9 des lettres, directeur d&#8217;\u00e9tudes en linguistique structurale \u00e0 l&#8217;\u00c9cole pratique des hautes \u00e9tudes, titulaire de la chaire de th\u00e9orie linguistique au Coll\u00e8ge de France, Claude Hag\u00e8ge est connu aussi pour \u00eatre polyglotte, ayant des connaissances dans une cinquantaine de langues, parmi lesquelles l&#8217;italien, l&#8217;anglais, l&#8217;arabe, le mandarin, l&#8217;h\u00e9breu, le russe, le hongrois, le turc, le persan, le malais, l&#8217;hindi, le malgache, le peul et le japonais.<\/p>\n","protected":false},"excerpt":{"rendered":"<p>A l\u2019occasion des Journ\u00e9es de la Francophonie et dans le cadre de notre cycle Nouveaux&hellip;<\/p>\n","protected":false},"author":2,"featured_media":2423,"comment_status":"closed","ping_status":"open","sticky":false,"template":"","format":"standard","meta":{"footnotes":""},"categories":[72],"tags":[],"class_list":["post-2425","post","type-post","status-publish","format-standard","has-post-thumbnail","hentry","category-archives-nouveaux-regards"],"yoast_head":"<!-- This site is optimized with the Yoast SEO plugin v23.2 - https:\/\/yoast.com\/wordpress\/plugins\/seo\/ -->\n<title>Claude Hag\u00e8ge : \u00ab La pens\u00e9e unique et la diversit\u00e9 des langues \u00bb - IF Lituanie<\/title>\n<meta name=\"robots\" content=\"index, follow, max-snippet:-1, max-image-preview:large, max-video-preview:-1\" \/>\n<link rel=\"canonical\" href=\"https:\/\/www.institutfrancais-lituanie.com\/fr\/archives\/archives-debat-didees\/archives-nouveaux-regards\/claude-hagege-la-pensee-unique-et-la-diversite-des-langues\/\" \/>\n<meta property=\"og:locale\" content=\"fr_FR\" \/>\n<meta property=\"og:type\" content=\"article\" \/>\n<meta property=\"og:title\" content=\"Claude Hag\u00e8ge : \u00ab La pens\u00e9e unique et la diversit\u00e9 des langues \u00bb - IF Lituanie\" \/>\n<meta property=\"og:description\" content=\"A l\u2019occasion des Journ\u00e9es de la Francophonie et dans le cadre de notre cycle Nouveaux&hellip;\" \/>\n<meta property=\"og:url\" content=\"https:\/\/www.institutfrancais-lituanie.com\/fr\/archives\/archives-debat-didees\/archives-nouveaux-regards\/claude-hagege-la-pensee-unique-et-la-diversite-des-langues\/\" \/>\n<meta property=\"og:site_name\" content=\"IF Lituanie\" \/>\n<meta property=\"article:publisher\" content=\"https:\/\/www.facebook.com\/prancuzuinstitutas\/\" \/>\n<meta property=\"article:published_time\" content=\"2019-01-04T07:31:57+00:00\" \/>\n<meta property=\"og:image\" content=\"https:\/\/www.institutfrancais-lituanie.com\/wp-content\/uploads\/2019\/01\/hagege-600x248.png\" \/>\n\t<meta property=\"og:image:width\" content=\"600\" \/>\n\t<meta property=\"og:image:height\" content=\"248\" \/>\n\t<meta property=\"og:image:type\" content=\"image\/png\" \/>\n<meta name=\"author\" content=\"Loic\" \/>\n<meta name=\"twitter:card\" content=\"summary_large_image\" \/>\n<meta name=\"twitter:label1\" content=\"Written by\" \/>\n\t<meta name=\"twitter:data1\" content=\"Loic\" \/>\n\t<meta name=\"twitter:label2\" content=\"Est. reading time\" \/>\n\t<meta name=\"twitter:data2\" content=\"1 minute\" \/>\n<script type=\"application\/ld+json\" class=\"yoast-schema-graph\">{\"@context\":\"https:\/\/schema.org\",\"@graph\":[{\"@type\":\"Article\",\"@id\":\"https:\/\/www.institutfrancais-lituanie.com\/fr\/archives\/archives-debat-didees\/archives-nouveaux-regards\/claude-hagege-la-pensee-unique-et-la-diversite-des-langues\/#article\",\"isPartOf\":{\"@id\":\"https:\/\/www.institutfrancais-lituanie.com\/fr\/archives\/archives-debat-didees\/archives-nouveaux-regards\/claude-hagege-la-pensee-unique-et-la-diversite-des-langues\/\"},\"author\":{\"name\":\"Loic\",\"@id\":\"https:\/\/www.institutfrancais-lituanie.com\/fr\/#\/schema\/person\/161b6644a2db59e5f235bfbe9026d036\"},\"headline\":\"Claude Hag\u00e8ge : \u00ab La pens\u00e9e unique et la diversit\u00e9 des langues \u00bb\",\"datePublished\":\"2019-01-04T07:31:57+00:00\",\"dateModified\":\"2019-01-04T07:31:57+00:00\",\"mainEntityOfPage\":{\"@id\":\"https:\/\/www.institutfrancais-lituanie.com\/fr\/archives\/archives-debat-didees\/archives-nouveaux-regards\/claude-hagege-la-pensee-unique-et-la-diversite-des-langues\/\"},\"wordCount\":150,\"publisher\":{\"@id\":\"https:\/\/www.institutfrancais-lituanie.com\/fr\/#organization\"},\"image\":{\"@id\":\"https:\/\/www.institutfrancais-lituanie.com\/fr\/archives\/archives-debat-didees\/archives-nouveaux-regards\/claude-hagege-la-pensee-unique-et-la-diversite-des-langues\/#primaryimage\"},\"thumbnailUrl\":\"https:\/\/www.institutfrancais-lituanie.com\/wp-content\/uploads\/2019\/01\/hagege-600x248.png\",\"articleSection\":[\"Archives : Nouveaux regards\"],\"inLanguage\":\"fr-FR\"},{\"@type\":\"WebPage\",\"@id\":\"https:\/\/www.institutfrancais-lituanie.com\/fr\/archives\/archives-debat-didees\/archives-nouveaux-regards\/claude-hagege-la-pensee-unique-et-la-diversite-des-langues\/\",\"url\":\"https:\/\/www.institutfrancais-lituanie.com\/fr\/archives\/archives-debat-didees\/archives-nouveaux-regards\/claude-hagege-la-pensee-unique-et-la-diversite-des-langues\/\",\"name\":\"Claude Hag\u00e8ge : \u00ab La pens\u00e9e unique et la diversit\u00e9 des langues \u00bb - IF Lituanie\",\"isPartOf\":{\"@id\":\"https:\/\/www.institutfrancais-lituanie.com\/fr\/#website\"},\"primaryImageOfPage\":{\"@id\":\"https:\/\/www.institutfrancais-lituanie.com\/fr\/archives\/archives-debat-didees\/archives-nouveaux-regards\/claude-hagege-la-pensee-unique-et-la-diversite-des-langues\/#primaryimage\"},\"image\":{\"@id\":\"https:\/\/www.institutfrancais-lituanie.com\/fr\/archives\/archives-debat-didees\/archives-nouveaux-regards\/claude-hagege-la-pensee-unique-et-la-diversite-des-langues\/#primaryimage\"},\"thumbnailUrl\":\"https:\/\/www.institutfrancais-lituanie.com\/wp-content\/uploads\/2019\/01\/hagege-600x248.png\",\"datePublished\":\"2019-01-04T07:31:57+00:00\",\"dateModified\":\"2019-01-04T07:31:57+00:00\",\"breadcrumb\":{\"@id\":\"https:\/\/www.institutfrancais-lituanie.com\/fr\/archives\/archives-debat-didees\/archives-nouveaux-regards\/claude-hagege-la-pensee-unique-et-la-diversite-des-langues\/#breadcrumb\"},\"inLanguage\":\"fr-FR\",\"potentialAction\":[{\"@type\":\"ReadAction\",\"target\":[\"https:\/\/www.institutfrancais-lituanie.com\/fr\/archives\/archives-debat-didees\/archives-nouveaux-regards\/claude-hagege-la-pensee-unique-et-la-diversite-des-langues\/\"]}]},{\"@type\":\"ImageObject\",\"inLanguage\":\"fr-FR\",\"@id\":\"https:\/\/www.institutfrancais-lituanie.com\/fr\/archives\/archives-debat-didees\/archives-nouveaux-regards\/claude-hagege-la-pensee-unique-et-la-diversite-des-langues\/#primaryimage\",\"url\":\"https:\/\/www.institutfrancais-lituanie.com\/wp-content\/uploads\/2019\/01\/hagege-600x248.png\",\"contentUrl\":\"https:\/\/www.institutfrancais-lituanie.com\/wp-content\/uploads\/2019\/01\/hagege-600x248.png\",\"width\":600,\"height\":248},{\"@type\":\"BreadcrumbList\",\"@id\":\"https:\/\/www.institutfrancais-lituanie.com\/fr\/archives\/archives-debat-didees\/archives-nouveaux-regards\/claude-hagege-la-pensee-unique-et-la-diversite-des-langues\/#breadcrumb\",\"itemListElement\":[{\"@type\":\"ListItem\",\"position\":1,\"name\":\"Home\",\"item\":\"https:\/\/www.institutfrancais-lituanie.com\/fr\/\"},{\"@type\":\"ListItem\",\"position\":2,\"name\":\"Claude Hag\u00e8ge : \u00ab La pens\u00e9e unique et la diversit\u00e9 des langues \u00bb\"}]},{\"@type\":\"WebSite\",\"@id\":\"https:\/\/www.institutfrancais-lituanie.com\/fr\/#website\",\"url\":\"https:\/\/www.institutfrancais-lituanie.com\/fr\/\",\"name\":\"IF Lituanie\",\"description\":\"Pranc\u016bz\u0173 kalbos kursai, kult\u016bra, mediateka...\",\"publisher\":{\"@id\":\"https:\/\/www.institutfrancais-lituanie.com\/fr\/#organization\"},\"potentialAction\":[{\"@type\":\"SearchAction\",\"target\":{\"@type\":\"EntryPoint\",\"urlTemplate\":\"https:\/\/www.institutfrancais-lituanie.com\/fr\/?s={search_term_string}\"},\"query-input\":\"required name=search_term_string\"}],\"inLanguage\":\"fr-FR\"},{\"@type\":\"Organization\",\"@id\":\"https:\/\/www.institutfrancais-lituanie.com\/fr\/#organization\",\"name\":\"Pranc\u016bz\u0173 institutas\",\"url\":\"https:\/\/www.institutfrancais-lituanie.com\/fr\/\",\"logo\":{\"@type\":\"ImageObject\",\"inLanguage\":\"fr-FR\",\"@id\":\"https:\/\/www.institutfrancais-lituanie.com\/fr\/#\/schema\/logo\/image\/\",\"url\":\"https:\/\/www.institutfrancais-lituanie.com\/wp-content\/uploads\/2023\/04\/IF_Logo-Lituanie-RVB.jpg\",\"contentUrl\":\"https:\/\/www.institutfrancais-lituanie.com\/wp-content\/uploads\/2023\/04\/IF_Logo-Lituanie-RVB.jpg\",\"width\":827,\"height\":555,\"caption\":\"Pranc\u016bz\u0173 institutas\"},\"image\":{\"@id\":\"https:\/\/www.institutfrancais-lituanie.com\/fr\/#\/schema\/logo\/image\/\"},\"sameAs\":[\"https:\/\/www.facebook.com\/prancuzuinstitutas\/\",\"https:\/\/www.instagram.com\/institut_francais_lituanie\/\"]},{\"@type\":\"Person\",\"@id\":\"https:\/\/www.institutfrancais-lituanie.com\/fr\/#\/schema\/person\/161b6644a2db59e5f235bfbe9026d036\",\"name\":\"Loic\",\"image\":{\"@type\":\"ImageObject\",\"inLanguage\":\"fr-FR\",\"@id\":\"https:\/\/www.institutfrancais-lituanie.com\/fr\/#\/schema\/person\/image\/\",\"url\":\"https:\/\/secure.gravatar.com\/avatar\/d6d4be166a8ce40ea7b7165c57cf2ffd?s=96&d=mm&r=g\",\"contentUrl\":\"https:\/\/secure.gravatar.com\/avatar\/d6d4be166a8ce40ea7b7165c57cf2ffd?s=96&d=mm&r=g\",\"caption\":\"Loic\"},\"url\":\"https:\/\/www.institutfrancais-lituanie.com\/fr\/author\/loic\/\"}]}<\/script>\n<!-- \/ Yoast SEO plugin. -->","yoast_head_json":{"title":"Claude Hag\u00e8ge : \u00ab La pens\u00e9e unique et la diversit\u00e9 des langues \u00bb - IF Lituanie","robots":{"index":"index","follow":"follow","max-snippet":"max-snippet:-1","max-image-preview":"max-image-preview:large","max-video-preview":"max-video-preview:-1"},"canonical":"https:\/\/www.institutfrancais-lituanie.com\/fr\/archives\/archives-debat-didees\/archives-nouveaux-regards\/claude-hagege-la-pensee-unique-et-la-diversite-des-langues\/","og_locale":"fr_FR","og_type":"article","og_title":"Claude Hag\u00e8ge : \u00ab La pens\u00e9e unique et la diversit\u00e9 des langues \u00bb - IF Lituanie","og_description":"A l\u2019occasion des Journ\u00e9es de la Francophonie et dans le cadre de notre cycle Nouveaux&hellip;","og_url":"https:\/\/www.institutfrancais-lituanie.com\/fr\/archives\/archives-debat-didees\/archives-nouveaux-regards\/claude-hagege-la-pensee-unique-et-la-diversite-des-langues\/","og_site_name":"IF Lituanie","article_publisher":"https:\/\/www.facebook.com\/prancuzuinstitutas\/","article_published_time":"2019-01-04T07:31:57+00:00","og_image":[{"width":600,"height":248,"url":"https:\/\/www.institutfrancais-lituanie.com\/wp-content\/uploads\/2019\/01\/hagege-600x248.png","type":"image\/png"}],"author":"Loic","twitter_card":"summary_large_image","twitter_misc":{"Written by":"Loic","Est. reading time":"1 minute"},"schema":{"@context":"https:\/\/schema.org","@graph":[{"@type":"Article","@id":"https:\/\/www.institutfrancais-lituanie.com\/fr\/archives\/archives-debat-didees\/archives-nouveaux-regards\/claude-hagege-la-pensee-unique-et-la-diversite-des-langues\/#article","isPartOf":{"@id":"https:\/\/www.institutfrancais-lituanie.com\/fr\/archives\/archives-debat-didees\/archives-nouveaux-regards\/claude-hagege-la-pensee-unique-et-la-diversite-des-langues\/"},"author":{"name":"Loic","@id":"https:\/\/www.institutfrancais-lituanie.com\/fr\/#\/schema\/person\/161b6644a2db59e5f235bfbe9026d036"},"headline":"Claude Hag\u00e8ge : \u00ab La pens\u00e9e unique et la diversit\u00e9 des langues \u00bb","datePublished":"2019-01-04T07:31:57+00:00","dateModified":"2019-01-04T07:31:57+00:00","mainEntityOfPage":{"@id":"https:\/\/www.institutfrancais-lituanie.com\/fr\/archives\/archives-debat-didees\/archives-nouveaux-regards\/claude-hagege-la-pensee-unique-et-la-diversite-des-langues\/"},"wordCount":150,"publisher":{"@id":"https:\/\/www.institutfrancais-lituanie.com\/fr\/#organization"},"image":{"@id":"https:\/\/www.institutfrancais-lituanie.com\/fr\/archives\/archives-debat-didees\/archives-nouveaux-regards\/claude-hagege-la-pensee-unique-et-la-diversite-des-langues\/#primaryimage"},"thumbnailUrl":"https:\/\/www.institutfrancais-lituanie.com\/wp-content\/uploads\/2019\/01\/hagege-600x248.png","articleSection":["Archives : Nouveaux regards"],"inLanguage":"fr-FR"},{"@type":"WebPage","@id":"https:\/\/www.institutfrancais-lituanie.com\/fr\/archives\/archives-debat-didees\/archives-nouveaux-regards\/claude-hagege-la-pensee-unique-et-la-diversite-des-langues\/","url":"https:\/\/www.institutfrancais-lituanie.com\/fr\/archives\/archives-debat-didees\/archives-nouveaux-regards\/claude-hagege-la-pensee-unique-et-la-diversite-des-langues\/","name":"Claude Hag\u00e8ge : \u00ab La pens\u00e9e unique et la diversit\u00e9 des langues \u00bb - IF Lituanie","isPartOf":{"@id":"https:\/\/www.institutfrancais-lituanie.com\/fr\/#website"},"primaryImageOfPage":{"@id":"https:\/\/www.institutfrancais-lituanie.com\/fr\/archives\/archives-debat-didees\/archives-nouveaux-regards\/claude-hagege-la-pensee-unique-et-la-diversite-des-langues\/#primaryimage"},"image":{"@id":"https:\/\/www.institutfrancais-lituanie.com\/fr\/archives\/archives-debat-didees\/archives-nouveaux-regards\/claude-hagege-la-pensee-unique-et-la-diversite-des-langues\/#primaryimage"},"thumbnailUrl":"https:\/\/www.institutfrancais-lituanie.com\/wp-content\/uploads\/2019\/01\/hagege-600x248.png","datePublished":"2019-01-04T07:31:57+00:00","dateModified":"2019-01-04T07:31:57+00:00","breadcrumb":{"@id":"https:\/\/www.institutfrancais-lituanie.com\/fr\/archives\/archives-debat-didees\/archives-nouveaux-regards\/claude-hagege-la-pensee-unique-et-la-diversite-des-langues\/#breadcrumb"},"inLanguage":"fr-FR","potentialAction":[{"@type":"ReadAction","target":["https:\/\/www.institutfrancais-lituanie.com\/fr\/archives\/archives-debat-didees\/archives-nouveaux-regards\/claude-hagege-la-pensee-unique-et-la-diversite-des-langues\/"]}]},{"@type":"ImageObject","inLanguage":"fr-FR","@id":"https:\/\/www.institutfrancais-lituanie.com\/fr\/archives\/archives-debat-didees\/archives-nouveaux-regards\/claude-hagege-la-pensee-unique-et-la-diversite-des-langues\/#primaryimage","url":"https:\/\/www.institutfrancais-lituanie.com\/wp-content\/uploads\/2019\/01\/hagege-600x248.png","contentUrl":"https:\/\/www.institutfrancais-lituanie.com\/wp-content\/uploads\/2019\/01\/hagege-600x248.png","width":600,"height":248},{"@type":"BreadcrumbList","@id":"https:\/\/www.institutfrancais-lituanie.com\/fr\/archives\/archives-debat-didees\/archives-nouveaux-regards\/claude-hagege-la-pensee-unique-et-la-diversite-des-langues\/#breadcrumb","itemListElement":[{"@type":"ListItem","position":1,"name":"Home","item":"https:\/\/www.institutfrancais-lituanie.com\/fr\/"},{"@type":"ListItem","position":2,"name":"Claude Hag\u00e8ge : \u00ab La pens\u00e9e unique et la diversit\u00e9 des langues \u00bb"}]},{"@type":"WebSite","@id":"https:\/\/www.institutfrancais-lituanie.com\/fr\/#website","url":"https:\/\/www.institutfrancais-lituanie.com\/fr\/","name":"IF Lituanie","description":"Pranc\u016bz\u0173 kalbos kursai, kult\u016bra, mediateka...","publisher":{"@id":"https:\/\/www.institutfrancais-lituanie.com\/fr\/#organization"},"potentialAction":[{"@type":"SearchAction","target":{"@type":"EntryPoint","urlTemplate":"https:\/\/www.institutfrancais-lituanie.com\/fr\/?s={search_term_string}"},"query-input":"required name=search_term_string"}],"inLanguage":"fr-FR"},{"@type":"Organization","@id":"https:\/\/www.institutfrancais-lituanie.com\/fr\/#organization","name":"Pranc\u016bz\u0173 institutas","url":"https:\/\/www.institutfrancais-lituanie.com\/fr\/","logo":{"@type":"ImageObject","inLanguage":"fr-FR","@id":"https:\/\/www.institutfrancais-lituanie.com\/fr\/#\/schema\/logo\/image\/","url":"https:\/\/www.institutfrancais-lituanie.com\/wp-content\/uploads\/2023\/04\/IF_Logo-Lituanie-RVB.jpg","contentUrl":"https:\/\/www.institutfrancais-lituanie.com\/wp-content\/uploads\/2023\/04\/IF_Logo-Lituanie-RVB.jpg","width":827,"height":555,"caption":"Pranc\u016bz\u0173 institutas"},"image":{"@id":"https:\/\/www.institutfrancais-lituanie.com\/fr\/#\/schema\/logo\/image\/"},"sameAs":["https:\/\/www.facebook.com\/prancuzuinstitutas\/","https:\/\/www.instagram.com\/institut_francais_lituanie\/"]},{"@type":"Person","@id":"https:\/\/www.institutfrancais-lituanie.com\/fr\/#\/schema\/person\/161b6644a2db59e5f235bfbe9026d036","name":"Loic","image":{"@type":"ImageObject","inLanguage":"fr-FR","@id":"https:\/\/www.institutfrancais-lituanie.com\/fr\/#\/schema\/person\/image\/","url":"https:\/\/secure.gravatar.com\/avatar\/d6d4be166a8ce40ea7b7165c57cf2ffd?s=96&d=mm&r=g","contentUrl":"https:\/\/secure.gravatar.com\/avatar\/d6d4be166a8ce40ea7b7165c57cf2ffd?s=96&d=mm&r=g","caption":"Loic"},"url":"https:\/\/www.institutfrancais-lituanie.com\/fr\/author\/loic\/"}]}},"_links":{"self":[{"href":"https:\/\/www.institutfrancais-lituanie.com\/fr\/wp-json\/wp\/v2\/posts\/2425"}],"collection":[{"href":"https:\/\/www.institutfrancais-lituanie.com\/fr\/wp-json\/wp\/v2\/posts"}],"about":[{"href":"https:\/\/www.institutfrancais-lituanie.com\/fr\/wp-json\/wp\/v2\/types\/post"}],"author":[{"embeddable":true,"href":"https:\/\/www.institutfrancais-lituanie.com\/fr\/wp-json\/wp\/v2\/users\/2"}],"replies":[{"embeddable":true,"href":"https:\/\/www.institutfrancais-lituanie.com\/fr\/wp-json\/wp\/v2\/comments?post=2425"}],"version-history":[{"count":1,"href":"https:\/\/www.institutfrancais-lituanie.com\/fr\/wp-json\/wp\/v2\/posts\/2425\/revisions"}],"predecessor-version":[{"id":2426,"href":"https:\/\/www.institutfrancais-lituanie.com\/fr\/wp-json\/wp\/v2\/posts\/2425\/revisions\/2426"}],"wp:featuredmedia":[{"embeddable":true,"href":"https:\/\/www.institutfrancais-lituanie.com\/fr\/wp-json\/wp\/v2\/media\/2423"}],"wp:attachment":[{"href":"https:\/\/www.institutfrancais-lituanie.com\/fr\/wp-json\/wp\/v2\/media?parent=2425"}],"wp:term":[{"taxonomy":"category","embeddable":true,"href":"https:\/\/www.institutfrancais-lituanie.com\/fr\/wp-json\/wp\/v2\/categories?post=2425"},{"taxonomy":"post_tag","embeddable":true,"href":"https:\/\/www.institutfrancais-lituanie.com\/fr\/wp-json\/wp\/v2\/tags?post=2425"}],"curies":[{"name":"wp","href":"https:\/\/api.w.org\/{rel}","templated":true}]}}