{"id":2418,"date":"2019-01-04T07:29:23","date_gmt":"2019-01-04T07:29:23","guid":{"rendered":"http:\/\/institutfrancais-lituanie.com\/?p=2418"},"modified":"2019-01-04T07:29:23","modified_gmt":"2019-01-04T07:29:23","slug":"pascal-bruckner-loccident-face-a-lislam-radical-et-la-russie-de-poutine","status":"publish","type":"post","link":"https:\/\/www.institutfrancais-lituanie.com\/fr\/archives\/archives-debat-didees\/archives-nouveaux-regards\/pascal-bruckner-loccident-face-a-lislam-radical-et-la-russie-de-poutine\/","title":{"rendered":"Pascal Bruckner : &#8220;L\u2019occident face \u00e0 l\u2019Islam radical et la Russie de Poutine&#8221;"},"content":{"rendered":"<p><b>Conf\u00e9rence de Pascal Bruckner : &#8220;<\/b><strong>L\u2019occident face \u00e0 l\u2019Islam radical et la Russie de Poutine&#8221;<\/strong><br \/>\nDans le cadre de notre cycle <i>Nouveaux regards sur le monde actuel<\/i><b><i>\u00a0 <\/i><\/b><\/p>\n<p><strong>Les inscriptions sont closes, merci de votre compr\u00e9hension<\/strong><b><br \/>\n<\/b><\/p>\n<p><strong>Mercredi 22 mars, 18h, Institut fran\u00e7ais de Lituanie<\/strong><\/p>\n<p>N\u00e9 en 1948 \u00e0 Paris, <strong>Pascal Bruckner<\/strong> est un romancier et essayiste, que le grand public a d\u00e9couvert \u00e0 la fin des ann\u00e9es 70, lors de la parution de deux ouvrages \u00e9labor\u00e9s avec le philosophe Alain Finkielkraut.<br \/>\nFascin\u00e9 par les utopistes, il a soutenu sa th\u00e8se de doctorat sous la direction de Roland Barthes.<br \/>\nDepuis cette \u00e9poque, il \u00e9tudie les mythologies issues de mai 1968 : la r\u00e9volution sexuelle, l\u2019individualisme, l\u2019amour, le bonheur, l\u2019\u00e9cologie ainsi que la culpabilit\u00e9 de nos soci\u00e9t\u00e9s.<br \/>\nEn parall\u00e8le de ses activit\u00e9s litt\u00e9raires, il a enseign\u00e9 \u00e0 l\u2019Universit\u00e9 de San Di\u00e9go (Californie, 1986), \u00e0 la New-York University (1987-1995) et \u00e0 l\u2019IEP de Paris (1990-1994).<br \/>\nDepuis 1987, il collabore au Nouvel Observateur et au journal Le Monde.<br \/>\nDans son dernier livre, &#8220;Un racisme Imaginaire&#8221;, il s&#8217;attaque au concept d&#8217;islamophobie.<br \/>\nSon \u0153uvre est traduite dans une trentaine de pays.<\/p>\n","protected":false},"excerpt":{"rendered":"<p>Conf\u00e9rence de Pascal Bruckner : &#8220;L\u2019occident face \u00e0 l\u2019Islam radical et la Russie de Poutine&#8221;&hellip;<\/p>\n","protected":false},"author":2,"featured_media":2416,"comment_status":"closed","ping_status":"open","sticky":false,"template":"","format":"standard","meta":{"footnotes":""},"categories":[72],"tags":[],"class_list":["post-2418","post","type-post","status-publish","format-standard","has-post-thumbnail","hentry","category-archives-nouveaux-regards"],"yoast_head":"<!-- This site is optimized with the Yoast SEO plugin v23.2 - https:\/\/yoast.com\/wordpress\/plugins\/seo\/ -->\n<title>Pascal Bruckner : &quot;L\u2019occident face \u00e0 l\u2019Islam radical et la Russie de Poutine&quot; - IF Lituanie<\/title>\n<meta name=\"robots\" content=\"index, follow, max-snippet:-1, max-image-preview:large, max-video-preview:-1\" \/>\n<link rel=\"canonical\" href=\"https:\/\/www.institutfrancais-lituanie.com\/fr\/archives\/archives-debat-didees\/archives-nouveaux-regards\/pascal-bruckner-loccident-face-a-lislam-radical-et-la-russie-de-poutine\/\" \/>\n<meta property=\"og:locale\" content=\"fr_FR\" \/>\n<meta property=\"og:type\" content=\"article\" \/>\n<meta property=\"og:title\" content=\"Pascal Bruckner : &quot;L\u2019occident face \u00e0 l\u2019Islam radical et la Russie de Poutine&quot; - IF Lituanie\" \/>\n<meta property=\"og:description\" content=\"Conf\u00e9rence de Pascal Bruckner : &#8220;L\u2019occident face \u00e0 l\u2019Islam radical et la Russie de Poutine&#8221;&hellip;\" \/>\n<meta property=\"og:url\" content=\"https:\/\/www.institutfrancais-lituanie.com\/fr\/archives\/archives-debat-didees\/archives-nouveaux-regards\/pascal-bruckner-loccident-face-a-lislam-radical-et-la-russie-de-poutine\/\" \/>\n<meta property=\"og:site_name\" content=\"IF Lituanie\" \/>\n<meta property=\"article:publisher\" content=\"https:\/\/www.facebook.com\/prancuzuinstitutas\/\" \/>\n<meta property=\"article:published_time\" content=\"2019-01-04T07:29:23+00:00\" \/>\n<meta property=\"og:image\" content=\"https:\/\/www.institutfrancais-lituanie.com\/wp-content\/uploads\/2019\/01\/bruckner-site-600x248.png\" \/>\n\t<meta property=\"og:image:width\" content=\"600\" \/>\n\t<meta property=\"og:image:height\" content=\"248\" \/>\n\t<meta property=\"og:image:type\" content=\"image\/png\" \/>\n<meta name=\"author\" content=\"Loic\" \/>\n<meta name=\"twitter:card\" content=\"summary_large_image\" \/>\n<meta name=\"twitter:label1\" content=\"Written by\" \/>\n\t<meta name=\"twitter:data1\" content=\"Loic\" \/>\n\t<meta name=\"twitter:label2\" content=\"Est. reading time\" \/>\n\t<meta name=\"twitter:data2\" content=\"1 minute\" \/>\n<script type=\"application\/ld+json\" class=\"yoast-schema-graph\">{\"@context\":\"https:\/\/schema.org\",\"@graph\":[{\"@type\":\"Article\",\"@id\":\"https:\/\/www.institutfrancais-lituanie.com\/fr\/archives\/archives-debat-didees\/archives-nouveaux-regards\/pascal-bruckner-loccident-face-a-lislam-radical-et-la-russie-de-poutine\/#article\",\"isPartOf\":{\"@id\":\"https:\/\/www.institutfrancais-lituanie.com\/fr\/archives\/archives-debat-didees\/archives-nouveaux-regards\/pascal-bruckner-loccident-face-a-lislam-radical-et-la-russie-de-poutine\/\"},\"author\":{\"name\":\"Loic\",\"@id\":\"https:\/\/www.institutfrancais-lituanie.com\/fr\/#\/schema\/person\/161b6644a2db59e5f235bfbe9026d036\"},\"headline\":\"Pascal Bruckner : &#8220;L\u2019occident face \u00e0 l\u2019Islam radical et la Russie de Poutine&#8221;\",\"datePublished\":\"2019-01-04T07:29:23+00:00\",\"dateModified\":\"2019-01-04T07:29:23+00:00\",\"mainEntityOfPage\":{\"@id\":\"https:\/\/www.institutfrancais-lituanie.com\/fr\/archives\/archives-debat-didees\/archives-nouveaux-regards\/pascal-bruckner-loccident-face-a-lislam-radical-et-la-russie-de-poutine\/\"},\"wordCount\":204,\"publisher\":{\"@id\":\"https:\/\/www.institutfrancais-lituanie.com\/fr\/#organization\"},\"image\":{\"@id\":\"https:\/\/www.institutfrancais-lituanie.com\/fr\/archives\/archives-debat-didees\/archives-nouveaux-regards\/pascal-bruckner-loccident-face-a-lislam-radical-et-la-russie-de-poutine\/#primaryimage\"},\"thumbnailUrl\":\"https:\/\/www.institutfrancais-lituanie.com\/wp-content\/uploads\/2019\/01\/bruckner-site-600x248.png\",\"articleSection\":[\"Archives : Nouveaux regards\"],\"inLanguage\":\"fr-FR\"},{\"@type\":\"WebPage\",\"@id\":\"https:\/\/www.institutfrancais-lituanie.com\/fr\/archives\/archives-debat-didees\/archives-nouveaux-regards\/pascal-bruckner-loccident-face-a-lislam-radical-et-la-russie-de-poutine\/\",\"url\":\"https:\/\/www.institutfrancais-lituanie.com\/fr\/archives\/archives-debat-didees\/archives-nouveaux-regards\/pascal-bruckner-loccident-face-a-lislam-radical-et-la-russie-de-poutine\/\",\"name\":\"Pascal Bruckner : \\\"L\u2019occident face \u00e0 l\u2019Islam radical et la Russie de Poutine\\\" - IF Lituanie\",\"isPartOf\":{\"@id\":\"https:\/\/www.institutfrancais-lituanie.com\/fr\/#website\"},\"primaryImageOfPage\":{\"@id\":\"https:\/\/www.institutfrancais-lituanie.com\/fr\/archives\/archives-debat-didees\/archives-nouveaux-regards\/pascal-bruckner-loccident-face-a-lislam-radical-et-la-russie-de-poutine\/#primaryimage\"},\"image\":{\"@id\":\"https:\/\/www.institutfrancais-lituanie.com\/fr\/archives\/archives-debat-didees\/archives-nouveaux-regards\/pascal-bruckner-loccident-face-a-lislam-radical-et-la-russie-de-poutine\/#primaryimage\"},\"thumbnailUrl\":\"https:\/\/www.institutfrancais-lituanie.com\/wp-content\/uploads\/2019\/01\/bruckner-site-600x248.png\",\"datePublished\":\"2019-01-04T07:29:23+00:00\",\"dateModified\":\"2019-01-04T07:29:23+00:00\",\"breadcrumb\":{\"@id\":\"https:\/\/www.institutfrancais-lituanie.com\/fr\/archives\/archives-debat-didees\/archives-nouveaux-regards\/pascal-bruckner-loccident-face-a-lislam-radical-et-la-russie-de-poutine\/#breadcrumb\"},\"inLanguage\":\"fr-FR\",\"potentialAction\":[{\"@type\":\"ReadAction\",\"target\":[\"https:\/\/www.institutfrancais-lituanie.com\/fr\/archives\/archives-debat-didees\/archives-nouveaux-regards\/pascal-bruckner-loccident-face-a-lislam-radical-et-la-russie-de-poutine\/\"]}]},{\"@type\":\"ImageObject\",\"inLanguage\":\"fr-FR\",\"@id\":\"https:\/\/www.institutfrancais-lituanie.com\/fr\/archives\/archives-debat-didees\/archives-nouveaux-regards\/pascal-bruckner-loccident-face-a-lislam-radical-et-la-russie-de-poutine\/#primaryimage\",\"url\":\"https:\/\/www.institutfrancais-lituanie.com\/wp-content\/uploads\/2019\/01\/bruckner-site-600x248.png\",\"contentUrl\":\"https:\/\/www.institutfrancais-lituanie.com\/wp-content\/uploads\/2019\/01\/bruckner-site-600x248.png\",\"width\":600,\"height\":248},{\"@type\":\"BreadcrumbList\",\"@id\":\"https:\/\/www.institutfrancais-lituanie.com\/fr\/archives\/archives-debat-didees\/archives-nouveaux-regards\/pascal-bruckner-loccident-face-a-lislam-radical-et-la-russie-de-poutine\/#breadcrumb\",\"itemListElement\":[{\"@type\":\"ListItem\",\"position\":1,\"name\":\"Home\",\"item\":\"https:\/\/www.institutfrancais-lituanie.com\/fr\/\"},{\"@type\":\"ListItem\",\"position\":2,\"name\":\"Pascal Bruckner : &#8222;L\u2019occident face \u00e0 l\u2019Islam radical et la Russie de Poutine&#8221;\"}]},{\"@type\":\"WebSite\",\"@id\":\"https:\/\/www.institutfrancais-lituanie.com\/fr\/#website\",\"url\":\"https:\/\/www.institutfrancais-lituanie.com\/fr\/\",\"name\":\"IF Lituanie\",\"description\":\"Pranc\u016bz\u0173 kalbos kursai, kult\u016bra, mediateka...\",\"publisher\":{\"@id\":\"https:\/\/www.institutfrancais-lituanie.com\/fr\/#organization\"},\"potentialAction\":[{\"@type\":\"SearchAction\",\"target\":{\"@type\":\"EntryPoint\",\"urlTemplate\":\"https:\/\/www.institutfrancais-lituanie.com\/fr\/?s={search_term_string}\"},\"query-input\":\"required name=search_term_string\"}],\"inLanguage\":\"fr-FR\"},{\"@type\":\"Organization\",\"@id\":\"https:\/\/www.institutfrancais-lituanie.com\/fr\/#organization\",\"name\":\"Pranc\u016bz\u0173 institutas\",\"url\":\"https:\/\/www.institutfrancais-lituanie.com\/fr\/\",\"logo\":{\"@type\":\"ImageObject\",\"inLanguage\":\"fr-FR\",\"@id\":\"https:\/\/www.institutfrancais-lituanie.com\/fr\/#\/schema\/logo\/image\/\",\"url\":\"https:\/\/www.institutfrancais-lituanie.com\/wp-content\/uploads\/2023\/04\/IF_Logo-Lituanie-RVB.jpg\",\"contentUrl\":\"https:\/\/www.institutfrancais-lituanie.com\/wp-content\/uploads\/2023\/04\/IF_Logo-Lituanie-RVB.jpg\",\"width\":827,\"height\":555,\"caption\":\"Pranc\u016bz\u0173 institutas\"},\"image\":{\"@id\":\"https:\/\/www.institutfrancais-lituanie.com\/fr\/#\/schema\/logo\/image\/\"},\"sameAs\":[\"https:\/\/www.facebook.com\/prancuzuinstitutas\/\",\"https:\/\/www.instagram.com\/institut_francais_lituanie\/\"]},{\"@type\":\"Person\",\"@id\":\"https:\/\/www.institutfrancais-lituanie.com\/fr\/#\/schema\/person\/161b6644a2db59e5f235bfbe9026d036\",\"name\":\"Loic\",\"image\":{\"@type\":\"ImageObject\",\"inLanguage\":\"fr-FR\",\"@id\":\"https:\/\/www.institutfrancais-lituanie.com\/fr\/#\/schema\/person\/image\/\",\"url\":\"https:\/\/secure.gravatar.com\/avatar\/d6d4be166a8ce40ea7b7165c57cf2ffd?s=96&d=mm&r=g\",\"contentUrl\":\"https:\/\/secure.gravatar.com\/avatar\/d6d4be166a8ce40ea7b7165c57cf2ffd?s=96&d=mm&r=g\",\"caption\":\"Loic\"},\"url\":\"https:\/\/www.institutfrancais-lituanie.com\/fr\/author\/loic\/\"}]}<\/script>\n<!-- \/ Yoast SEO plugin. -->","yoast_head_json":{"title":"Pascal Bruckner : \"L\u2019occident face \u00e0 l\u2019Islam radical et la Russie de Poutine\" - IF Lituanie","robots":{"index":"index","follow":"follow","max-snippet":"max-snippet:-1","max-image-preview":"max-image-preview:large","max-video-preview":"max-video-preview:-1"},"canonical":"https:\/\/www.institutfrancais-lituanie.com\/fr\/archives\/archives-debat-didees\/archives-nouveaux-regards\/pascal-bruckner-loccident-face-a-lislam-radical-et-la-russie-de-poutine\/","og_locale":"fr_FR","og_type":"article","og_title":"Pascal Bruckner : \"L\u2019occident face \u00e0 l\u2019Islam radical et la Russie de Poutine\" - IF Lituanie","og_description":"Conf\u00e9rence de Pascal Bruckner : &#8220;L\u2019occident face \u00e0 l\u2019Islam radical et la Russie de Poutine&#8221;&hellip;","og_url":"https:\/\/www.institutfrancais-lituanie.com\/fr\/archives\/archives-debat-didees\/archives-nouveaux-regards\/pascal-bruckner-loccident-face-a-lislam-radical-et-la-russie-de-poutine\/","og_site_name":"IF Lituanie","article_publisher":"https:\/\/www.facebook.com\/prancuzuinstitutas\/","article_published_time":"2019-01-04T07:29:23+00:00","og_image":[{"width":600,"height":248,"url":"https:\/\/www.institutfrancais-lituanie.com\/wp-content\/uploads\/2019\/01\/bruckner-site-600x248.png","type":"image\/png"}],"author":"Loic","twitter_card":"summary_large_image","twitter_misc":{"Written by":"Loic","Est. reading time":"1 minute"},"schema":{"@context":"https:\/\/schema.org","@graph":[{"@type":"Article","@id":"https:\/\/www.institutfrancais-lituanie.com\/fr\/archives\/archives-debat-didees\/archives-nouveaux-regards\/pascal-bruckner-loccident-face-a-lislam-radical-et-la-russie-de-poutine\/#article","isPartOf":{"@id":"https:\/\/www.institutfrancais-lituanie.com\/fr\/archives\/archives-debat-didees\/archives-nouveaux-regards\/pascal-bruckner-loccident-face-a-lislam-radical-et-la-russie-de-poutine\/"},"author":{"name":"Loic","@id":"https:\/\/www.institutfrancais-lituanie.com\/fr\/#\/schema\/person\/161b6644a2db59e5f235bfbe9026d036"},"headline":"Pascal Bruckner : &#8220;L\u2019occident face \u00e0 l\u2019Islam radical et la Russie de Poutine&#8221;","datePublished":"2019-01-04T07:29:23+00:00","dateModified":"2019-01-04T07:29:23+00:00","mainEntityOfPage":{"@id":"https:\/\/www.institutfrancais-lituanie.com\/fr\/archives\/archives-debat-didees\/archives-nouveaux-regards\/pascal-bruckner-loccident-face-a-lislam-radical-et-la-russie-de-poutine\/"},"wordCount":204,"publisher":{"@id":"https:\/\/www.institutfrancais-lituanie.com\/fr\/#organization"},"image":{"@id":"https:\/\/www.institutfrancais-lituanie.com\/fr\/archives\/archives-debat-didees\/archives-nouveaux-regards\/pascal-bruckner-loccident-face-a-lislam-radical-et-la-russie-de-poutine\/#primaryimage"},"thumbnailUrl":"https:\/\/www.institutfrancais-lituanie.com\/wp-content\/uploads\/2019\/01\/bruckner-site-600x248.png","articleSection":["Archives : Nouveaux regards"],"inLanguage":"fr-FR"},{"@type":"WebPage","@id":"https:\/\/www.institutfrancais-lituanie.com\/fr\/archives\/archives-debat-didees\/archives-nouveaux-regards\/pascal-bruckner-loccident-face-a-lislam-radical-et-la-russie-de-poutine\/","url":"https:\/\/www.institutfrancais-lituanie.com\/fr\/archives\/archives-debat-didees\/archives-nouveaux-regards\/pascal-bruckner-loccident-face-a-lislam-radical-et-la-russie-de-poutine\/","name":"Pascal Bruckner : \"L\u2019occident face \u00e0 l\u2019Islam radical et la Russie de Poutine\" - IF Lituanie","isPartOf":{"@id":"https:\/\/www.institutfrancais-lituanie.com\/fr\/#website"},"primaryImageOfPage":{"@id":"https:\/\/www.institutfrancais-lituanie.com\/fr\/archives\/archives-debat-didees\/archives-nouveaux-regards\/pascal-bruckner-loccident-face-a-lislam-radical-et-la-russie-de-poutine\/#primaryimage"},"image":{"@id":"https:\/\/www.institutfrancais-lituanie.com\/fr\/archives\/archives-debat-didees\/archives-nouveaux-regards\/pascal-bruckner-loccident-face-a-lislam-radical-et-la-russie-de-poutine\/#primaryimage"},"thumbnailUrl":"https:\/\/www.institutfrancais-lituanie.com\/wp-content\/uploads\/2019\/01\/bruckner-site-600x248.png","datePublished":"2019-01-04T07:29:23+00:00","dateModified":"2019-01-04T07:29:23+00:00","breadcrumb":{"@id":"https:\/\/www.institutfrancais-lituanie.com\/fr\/archives\/archives-debat-didees\/archives-nouveaux-regards\/pascal-bruckner-loccident-face-a-lislam-radical-et-la-russie-de-poutine\/#breadcrumb"},"inLanguage":"fr-FR","potentialAction":[{"@type":"ReadAction","target":["https:\/\/www.institutfrancais-lituanie.com\/fr\/archives\/archives-debat-didees\/archives-nouveaux-regards\/pascal-bruckner-loccident-face-a-lislam-radical-et-la-russie-de-poutine\/"]}]},{"@type":"ImageObject","inLanguage":"fr-FR","@id":"https:\/\/www.institutfrancais-lituanie.com\/fr\/archives\/archives-debat-didees\/archives-nouveaux-regards\/pascal-bruckner-loccident-face-a-lislam-radical-et-la-russie-de-poutine\/#primaryimage","url":"https:\/\/www.institutfrancais-lituanie.com\/wp-content\/uploads\/2019\/01\/bruckner-site-600x248.png","contentUrl":"https:\/\/www.institutfrancais-lituanie.com\/wp-content\/uploads\/2019\/01\/bruckner-site-600x248.png","width":600,"height":248},{"@type":"BreadcrumbList","@id":"https:\/\/www.institutfrancais-lituanie.com\/fr\/archives\/archives-debat-didees\/archives-nouveaux-regards\/pascal-bruckner-loccident-face-a-lislam-radical-et-la-russie-de-poutine\/#breadcrumb","itemListElement":[{"@type":"ListItem","position":1,"name":"Home","item":"https:\/\/www.institutfrancais-lituanie.com\/fr\/"},{"@type":"ListItem","position":2,"name":"Pascal Bruckner : &#8222;L\u2019occident face \u00e0 l\u2019Islam radical et la Russie de Poutine&#8221;"}]},{"@type":"WebSite","@id":"https:\/\/www.institutfrancais-lituanie.com\/fr\/#website","url":"https:\/\/www.institutfrancais-lituanie.com\/fr\/","name":"IF Lituanie","description":"Pranc\u016bz\u0173 kalbos kursai, kult\u016bra, mediateka...","publisher":{"@id":"https:\/\/www.institutfrancais-lituanie.com\/fr\/#organization"},"potentialAction":[{"@type":"SearchAction","target":{"@type":"EntryPoint","urlTemplate":"https:\/\/www.institutfrancais-lituanie.com\/fr\/?s={search_term_string}"},"query-input":"required name=search_term_string"}],"inLanguage":"fr-FR"},{"@type":"Organization","@id":"https:\/\/www.institutfrancais-lituanie.com\/fr\/#organization","name":"Pranc\u016bz\u0173 institutas","url":"https:\/\/www.institutfrancais-lituanie.com\/fr\/","logo":{"@type":"ImageObject","inLanguage":"fr-FR","@id":"https:\/\/www.institutfrancais-lituanie.com\/fr\/#\/schema\/logo\/image\/","url":"https:\/\/www.institutfrancais-lituanie.com\/wp-content\/uploads\/2023\/04\/IF_Logo-Lituanie-RVB.jpg","contentUrl":"https:\/\/www.institutfrancais-lituanie.com\/wp-content\/uploads\/2023\/04\/IF_Logo-Lituanie-RVB.jpg","width":827,"height":555,"caption":"Pranc\u016bz\u0173 institutas"},"image":{"@id":"https:\/\/www.institutfrancais-lituanie.com\/fr\/#\/schema\/logo\/image\/"},"sameAs":["https:\/\/www.facebook.com\/prancuzuinstitutas\/","https:\/\/www.instagram.com\/institut_francais_lituanie\/"]},{"@type":"Person","@id":"https:\/\/www.institutfrancais-lituanie.com\/fr\/#\/schema\/person\/161b6644a2db59e5f235bfbe9026d036","name":"Loic","image":{"@type":"ImageObject","inLanguage":"fr-FR","@id":"https:\/\/www.institutfrancais-lituanie.com\/fr\/#\/schema\/person\/image\/","url":"https:\/\/secure.gravatar.com\/avatar\/d6d4be166a8ce40ea7b7165c57cf2ffd?s=96&d=mm&r=g","contentUrl":"https:\/\/secure.gravatar.com\/avatar\/d6d4be166a8ce40ea7b7165c57cf2ffd?s=96&d=mm&r=g","caption":"Loic"},"url":"https:\/\/www.institutfrancais-lituanie.com\/fr\/author\/loic\/"}]}},"_links":{"self":[{"href":"https:\/\/www.institutfrancais-lituanie.com\/fr\/wp-json\/wp\/v2\/posts\/2418"}],"collection":[{"href":"https:\/\/www.institutfrancais-lituanie.com\/fr\/wp-json\/wp\/v2\/posts"}],"about":[{"href":"https:\/\/www.institutfrancais-lituanie.com\/fr\/wp-json\/wp\/v2\/types\/post"}],"author":[{"embeddable":true,"href":"https:\/\/www.institutfrancais-lituanie.com\/fr\/wp-json\/wp\/v2\/users\/2"}],"replies":[{"embeddable":true,"href":"https:\/\/www.institutfrancais-lituanie.com\/fr\/wp-json\/wp\/v2\/comments?post=2418"}],"version-history":[{"count":1,"href":"https:\/\/www.institutfrancais-lituanie.com\/fr\/wp-json\/wp\/v2\/posts\/2418\/revisions"}],"predecessor-version":[{"id":2419,"href":"https:\/\/www.institutfrancais-lituanie.com\/fr\/wp-json\/wp\/v2\/posts\/2418\/revisions\/2419"}],"wp:featuredmedia":[{"embeddable":true,"href":"https:\/\/www.institutfrancais-lituanie.com\/fr\/wp-json\/wp\/v2\/media\/2416"}],"wp:attachment":[{"href":"https:\/\/www.institutfrancais-lituanie.com\/fr\/wp-json\/wp\/v2\/media?parent=2418"}],"wp:term":[{"taxonomy":"category","embeddable":true,"href":"https:\/\/www.institutfrancais-lituanie.com\/fr\/wp-json\/wp\/v2\/categories?post=2418"},{"taxonomy":"post_tag","embeddable":true,"href":"https:\/\/www.institutfrancais-lituanie.com\/fr\/wp-json\/wp\/v2\/tags?post=2418"}],"curies":[{"name":"wp","href":"https:\/\/api.w.org\/{rel}","templated":true}]}}