{"id":18948,"date":"2026-04-27T13:38:33","date_gmt":"2026-04-27T13:38:33","guid":{"rendered":"https:\/\/www.institutfrancais-lituanie.com\/?p=18948"},"modified":"2026-04-27T13:38:33","modified_gmt":"2026-04-27T13:38:33","slug":"semaine-litteraire-de-kaunas-projection-du-film-hiver-a-sokcho","status":"publish","type":"post","link":"https:\/\/www.institutfrancais-lituanie.com\/fr\/en-cours\/cinema\/semaine-litteraire-de-kaunas-projection-du-film-hiver-a-sokcho\/","title":{"rendered":"Semaine litt\u00e9raire de Kaunas: projection du film \u00ab Hiver \u00e0 Sokcho \u00bb"},"content":{"rendered":"<p>Du 6 au 10 mai, 2026 Kaunas accueillera son \u00e9v\u00e9nement annuel, <em>la Semaine litt\u00e9raire de Kaunas<\/em>, qui d\u00e9butera par des projections de films litt\u00e9raires. L&#8217;Institut fran\u00e7ais en Lituanie est heureux de contribuer au programme de l&#8217;\u00e9v\u00e9nement et de proposer le film \u00ab Hiver \u00e0 Sokcho \u00bb de Koya Kamura, coproduit par la France et la Cor\u00e9e du Sud.<\/p>\n<p><strong>Le film sera projet\u00e9 le 5 mai, \u00e0 18h\u00a0<\/strong><\/p>\n<p>Le film \u00ab Hiver \u00e0 Sokcho \u00bb est l&#8217;adaptation cin\u00e9matographique du roman \u00e9ponyme de l&#8217;\u00e9crivaine suisse francophone Elisa Shua Dusapin. N\u00e9e d&#8217;une m\u00e8re cor\u00e9enne et d&#8217;un p\u00e8re fran\u00e7ais, l&#8217;auteure a grandi sous l&#8217;influence de ces deux cultures. Ce roman raconte la rencontre entre une narratrice anonyme, mi-Fran\u00e7aise, mi-Cor\u00e9enne, et Keran, un dessinateur de bandes dessin\u00e9es originaire de Normandie. Entre ces deux personnes, qui semblent n&#8217;avoir rien en commun, se tisse une relation empreinte de tension et de d\u00e9sir, d&#8217;insatisfaction et de timidit\u00e9. Le livre a \u00e9t\u00e9 traduit dans plus de 30 langues et a remport\u00e9 le National Book Award am\u00e9ricain dans la cat\u00e9gorie litt\u00e9rature traduite.<\/p>\n<p>Guillemette Odicino, critique au magazine T\u00e9l\u00e9rama, d\u00e9crit ce film comme \u00ab un premier film empreint de la subtilit\u00e9 d\u2019un ha\u00efku \u00bb.<\/p>\n<p><strong>Lieu\u00a0: Centre du cin\u00e9ma \u201cRomuva\u00a0\u00bb, Kaunas<br \/>\n<\/strong><strong>Avec : Bella Kim, Roschdy Zem<br \/>\n<\/strong><strong>Langue\u00a0: fran\u00e7ais, sous-titres lituaniens<br \/>\n<\/strong><strong>Ann\u00e9e\u00a0: 2024<br \/>\n<\/strong><strong>Dur\u00e9e\u00a0: 1h34<\/strong><\/p>\n<p>\u00a9OFFSHORE<\/p>\n","protected":false},"excerpt":{"rendered":"<p>Du 6 au 10 mai, 2026 Kaunas accueillera son \u00e9v\u00e9nement annuel, la Semaine litt\u00e9raire de&hellip;<\/p>\n","protected":false},"author":13,"featured_media":18945,"comment_status":"closed","ping_status":"open","sticky":false,"template":"","format":"standard","meta":{"footnotes":""},"categories":[89,97],"tags":[],"class_list":["post-18948","post","type-post","status-publish","format-standard","has-post-thumbnail","hentry","category-cinema","category-litterature"],"yoast_head":"<!-- This site is optimized with the Yoast SEO plugin v23.2 - https:\/\/yoast.com\/wordpress\/plugins\/seo\/ -->\n<title>Semaine litt\u00e9raire de Kaunas: projection du film \u00ab Hiver \u00e0 Sokcho \u00bb - IF Lituanie<\/title>\n<meta name=\"robots\" content=\"index, follow, max-snippet:-1, max-image-preview:large, max-video-preview:-1\" \/>\n<link rel=\"canonical\" href=\"https:\/\/www.institutfrancais-lituanie.com\/fr\/en-cours\/cinema\/semaine-litteraire-de-kaunas-projection-du-film-hiver-a-sokcho\/\" \/>\n<meta property=\"og:locale\" content=\"fr_FR\" \/>\n<meta property=\"og:type\" content=\"article\" \/>\n<meta property=\"og:title\" content=\"Semaine litt\u00e9raire de Kaunas: projection du film \u00ab Hiver \u00e0 Sokcho \u00bb - IF Lituanie\" \/>\n<meta property=\"og:description\" content=\"Du 6 au 10 mai, 2026 Kaunas accueillera son \u00e9v\u00e9nement annuel, la Semaine litt\u00e9raire de&hellip;\" \/>\n<meta property=\"og:url\" content=\"https:\/\/www.institutfrancais-lituanie.com\/fr\/en-cours\/cinema\/semaine-litteraire-de-kaunas-projection-du-film-hiver-a-sokcho\/\" \/>\n<meta property=\"og:site_name\" content=\"IF Lituanie\" \/>\n<meta property=\"article:publisher\" content=\"https:\/\/www.facebook.com\/prancuzuinstitutas\/\" \/>\n<meta property=\"article:published_time\" content=\"2026-04-27T13:38:33+00:00\" \/>\n<meta property=\"og:image\" content=\"https:\/\/www.institutfrancais-lituanie.com\/wp-content\/uploads\/2026\/04\/HAS-Photo-6-\u00a9-2024-OFFSHORE-1-scaled.jpg\" \/>\n\t<meta property=\"og:image:width\" content=\"2560\" \/>\n\t<meta property=\"og:image:height\" content=\"1384\" \/>\n\t<meta property=\"og:image:type\" content=\"image\/jpeg\" \/>\n<meta name=\"author\" content=\"Julija Petrosiute\" \/>\n<meta name=\"twitter:card\" content=\"summary_large_image\" \/>\n<meta name=\"twitter:label1\" content=\"Written by\" \/>\n\t<meta name=\"twitter:data1\" content=\"Julija Petrosiute\" \/>\n\t<meta name=\"twitter:label2\" content=\"Est. reading time\" \/>\n\t<meta name=\"twitter:data2\" content=\"2 minutes\" \/>\n<script type=\"application\/ld+json\" class=\"yoast-schema-graph\">{\"@context\":\"https:\/\/schema.org\",\"@graph\":[{\"@type\":\"Article\",\"@id\":\"https:\/\/www.institutfrancais-lituanie.com\/fr\/en-cours\/cinema\/semaine-litteraire-de-kaunas-projection-du-film-hiver-a-sokcho\/#article\",\"isPartOf\":{\"@id\":\"https:\/\/www.institutfrancais-lituanie.com\/fr\/en-cours\/cinema\/semaine-litteraire-de-kaunas-projection-du-film-hiver-a-sokcho\/\"},\"author\":{\"name\":\"Julija Petrosiute\",\"@id\":\"https:\/\/www.institutfrancais-lituanie.com\/fr\/#\/schema\/person\/32b95cf77fc2963ebd875802e2d04457\"},\"headline\":\"Semaine litt\u00e9raire de Kaunas: projection du film \u00ab Hiver \u00e0 Sokcho \u00bb\",\"datePublished\":\"2026-04-27T13:38:33+00:00\",\"dateModified\":\"2026-04-27T13:38:33+00:00\",\"mainEntityOfPage\":{\"@id\":\"https:\/\/www.institutfrancais-lituanie.com\/fr\/en-cours\/cinema\/semaine-litteraire-de-kaunas-projection-du-film-hiver-a-sokcho\/\"},\"wordCount\":239,\"publisher\":{\"@id\":\"https:\/\/www.institutfrancais-lituanie.com\/fr\/#organization\"},\"image\":{\"@id\":\"https:\/\/www.institutfrancais-lituanie.com\/fr\/en-cours\/cinema\/semaine-litteraire-de-kaunas-projection-du-film-hiver-a-sokcho\/#primaryimage\"},\"thumbnailUrl\":\"https:\/\/www.institutfrancais-lituanie.com\/wp-content\/uploads\/2026\/04\/HAS-Photo-6-\u00a9-2024-OFFSHORE-1-scaled.jpg\",\"articleSection\":[\"Cin\u00e9ma\",\"Litt\u00e9rature\"],\"inLanguage\":\"fr-FR\"},{\"@type\":\"WebPage\",\"@id\":\"https:\/\/www.institutfrancais-lituanie.com\/fr\/en-cours\/cinema\/semaine-litteraire-de-kaunas-projection-du-film-hiver-a-sokcho\/\",\"url\":\"https:\/\/www.institutfrancais-lituanie.com\/fr\/en-cours\/cinema\/semaine-litteraire-de-kaunas-projection-du-film-hiver-a-sokcho\/\",\"name\":\"Semaine litt\u00e9raire de Kaunas: projection du film \u00ab Hiver \u00e0 Sokcho \u00bb - IF Lituanie\",\"isPartOf\":{\"@id\":\"https:\/\/www.institutfrancais-lituanie.com\/fr\/#website\"},\"primaryImageOfPage\":{\"@id\":\"https:\/\/www.institutfrancais-lituanie.com\/fr\/en-cours\/cinema\/semaine-litteraire-de-kaunas-projection-du-film-hiver-a-sokcho\/#primaryimage\"},\"image\":{\"@id\":\"https:\/\/www.institutfrancais-lituanie.com\/fr\/en-cours\/cinema\/semaine-litteraire-de-kaunas-projection-du-film-hiver-a-sokcho\/#primaryimage\"},\"thumbnailUrl\":\"https:\/\/www.institutfrancais-lituanie.com\/wp-content\/uploads\/2026\/04\/HAS-Photo-6-\u00a9-2024-OFFSHORE-1-scaled.jpg\",\"datePublished\":\"2026-04-27T13:38:33+00:00\",\"dateModified\":\"2026-04-27T13:38:33+00:00\",\"breadcrumb\":{\"@id\":\"https:\/\/www.institutfrancais-lituanie.com\/fr\/en-cours\/cinema\/semaine-litteraire-de-kaunas-projection-du-film-hiver-a-sokcho\/#breadcrumb\"},\"inLanguage\":\"fr-FR\",\"potentialAction\":[{\"@type\":\"ReadAction\",\"target\":[\"https:\/\/www.institutfrancais-lituanie.com\/fr\/en-cours\/cinema\/semaine-litteraire-de-kaunas-projection-du-film-hiver-a-sokcho\/\"]}]},{\"@type\":\"ImageObject\",\"inLanguage\":\"fr-FR\",\"@id\":\"https:\/\/www.institutfrancais-lituanie.com\/fr\/en-cours\/cinema\/semaine-litteraire-de-kaunas-projection-du-film-hiver-a-sokcho\/#primaryimage\",\"url\":\"https:\/\/www.institutfrancais-lituanie.com\/wp-content\/uploads\/2026\/04\/HAS-Photo-6-\u00a9-2024-OFFSHORE-1-scaled.jpg\",\"contentUrl\":\"https:\/\/www.institutfrancais-lituanie.com\/wp-content\/uploads\/2026\/04\/HAS-Photo-6-\u00a9-2024-OFFSHORE-1-scaled.jpg\",\"width\":2560,\"height\":1384},{\"@type\":\"BreadcrumbList\",\"@id\":\"https:\/\/www.institutfrancais-lituanie.com\/fr\/en-cours\/cinema\/semaine-litteraire-de-kaunas-projection-du-film-hiver-a-sokcho\/#breadcrumb\",\"itemListElement\":[{\"@type\":\"ListItem\",\"position\":1,\"name\":\"Home\",\"item\":\"https:\/\/www.institutfrancais-lituanie.com\/fr\/\"},{\"@type\":\"ListItem\",\"position\":2,\"name\":\"Semaine litt\u00e9raire de Kaunas: projection du film \u00ab Hiver \u00e0 Sokcho \u00bb\"}]},{\"@type\":\"WebSite\",\"@id\":\"https:\/\/www.institutfrancais-lituanie.com\/fr\/#website\",\"url\":\"https:\/\/www.institutfrancais-lituanie.com\/fr\/\",\"name\":\"IF Lituanie\",\"description\":\"Pranc\u016bz\u0173 kalbos kursai, kult\u016bra, mediateka...\",\"publisher\":{\"@id\":\"https:\/\/www.institutfrancais-lituanie.com\/fr\/#organization\"},\"potentialAction\":[{\"@type\":\"SearchAction\",\"target\":{\"@type\":\"EntryPoint\",\"urlTemplate\":\"https:\/\/www.institutfrancais-lituanie.com\/fr\/?s={search_term_string}\"},\"query-input\":\"required name=search_term_string\"}],\"inLanguage\":\"fr-FR\"},{\"@type\":\"Organization\",\"@id\":\"https:\/\/www.institutfrancais-lituanie.com\/fr\/#organization\",\"name\":\"Pranc\u016bz\u0173 institutas\",\"url\":\"https:\/\/www.institutfrancais-lituanie.com\/fr\/\",\"logo\":{\"@type\":\"ImageObject\",\"inLanguage\":\"fr-FR\",\"@id\":\"https:\/\/www.institutfrancais-lituanie.com\/fr\/#\/schema\/logo\/image\/\",\"url\":\"https:\/\/www.institutfrancais-lituanie.com\/wp-content\/uploads\/2023\/04\/IF_Logo-Lituanie-RVB.jpg\",\"contentUrl\":\"https:\/\/www.institutfrancais-lituanie.com\/wp-content\/uploads\/2023\/04\/IF_Logo-Lituanie-RVB.jpg\",\"width\":827,\"height\":555,\"caption\":\"Pranc\u016bz\u0173 institutas\"},\"image\":{\"@id\":\"https:\/\/www.institutfrancais-lituanie.com\/fr\/#\/schema\/logo\/image\/\"},\"sameAs\":[\"https:\/\/www.facebook.com\/prancuzuinstitutas\/\",\"https:\/\/www.instagram.com\/institut_francais_lituanie\/\"]},{\"@type\":\"Person\",\"@id\":\"https:\/\/www.institutfrancais-lituanie.com\/fr\/#\/schema\/person\/32b95cf77fc2963ebd875802e2d04457\",\"name\":\"Julija Petrosiute\",\"image\":{\"@type\":\"ImageObject\",\"inLanguage\":\"fr-FR\",\"@id\":\"https:\/\/www.institutfrancais-lituanie.com\/fr\/#\/schema\/person\/image\/\",\"url\":\"https:\/\/secure.gravatar.com\/avatar\/2210bf9289c3642e86c1bf97d9ad11dc?s=96&d=mm&r=g\",\"contentUrl\":\"https:\/\/secure.gravatar.com\/avatar\/2210bf9289c3642e86c1bf97d9ad11dc?s=96&d=mm&r=g\",\"caption\":\"Julija Petrosiute\"},\"url\":\"https:\/\/www.institutfrancais-lituanie.com\/fr\/author\/julija24\/\"}]}<\/script>\n<!-- \/ Yoast SEO plugin. -->","yoast_head_json":{"title":"Semaine litt\u00e9raire de Kaunas: projection du film \u00ab Hiver \u00e0 Sokcho \u00bb - IF Lituanie","robots":{"index":"index","follow":"follow","max-snippet":"max-snippet:-1","max-image-preview":"max-image-preview:large","max-video-preview":"max-video-preview:-1"},"canonical":"https:\/\/www.institutfrancais-lituanie.com\/fr\/en-cours\/cinema\/semaine-litteraire-de-kaunas-projection-du-film-hiver-a-sokcho\/","og_locale":"fr_FR","og_type":"article","og_title":"Semaine litt\u00e9raire de Kaunas: projection du film \u00ab Hiver \u00e0 Sokcho \u00bb - IF Lituanie","og_description":"Du 6 au 10 mai, 2026 Kaunas accueillera son \u00e9v\u00e9nement annuel, la Semaine litt\u00e9raire de&hellip;","og_url":"https:\/\/www.institutfrancais-lituanie.com\/fr\/en-cours\/cinema\/semaine-litteraire-de-kaunas-projection-du-film-hiver-a-sokcho\/","og_site_name":"IF Lituanie","article_publisher":"https:\/\/www.facebook.com\/prancuzuinstitutas\/","article_published_time":"2026-04-27T13:38:33+00:00","og_image":[{"width":2560,"height":1384,"url":"https:\/\/www.institutfrancais-lituanie.com\/wp-content\/uploads\/2026\/04\/HAS-Photo-6-\u00a9-2024-OFFSHORE-1-scaled.jpg","type":"image\/jpeg"}],"author":"Julija Petrosiute","twitter_card":"summary_large_image","twitter_misc":{"Written by":"Julija Petrosiute","Est. reading time":"2 minutes"},"schema":{"@context":"https:\/\/schema.org","@graph":[{"@type":"Article","@id":"https:\/\/www.institutfrancais-lituanie.com\/fr\/en-cours\/cinema\/semaine-litteraire-de-kaunas-projection-du-film-hiver-a-sokcho\/#article","isPartOf":{"@id":"https:\/\/www.institutfrancais-lituanie.com\/fr\/en-cours\/cinema\/semaine-litteraire-de-kaunas-projection-du-film-hiver-a-sokcho\/"},"author":{"name":"Julija Petrosiute","@id":"https:\/\/www.institutfrancais-lituanie.com\/fr\/#\/schema\/person\/32b95cf77fc2963ebd875802e2d04457"},"headline":"Semaine litt\u00e9raire de Kaunas: projection du film \u00ab Hiver \u00e0 Sokcho \u00bb","datePublished":"2026-04-27T13:38:33+00:00","dateModified":"2026-04-27T13:38:33+00:00","mainEntityOfPage":{"@id":"https:\/\/www.institutfrancais-lituanie.com\/fr\/en-cours\/cinema\/semaine-litteraire-de-kaunas-projection-du-film-hiver-a-sokcho\/"},"wordCount":239,"publisher":{"@id":"https:\/\/www.institutfrancais-lituanie.com\/fr\/#organization"},"image":{"@id":"https:\/\/www.institutfrancais-lituanie.com\/fr\/en-cours\/cinema\/semaine-litteraire-de-kaunas-projection-du-film-hiver-a-sokcho\/#primaryimage"},"thumbnailUrl":"https:\/\/www.institutfrancais-lituanie.com\/wp-content\/uploads\/2026\/04\/HAS-Photo-6-\u00a9-2024-OFFSHORE-1-scaled.jpg","articleSection":["Cin\u00e9ma","Litt\u00e9rature"],"inLanguage":"fr-FR"},{"@type":"WebPage","@id":"https:\/\/www.institutfrancais-lituanie.com\/fr\/en-cours\/cinema\/semaine-litteraire-de-kaunas-projection-du-film-hiver-a-sokcho\/","url":"https:\/\/www.institutfrancais-lituanie.com\/fr\/en-cours\/cinema\/semaine-litteraire-de-kaunas-projection-du-film-hiver-a-sokcho\/","name":"Semaine litt\u00e9raire de Kaunas: projection du film \u00ab Hiver \u00e0 Sokcho \u00bb - IF Lituanie","isPartOf":{"@id":"https:\/\/www.institutfrancais-lituanie.com\/fr\/#website"},"primaryImageOfPage":{"@id":"https:\/\/www.institutfrancais-lituanie.com\/fr\/en-cours\/cinema\/semaine-litteraire-de-kaunas-projection-du-film-hiver-a-sokcho\/#primaryimage"},"image":{"@id":"https:\/\/www.institutfrancais-lituanie.com\/fr\/en-cours\/cinema\/semaine-litteraire-de-kaunas-projection-du-film-hiver-a-sokcho\/#primaryimage"},"thumbnailUrl":"https:\/\/www.institutfrancais-lituanie.com\/wp-content\/uploads\/2026\/04\/HAS-Photo-6-\u00a9-2024-OFFSHORE-1-scaled.jpg","datePublished":"2026-04-27T13:38:33+00:00","dateModified":"2026-04-27T13:38:33+00:00","breadcrumb":{"@id":"https:\/\/www.institutfrancais-lituanie.com\/fr\/en-cours\/cinema\/semaine-litteraire-de-kaunas-projection-du-film-hiver-a-sokcho\/#breadcrumb"},"inLanguage":"fr-FR","potentialAction":[{"@type":"ReadAction","target":["https:\/\/www.institutfrancais-lituanie.com\/fr\/en-cours\/cinema\/semaine-litteraire-de-kaunas-projection-du-film-hiver-a-sokcho\/"]}]},{"@type":"ImageObject","inLanguage":"fr-FR","@id":"https:\/\/www.institutfrancais-lituanie.com\/fr\/en-cours\/cinema\/semaine-litteraire-de-kaunas-projection-du-film-hiver-a-sokcho\/#primaryimage","url":"https:\/\/www.institutfrancais-lituanie.com\/wp-content\/uploads\/2026\/04\/HAS-Photo-6-\u00a9-2024-OFFSHORE-1-scaled.jpg","contentUrl":"https:\/\/www.institutfrancais-lituanie.com\/wp-content\/uploads\/2026\/04\/HAS-Photo-6-\u00a9-2024-OFFSHORE-1-scaled.jpg","width":2560,"height":1384},{"@type":"BreadcrumbList","@id":"https:\/\/www.institutfrancais-lituanie.com\/fr\/en-cours\/cinema\/semaine-litteraire-de-kaunas-projection-du-film-hiver-a-sokcho\/#breadcrumb","itemListElement":[{"@type":"ListItem","position":1,"name":"Home","item":"https:\/\/www.institutfrancais-lituanie.com\/fr\/"},{"@type":"ListItem","position":2,"name":"Semaine litt\u00e9raire de Kaunas: projection du film \u00ab Hiver \u00e0 Sokcho \u00bb"}]},{"@type":"WebSite","@id":"https:\/\/www.institutfrancais-lituanie.com\/fr\/#website","url":"https:\/\/www.institutfrancais-lituanie.com\/fr\/","name":"IF Lituanie","description":"Pranc\u016bz\u0173 kalbos kursai, kult\u016bra, mediateka...","publisher":{"@id":"https:\/\/www.institutfrancais-lituanie.com\/fr\/#organization"},"potentialAction":[{"@type":"SearchAction","target":{"@type":"EntryPoint","urlTemplate":"https:\/\/www.institutfrancais-lituanie.com\/fr\/?s={search_term_string}"},"query-input":"required name=search_term_string"}],"inLanguage":"fr-FR"},{"@type":"Organization","@id":"https:\/\/www.institutfrancais-lituanie.com\/fr\/#organization","name":"Pranc\u016bz\u0173 institutas","url":"https:\/\/www.institutfrancais-lituanie.com\/fr\/","logo":{"@type":"ImageObject","inLanguage":"fr-FR","@id":"https:\/\/www.institutfrancais-lituanie.com\/fr\/#\/schema\/logo\/image\/","url":"https:\/\/www.institutfrancais-lituanie.com\/wp-content\/uploads\/2023\/04\/IF_Logo-Lituanie-RVB.jpg","contentUrl":"https:\/\/www.institutfrancais-lituanie.com\/wp-content\/uploads\/2023\/04\/IF_Logo-Lituanie-RVB.jpg","width":827,"height":555,"caption":"Pranc\u016bz\u0173 institutas"},"image":{"@id":"https:\/\/www.institutfrancais-lituanie.com\/fr\/#\/schema\/logo\/image\/"},"sameAs":["https:\/\/www.facebook.com\/prancuzuinstitutas\/","https:\/\/www.instagram.com\/institut_francais_lituanie\/"]},{"@type":"Person","@id":"https:\/\/www.institutfrancais-lituanie.com\/fr\/#\/schema\/person\/32b95cf77fc2963ebd875802e2d04457","name":"Julija Petrosiute","image":{"@type":"ImageObject","inLanguage":"fr-FR","@id":"https:\/\/www.institutfrancais-lituanie.com\/fr\/#\/schema\/person\/image\/","url":"https:\/\/secure.gravatar.com\/avatar\/2210bf9289c3642e86c1bf97d9ad11dc?s=96&d=mm&r=g","contentUrl":"https:\/\/secure.gravatar.com\/avatar\/2210bf9289c3642e86c1bf97d9ad11dc?s=96&d=mm&r=g","caption":"Julija Petrosiute"},"url":"https:\/\/www.institutfrancais-lituanie.com\/fr\/author\/julija24\/"}]}},"_links":{"self":[{"href":"https:\/\/www.institutfrancais-lituanie.com\/fr\/wp-json\/wp\/v2\/posts\/18948"}],"collection":[{"href":"https:\/\/www.institutfrancais-lituanie.com\/fr\/wp-json\/wp\/v2\/posts"}],"about":[{"href":"https:\/\/www.institutfrancais-lituanie.com\/fr\/wp-json\/wp\/v2\/types\/post"}],"author":[{"embeddable":true,"href":"https:\/\/www.institutfrancais-lituanie.com\/fr\/wp-json\/wp\/v2\/users\/13"}],"replies":[{"embeddable":true,"href":"https:\/\/www.institutfrancais-lituanie.com\/fr\/wp-json\/wp\/v2\/comments?post=18948"}],"version-history":[{"count":1,"href":"https:\/\/www.institutfrancais-lituanie.com\/fr\/wp-json\/wp\/v2\/posts\/18948\/revisions"}],"predecessor-version":[{"id":18949,"href":"https:\/\/www.institutfrancais-lituanie.com\/fr\/wp-json\/wp\/v2\/posts\/18948\/revisions\/18949"}],"wp:featuredmedia":[{"embeddable":true,"href":"https:\/\/www.institutfrancais-lituanie.com\/fr\/wp-json\/wp\/v2\/media\/18945"}],"wp:attachment":[{"href":"https:\/\/www.institutfrancais-lituanie.com\/fr\/wp-json\/wp\/v2\/media?parent=18948"}],"wp:term":[{"taxonomy":"category","embeddable":true,"href":"https:\/\/www.institutfrancais-lituanie.com\/fr\/wp-json\/wp\/v2\/categories?post=18948"},{"taxonomy":"post_tag","embeddable":true,"href":"https:\/\/www.institutfrancais-lituanie.com\/fr\/wp-json\/wp\/v2\/tags?post=18948"}],"curies":[{"name":"wp","href":"https:\/\/api.w.org\/{rel}","templated":true}]}}