{"id":18628,"date":"2026-03-03T15:20:39","date_gmt":"2026-03-03T15:20:39","guid":{"rendered":"https:\/\/www.institutfrancais-lituanie.com\/?p=18628"},"modified":"2026-03-03T15:27:35","modified_gmt":"2026-03-03T15:27:35","slug":"exposition-ecrire-en-francais","status":"publish","type":"post","link":"https:\/\/www.institutfrancais-lituanie.com\/fr\/en-cours\/expositions\/exposition-ecrire-en-francais\/","title":{"rendered":"Exposition \u00ab \u00c9crire en fran\u00e7ais \u00bb"},"content":{"rendered":"<p>Dans le cadre du Mois de la Francophonie, l&#8217;Institut fran\u00e7ais a le plaisir de vous inviter \u00e0 d\u00e9couvrir sa nouvelle exposition : \u00ab \u00c9crire en fran\u00e7ais \u2013 histoires de langues, voyages de mots \u00bb.<\/p>\n<p>L&#8217;exposition est ouverte au public du 2 au 31 mars, aux heures d&#8217;ouverture de l&#8217;Institut.<\/p>\n<p>Con\u00e7ue par l&#8217;Alliance Fran\u00e7aise de Paris, en collaboration avec le critique litt\u00e9raire Bernard Magnier et l&#8217;illustratrice Raphaelle Macaron, cette exposition haute en couleurs c\u00e9l\u00e8bre la richesse et la diversit\u00e9 de la litt\u00e9rature francophone mondiale.<\/p>\n<p><strong>Une langue, des destins multiples<\/strong><\/p>\n<p>L&#8217;exposition vous invite \u00e0 un voyage \u00e0 travers les mots d&#8217;auteurs et d&#8217;autrices venus des cinq continents. Qu&#8217;ils viennent d&#8217;Europe, d&#8217;Afrique, d&#8217;Am\u00e9rique ou d&#8217;Asie, ils ont tous un point commun : ils \u00e9crivent en fran\u00e7ais. Mais est-ce un choix, un h\u00e9ritage, ou un exil ?<\/p>\n<p>\u00c0 travers une s\u00e9rie de portraits graphiques, de citations percutantes et d&#8217;entretiens vid\u00e9o, venez d\u00e9couvrir les liens intimes, parfois complexes mais toujours passionn\u00e9s, que ces \u00e9crivains entretiennent avec la langue de Moli\u00e8re.<\/p>\n<p>Comme le demande Vassilis Alexakis : \u00ab Comment choisir entre la langue de ma m\u00e8re et la langue de mes fils ? \u00bb ou comme le confie Karim Kattan : \u00ab Confortable comme un pyjama et d\u00e9sagr\u00e9able comme un caillou dans la chaussure. \u00bb<\/p>\n<p><strong>Informations pratiques :<\/strong><\/p>\n<p>Dates : Du 2 au 31 mars<\/p>\n<p>Horaires : Durant les heures d&#8217;ouverture de l&#8217;Institut fran\u00e7ais<\/p>\n<p>Lieu : Institut fran\u00e7ais de Lituanie<\/p>\n<p>Entr\u00e9e libre<br \/>\nRejoignez-nous pour c\u00e9l\u00e9brer ensemble la langue fran\u00e7aise et ceux qui la font vivre !<\/p>\n","protected":false},"excerpt":{"rendered":"<p>Dans le cadre du Mois de la Francophonie, l&#8217;Institut fran\u00e7ais a le plaisir de vous&hellip;<\/p>\n","protected":false},"author":13,"featured_media":18625,"comment_status":"closed","ping_status":"open","sticky":false,"template":"","format":"standard","meta":{"footnotes":""},"categories":[81,109],"tags":[],"class_list":["post-18628","post","type-post","status-publish","format-standard","has-post-thumbnail","hentry","category-expositions","category-francophonie2"],"yoast_head":"<!-- This site is optimized with the Yoast SEO plugin v23.2 - https:\/\/yoast.com\/wordpress\/plugins\/seo\/ -->\n<title>Exposition \u00ab \u00c9crire en fran\u00e7ais \u00bb - IF Lituanie<\/title>\n<meta name=\"robots\" content=\"index, follow, max-snippet:-1, max-image-preview:large, max-video-preview:-1\" \/>\n<link rel=\"canonical\" href=\"https:\/\/www.institutfrancais-lituanie.com\/fr\/en-cours\/expositions\/exposition-ecrire-en-francais\/\" \/>\n<meta property=\"og:locale\" content=\"fr_FR\" \/>\n<meta property=\"og:type\" content=\"article\" \/>\n<meta property=\"og:title\" content=\"Exposition \u00ab \u00c9crire en fran\u00e7ais \u00bb - IF Lituanie\" \/>\n<meta property=\"og:description\" content=\"Dans le cadre du Mois de la Francophonie, l&#8217;Institut fran\u00e7ais a le plaisir de vous&hellip;\" \/>\n<meta property=\"og:url\" content=\"https:\/\/www.institutfrancais-lituanie.com\/fr\/en-cours\/expositions\/exposition-ecrire-en-francais\/\" \/>\n<meta property=\"og:site_name\" content=\"IF Lituanie\" \/>\n<meta property=\"article:publisher\" content=\"https:\/\/www.facebook.com\/prancuzuinstitutas\/\" \/>\n<meta property=\"article:published_time\" content=\"2026-03-03T15:20:39+00:00\" \/>\n<meta property=\"article:modified_time\" content=\"2026-03-03T15:27:35+00:00\" \/>\n<meta property=\"og:image\" content=\"https:\/\/www.institutfrancais-lituanie.com\/wp-content\/uploads\/2026\/03\/Facebook-1200x628px-1024x536.png\" \/>\n\t<meta property=\"og:image:width\" content=\"1024\" \/>\n\t<meta property=\"og:image:height\" content=\"536\" \/>\n\t<meta property=\"og:image:type\" content=\"image\/png\" \/>\n<meta name=\"author\" content=\"Julija Petrosiute\" \/>\n<meta name=\"twitter:card\" content=\"summary_large_image\" \/>\n<meta name=\"twitter:label1\" content=\"Written by\" \/>\n\t<meta name=\"twitter:data1\" content=\"Julija Petrosiute\" \/>\n\t<meta name=\"twitter:label2\" content=\"Est. reading time\" \/>\n\t<meta name=\"twitter:data2\" content=\"2 minutes\" \/>\n<script type=\"application\/ld+json\" class=\"yoast-schema-graph\">{\"@context\":\"https:\/\/schema.org\",\"@graph\":[{\"@type\":\"Article\",\"@id\":\"https:\/\/www.institutfrancais-lituanie.com\/fr\/en-cours\/expositions\/exposition-ecrire-en-francais\/#article\",\"isPartOf\":{\"@id\":\"https:\/\/www.institutfrancais-lituanie.com\/fr\/en-cours\/expositions\/exposition-ecrire-en-francais\/\"},\"author\":{\"name\":\"Julija Petrosiute\",\"@id\":\"https:\/\/www.institutfrancais-lituanie.com\/fr\/#\/schema\/person\/32b95cf77fc2963ebd875802e2d04457\"},\"headline\":\"Exposition \u00ab \u00c9crire en fran\u00e7ais \u00bb\",\"datePublished\":\"2026-03-03T15:20:39+00:00\",\"dateModified\":\"2026-03-03T15:27:35+00:00\",\"mainEntityOfPage\":{\"@id\":\"https:\/\/www.institutfrancais-lituanie.com\/fr\/en-cours\/expositions\/exposition-ecrire-en-francais\/\"},\"wordCount\":255,\"publisher\":{\"@id\":\"https:\/\/www.institutfrancais-lituanie.com\/fr\/#organization\"},\"image\":{\"@id\":\"https:\/\/www.institutfrancais-lituanie.com\/fr\/en-cours\/expositions\/exposition-ecrire-en-francais\/#primaryimage\"},\"thumbnailUrl\":\"https:\/\/www.institutfrancais-lituanie.com\/wp-content\/uploads\/2026\/03\/Facebook-1200x628px.png\",\"articleSection\":[\"Expositions\",\"Francophonie\"],\"inLanguage\":\"fr-FR\"},{\"@type\":\"WebPage\",\"@id\":\"https:\/\/www.institutfrancais-lituanie.com\/fr\/en-cours\/expositions\/exposition-ecrire-en-francais\/\",\"url\":\"https:\/\/www.institutfrancais-lituanie.com\/fr\/en-cours\/expositions\/exposition-ecrire-en-francais\/\",\"name\":\"Exposition \u00ab \u00c9crire en fran\u00e7ais \u00bb - IF Lituanie\",\"isPartOf\":{\"@id\":\"https:\/\/www.institutfrancais-lituanie.com\/fr\/#website\"},\"primaryImageOfPage\":{\"@id\":\"https:\/\/www.institutfrancais-lituanie.com\/fr\/en-cours\/expositions\/exposition-ecrire-en-francais\/#primaryimage\"},\"image\":{\"@id\":\"https:\/\/www.institutfrancais-lituanie.com\/fr\/en-cours\/expositions\/exposition-ecrire-en-francais\/#primaryimage\"},\"thumbnailUrl\":\"https:\/\/www.institutfrancais-lituanie.com\/wp-content\/uploads\/2026\/03\/Facebook-1200x628px.png\",\"datePublished\":\"2026-03-03T15:20:39+00:00\",\"dateModified\":\"2026-03-03T15:27:35+00:00\",\"breadcrumb\":{\"@id\":\"https:\/\/www.institutfrancais-lituanie.com\/fr\/en-cours\/expositions\/exposition-ecrire-en-francais\/#breadcrumb\"},\"inLanguage\":\"fr-FR\",\"potentialAction\":[{\"@type\":\"ReadAction\",\"target\":[\"https:\/\/www.institutfrancais-lituanie.com\/fr\/en-cours\/expositions\/exposition-ecrire-en-francais\/\"]}]},{\"@type\":\"ImageObject\",\"inLanguage\":\"fr-FR\",\"@id\":\"https:\/\/www.institutfrancais-lituanie.com\/fr\/en-cours\/expositions\/exposition-ecrire-en-francais\/#primaryimage\",\"url\":\"https:\/\/www.institutfrancais-lituanie.com\/wp-content\/uploads\/2026\/03\/Facebook-1200x628px.png\",\"contentUrl\":\"https:\/\/www.institutfrancais-lituanie.com\/wp-content\/uploads\/2026\/03\/Facebook-1200x628px.png\",\"width\":10000,\"height\":5234},{\"@type\":\"BreadcrumbList\",\"@id\":\"https:\/\/www.institutfrancais-lituanie.com\/fr\/en-cours\/expositions\/exposition-ecrire-en-francais\/#breadcrumb\",\"itemListElement\":[{\"@type\":\"ListItem\",\"position\":1,\"name\":\"Home\",\"item\":\"https:\/\/www.institutfrancais-lituanie.com\/fr\/\"},{\"@type\":\"ListItem\",\"position\":2,\"name\":\"Exposition \u00ab \u00c9crire en fran\u00e7ais \u00bb\"}]},{\"@type\":\"WebSite\",\"@id\":\"https:\/\/www.institutfrancais-lituanie.com\/fr\/#website\",\"url\":\"https:\/\/www.institutfrancais-lituanie.com\/fr\/\",\"name\":\"IF Lituanie\",\"description\":\"Pranc\u016bz\u0173 kalbos kursai, kult\u016bra, mediateka...\",\"publisher\":{\"@id\":\"https:\/\/www.institutfrancais-lituanie.com\/fr\/#organization\"},\"potentialAction\":[{\"@type\":\"SearchAction\",\"target\":{\"@type\":\"EntryPoint\",\"urlTemplate\":\"https:\/\/www.institutfrancais-lituanie.com\/fr\/?s={search_term_string}\"},\"query-input\":\"required name=search_term_string\"}],\"inLanguage\":\"fr-FR\"},{\"@type\":\"Organization\",\"@id\":\"https:\/\/www.institutfrancais-lituanie.com\/fr\/#organization\",\"name\":\"Pranc\u016bz\u0173 institutas\",\"url\":\"https:\/\/www.institutfrancais-lituanie.com\/fr\/\",\"logo\":{\"@type\":\"ImageObject\",\"inLanguage\":\"fr-FR\",\"@id\":\"https:\/\/www.institutfrancais-lituanie.com\/fr\/#\/schema\/logo\/image\/\",\"url\":\"https:\/\/www.institutfrancais-lituanie.com\/wp-content\/uploads\/2023\/04\/IF_Logo-Lituanie-RVB.jpg\",\"contentUrl\":\"https:\/\/www.institutfrancais-lituanie.com\/wp-content\/uploads\/2023\/04\/IF_Logo-Lituanie-RVB.jpg\",\"width\":827,\"height\":555,\"caption\":\"Pranc\u016bz\u0173 institutas\"},\"image\":{\"@id\":\"https:\/\/www.institutfrancais-lituanie.com\/fr\/#\/schema\/logo\/image\/\"},\"sameAs\":[\"https:\/\/www.facebook.com\/prancuzuinstitutas\/\",\"https:\/\/www.instagram.com\/institut_francais_lituanie\/\"]},{\"@type\":\"Person\",\"@id\":\"https:\/\/www.institutfrancais-lituanie.com\/fr\/#\/schema\/person\/32b95cf77fc2963ebd875802e2d04457\",\"name\":\"Julija Petrosiute\",\"image\":{\"@type\":\"ImageObject\",\"inLanguage\":\"fr-FR\",\"@id\":\"https:\/\/www.institutfrancais-lituanie.com\/fr\/#\/schema\/person\/image\/\",\"url\":\"https:\/\/secure.gravatar.com\/avatar\/2210bf9289c3642e86c1bf97d9ad11dc?s=96&d=mm&r=g\",\"contentUrl\":\"https:\/\/secure.gravatar.com\/avatar\/2210bf9289c3642e86c1bf97d9ad11dc?s=96&d=mm&r=g\",\"caption\":\"Julija Petrosiute\"},\"url\":\"https:\/\/www.institutfrancais-lituanie.com\/fr\/author\/julija24\/\"}]}<\/script>\n<!-- \/ Yoast SEO plugin. -->","yoast_head_json":{"title":"Exposition \u00ab \u00c9crire en fran\u00e7ais \u00bb - IF Lituanie","robots":{"index":"index","follow":"follow","max-snippet":"max-snippet:-1","max-image-preview":"max-image-preview:large","max-video-preview":"max-video-preview:-1"},"canonical":"https:\/\/www.institutfrancais-lituanie.com\/fr\/en-cours\/expositions\/exposition-ecrire-en-francais\/","og_locale":"fr_FR","og_type":"article","og_title":"Exposition \u00ab \u00c9crire en fran\u00e7ais \u00bb - IF Lituanie","og_description":"Dans le cadre du Mois de la Francophonie, l&#8217;Institut fran\u00e7ais a le plaisir de vous&hellip;","og_url":"https:\/\/www.institutfrancais-lituanie.com\/fr\/en-cours\/expositions\/exposition-ecrire-en-francais\/","og_site_name":"IF Lituanie","article_publisher":"https:\/\/www.facebook.com\/prancuzuinstitutas\/","article_published_time":"2026-03-03T15:20:39+00:00","article_modified_time":"2026-03-03T15:27:35+00:00","og_image":[{"width":1024,"height":536,"url":"https:\/\/www.institutfrancais-lituanie.com\/wp-content\/uploads\/2026\/03\/Facebook-1200x628px-1024x536.png","type":"image\/png"}],"author":"Julija Petrosiute","twitter_card":"summary_large_image","twitter_misc":{"Written by":"Julija Petrosiute","Est. reading time":"2 minutes"},"schema":{"@context":"https:\/\/schema.org","@graph":[{"@type":"Article","@id":"https:\/\/www.institutfrancais-lituanie.com\/fr\/en-cours\/expositions\/exposition-ecrire-en-francais\/#article","isPartOf":{"@id":"https:\/\/www.institutfrancais-lituanie.com\/fr\/en-cours\/expositions\/exposition-ecrire-en-francais\/"},"author":{"name":"Julija Petrosiute","@id":"https:\/\/www.institutfrancais-lituanie.com\/fr\/#\/schema\/person\/32b95cf77fc2963ebd875802e2d04457"},"headline":"Exposition \u00ab \u00c9crire en fran\u00e7ais \u00bb","datePublished":"2026-03-03T15:20:39+00:00","dateModified":"2026-03-03T15:27:35+00:00","mainEntityOfPage":{"@id":"https:\/\/www.institutfrancais-lituanie.com\/fr\/en-cours\/expositions\/exposition-ecrire-en-francais\/"},"wordCount":255,"publisher":{"@id":"https:\/\/www.institutfrancais-lituanie.com\/fr\/#organization"},"image":{"@id":"https:\/\/www.institutfrancais-lituanie.com\/fr\/en-cours\/expositions\/exposition-ecrire-en-francais\/#primaryimage"},"thumbnailUrl":"https:\/\/www.institutfrancais-lituanie.com\/wp-content\/uploads\/2026\/03\/Facebook-1200x628px.png","articleSection":["Expositions","Francophonie"],"inLanguage":"fr-FR"},{"@type":"WebPage","@id":"https:\/\/www.institutfrancais-lituanie.com\/fr\/en-cours\/expositions\/exposition-ecrire-en-francais\/","url":"https:\/\/www.institutfrancais-lituanie.com\/fr\/en-cours\/expositions\/exposition-ecrire-en-francais\/","name":"Exposition \u00ab \u00c9crire en fran\u00e7ais \u00bb - IF Lituanie","isPartOf":{"@id":"https:\/\/www.institutfrancais-lituanie.com\/fr\/#website"},"primaryImageOfPage":{"@id":"https:\/\/www.institutfrancais-lituanie.com\/fr\/en-cours\/expositions\/exposition-ecrire-en-francais\/#primaryimage"},"image":{"@id":"https:\/\/www.institutfrancais-lituanie.com\/fr\/en-cours\/expositions\/exposition-ecrire-en-francais\/#primaryimage"},"thumbnailUrl":"https:\/\/www.institutfrancais-lituanie.com\/wp-content\/uploads\/2026\/03\/Facebook-1200x628px.png","datePublished":"2026-03-03T15:20:39+00:00","dateModified":"2026-03-03T15:27:35+00:00","breadcrumb":{"@id":"https:\/\/www.institutfrancais-lituanie.com\/fr\/en-cours\/expositions\/exposition-ecrire-en-francais\/#breadcrumb"},"inLanguage":"fr-FR","potentialAction":[{"@type":"ReadAction","target":["https:\/\/www.institutfrancais-lituanie.com\/fr\/en-cours\/expositions\/exposition-ecrire-en-francais\/"]}]},{"@type":"ImageObject","inLanguage":"fr-FR","@id":"https:\/\/www.institutfrancais-lituanie.com\/fr\/en-cours\/expositions\/exposition-ecrire-en-francais\/#primaryimage","url":"https:\/\/www.institutfrancais-lituanie.com\/wp-content\/uploads\/2026\/03\/Facebook-1200x628px.png","contentUrl":"https:\/\/www.institutfrancais-lituanie.com\/wp-content\/uploads\/2026\/03\/Facebook-1200x628px.png","width":10000,"height":5234},{"@type":"BreadcrumbList","@id":"https:\/\/www.institutfrancais-lituanie.com\/fr\/en-cours\/expositions\/exposition-ecrire-en-francais\/#breadcrumb","itemListElement":[{"@type":"ListItem","position":1,"name":"Home","item":"https:\/\/www.institutfrancais-lituanie.com\/fr\/"},{"@type":"ListItem","position":2,"name":"Exposition \u00ab \u00c9crire en fran\u00e7ais \u00bb"}]},{"@type":"WebSite","@id":"https:\/\/www.institutfrancais-lituanie.com\/fr\/#website","url":"https:\/\/www.institutfrancais-lituanie.com\/fr\/","name":"IF Lituanie","description":"Pranc\u016bz\u0173 kalbos kursai, kult\u016bra, mediateka...","publisher":{"@id":"https:\/\/www.institutfrancais-lituanie.com\/fr\/#organization"},"potentialAction":[{"@type":"SearchAction","target":{"@type":"EntryPoint","urlTemplate":"https:\/\/www.institutfrancais-lituanie.com\/fr\/?s={search_term_string}"},"query-input":"required name=search_term_string"}],"inLanguage":"fr-FR"},{"@type":"Organization","@id":"https:\/\/www.institutfrancais-lituanie.com\/fr\/#organization","name":"Pranc\u016bz\u0173 institutas","url":"https:\/\/www.institutfrancais-lituanie.com\/fr\/","logo":{"@type":"ImageObject","inLanguage":"fr-FR","@id":"https:\/\/www.institutfrancais-lituanie.com\/fr\/#\/schema\/logo\/image\/","url":"https:\/\/www.institutfrancais-lituanie.com\/wp-content\/uploads\/2023\/04\/IF_Logo-Lituanie-RVB.jpg","contentUrl":"https:\/\/www.institutfrancais-lituanie.com\/wp-content\/uploads\/2023\/04\/IF_Logo-Lituanie-RVB.jpg","width":827,"height":555,"caption":"Pranc\u016bz\u0173 institutas"},"image":{"@id":"https:\/\/www.institutfrancais-lituanie.com\/fr\/#\/schema\/logo\/image\/"},"sameAs":["https:\/\/www.facebook.com\/prancuzuinstitutas\/","https:\/\/www.instagram.com\/institut_francais_lituanie\/"]},{"@type":"Person","@id":"https:\/\/www.institutfrancais-lituanie.com\/fr\/#\/schema\/person\/32b95cf77fc2963ebd875802e2d04457","name":"Julija Petrosiute","image":{"@type":"ImageObject","inLanguage":"fr-FR","@id":"https:\/\/www.institutfrancais-lituanie.com\/fr\/#\/schema\/person\/image\/","url":"https:\/\/secure.gravatar.com\/avatar\/2210bf9289c3642e86c1bf97d9ad11dc?s=96&d=mm&r=g","contentUrl":"https:\/\/secure.gravatar.com\/avatar\/2210bf9289c3642e86c1bf97d9ad11dc?s=96&d=mm&r=g","caption":"Julija Petrosiute"},"url":"https:\/\/www.institutfrancais-lituanie.com\/fr\/author\/julija24\/"}]}},"_links":{"self":[{"href":"https:\/\/www.institutfrancais-lituanie.com\/fr\/wp-json\/wp\/v2\/posts\/18628"}],"collection":[{"href":"https:\/\/www.institutfrancais-lituanie.com\/fr\/wp-json\/wp\/v2\/posts"}],"about":[{"href":"https:\/\/www.institutfrancais-lituanie.com\/fr\/wp-json\/wp\/v2\/types\/post"}],"author":[{"embeddable":true,"href":"https:\/\/www.institutfrancais-lituanie.com\/fr\/wp-json\/wp\/v2\/users\/13"}],"replies":[{"embeddable":true,"href":"https:\/\/www.institutfrancais-lituanie.com\/fr\/wp-json\/wp\/v2\/comments?post=18628"}],"version-history":[{"count":1,"href":"https:\/\/www.institutfrancais-lituanie.com\/fr\/wp-json\/wp\/v2\/posts\/18628\/revisions"}],"predecessor-version":[{"id":18630,"href":"https:\/\/www.institutfrancais-lituanie.com\/fr\/wp-json\/wp\/v2\/posts\/18628\/revisions\/18630"}],"wp:featuredmedia":[{"embeddable":true,"href":"https:\/\/www.institutfrancais-lituanie.com\/fr\/wp-json\/wp\/v2\/media\/18625"}],"wp:attachment":[{"href":"https:\/\/www.institutfrancais-lituanie.com\/fr\/wp-json\/wp\/v2\/media?parent=18628"}],"wp:term":[{"taxonomy":"category","embeddable":true,"href":"https:\/\/www.institutfrancais-lituanie.com\/fr\/wp-json\/wp\/v2\/categories?post=18628"},{"taxonomy":"post_tag","embeddable":true,"href":"https:\/\/www.institutfrancais-lituanie.com\/fr\/wp-json\/wp\/v2\/tags?post=18628"}],"curies":[{"name":"wp","href":"https:\/\/api.w.org\/{rel}","templated":true}]}}