{"id":18260,"date":"2026-01-26T15:10:29","date_gmt":"2026-01-26T15:10:29","guid":{"rendered":"https:\/\/www.institutfrancais-lituanie.com\/?p=18260"},"modified":"2026-01-26T16:44:51","modified_gmt":"2026-01-26T16:44:51","slug":"festival-de-danse-contemporaine-new-baltic-dance","status":"publish","type":"post","link":"https:\/\/www.institutfrancais-lituanie.com\/fr\/en-cours\/spectacles\/festival-de-danse-contemporaine-new-baltic-dance\/","title":{"rendered":"&#8220;Trag\u00e9die&#8221; &#8211; OIivier Dubois &#8211; NEW BALTIC DANCE"},"content":{"rendered":"<p><strong>Les 26 et 27 f\u00e9vrier 2026,<\/strong> la Th\u00e9\u00e2tre national dramatique de Lituanie accueillera la performance de danse <strong>\u00ab Trag\u00e9die \u00bb <\/strong>du chor\u00e9graphe fran\u00e7ais <strong>Olivier Dubois<\/strong>. L&#8217;Institut fran\u00e7ais de Lituanie est un partenaire de longue date du festival et se r\u00e9jouit de pouvoir pr\u00e9senter aux spectateurs l&#8217;\u0153uvre de l&#8217;un des plus grands ma\u00eetres de la danse contemporaine.<\/p>\n<p>La premi\u00e8re et la plus importante \u0153uvre du programme du festival de danse contemporaine <strong>NEW BALTIC DANCE (NBD)<\/strong> sera pr\u00e9sent\u00e9e au public non pas au printemps, mais en f\u00e9vrier. Les autres spectacles du programme du festival de danse contemporaine auront eux, bien lieu en avril 2026.<\/p>\n<p>&nbsp;<\/p>\n<p><strong>Olivier Dubois (France) \u2013 TRAG\u00c9DIE (Nouvelle cr\u00e9ation)<\/strong><\/p>\n<p><strong>Dur\u00e9e : 90 min. <\/strong><\/p>\n<p>ATTENTION : dans ce spectacle, les danseurs et les danseuses interpr\u00e8tent la chor\u00e9graphie enti\u00e8rement nus. \u00c2ge recommand\u00e9 : 16 ans.<\/p>\n<p><strong>Le spectacle est le manifeste du festival NEW BALTIC DANCE<br \/>\n<\/strong>\u00ab J&#8217;ai cr\u00e9\u00e9 \u00ab Trag\u00e9die \u00bb \u00e0 partir d&#8217;une phrase simple et terrible : \u00ab \u00catre humain ne signifie pas cr\u00e9er l&#8217;humanit\u00e9 \u2013 et c&#8217;est pr\u00e9cis\u00e9ment l\u00e0 notre trag\u00e9die humaine. \u00bb Elle r\u00e9sonne encore aujourd&#8217;hui, sans rien perdre de sa force.<br \/>\nCependant, la trag\u00e9die n&#8217;apporte pas seulement le malheur. Elle apporte \u00e9galement l&#8217;espoir, un espoir qui na\u00eet de ce qui nous unit. Il s&#8217;agit d&#8217;un combat individuel, men\u00e9 pour une cause plus grande que l&#8217;homme lui-m\u00eame : un geste de d\u00e9sob\u00e9issance, un d\u00e9fi lanc\u00e9 aux dieux.<\/p>\n<p>Dix ans apr\u00e8s sa premi\u00e8re au Festival d&#8217;Avignon en 2012, Olivier Dubois a r\u00e9\u00e9crit ce po\u00e8me chor\u00e9graphique pour dix-huit interpr\u00e8tes. La nouvelle version plonge le spectateur avec la m\u00eame force dans une \u00ab sensation du monde \u00bb. Vertigineuse et chaotique. Jou\u00e9 au rythme incessant des mar\u00e9es montantes et descendantes sur des instruments \u00e0 percussion gigantesques, le grand cycle de la vie est cr\u00e9\u00e9 puis d\u00e9construit. L&#8217;humanit\u00e9 est \u00e9crite, effac\u00e9e, puis r\u00e9\u00e9crite&#8230; Une qu\u00eate sans fin !<\/p>\n<p>Les interpr\u00e8tes de \u00ab Trag\u00e9die \u00bb expriment leur appartenance \u00e0 la communaut\u00e9 humaine. Ils frappent du pied le sol, marchent, s&#8217;\u00e9tirent, se font face, glissent, s&#8217;agenouillent, apparaissent, disparaissent, se fondent les uns dans les autres pour ne pas basculer&#8230; t\u00e9moignant ainsi de notre destin commun.<\/p>\n<p>Chor\u00e9graphe majeur de la sc\u00e8ne contemporaine fran\u00e7aise, <strong>Olivier Dubois<\/strong> a sign\u00e9 ces dix derni\u00e8res ann\u00e9es quelques-unes des \u0153uvres chor\u00e9graphiques les plus radicales. Directeur du Ballet du Nord de 2014 \u00e0 2017, \u00e9lu l\u2019un des 25 meilleurs danseurs au monde en 2011 par le magazine Dance Europe, il jouit d\u2019une exp\u00e9rience unique entre cr\u00e9ation, interpr\u00e9tation et p\u00e9dagogie.<\/p>\n<p>Il entame en 2009 la trilogie\u00a0<em>\u00c9tude critique pour un trompe l\u2019\u0153il<\/em>, avec la pi\u00e8ce\u00a0<strong>R\u00e9volution<\/strong>\u00a0cr\u00e9\u00e9e \u00e0 la M\u00e9nagerie de Verre \u00e0 Paris, suivie du solo\u00a0<strong>Rouge<\/strong>\u00a0en 2011, puis enfin, le spectacle choc\u00a0<strong>Trag\u00e9die<\/strong>\u00a0qui voit le jour au Festival d\u2019Avignon en 2012.<\/p>\n<p>Pour le programme \u00ab Marseille, capitale europ\u00e9enne de la culture 2013 \u00bb, Dubois a cr\u00e9\u00e9 \u00ab \u00c9l\u00e9gie \u00bb pour le Ballet national de Marseille. La m\u00eame ann\u00e9e, il a \u00e9t\u00e9 nomm\u00e9 meilleur chor\u00e9graphe aux prix Danza &amp; Danza pour \u00ab Trag\u00e9die \u00bb et \u00ab \u00c9l\u00e9gie \u00bb.<\/p>\n<p>Olivier Dubois travaille actuellement au centre culturel \u00ab CENTQUATRE-Paris \u00bb et au th\u00e9\u00e2tre et centre d&#8217;art \u00ab L&#8217;Onde \u00bb \u00e0 Velizy-Villacoublay (78) en tant qu&#8217;artiste associ\u00e9 avec sa compagnie de danse \u00ab COD \u00bb.<\/p>\n<p><strong>Cr\u00e9ation<br \/>\n<\/strong>Olivier Dubois<\/p>\n<p><strong>Interpr\u00e9tation \u00e0 la cr\u00e9ation<br \/>\n<\/strong>Benjamin Bertrand, Arnaud Boursain, Marie-Laure Caradec, Sylvain Decloitre, Marianne Descamps, Virginie Garcia, Karine Girard, Carole Gomes, In\u00e8s Hern\u00e1ndez, Isabelle K\u00fcrzi,\u00a0S\u00e9bastien Ledig, Filipe Louren\u00e7o, Thierry Micouin, Jorge More Calderon, Loren Palmer, Rafael Pardillo, S\u00e9bastien Perrault, Sandra Savin<\/p>\n<p><strong>Production<br \/>\n<\/strong>Compagnie Olivier Dubois<\/p>\n<p><strong>Coproduction<br \/>\n<\/strong>Festival d\u2019Avignon \u2022 L\u2019apostrophe sc\u00e8ne nationale de Cergy-Pontoise et du Val d\u2019Oise \u2022 CENTQUATRE-Paris \u2022 La Rose des vents Sc\u00e8ne nationale Lille M\u00e9tropole \u00e0 Villeneuve d\u2019Ascq \u2022 M\u00e2con Sc\u00e8ne nationale \u2022 Ballets de Monte-Carlo\/Monaco Dance Forum \u2022 Malandain Ballet Biarritz dans le cadre de l\u2019accueil studio<\/p>\n<p><strong>Soutiens pour la reprise de Trag\u00e9die en 2022<br \/>\n<\/strong>Mattatoio and the Festival Equilibrio\/Fondazione Musica per Roma<br \/>\nULTIMA VEZ \u2013 Win Vandekeybus<br \/>\nCentQuatre-Paris<br \/>\nMercat de les flors, Barcelona<br \/>\n<strong>Premi\u00e8re<\/strong> : Festival d&#8217;Avignon 2012.<br \/>\n<strong>Nouvelle mise en sc\u00e8ne<\/strong> : 2022.<br \/>\n\u00a9 Fran\u00e7ois Stemmer<br \/>\nPour plus d&#8217;informations: <a href=\"https:\/\/newbalticdance.lt\">https:\/\/newbalticdance.lt<\/a><br \/>\n<img loading=\"lazy\" decoding=\"async\" class=\"alignnone size-full wp-image-18256\" src=\"https:\/\/www.institutfrancais-lituanie.com\/wp-content\/uploads\/2026\/01\/nbd-logo-v4-182x72-1.png\" alt=\"\" width=\"182\" height=\"72\" \/><\/p>\n","protected":false},"excerpt":{"rendered":"<p>Les 26 et 27 f\u00e9vrier 2026, la Th\u00e9\u00e2tre national dramatique de Lituanie accueillera la performance&hellip;<\/p>\n","protected":false},"author":13,"featured_media":18261,"comment_status":"closed","ping_status":"open","sticky":false,"template":"","format":"standard","meta":{"footnotes":""},"categories":[101],"tags":[],"class_list":["post-18260","post","type-post","status-publish","format-standard","has-post-thumbnail","hentry","category-spectacles"],"yoast_head":"<!-- This site is optimized with the Yoast SEO plugin v23.2 - https:\/\/yoast.com\/wordpress\/plugins\/seo\/ -->\n<title>&quot;Trag\u00e9die&quot; - OIivier Dubois - NEW BALTIC DANCE - IF Lituanie<\/title>\n<meta name=\"robots\" content=\"index, follow, max-snippet:-1, max-image-preview:large, max-video-preview:-1\" \/>\n<link rel=\"canonical\" href=\"https:\/\/www.institutfrancais-lituanie.com\/fr\/en-cours\/spectacles\/festival-de-danse-contemporaine-new-baltic-dance\/\" \/>\n<meta property=\"og:locale\" content=\"fr_FR\" \/>\n<meta property=\"og:type\" content=\"article\" \/>\n<meta property=\"og:title\" content=\"&quot;Trag\u00e9die&quot; - OIivier Dubois - NEW BALTIC DANCE - IF Lituanie\" \/>\n<meta property=\"og:description\" content=\"Les 26 et 27 f\u00e9vrier 2026, la Th\u00e9\u00e2tre national dramatique de Lituanie accueillera la performance&hellip;\" \/>\n<meta property=\"og:url\" content=\"https:\/\/www.institutfrancais-lituanie.com\/fr\/en-cours\/spectacles\/festival-de-danse-contemporaine-new-baltic-dance\/\" \/>\n<meta property=\"og:site_name\" content=\"IF Lituanie\" \/>\n<meta property=\"article:publisher\" content=\"https:\/\/www.facebook.com\/prancuzuinstitutas\/\" \/>\n<meta property=\"article:published_time\" content=\"2026-01-26T15:10:29+00:00\" \/>\n<meta property=\"article:modified_time\" content=\"2026-01-26T16:44:51+00:00\" \/>\n<meta property=\"og:image\" content=\"https:\/\/www.institutfrancais-lituanie.com\/wp-content\/uploads\/2026\/01\/Francois-Stemmer-15-2-scaled-e1769439117333.jpg\" \/>\n\t<meta property=\"og:image:width\" content=\"2555\" \/>\n\t<meta property=\"og:image:height\" content=\"1838\" \/>\n\t<meta property=\"og:image:type\" content=\"image\/jpeg\" \/>\n<meta name=\"author\" content=\"Julija Petrosiute\" \/>\n<meta name=\"twitter:card\" content=\"summary_large_image\" \/>\n<meta name=\"twitter:label1\" content=\"Written by\" \/>\n\t<meta name=\"twitter:data1\" content=\"Julija Petrosiute\" \/>\n\t<meta name=\"twitter:label2\" content=\"Est. reading time\" \/>\n\t<meta name=\"twitter:data2\" content=\"4 minutes\" \/>\n<script type=\"application\/ld+json\" class=\"yoast-schema-graph\">{\"@context\":\"https:\/\/schema.org\",\"@graph\":[{\"@type\":\"Article\",\"@id\":\"https:\/\/www.institutfrancais-lituanie.com\/fr\/en-cours\/spectacles\/festival-de-danse-contemporaine-new-baltic-dance\/#article\",\"isPartOf\":{\"@id\":\"https:\/\/www.institutfrancais-lituanie.com\/fr\/en-cours\/spectacles\/festival-de-danse-contemporaine-new-baltic-dance\/\"},\"author\":{\"name\":\"Julija Petrosiute\",\"@id\":\"https:\/\/www.institutfrancais-lituanie.com\/fr\/#\/schema\/person\/32b95cf77fc2963ebd875802e2d04457\"},\"headline\":\"&#8220;Trag\u00e9die&#8221; &#8211; OIivier Dubois &#8211; NEW BALTIC DANCE\",\"datePublished\":\"2026-01-26T15:10:29+00:00\",\"dateModified\":\"2026-01-26T16:44:51+00:00\",\"mainEntityOfPage\":{\"@id\":\"https:\/\/www.institutfrancais-lituanie.com\/fr\/en-cours\/spectacles\/festival-de-danse-contemporaine-new-baltic-dance\/\"},\"wordCount\":712,\"publisher\":{\"@id\":\"https:\/\/www.institutfrancais-lituanie.com\/fr\/#organization\"},\"image\":{\"@id\":\"https:\/\/www.institutfrancais-lituanie.com\/fr\/en-cours\/spectacles\/festival-de-danse-contemporaine-new-baltic-dance\/#primaryimage\"},\"thumbnailUrl\":\"https:\/\/www.institutfrancais-lituanie.com\/wp-content\/uploads\/2026\/01\/Francois-Stemmer-15-2-scaled-e1769439117333.jpg\",\"articleSection\":[\"Spectacles\"],\"inLanguage\":\"fr-FR\"},{\"@type\":\"WebPage\",\"@id\":\"https:\/\/www.institutfrancais-lituanie.com\/fr\/en-cours\/spectacles\/festival-de-danse-contemporaine-new-baltic-dance\/\",\"url\":\"https:\/\/www.institutfrancais-lituanie.com\/fr\/en-cours\/spectacles\/festival-de-danse-contemporaine-new-baltic-dance\/\",\"name\":\"\\\"Trag\u00e9die\\\" - OIivier Dubois - NEW BALTIC DANCE - IF Lituanie\",\"isPartOf\":{\"@id\":\"https:\/\/www.institutfrancais-lituanie.com\/fr\/#website\"},\"primaryImageOfPage\":{\"@id\":\"https:\/\/www.institutfrancais-lituanie.com\/fr\/en-cours\/spectacles\/festival-de-danse-contemporaine-new-baltic-dance\/#primaryimage\"},\"image\":{\"@id\":\"https:\/\/www.institutfrancais-lituanie.com\/fr\/en-cours\/spectacles\/festival-de-danse-contemporaine-new-baltic-dance\/#primaryimage\"},\"thumbnailUrl\":\"https:\/\/www.institutfrancais-lituanie.com\/wp-content\/uploads\/2026\/01\/Francois-Stemmer-15-2-scaled-e1769439117333.jpg\",\"datePublished\":\"2026-01-26T15:10:29+00:00\",\"dateModified\":\"2026-01-26T16:44:51+00:00\",\"breadcrumb\":{\"@id\":\"https:\/\/www.institutfrancais-lituanie.com\/fr\/en-cours\/spectacles\/festival-de-danse-contemporaine-new-baltic-dance\/#breadcrumb\"},\"inLanguage\":\"fr-FR\",\"potentialAction\":[{\"@type\":\"ReadAction\",\"target\":[\"https:\/\/www.institutfrancais-lituanie.com\/fr\/en-cours\/spectacles\/festival-de-danse-contemporaine-new-baltic-dance\/\"]}]},{\"@type\":\"ImageObject\",\"inLanguage\":\"fr-FR\",\"@id\":\"https:\/\/www.institutfrancais-lituanie.com\/fr\/en-cours\/spectacles\/festival-de-danse-contemporaine-new-baltic-dance\/#primaryimage\",\"url\":\"https:\/\/www.institutfrancais-lituanie.com\/wp-content\/uploads\/2026\/01\/Francois-Stemmer-15-2-scaled-e1769439117333.jpg\",\"contentUrl\":\"https:\/\/www.institutfrancais-lituanie.com\/wp-content\/uploads\/2026\/01\/Francois-Stemmer-15-2-scaled-e1769439117333.jpg\",\"width\":2555,\"height\":1838},{\"@type\":\"BreadcrumbList\",\"@id\":\"https:\/\/www.institutfrancais-lituanie.com\/fr\/en-cours\/spectacles\/festival-de-danse-contemporaine-new-baltic-dance\/#breadcrumb\",\"itemListElement\":[{\"@type\":\"ListItem\",\"position\":1,\"name\":\"Home\",\"item\":\"https:\/\/www.institutfrancais-lituanie.com\/fr\/\"},{\"@type\":\"ListItem\",\"position\":2,\"name\":\"&#8222;Trag\u00e9die&#8221; &#8211; OIivier Dubois &#8211; NEW BALTIC DANCE\"}]},{\"@type\":\"WebSite\",\"@id\":\"https:\/\/www.institutfrancais-lituanie.com\/fr\/#website\",\"url\":\"https:\/\/www.institutfrancais-lituanie.com\/fr\/\",\"name\":\"IF Lituanie\",\"description\":\"Pranc\u016bz\u0173 kalbos kursai, kult\u016bra, mediateka...\",\"publisher\":{\"@id\":\"https:\/\/www.institutfrancais-lituanie.com\/fr\/#organization\"},\"potentialAction\":[{\"@type\":\"SearchAction\",\"target\":{\"@type\":\"EntryPoint\",\"urlTemplate\":\"https:\/\/www.institutfrancais-lituanie.com\/fr\/?s={search_term_string}\"},\"query-input\":\"required name=search_term_string\"}],\"inLanguage\":\"fr-FR\"},{\"@type\":\"Organization\",\"@id\":\"https:\/\/www.institutfrancais-lituanie.com\/fr\/#organization\",\"name\":\"Pranc\u016bz\u0173 institutas\",\"url\":\"https:\/\/www.institutfrancais-lituanie.com\/fr\/\",\"logo\":{\"@type\":\"ImageObject\",\"inLanguage\":\"fr-FR\",\"@id\":\"https:\/\/www.institutfrancais-lituanie.com\/fr\/#\/schema\/logo\/image\/\",\"url\":\"https:\/\/www.institutfrancais-lituanie.com\/wp-content\/uploads\/2023\/04\/IF_Logo-Lituanie-RVB.jpg\",\"contentUrl\":\"https:\/\/www.institutfrancais-lituanie.com\/wp-content\/uploads\/2023\/04\/IF_Logo-Lituanie-RVB.jpg\",\"width\":827,\"height\":555,\"caption\":\"Pranc\u016bz\u0173 institutas\"},\"image\":{\"@id\":\"https:\/\/www.institutfrancais-lituanie.com\/fr\/#\/schema\/logo\/image\/\"},\"sameAs\":[\"https:\/\/www.facebook.com\/prancuzuinstitutas\/\",\"https:\/\/www.instagram.com\/institut_francais_lituanie\/\"]},{\"@type\":\"Person\",\"@id\":\"https:\/\/www.institutfrancais-lituanie.com\/fr\/#\/schema\/person\/32b95cf77fc2963ebd875802e2d04457\",\"name\":\"Julija Petrosiute\",\"image\":{\"@type\":\"ImageObject\",\"inLanguage\":\"fr-FR\",\"@id\":\"https:\/\/www.institutfrancais-lituanie.com\/fr\/#\/schema\/person\/image\/\",\"url\":\"https:\/\/secure.gravatar.com\/avatar\/2210bf9289c3642e86c1bf97d9ad11dc?s=96&d=mm&r=g\",\"contentUrl\":\"https:\/\/secure.gravatar.com\/avatar\/2210bf9289c3642e86c1bf97d9ad11dc?s=96&d=mm&r=g\",\"caption\":\"Julija Petrosiute\"},\"url\":\"https:\/\/www.institutfrancais-lituanie.com\/fr\/author\/julija24\/\"}]}<\/script>\n<!-- \/ Yoast SEO plugin. -->","yoast_head_json":{"title":"\"Trag\u00e9die\" - OIivier Dubois - NEW BALTIC DANCE - IF Lituanie","robots":{"index":"index","follow":"follow","max-snippet":"max-snippet:-1","max-image-preview":"max-image-preview:large","max-video-preview":"max-video-preview:-1"},"canonical":"https:\/\/www.institutfrancais-lituanie.com\/fr\/en-cours\/spectacles\/festival-de-danse-contemporaine-new-baltic-dance\/","og_locale":"fr_FR","og_type":"article","og_title":"\"Trag\u00e9die\" - OIivier Dubois - NEW BALTIC DANCE - IF Lituanie","og_description":"Les 26 et 27 f\u00e9vrier 2026, la Th\u00e9\u00e2tre national dramatique de Lituanie accueillera la performance&hellip;","og_url":"https:\/\/www.institutfrancais-lituanie.com\/fr\/en-cours\/spectacles\/festival-de-danse-contemporaine-new-baltic-dance\/","og_site_name":"IF Lituanie","article_publisher":"https:\/\/www.facebook.com\/prancuzuinstitutas\/","article_published_time":"2026-01-26T15:10:29+00:00","article_modified_time":"2026-01-26T16:44:51+00:00","og_image":[{"width":2555,"height":1838,"url":"https:\/\/www.institutfrancais-lituanie.com\/wp-content\/uploads\/2026\/01\/Francois-Stemmer-15-2-scaled-e1769439117333.jpg","type":"image\/jpeg"}],"author":"Julija Petrosiute","twitter_card":"summary_large_image","twitter_misc":{"Written by":"Julija Petrosiute","Est. reading time":"4 minutes"},"schema":{"@context":"https:\/\/schema.org","@graph":[{"@type":"Article","@id":"https:\/\/www.institutfrancais-lituanie.com\/fr\/en-cours\/spectacles\/festival-de-danse-contemporaine-new-baltic-dance\/#article","isPartOf":{"@id":"https:\/\/www.institutfrancais-lituanie.com\/fr\/en-cours\/spectacles\/festival-de-danse-contemporaine-new-baltic-dance\/"},"author":{"name":"Julija Petrosiute","@id":"https:\/\/www.institutfrancais-lituanie.com\/fr\/#\/schema\/person\/32b95cf77fc2963ebd875802e2d04457"},"headline":"&#8220;Trag\u00e9die&#8221; &#8211; OIivier Dubois &#8211; NEW BALTIC DANCE","datePublished":"2026-01-26T15:10:29+00:00","dateModified":"2026-01-26T16:44:51+00:00","mainEntityOfPage":{"@id":"https:\/\/www.institutfrancais-lituanie.com\/fr\/en-cours\/spectacles\/festival-de-danse-contemporaine-new-baltic-dance\/"},"wordCount":712,"publisher":{"@id":"https:\/\/www.institutfrancais-lituanie.com\/fr\/#organization"},"image":{"@id":"https:\/\/www.institutfrancais-lituanie.com\/fr\/en-cours\/spectacles\/festival-de-danse-contemporaine-new-baltic-dance\/#primaryimage"},"thumbnailUrl":"https:\/\/www.institutfrancais-lituanie.com\/wp-content\/uploads\/2026\/01\/Francois-Stemmer-15-2-scaled-e1769439117333.jpg","articleSection":["Spectacles"],"inLanguage":"fr-FR"},{"@type":"WebPage","@id":"https:\/\/www.institutfrancais-lituanie.com\/fr\/en-cours\/spectacles\/festival-de-danse-contemporaine-new-baltic-dance\/","url":"https:\/\/www.institutfrancais-lituanie.com\/fr\/en-cours\/spectacles\/festival-de-danse-contemporaine-new-baltic-dance\/","name":"\"Trag\u00e9die\" - OIivier Dubois - NEW BALTIC DANCE - IF Lituanie","isPartOf":{"@id":"https:\/\/www.institutfrancais-lituanie.com\/fr\/#website"},"primaryImageOfPage":{"@id":"https:\/\/www.institutfrancais-lituanie.com\/fr\/en-cours\/spectacles\/festival-de-danse-contemporaine-new-baltic-dance\/#primaryimage"},"image":{"@id":"https:\/\/www.institutfrancais-lituanie.com\/fr\/en-cours\/spectacles\/festival-de-danse-contemporaine-new-baltic-dance\/#primaryimage"},"thumbnailUrl":"https:\/\/www.institutfrancais-lituanie.com\/wp-content\/uploads\/2026\/01\/Francois-Stemmer-15-2-scaled-e1769439117333.jpg","datePublished":"2026-01-26T15:10:29+00:00","dateModified":"2026-01-26T16:44:51+00:00","breadcrumb":{"@id":"https:\/\/www.institutfrancais-lituanie.com\/fr\/en-cours\/spectacles\/festival-de-danse-contemporaine-new-baltic-dance\/#breadcrumb"},"inLanguage":"fr-FR","potentialAction":[{"@type":"ReadAction","target":["https:\/\/www.institutfrancais-lituanie.com\/fr\/en-cours\/spectacles\/festival-de-danse-contemporaine-new-baltic-dance\/"]}]},{"@type":"ImageObject","inLanguage":"fr-FR","@id":"https:\/\/www.institutfrancais-lituanie.com\/fr\/en-cours\/spectacles\/festival-de-danse-contemporaine-new-baltic-dance\/#primaryimage","url":"https:\/\/www.institutfrancais-lituanie.com\/wp-content\/uploads\/2026\/01\/Francois-Stemmer-15-2-scaled-e1769439117333.jpg","contentUrl":"https:\/\/www.institutfrancais-lituanie.com\/wp-content\/uploads\/2026\/01\/Francois-Stemmer-15-2-scaled-e1769439117333.jpg","width":2555,"height":1838},{"@type":"BreadcrumbList","@id":"https:\/\/www.institutfrancais-lituanie.com\/fr\/en-cours\/spectacles\/festival-de-danse-contemporaine-new-baltic-dance\/#breadcrumb","itemListElement":[{"@type":"ListItem","position":1,"name":"Home","item":"https:\/\/www.institutfrancais-lituanie.com\/fr\/"},{"@type":"ListItem","position":2,"name":"&#8222;Trag\u00e9die&#8221; &#8211; OIivier Dubois &#8211; NEW BALTIC DANCE"}]},{"@type":"WebSite","@id":"https:\/\/www.institutfrancais-lituanie.com\/fr\/#website","url":"https:\/\/www.institutfrancais-lituanie.com\/fr\/","name":"IF Lituanie","description":"Pranc\u016bz\u0173 kalbos kursai, kult\u016bra, mediateka...","publisher":{"@id":"https:\/\/www.institutfrancais-lituanie.com\/fr\/#organization"},"potentialAction":[{"@type":"SearchAction","target":{"@type":"EntryPoint","urlTemplate":"https:\/\/www.institutfrancais-lituanie.com\/fr\/?s={search_term_string}"},"query-input":"required name=search_term_string"}],"inLanguage":"fr-FR"},{"@type":"Organization","@id":"https:\/\/www.institutfrancais-lituanie.com\/fr\/#organization","name":"Pranc\u016bz\u0173 institutas","url":"https:\/\/www.institutfrancais-lituanie.com\/fr\/","logo":{"@type":"ImageObject","inLanguage":"fr-FR","@id":"https:\/\/www.institutfrancais-lituanie.com\/fr\/#\/schema\/logo\/image\/","url":"https:\/\/www.institutfrancais-lituanie.com\/wp-content\/uploads\/2023\/04\/IF_Logo-Lituanie-RVB.jpg","contentUrl":"https:\/\/www.institutfrancais-lituanie.com\/wp-content\/uploads\/2023\/04\/IF_Logo-Lituanie-RVB.jpg","width":827,"height":555,"caption":"Pranc\u016bz\u0173 institutas"},"image":{"@id":"https:\/\/www.institutfrancais-lituanie.com\/fr\/#\/schema\/logo\/image\/"},"sameAs":["https:\/\/www.facebook.com\/prancuzuinstitutas\/","https:\/\/www.instagram.com\/institut_francais_lituanie\/"]},{"@type":"Person","@id":"https:\/\/www.institutfrancais-lituanie.com\/fr\/#\/schema\/person\/32b95cf77fc2963ebd875802e2d04457","name":"Julija Petrosiute","image":{"@type":"ImageObject","inLanguage":"fr-FR","@id":"https:\/\/www.institutfrancais-lituanie.com\/fr\/#\/schema\/person\/image\/","url":"https:\/\/secure.gravatar.com\/avatar\/2210bf9289c3642e86c1bf97d9ad11dc?s=96&d=mm&r=g","contentUrl":"https:\/\/secure.gravatar.com\/avatar\/2210bf9289c3642e86c1bf97d9ad11dc?s=96&d=mm&r=g","caption":"Julija Petrosiute"},"url":"https:\/\/www.institutfrancais-lituanie.com\/fr\/author\/julija24\/"}]}},"_links":{"self":[{"href":"https:\/\/www.institutfrancais-lituanie.com\/fr\/wp-json\/wp\/v2\/posts\/18260"}],"collection":[{"href":"https:\/\/www.institutfrancais-lituanie.com\/fr\/wp-json\/wp\/v2\/posts"}],"about":[{"href":"https:\/\/www.institutfrancais-lituanie.com\/fr\/wp-json\/wp\/v2\/types\/post"}],"author":[{"embeddable":true,"href":"https:\/\/www.institutfrancais-lituanie.com\/fr\/wp-json\/wp\/v2\/users\/13"}],"replies":[{"embeddable":true,"href":"https:\/\/www.institutfrancais-lituanie.com\/fr\/wp-json\/wp\/v2\/comments?post=18260"}],"version-history":[{"count":5,"href":"https:\/\/www.institutfrancais-lituanie.com\/fr\/wp-json\/wp\/v2\/posts\/18260\/revisions"}],"predecessor-version":[{"id":18278,"href":"https:\/\/www.institutfrancais-lituanie.com\/fr\/wp-json\/wp\/v2\/posts\/18260\/revisions\/18278"}],"wp:featuredmedia":[{"embeddable":true,"href":"https:\/\/www.institutfrancais-lituanie.com\/fr\/wp-json\/wp\/v2\/media\/18261"}],"wp:attachment":[{"href":"https:\/\/www.institutfrancais-lituanie.com\/fr\/wp-json\/wp\/v2\/media?parent=18260"}],"wp:term":[{"taxonomy":"category","embeddable":true,"href":"https:\/\/www.institutfrancais-lituanie.com\/fr\/wp-json\/wp\/v2\/categories?post=18260"},{"taxonomy":"post_tag","embeddable":true,"href":"https:\/\/www.institutfrancais-lituanie.com\/fr\/wp-json\/wp\/v2\/tags?post=18260"}],"curies":[{"name":"wp","href":"https:\/\/api.w.org\/{rel}","templated":true}]}}