{"id":18232,"date":"2026-01-26T10:10:41","date_gmt":"2026-01-26T10:10:41","guid":{"rendered":"https:\/\/www.institutfrancais-lituanie.com\/?p=18232"},"modified":"2026-01-26T10:42:45","modified_gmt":"2026-01-26T10:42:45","slug":"salon-du-livre-de-vilnius-presentation-du-manuel-du-piano-hissons-les-voiles","status":"publish","type":"post","link":"https:\/\/www.institutfrancais-lituanie.com\/fr\/en-cours\/litterature\/salon-du-livre-de-vilnius-presentation-du-manuel-du-piano-hissons-les-voiles\/","title":{"rendered":"Salon du livre de Vilnius: pr\u00e9sentation du manuel du piano \u00ab Hissons les voiles ! \u00bb"},"content":{"rendered":"<p><strong>Le samedi 28 f\u00e9vrier 2026, \u00e0 1<\/strong><strong>4<\/strong><strong> h, \u00a0pendant le Salon du livre de Vilnius, nous vous invitons \u00e0 p<\/strong><strong>r\u00e9sentation du manuel du piano \u00ab Hissons les voiles ! \u00bb.<\/strong><\/p>\n<p>Pr\u00e9sentation du manuel du piano (tome 1) de Violeta Coutaz et Anne-Fran\u00e7oise Ducrot \u00ab Hissons les voiles ! La publication de ce manuel en lituanien a \u00e9t\u00e9 en partie soutenue par l&#8217;Institut fran\u00e7ais de Lituanie dans le cadre du Programme d\u2019aide \u00e0 la publication \u00ab Oscar Milasz \u00bb.<\/p>\n<p>Participeront \u00e0 l&#8217;\u00e9v\u00e9nement : l&#8217;une des auteures du livre Violeta Coutaz (Tama\u0161auskait\u0117) (France), r\u00e9dactrice artistique du livre Catherine Walmetz (France) et illustrateurs du livre J\u016brat\u0117 Bu\u010dmyt\u0117 et Albertas Krajinskas. La pr\u00e9sentation \u00a0se d\u00e9roulera en lituanien et en fran\u00e7ais (avec traduction cons\u00e9cutive).<\/p>\n<p><strong>Au <\/strong><strong><em>Salon du livre de Vilnius<\/em><\/strong><strong> (LITEXPO), Salle 2.1.<\/strong><\/p>\n<p>\u00a9 Mintis<\/p>\n<p><img loading=\"lazy\" decoding=\"async\" class=\"alignnone wp-image-18246\" src=\"https:\/\/www.institutfrancais-lituanie.com\/wp-content\/uploads\/2026\/01\/MINTISLOGO-300x208.jpg\" alt=\"\" width=\"214\" height=\"149\" srcset=\"https:\/\/www.institutfrancais-lituanie.com\/wp-content\/uploads\/2026\/01\/MINTISLOGO-300x208.jpg 300w, https:\/\/www.institutfrancais-lituanie.com\/wp-content\/uploads\/2026\/01\/MINTISLOGO-585x405.jpg 585w, https:\/\/www.institutfrancais-lituanie.com\/wp-content\/uploads\/2026\/01\/MINTISLOGO.jpg 681w\" sizes=\"(max-width: 214px) 100vw, 214px\" \/><\/p>\n<p>Pour plus d&#8217;informations: <a href=\"http:\/\/www.knygumuge.lt\">www.knygumuge.lt\u00a0<\/a><\/p>\n<p><img loading=\"lazy\" decoding=\"async\" class=\"alignnone wp-image-18226\" src=\"https:\/\/www.institutfrancais-lituanie.com\/wp-content\/uploads\/2026\/01\/Knygu_Muge_Litexpo_web_cover-1-300x173.png\" alt=\"\" width=\"230\" height=\"133\" srcset=\"https:\/\/www.institutfrancais-lituanie.com\/wp-content\/uploads\/2026\/01\/Knygu_Muge_Litexpo_web_cover-1-300x173.png 300w, https:\/\/www.institutfrancais-lituanie.com\/wp-content\/uploads\/2026\/01\/Knygu_Muge_Litexpo_web_cover-1-1024x592.png 1024w, https:\/\/www.institutfrancais-lituanie.com\/wp-content\/uploads\/2026\/01\/Knygu_Muge_Litexpo_web_cover-1-768x444.png 768w, https:\/\/www.institutfrancais-lituanie.com\/wp-content\/uploads\/2026\/01\/Knygu_Muge_Litexpo_web_cover-1-585x338.png 585w, https:\/\/www.institutfrancais-lituanie.com\/wp-content\/uploads\/2026\/01\/Knygu_Muge_Litexpo_web_cover-1.png 1030w\" sizes=\"(max-width: 230px) 100vw, 230px\" \/><\/p>\n","protected":false},"excerpt":{"rendered":"<p>Le samedi 28 f\u00e9vrier 2026, \u00e0 14 h, \u00a0pendant le Salon du livre de Vilnius,&hellip;<\/p>\n","protected":false},"author":13,"featured_media":18233,"comment_status":"closed","ping_status":"open","sticky":false,"template":"","format":"standard","meta":{"footnotes":""},"categories":[97],"tags":[],"class_list":["post-18232","post","type-post","status-publish","format-standard","has-post-thumbnail","hentry","category-litterature"],"yoast_head":"<!-- This site is optimized with the Yoast SEO plugin v23.2 - https:\/\/yoast.com\/wordpress\/plugins\/seo\/ -->\n<title>Salon du livre de Vilnius: pr\u00e9sentation du manuel du piano \u00ab Hissons les voiles ! \u00bb - IF Lituanie<\/title>\n<meta name=\"robots\" content=\"index, follow, max-snippet:-1, max-image-preview:large, max-video-preview:-1\" \/>\n<link rel=\"canonical\" href=\"https:\/\/www.institutfrancais-lituanie.com\/fr\/en-cours\/litterature\/salon-du-livre-de-vilnius-presentation-du-manuel-du-piano-hissons-les-voiles\/\" \/>\n<meta property=\"og:locale\" content=\"fr_FR\" \/>\n<meta property=\"og:type\" content=\"article\" \/>\n<meta property=\"og:title\" content=\"Salon du livre de Vilnius: pr\u00e9sentation du manuel du piano \u00ab Hissons les voiles ! \u00bb - IF Lituanie\" \/>\n<meta property=\"og:description\" content=\"Le samedi 28 f\u00e9vrier 2026, \u00e0 14 h, \u00a0pendant le Salon du livre de Vilnius,&hellip;\" \/>\n<meta property=\"og:url\" content=\"https:\/\/www.institutfrancais-lituanie.com\/fr\/en-cours\/litterature\/salon-du-livre-de-vilnius-presentation-du-manuel-du-piano-hissons-les-voiles\/\" \/>\n<meta property=\"og:site_name\" content=\"IF Lituanie\" \/>\n<meta property=\"article:publisher\" content=\"https:\/\/www.facebook.com\/prancuzuinstitutas\/\" \/>\n<meta property=\"article:published_time\" content=\"2026-01-26T10:10:41+00:00\" \/>\n<meta property=\"article:modified_time\" content=\"2026-01-26T10:42:45+00:00\" \/>\n<meta property=\"og:image\" content=\"https:\/\/www.institutfrancais-lituanie.com\/wp-content\/uploads\/2026\/01\/Keliame-bures-1-virselis-e1769422322452.png\" \/>\n\t<meta property=\"og:image:width\" content=\"570\" \/>\n\t<meta property=\"og:image:height\" content=\"381\" \/>\n\t<meta property=\"og:image:type\" content=\"image\/png\" \/>\n<meta name=\"author\" content=\"Julija Petrosiute\" \/>\n<meta name=\"twitter:card\" content=\"summary_large_image\" \/>\n<meta name=\"twitter:label1\" content=\"Written by\" \/>\n\t<meta name=\"twitter:data1\" content=\"Julija Petrosiute\" \/>\n\t<meta name=\"twitter:label2\" content=\"Est. reading time\" \/>\n\t<meta name=\"twitter:data2\" content=\"2 minutes\" \/>\n<script type=\"application\/ld+json\" class=\"yoast-schema-graph\">{\"@context\":\"https:\/\/schema.org\",\"@graph\":[{\"@type\":\"Article\",\"@id\":\"https:\/\/www.institutfrancais-lituanie.com\/fr\/en-cours\/litterature\/salon-du-livre-de-vilnius-presentation-du-manuel-du-piano-hissons-les-voiles\/#article\",\"isPartOf\":{\"@id\":\"https:\/\/www.institutfrancais-lituanie.com\/fr\/en-cours\/litterature\/salon-du-livre-de-vilnius-presentation-du-manuel-du-piano-hissons-les-voiles\/\"},\"author\":{\"name\":\"Julija Petrosiute\",\"@id\":\"https:\/\/www.institutfrancais-lituanie.com\/fr\/#\/schema\/person\/32b95cf77fc2963ebd875802e2d04457\"},\"headline\":\"Salon du livre de Vilnius: pr\u00e9sentation du manuel du piano \u00ab Hissons les voiles ! \u00bb\",\"datePublished\":\"2026-01-26T10:10:41+00:00\",\"dateModified\":\"2026-01-26T10:42:45+00:00\",\"mainEntityOfPage\":{\"@id\":\"https:\/\/www.institutfrancais-lituanie.com\/fr\/en-cours\/litterature\/salon-du-livre-de-vilnius-presentation-du-manuel-du-piano-hissons-les-voiles\/\"},\"wordCount\":149,\"publisher\":{\"@id\":\"https:\/\/www.institutfrancais-lituanie.com\/fr\/#organization\"},\"image\":{\"@id\":\"https:\/\/www.institutfrancais-lituanie.com\/fr\/en-cours\/litterature\/salon-du-livre-de-vilnius-presentation-du-manuel-du-piano-hissons-les-voiles\/#primaryimage\"},\"thumbnailUrl\":\"https:\/\/www.institutfrancais-lituanie.com\/wp-content\/uploads\/2026\/01\/Keliame-bures-1-virselis-e1769422322452.png\",\"articleSection\":[\"Litt\u00e9rature\"],\"inLanguage\":\"fr-FR\"},{\"@type\":\"WebPage\",\"@id\":\"https:\/\/www.institutfrancais-lituanie.com\/fr\/en-cours\/litterature\/salon-du-livre-de-vilnius-presentation-du-manuel-du-piano-hissons-les-voiles\/\",\"url\":\"https:\/\/www.institutfrancais-lituanie.com\/fr\/en-cours\/litterature\/salon-du-livre-de-vilnius-presentation-du-manuel-du-piano-hissons-les-voiles\/\",\"name\":\"Salon du livre de Vilnius: pr\u00e9sentation du manuel du piano \u00ab Hissons les voiles ! \u00bb - IF Lituanie\",\"isPartOf\":{\"@id\":\"https:\/\/www.institutfrancais-lituanie.com\/fr\/#website\"},\"primaryImageOfPage\":{\"@id\":\"https:\/\/www.institutfrancais-lituanie.com\/fr\/en-cours\/litterature\/salon-du-livre-de-vilnius-presentation-du-manuel-du-piano-hissons-les-voiles\/#primaryimage\"},\"image\":{\"@id\":\"https:\/\/www.institutfrancais-lituanie.com\/fr\/en-cours\/litterature\/salon-du-livre-de-vilnius-presentation-du-manuel-du-piano-hissons-les-voiles\/#primaryimage\"},\"thumbnailUrl\":\"https:\/\/www.institutfrancais-lituanie.com\/wp-content\/uploads\/2026\/01\/Keliame-bures-1-virselis-e1769422322452.png\",\"datePublished\":\"2026-01-26T10:10:41+00:00\",\"dateModified\":\"2026-01-26T10:42:45+00:00\",\"breadcrumb\":{\"@id\":\"https:\/\/www.institutfrancais-lituanie.com\/fr\/en-cours\/litterature\/salon-du-livre-de-vilnius-presentation-du-manuel-du-piano-hissons-les-voiles\/#breadcrumb\"},\"inLanguage\":\"fr-FR\",\"potentialAction\":[{\"@type\":\"ReadAction\",\"target\":[\"https:\/\/www.institutfrancais-lituanie.com\/fr\/en-cours\/litterature\/salon-du-livre-de-vilnius-presentation-du-manuel-du-piano-hissons-les-voiles\/\"]}]},{\"@type\":\"ImageObject\",\"inLanguage\":\"fr-FR\",\"@id\":\"https:\/\/www.institutfrancais-lituanie.com\/fr\/en-cours\/litterature\/salon-du-livre-de-vilnius-presentation-du-manuel-du-piano-hissons-les-voiles\/#primaryimage\",\"url\":\"https:\/\/www.institutfrancais-lituanie.com\/wp-content\/uploads\/2026\/01\/Keliame-bures-1-virselis-e1769422322452.png\",\"contentUrl\":\"https:\/\/www.institutfrancais-lituanie.com\/wp-content\/uploads\/2026\/01\/Keliame-bures-1-virselis-e1769422322452.png\",\"width\":570,\"height\":381},{\"@type\":\"BreadcrumbList\",\"@id\":\"https:\/\/www.institutfrancais-lituanie.com\/fr\/en-cours\/litterature\/salon-du-livre-de-vilnius-presentation-du-manuel-du-piano-hissons-les-voiles\/#breadcrumb\",\"itemListElement\":[{\"@type\":\"ListItem\",\"position\":1,\"name\":\"Home\",\"item\":\"https:\/\/www.institutfrancais-lituanie.com\/fr\/\"},{\"@type\":\"ListItem\",\"position\":2,\"name\":\"Salon du livre de Vilnius: pr\u00e9sentation du manuel du piano \u00ab Hissons les voiles ! \u00bb\"}]},{\"@type\":\"WebSite\",\"@id\":\"https:\/\/www.institutfrancais-lituanie.com\/fr\/#website\",\"url\":\"https:\/\/www.institutfrancais-lituanie.com\/fr\/\",\"name\":\"IF Lituanie\",\"description\":\"Pranc\u016bz\u0173 kalbos kursai, kult\u016bra, mediateka...\",\"publisher\":{\"@id\":\"https:\/\/www.institutfrancais-lituanie.com\/fr\/#organization\"},\"potentialAction\":[{\"@type\":\"SearchAction\",\"target\":{\"@type\":\"EntryPoint\",\"urlTemplate\":\"https:\/\/www.institutfrancais-lituanie.com\/fr\/?s={search_term_string}\"},\"query-input\":\"required name=search_term_string\"}],\"inLanguage\":\"fr-FR\"},{\"@type\":\"Organization\",\"@id\":\"https:\/\/www.institutfrancais-lituanie.com\/fr\/#organization\",\"name\":\"Pranc\u016bz\u0173 institutas\",\"url\":\"https:\/\/www.institutfrancais-lituanie.com\/fr\/\",\"logo\":{\"@type\":\"ImageObject\",\"inLanguage\":\"fr-FR\",\"@id\":\"https:\/\/www.institutfrancais-lituanie.com\/fr\/#\/schema\/logo\/image\/\",\"url\":\"https:\/\/www.institutfrancais-lituanie.com\/wp-content\/uploads\/2023\/04\/IF_Logo-Lituanie-RVB.jpg\",\"contentUrl\":\"https:\/\/www.institutfrancais-lituanie.com\/wp-content\/uploads\/2023\/04\/IF_Logo-Lituanie-RVB.jpg\",\"width\":827,\"height\":555,\"caption\":\"Pranc\u016bz\u0173 institutas\"},\"image\":{\"@id\":\"https:\/\/www.institutfrancais-lituanie.com\/fr\/#\/schema\/logo\/image\/\"},\"sameAs\":[\"https:\/\/www.facebook.com\/prancuzuinstitutas\/\",\"https:\/\/www.instagram.com\/institut_francais_lituanie\/\"]},{\"@type\":\"Person\",\"@id\":\"https:\/\/www.institutfrancais-lituanie.com\/fr\/#\/schema\/person\/32b95cf77fc2963ebd875802e2d04457\",\"name\":\"Julija Petrosiute\",\"image\":{\"@type\":\"ImageObject\",\"inLanguage\":\"fr-FR\",\"@id\":\"https:\/\/www.institutfrancais-lituanie.com\/fr\/#\/schema\/person\/image\/\",\"url\":\"https:\/\/secure.gravatar.com\/avatar\/2210bf9289c3642e86c1bf97d9ad11dc?s=96&d=mm&r=g\",\"contentUrl\":\"https:\/\/secure.gravatar.com\/avatar\/2210bf9289c3642e86c1bf97d9ad11dc?s=96&d=mm&r=g\",\"caption\":\"Julija Petrosiute\"},\"url\":\"https:\/\/www.institutfrancais-lituanie.com\/fr\/author\/julija24\/\"}]}<\/script>\n<!-- \/ Yoast SEO plugin. -->","yoast_head_json":{"title":"Salon du livre de Vilnius: pr\u00e9sentation du manuel du piano \u00ab Hissons les voiles ! \u00bb - IF Lituanie","robots":{"index":"index","follow":"follow","max-snippet":"max-snippet:-1","max-image-preview":"max-image-preview:large","max-video-preview":"max-video-preview:-1"},"canonical":"https:\/\/www.institutfrancais-lituanie.com\/fr\/en-cours\/litterature\/salon-du-livre-de-vilnius-presentation-du-manuel-du-piano-hissons-les-voiles\/","og_locale":"fr_FR","og_type":"article","og_title":"Salon du livre de Vilnius: pr\u00e9sentation du manuel du piano \u00ab Hissons les voiles ! \u00bb - IF Lituanie","og_description":"Le samedi 28 f\u00e9vrier 2026, \u00e0 14 h, \u00a0pendant le Salon du livre de Vilnius,&hellip;","og_url":"https:\/\/www.institutfrancais-lituanie.com\/fr\/en-cours\/litterature\/salon-du-livre-de-vilnius-presentation-du-manuel-du-piano-hissons-les-voiles\/","og_site_name":"IF Lituanie","article_publisher":"https:\/\/www.facebook.com\/prancuzuinstitutas\/","article_published_time":"2026-01-26T10:10:41+00:00","article_modified_time":"2026-01-26T10:42:45+00:00","og_image":[{"width":570,"height":381,"url":"https:\/\/www.institutfrancais-lituanie.com\/wp-content\/uploads\/2026\/01\/Keliame-bures-1-virselis-e1769422322452.png","type":"image\/png"}],"author":"Julija Petrosiute","twitter_card":"summary_large_image","twitter_misc":{"Written by":"Julija Petrosiute","Est. reading time":"2 minutes"},"schema":{"@context":"https:\/\/schema.org","@graph":[{"@type":"Article","@id":"https:\/\/www.institutfrancais-lituanie.com\/fr\/en-cours\/litterature\/salon-du-livre-de-vilnius-presentation-du-manuel-du-piano-hissons-les-voiles\/#article","isPartOf":{"@id":"https:\/\/www.institutfrancais-lituanie.com\/fr\/en-cours\/litterature\/salon-du-livre-de-vilnius-presentation-du-manuel-du-piano-hissons-les-voiles\/"},"author":{"name":"Julija Petrosiute","@id":"https:\/\/www.institutfrancais-lituanie.com\/fr\/#\/schema\/person\/32b95cf77fc2963ebd875802e2d04457"},"headline":"Salon du livre de Vilnius: pr\u00e9sentation du manuel du piano \u00ab Hissons les voiles ! \u00bb","datePublished":"2026-01-26T10:10:41+00:00","dateModified":"2026-01-26T10:42:45+00:00","mainEntityOfPage":{"@id":"https:\/\/www.institutfrancais-lituanie.com\/fr\/en-cours\/litterature\/salon-du-livre-de-vilnius-presentation-du-manuel-du-piano-hissons-les-voiles\/"},"wordCount":149,"publisher":{"@id":"https:\/\/www.institutfrancais-lituanie.com\/fr\/#organization"},"image":{"@id":"https:\/\/www.institutfrancais-lituanie.com\/fr\/en-cours\/litterature\/salon-du-livre-de-vilnius-presentation-du-manuel-du-piano-hissons-les-voiles\/#primaryimage"},"thumbnailUrl":"https:\/\/www.institutfrancais-lituanie.com\/wp-content\/uploads\/2026\/01\/Keliame-bures-1-virselis-e1769422322452.png","articleSection":["Litt\u00e9rature"],"inLanguage":"fr-FR"},{"@type":"WebPage","@id":"https:\/\/www.institutfrancais-lituanie.com\/fr\/en-cours\/litterature\/salon-du-livre-de-vilnius-presentation-du-manuel-du-piano-hissons-les-voiles\/","url":"https:\/\/www.institutfrancais-lituanie.com\/fr\/en-cours\/litterature\/salon-du-livre-de-vilnius-presentation-du-manuel-du-piano-hissons-les-voiles\/","name":"Salon du livre de Vilnius: pr\u00e9sentation du manuel du piano \u00ab Hissons les voiles ! \u00bb - IF Lituanie","isPartOf":{"@id":"https:\/\/www.institutfrancais-lituanie.com\/fr\/#website"},"primaryImageOfPage":{"@id":"https:\/\/www.institutfrancais-lituanie.com\/fr\/en-cours\/litterature\/salon-du-livre-de-vilnius-presentation-du-manuel-du-piano-hissons-les-voiles\/#primaryimage"},"image":{"@id":"https:\/\/www.institutfrancais-lituanie.com\/fr\/en-cours\/litterature\/salon-du-livre-de-vilnius-presentation-du-manuel-du-piano-hissons-les-voiles\/#primaryimage"},"thumbnailUrl":"https:\/\/www.institutfrancais-lituanie.com\/wp-content\/uploads\/2026\/01\/Keliame-bures-1-virselis-e1769422322452.png","datePublished":"2026-01-26T10:10:41+00:00","dateModified":"2026-01-26T10:42:45+00:00","breadcrumb":{"@id":"https:\/\/www.institutfrancais-lituanie.com\/fr\/en-cours\/litterature\/salon-du-livre-de-vilnius-presentation-du-manuel-du-piano-hissons-les-voiles\/#breadcrumb"},"inLanguage":"fr-FR","potentialAction":[{"@type":"ReadAction","target":["https:\/\/www.institutfrancais-lituanie.com\/fr\/en-cours\/litterature\/salon-du-livre-de-vilnius-presentation-du-manuel-du-piano-hissons-les-voiles\/"]}]},{"@type":"ImageObject","inLanguage":"fr-FR","@id":"https:\/\/www.institutfrancais-lituanie.com\/fr\/en-cours\/litterature\/salon-du-livre-de-vilnius-presentation-du-manuel-du-piano-hissons-les-voiles\/#primaryimage","url":"https:\/\/www.institutfrancais-lituanie.com\/wp-content\/uploads\/2026\/01\/Keliame-bures-1-virselis-e1769422322452.png","contentUrl":"https:\/\/www.institutfrancais-lituanie.com\/wp-content\/uploads\/2026\/01\/Keliame-bures-1-virselis-e1769422322452.png","width":570,"height":381},{"@type":"BreadcrumbList","@id":"https:\/\/www.institutfrancais-lituanie.com\/fr\/en-cours\/litterature\/salon-du-livre-de-vilnius-presentation-du-manuel-du-piano-hissons-les-voiles\/#breadcrumb","itemListElement":[{"@type":"ListItem","position":1,"name":"Home","item":"https:\/\/www.institutfrancais-lituanie.com\/fr\/"},{"@type":"ListItem","position":2,"name":"Salon du livre de Vilnius: pr\u00e9sentation du manuel du piano \u00ab Hissons les voiles ! \u00bb"}]},{"@type":"WebSite","@id":"https:\/\/www.institutfrancais-lituanie.com\/fr\/#website","url":"https:\/\/www.institutfrancais-lituanie.com\/fr\/","name":"IF Lituanie","description":"Pranc\u016bz\u0173 kalbos kursai, kult\u016bra, mediateka...","publisher":{"@id":"https:\/\/www.institutfrancais-lituanie.com\/fr\/#organization"},"potentialAction":[{"@type":"SearchAction","target":{"@type":"EntryPoint","urlTemplate":"https:\/\/www.institutfrancais-lituanie.com\/fr\/?s={search_term_string}"},"query-input":"required name=search_term_string"}],"inLanguage":"fr-FR"},{"@type":"Organization","@id":"https:\/\/www.institutfrancais-lituanie.com\/fr\/#organization","name":"Pranc\u016bz\u0173 institutas","url":"https:\/\/www.institutfrancais-lituanie.com\/fr\/","logo":{"@type":"ImageObject","inLanguage":"fr-FR","@id":"https:\/\/www.institutfrancais-lituanie.com\/fr\/#\/schema\/logo\/image\/","url":"https:\/\/www.institutfrancais-lituanie.com\/wp-content\/uploads\/2023\/04\/IF_Logo-Lituanie-RVB.jpg","contentUrl":"https:\/\/www.institutfrancais-lituanie.com\/wp-content\/uploads\/2023\/04\/IF_Logo-Lituanie-RVB.jpg","width":827,"height":555,"caption":"Pranc\u016bz\u0173 institutas"},"image":{"@id":"https:\/\/www.institutfrancais-lituanie.com\/fr\/#\/schema\/logo\/image\/"},"sameAs":["https:\/\/www.facebook.com\/prancuzuinstitutas\/","https:\/\/www.instagram.com\/institut_francais_lituanie\/"]},{"@type":"Person","@id":"https:\/\/www.institutfrancais-lituanie.com\/fr\/#\/schema\/person\/32b95cf77fc2963ebd875802e2d04457","name":"Julija Petrosiute","image":{"@type":"ImageObject","inLanguage":"fr-FR","@id":"https:\/\/www.institutfrancais-lituanie.com\/fr\/#\/schema\/person\/image\/","url":"https:\/\/secure.gravatar.com\/avatar\/2210bf9289c3642e86c1bf97d9ad11dc?s=96&d=mm&r=g","contentUrl":"https:\/\/secure.gravatar.com\/avatar\/2210bf9289c3642e86c1bf97d9ad11dc?s=96&d=mm&r=g","caption":"Julija Petrosiute"},"url":"https:\/\/www.institutfrancais-lituanie.com\/fr\/author\/julija24\/"}]}},"_links":{"self":[{"href":"https:\/\/www.institutfrancais-lituanie.com\/fr\/wp-json\/wp\/v2\/posts\/18232"}],"collection":[{"href":"https:\/\/www.institutfrancais-lituanie.com\/fr\/wp-json\/wp\/v2\/posts"}],"about":[{"href":"https:\/\/www.institutfrancais-lituanie.com\/fr\/wp-json\/wp\/v2\/types\/post"}],"author":[{"embeddable":true,"href":"https:\/\/www.institutfrancais-lituanie.com\/fr\/wp-json\/wp\/v2\/users\/13"}],"replies":[{"embeddable":true,"href":"https:\/\/www.institutfrancais-lituanie.com\/fr\/wp-json\/wp\/v2\/comments?post=18232"}],"version-history":[{"count":5,"href":"https:\/\/www.institutfrancais-lituanie.com\/fr\/wp-json\/wp\/v2\/posts\/18232\/revisions"}],"predecessor-version":[{"id":18254,"href":"https:\/\/www.institutfrancais-lituanie.com\/fr\/wp-json\/wp\/v2\/posts\/18232\/revisions\/18254"}],"wp:featuredmedia":[{"embeddable":true,"href":"https:\/\/www.institutfrancais-lituanie.com\/fr\/wp-json\/wp\/v2\/media\/18233"}],"wp:attachment":[{"href":"https:\/\/www.institutfrancais-lituanie.com\/fr\/wp-json\/wp\/v2\/media?parent=18232"}],"wp:term":[{"taxonomy":"category","embeddable":true,"href":"https:\/\/www.institutfrancais-lituanie.com\/fr\/wp-json\/wp\/v2\/categories?post=18232"},{"taxonomy":"post_tag","embeddable":true,"href":"https:\/\/www.institutfrancais-lituanie.com\/fr\/wp-json\/wp\/v2\/tags?post=18232"}],"curies":[{"name":"wp","href":"https:\/\/api.w.org\/{rel}","templated":true}]}}