{"id":18214,"date":"2026-01-26T09:42:52","date_gmt":"2026-01-26T09:42:52","guid":{"rendered":"https:\/\/www.institutfrancais-lituanie.com\/?p=18214"},"modified":"2026-01-26T16:52:24","modified_gmt":"2026-01-26T16:52:24","slug":"salon-du-livre-de-vilnius-rencontre-avec-jean-baptiste-andrea","status":"publish","type":"post","link":"https:\/\/www.institutfrancais-lituanie.com\/fr\/en-cours\/litterature\/salon-du-livre-de-vilnius-rencontre-avec-jean-baptiste-andrea\/","title":{"rendered":"Lecture de Jean-Baptiste Andrea"},"content":{"rendered":"<p><span style=\"font-size: 12pt;\"><strong>Une rencontre litt\u00e9raire avec l&#8217;auteur Jean-Baptiste Andr\u00e9a pour la parution lituanienne de &#8220;Veiller sur elle&#8221;, prix Goncourt 2023.<\/strong><\/span><\/p>\n<p><strong>Rendez-vous samedi 28 f\u00e9vrier, 2026, \u00e0 18 h, au Salon du livre de Vilnius.\u00a0<\/strong><\/p>\n<p>\u00c0 l&#8217;automne 2025, la maison d&#8217;\u00e9dition <a href=\"http:\/\/leidyklagelmes.lt\/lt\/jean-baptiste-andrea-globoti-ja\/\">Gelm\u0117s<\/a> a publi\u00e9 la traduction du roman \u00ab Veiller sur elle \u00bb (traduit du fran\u00e7ais par Jon\u0117 Ramunyt\u0117). La publication du roman en lituanien a \u00e9t\u00e9 en partie soutenue par l&#8217;Institut fran\u00e7ais de Lituanie dans le cadre du Programme d\u2019aide \u00e0 la publication \u00ab Oscar Milosz \u00bb. Pour ce livre, l&#8217;auteur a remport\u00e9 en 2023 le prix litt\u00e9raire fran\u00e7ais le plus prestigieux, le <em>Prix Goncourt<\/em>. En Lituanie, le roman a d\u00e9j\u00e0 attir\u00e9 l&#8217;attention des sp\u00e9cialistes et des amateurs de litt\u00e9rature: il figure dans la liste des 20 meilleurs livres de l&#8217;ann\u00e9e.<\/p>\n<p>Cette ann\u00e9e, en coop\u00e9ration avec la maison d&#8217;\u00e9dition Gelm\u0117s et le Salon du livre de Vilnius, nous sommes heureux d&#8217;accueillir Jean-Baptiste Andr\u00e9a \u00e0 la 26\u00e8me \u00e9dition du Salon du livre de Vilnius. L&#8217;\u00e9v\u00e9nement sera anim\u00e9 par Audrius O\u017ealas, en pr\u00e9sence de la traductrice du livre Jon\u0117 Ramunyt\u0117 et du professeur de litt\u00e9rature Vytautas Bikul\u010dius.<\/p>\n<p>En fran\u00e7ais, avec traduction en lituanien.<\/p>\n<p>\u00a9C\u00e9line Nieszawer\/Leextra\/Editions L\u2019Iconoclaste<br \/>\n\u00a9 Gelm\u0117s<\/p>\n<p><img loading=\"lazy\" decoding=\"async\" class=\"alignnone size-full wp-image-18248\" src=\"https:\/\/www.institutfrancais-lituanie.com\/wp-content\/uploads\/2026\/01\/Gelmes-logo-mazas-1-e1769423914770.jpg\" alt=\"\" width=\"234\" height=\"130\" \/><br \/>\nPour plus d&#8217;informations: <a href=\"https:\/\/vilniausknygumuge.lt\/\">https:\/\/vilniausknygumuge.lt\/\u00a0<\/a><br \/>\n<img loading=\"lazy\" decoding=\"async\" class=\"alignnone wp-image-18226\" src=\"https:\/\/www.institutfrancais-lituanie.com\/wp-content\/uploads\/2026\/01\/Knygu_Muge_Litexpo_web_cover-1-300x173.png\" alt=\"\" width=\"192\" height=\"111\" srcset=\"https:\/\/www.institutfrancais-lituanie.com\/wp-content\/uploads\/2026\/01\/Knygu_Muge_Litexpo_web_cover-1-300x173.png 300w, https:\/\/www.institutfrancais-lituanie.com\/wp-content\/uploads\/2026\/01\/Knygu_Muge_Litexpo_web_cover-1-1024x592.png 1024w, https:\/\/www.institutfrancais-lituanie.com\/wp-content\/uploads\/2026\/01\/Knygu_Muge_Litexpo_web_cover-1-768x444.png 768w, https:\/\/www.institutfrancais-lituanie.com\/wp-content\/uploads\/2026\/01\/Knygu_Muge_Litexpo_web_cover-1-585x338.png 585w, https:\/\/www.institutfrancais-lituanie.com\/wp-content\/uploads\/2026\/01\/Knygu_Muge_Litexpo_web_cover-1.png 1030w\" sizes=\"(max-width: 192px) 100vw, 192px\" \/><\/p>\n","protected":false},"excerpt":{"rendered":"<p>Une rencontre litt\u00e9raire avec l&#8217;auteur Jean-Baptiste Andr\u00e9a pour la parution lituanienne de &#8220;Veiller sur elle&#8221;,&hellip;<\/p>\n","protected":false},"author":13,"featured_media":18216,"comment_status":"closed","ping_status":"open","sticky":false,"template":"","format":"standard","meta":{"footnotes":""},"categories":[97],"tags":[],"class_list":["post-18214","post","type-post","status-publish","format-standard","has-post-thumbnail","hentry","category-litterature"],"yoast_head":"<!-- This site is optimized with the Yoast SEO plugin v23.2 - https:\/\/yoast.com\/wordpress\/plugins\/seo\/ -->\n<title>Lecture de Jean-Baptiste Andrea - IF Lituanie<\/title>\n<meta name=\"robots\" content=\"index, follow, max-snippet:-1, max-image-preview:large, max-video-preview:-1\" \/>\n<link rel=\"canonical\" href=\"https:\/\/www.institutfrancais-lituanie.com\/fr\/en-cours\/litterature\/salon-du-livre-de-vilnius-rencontre-avec-jean-baptiste-andrea\/\" \/>\n<meta property=\"og:locale\" content=\"fr_FR\" \/>\n<meta property=\"og:type\" content=\"article\" \/>\n<meta property=\"og:title\" content=\"Lecture de Jean-Baptiste Andrea - IF Lituanie\" \/>\n<meta property=\"og:description\" content=\"Une rencontre litt\u00e9raire avec l&#8217;auteur Jean-Baptiste Andr\u00e9a pour la parution lituanienne de &#8220;Veiller sur elle&#8221;,&hellip;\" \/>\n<meta property=\"og:url\" content=\"https:\/\/www.institutfrancais-lituanie.com\/fr\/en-cours\/litterature\/salon-du-livre-de-vilnius-rencontre-avec-jean-baptiste-andrea\/\" \/>\n<meta property=\"og:site_name\" content=\"IF Lituanie\" \/>\n<meta property=\"article:publisher\" content=\"https:\/\/www.facebook.com\/prancuzuinstitutas\/\" \/>\n<meta property=\"article:published_time\" content=\"2026-01-26T09:42:52+00:00\" \/>\n<meta property=\"article:modified_time\" content=\"2026-01-26T16:52:24+00:00\" \/>\n<meta property=\"og:image\" content=\"https:\/\/www.institutfrancais-lituanie.com\/wp-content\/uploads\/2026\/01\/Design-sans-titre-9-scaled.jpg\" \/>\n\t<meta property=\"og:image:width\" content=\"2560\" \/>\n\t<meta property=\"og:image:height\" content=\"1705\" \/>\n\t<meta property=\"og:image:type\" content=\"image\/jpeg\" \/>\n<meta name=\"author\" content=\"Julija Petrosiute\" \/>\n<meta name=\"twitter:card\" content=\"summary_large_image\" \/>\n<meta name=\"twitter:label1\" content=\"Written by\" \/>\n\t<meta name=\"twitter:data1\" content=\"Julija Petrosiute\" \/>\n\t<meta name=\"twitter:label2\" content=\"Est. reading time\" \/>\n\t<meta name=\"twitter:data2\" content=\"2 minutes\" \/>\n<script type=\"application\/ld+json\" class=\"yoast-schema-graph\">{\"@context\":\"https:\/\/schema.org\",\"@graph\":[{\"@type\":\"Article\",\"@id\":\"https:\/\/www.institutfrancais-lituanie.com\/fr\/en-cours\/litterature\/salon-du-livre-de-vilnius-rencontre-avec-jean-baptiste-andrea\/#article\",\"isPartOf\":{\"@id\":\"https:\/\/www.institutfrancais-lituanie.com\/fr\/en-cours\/litterature\/salon-du-livre-de-vilnius-rencontre-avec-jean-baptiste-andrea\/\"},\"author\":{\"name\":\"Julija Petrosiute\",\"@id\":\"https:\/\/www.institutfrancais-lituanie.com\/fr\/#\/schema\/person\/32b95cf77fc2963ebd875802e2d04457\"},\"headline\":\"Lecture de Jean-Baptiste Andrea\",\"datePublished\":\"2026-01-26T09:42:52+00:00\",\"dateModified\":\"2026-01-26T16:52:24+00:00\",\"mainEntityOfPage\":{\"@id\":\"https:\/\/www.institutfrancais-lituanie.com\/fr\/en-cours\/litterature\/salon-du-livre-de-vilnius-rencontre-avec-jean-baptiste-andrea\/\"},\"wordCount\":219,\"publisher\":{\"@id\":\"https:\/\/www.institutfrancais-lituanie.com\/fr\/#organization\"},\"image\":{\"@id\":\"https:\/\/www.institutfrancais-lituanie.com\/fr\/en-cours\/litterature\/salon-du-livre-de-vilnius-rencontre-avec-jean-baptiste-andrea\/#primaryimage\"},\"thumbnailUrl\":\"https:\/\/www.institutfrancais-lituanie.com\/wp-content\/uploads\/2026\/01\/Design-sans-titre-9-scaled.jpg\",\"articleSection\":[\"Litt\u00e9rature\"],\"inLanguage\":\"fr-FR\"},{\"@type\":\"WebPage\",\"@id\":\"https:\/\/www.institutfrancais-lituanie.com\/fr\/en-cours\/litterature\/salon-du-livre-de-vilnius-rencontre-avec-jean-baptiste-andrea\/\",\"url\":\"https:\/\/www.institutfrancais-lituanie.com\/fr\/en-cours\/litterature\/salon-du-livre-de-vilnius-rencontre-avec-jean-baptiste-andrea\/\",\"name\":\"Lecture de Jean-Baptiste Andrea - IF Lituanie\",\"isPartOf\":{\"@id\":\"https:\/\/www.institutfrancais-lituanie.com\/fr\/#website\"},\"primaryImageOfPage\":{\"@id\":\"https:\/\/www.institutfrancais-lituanie.com\/fr\/en-cours\/litterature\/salon-du-livre-de-vilnius-rencontre-avec-jean-baptiste-andrea\/#primaryimage\"},\"image\":{\"@id\":\"https:\/\/www.institutfrancais-lituanie.com\/fr\/en-cours\/litterature\/salon-du-livre-de-vilnius-rencontre-avec-jean-baptiste-andrea\/#primaryimage\"},\"thumbnailUrl\":\"https:\/\/www.institutfrancais-lituanie.com\/wp-content\/uploads\/2026\/01\/Design-sans-titre-9-scaled.jpg\",\"datePublished\":\"2026-01-26T09:42:52+00:00\",\"dateModified\":\"2026-01-26T16:52:24+00:00\",\"breadcrumb\":{\"@id\":\"https:\/\/www.institutfrancais-lituanie.com\/fr\/en-cours\/litterature\/salon-du-livre-de-vilnius-rencontre-avec-jean-baptiste-andrea\/#breadcrumb\"},\"inLanguage\":\"fr-FR\",\"potentialAction\":[{\"@type\":\"ReadAction\",\"target\":[\"https:\/\/www.institutfrancais-lituanie.com\/fr\/en-cours\/litterature\/salon-du-livre-de-vilnius-rencontre-avec-jean-baptiste-andrea\/\"]}]},{\"@type\":\"ImageObject\",\"inLanguage\":\"fr-FR\",\"@id\":\"https:\/\/www.institutfrancais-lituanie.com\/fr\/en-cours\/litterature\/salon-du-livre-de-vilnius-rencontre-avec-jean-baptiste-andrea\/#primaryimage\",\"url\":\"https:\/\/www.institutfrancais-lituanie.com\/wp-content\/uploads\/2026\/01\/Design-sans-titre-9-scaled.jpg\",\"contentUrl\":\"https:\/\/www.institutfrancais-lituanie.com\/wp-content\/uploads\/2026\/01\/Design-sans-titre-9-scaled.jpg\",\"width\":2560,\"height\":1705},{\"@type\":\"BreadcrumbList\",\"@id\":\"https:\/\/www.institutfrancais-lituanie.com\/fr\/en-cours\/litterature\/salon-du-livre-de-vilnius-rencontre-avec-jean-baptiste-andrea\/#breadcrumb\",\"itemListElement\":[{\"@type\":\"ListItem\",\"position\":1,\"name\":\"Home\",\"item\":\"https:\/\/www.institutfrancais-lituanie.com\/fr\/\"},{\"@type\":\"ListItem\",\"position\":2,\"name\":\"Lecture de Jean-Baptiste Andrea\"}]},{\"@type\":\"WebSite\",\"@id\":\"https:\/\/www.institutfrancais-lituanie.com\/fr\/#website\",\"url\":\"https:\/\/www.institutfrancais-lituanie.com\/fr\/\",\"name\":\"IF Lituanie\",\"description\":\"Pranc\u016bz\u0173 kalbos kursai, kult\u016bra, mediateka...\",\"publisher\":{\"@id\":\"https:\/\/www.institutfrancais-lituanie.com\/fr\/#organization\"},\"potentialAction\":[{\"@type\":\"SearchAction\",\"target\":{\"@type\":\"EntryPoint\",\"urlTemplate\":\"https:\/\/www.institutfrancais-lituanie.com\/fr\/?s={search_term_string}\"},\"query-input\":\"required name=search_term_string\"}],\"inLanguage\":\"fr-FR\"},{\"@type\":\"Organization\",\"@id\":\"https:\/\/www.institutfrancais-lituanie.com\/fr\/#organization\",\"name\":\"Pranc\u016bz\u0173 institutas\",\"url\":\"https:\/\/www.institutfrancais-lituanie.com\/fr\/\",\"logo\":{\"@type\":\"ImageObject\",\"inLanguage\":\"fr-FR\",\"@id\":\"https:\/\/www.institutfrancais-lituanie.com\/fr\/#\/schema\/logo\/image\/\",\"url\":\"https:\/\/www.institutfrancais-lituanie.com\/wp-content\/uploads\/2023\/04\/IF_Logo-Lituanie-RVB.jpg\",\"contentUrl\":\"https:\/\/www.institutfrancais-lituanie.com\/wp-content\/uploads\/2023\/04\/IF_Logo-Lituanie-RVB.jpg\",\"width\":827,\"height\":555,\"caption\":\"Pranc\u016bz\u0173 institutas\"},\"image\":{\"@id\":\"https:\/\/www.institutfrancais-lituanie.com\/fr\/#\/schema\/logo\/image\/\"},\"sameAs\":[\"https:\/\/www.facebook.com\/prancuzuinstitutas\/\",\"https:\/\/www.instagram.com\/institut_francais_lituanie\/\"]},{\"@type\":\"Person\",\"@id\":\"https:\/\/www.institutfrancais-lituanie.com\/fr\/#\/schema\/person\/32b95cf77fc2963ebd875802e2d04457\",\"name\":\"Julija Petrosiute\",\"image\":{\"@type\":\"ImageObject\",\"inLanguage\":\"fr-FR\",\"@id\":\"https:\/\/www.institutfrancais-lituanie.com\/fr\/#\/schema\/person\/image\/\",\"url\":\"https:\/\/secure.gravatar.com\/avatar\/2210bf9289c3642e86c1bf97d9ad11dc?s=96&d=mm&r=g\",\"contentUrl\":\"https:\/\/secure.gravatar.com\/avatar\/2210bf9289c3642e86c1bf97d9ad11dc?s=96&d=mm&r=g\",\"caption\":\"Julija Petrosiute\"},\"url\":\"https:\/\/www.institutfrancais-lituanie.com\/fr\/author\/julija24\/\"}]}<\/script>\n<!-- \/ Yoast SEO plugin. -->","yoast_head_json":{"title":"Lecture de Jean-Baptiste Andrea - IF Lituanie","robots":{"index":"index","follow":"follow","max-snippet":"max-snippet:-1","max-image-preview":"max-image-preview:large","max-video-preview":"max-video-preview:-1"},"canonical":"https:\/\/www.institutfrancais-lituanie.com\/fr\/en-cours\/litterature\/salon-du-livre-de-vilnius-rencontre-avec-jean-baptiste-andrea\/","og_locale":"fr_FR","og_type":"article","og_title":"Lecture de Jean-Baptiste Andrea - IF Lituanie","og_description":"Une rencontre litt\u00e9raire avec l&#8217;auteur Jean-Baptiste Andr\u00e9a pour la parution lituanienne de &#8220;Veiller sur elle&#8221;,&hellip;","og_url":"https:\/\/www.institutfrancais-lituanie.com\/fr\/en-cours\/litterature\/salon-du-livre-de-vilnius-rencontre-avec-jean-baptiste-andrea\/","og_site_name":"IF Lituanie","article_publisher":"https:\/\/www.facebook.com\/prancuzuinstitutas\/","article_published_time":"2026-01-26T09:42:52+00:00","article_modified_time":"2026-01-26T16:52:24+00:00","og_image":[{"width":2560,"height":1705,"url":"https:\/\/www.institutfrancais-lituanie.com\/wp-content\/uploads\/2026\/01\/Design-sans-titre-9-scaled.jpg","type":"image\/jpeg"}],"author":"Julija Petrosiute","twitter_card":"summary_large_image","twitter_misc":{"Written by":"Julija Petrosiute","Est. reading time":"2 minutes"},"schema":{"@context":"https:\/\/schema.org","@graph":[{"@type":"Article","@id":"https:\/\/www.institutfrancais-lituanie.com\/fr\/en-cours\/litterature\/salon-du-livre-de-vilnius-rencontre-avec-jean-baptiste-andrea\/#article","isPartOf":{"@id":"https:\/\/www.institutfrancais-lituanie.com\/fr\/en-cours\/litterature\/salon-du-livre-de-vilnius-rencontre-avec-jean-baptiste-andrea\/"},"author":{"name":"Julija Petrosiute","@id":"https:\/\/www.institutfrancais-lituanie.com\/fr\/#\/schema\/person\/32b95cf77fc2963ebd875802e2d04457"},"headline":"Lecture de Jean-Baptiste Andrea","datePublished":"2026-01-26T09:42:52+00:00","dateModified":"2026-01-26T16:52:24+00:00","mainEntityOfPage":{"@id":"https:\/\/www.institutfrancais-lituanie.com\/fr\/en-cours\/litterature\/salon-du-livre-de-vilnius-rencontre-avec-jean-baptiste-andrea\/"},"wordCount":219,"publisher":{"@id":"https:\/\/www.institutfrancais-lituanie.com\/fr\/#organization"},"image":{"@id":"https:\/\/www.institutfrancais-lituanie.com\/fr\/en-cours\/litterature\/salon-du-livre-de-vilnius-rencontre-avec-jean-baptiste-andrea\/#primaryimage"},"thumbnailUrl":"https:\/\/www.institutfrancais-lituanie.com\/wp-content\/uploads\/2026\/01\/Design-sans-titre-9-scaled.jpg","articleSection":["Litt\u00e9rature"],"inLanguage":"fr-FR"},{"@type":"WebPage","@id":"https:\/\/www.institutfrancais-lituanie.com\/fr\/en-cours\/litterature\/salon-du-livre-de-vilnius-rencontre-avec-jean-baptiste-andrea\/","url":"https:\/\/www.institutfrancais-lituanie.com\/fr\/en-cours\/litterature\/salon-du-livre-de-vilnius-rencontre-avec-jean-baptiste-andrea\/","name":"Lecture de Jean-Baptiste Andrea - IF Lituanie","isPartOf":{"@id":"https:\/\/www.institutfrancais-lituanie.com\/fr\/#website"},"primaryImageOfPage":{"@id":"https:\/\/www.institutfrancais-lituanie.com\/fr\/en-cours\/litterature\/salon-du-livre-de-vilnius-rencontre-avec-jean-baptiste-andrea\/#primaryimage"},"image":{"@id":"https:\/\/www.institutfrancais-lituanie.com\/fr\/en-cours\/litterature\/salon-du-livre-de-vilnius-rencontre-avec-jean-baptiste-andrea\/#primaryimage"},"thumbnailUrl":"https:\/\/www.institutfrancais-lituanie.com\/wp-content\/uploads\/2026\/01\/Design-sans-titre-9-scaled.jpg","datePublished":"2026-01-26T09:42:52+00:00","dateModified":"2026-01-26T16:52:24+00:00","breadcrumb":{"@id":"https:\/\/www.institutfrancais-lituanie.com\/fr\/en-cours\/litterature\/salon-du-livre-de-vilnius-rencontre-avec-jean-baptiste-andrea\/#breadcrumb"},"inLanguage":"fr-FR","potentialAction":[{"@type":"ReadAction","target":["https:\/\/www.institutfrancais-lituanie.com\/fr\/en-cours\/litterature\/salon-du-livre-de-vilnius-rencontre-avec-jean-baptiste-andrea\/"]}]},{"@type":"ImageObject","inLanguage":"fr-FR","@id":"https:\/\/www.institutfrancais-lituanie.com\/fr\/en-cours\/litterature\/salon-du-livre-de-vilnius-rencontre-avec-jean-baptiste-andrea\/#primaryimage","url":"https:\/\/www.institutfrancais-lituanie.com\/wp-content\/uploads\/2026\/01\/Design-sans-titre-9-scaled.jpg","contentUrl":"https:\/\/www.institutfrancais-lituanie.com\/wp-content\/uploads\/2026\/01\/Design-sans-titre-9-scaled.jpg","width":2560,"height":1705},{"@type":"BreadcrumbList","@id":"https:\/\/www.institutfrancais-lituanie.com\/fr\/en-cours\/litterature\/salon-du-livre-de-vilnius-rencontre-avec-jean-baptiste-andrea\/#breadcrumb","itemListElement":[{"@type":"ListItem","position":1,"name":"Home","item":"https:\/\/www.institutfrancais-lituanie.com\/fr\/"},{"@type":"ListItem","position":2,"name":"Lecture de Jean-Baptiste Andrea"}]},{"@type":"WebSite","@id":"https:\/\/www.institutfrancais-lituanie.com\/fr\/#website","url":"https:\/\/www.institutfrancais-lituanie.com\/fr\/","name":"IF Lituanie","description":"Pranc\u016bz\u0173 kalbos kursai, kult\u016bra, mediateka...","publisher":{"@id":"https:\/\/www.institutfrancais-lituanie.com\/fr\/#organization"},"potentialAction":[{"@type":"SearchAction","target":{"@type":"EntryPoint","urlTemplate":"https:\/\/www.institutfrancais-lituanie.com\/fr\/?s={search_term_string}"},"query-input":"required name=search_term_string"}],"inLanguage":"fr-FR"},{"@type":"Organization","@id":"https:\/\/www.institutfrancais-lituanie.com\/fr\/#organization","name":"Pranc\u016bz\u0173 institutas","url":"https:\/\/www.institutfrancais-lituanie.com\/fr\/","logo":{"@type":"ImageObject","inLanguage":"fr-FR","@id":"https:\/\/www.institutfrancais-lituanie.com\/fr\/#\/schema\/logo\/image\/","url":"https:\/\/www.institutfrancais-lituanie.com\/wp-content\/uploads\/2023\/04\/IF_Logo-Lituanie-RVB.jpg","contentUrl":"https:\/\/www.institutfrancais-lituanie.com\/wp-content\/uploads\/2023\/04\/IF_Logo-Lituanie-RVB.jpg","width":827,"height":555,"caption":"Pranc\u016bz\u0173 institutas"},"image":{"@id":"https:\/\/www.institutfrancais-lituanie.com\/fr\/#\/schema\/logo\/image\/"},"sameAs":["https:\/\/www.facebook.com\/prancuzuinstitutas\/","https:\/\/www.instagram.com\/institut_francais_lituanie\/"]},{"@type":"Person","@id":"https:\/\/www.institutfrancais-lituanie.com\/fr\/#\/schema\/person\/32b95cf77fc2963ebd875802e2d04457","name":"Julija Petrosiute","image":{"@type":"ImageObject","inLanguage":"fr-FR","@id":"https:\/\/www.institutfrancais-lituanie.com\/fr\/#\/schema\/person\/image\/","url":"https:\/\/secure.gravatar.com\/avatar\/2210bf9289c3642e86c1bf97d9ad11dc?s=96&d=mm&r=g","contentUrl":"https:\/\/secure.gravatar.com\/avatar\/2210bf9289c3642e86c1bf97d9ad11dc?s=96&d=mm&r=g","caption":"Julija Petrosiute"},"url":"https:\/\/www.institutfrancais-lituanie.com\/fr\/author\/julija24\/"}]}},"_links":{"self":[{"href":"https:\/\/www.institutfrancais-lituanie.com\/fr\/wp-json\/wp\/v2\/posts\/18214"}],"collection":[{"href":"https:\/\/www.institutfrancais-lituanie.com\/fr\/wp-json\/wp\/v2\/posts"}],"about":[{"href":"https:\/\/www.institutfrancais-lituanie.com\/fr\/wp-json\/wp\/v2\/types\/post"}],"author":[{"embeddable":true,"href":"https:\/\/www.institutfrancais-lituanie.com\/fr\/wp-json\/wp\/v2\/users\/13"}],"replies":[{"embeddable":true,"href":"https:\/\/www.institutfrancais-lituanie.com\/fr\/wp-json\/wp\/v2\/comments?post=18214"}],"version-history":[{"count":6,"href":"https:\/\/www.institutfrancais-lituanie.com\/fr\/wp-json\/wp\/v2\/posts\/18214\/revisions"}],"predecessor-version":[{"id":18279,"href":"https:\/\/www.institutfrancais-lituanie.com\/fr\/wp-json\/wp\/v2\/posts\/18214\/revisions\/18279"}],"wp:featuredmedia":[{"embeddable":true,"href":"https:\/\/www.institutfrancais-lituanie.com\/fr\/wp-json\/wp\/v2\/media\/18216"}],"wp:attachment":[{"href":"https:\/\/www.institutfrancais-lituanie.com\/fr\/wp-json\/wp\/v2\/media?parent=18214"}],"wp:term":[{"taxonomy":"category","embeddable":true,"href":"https:\/\/www.institutfrancais-lituanie.com\/fr\/wp-json\/wp\/v2\/categories?post=18214"},{"taxonomy":"post_tag","embeddable":true,"href":"https:\/\/www.institutfrancais-lituanie.com\/fr\/wp-json\/wp\/v2\/tags?post=18214"}],"curies":[{"name":"wp","href":"https:\/\/api.w.org\/{rel}","templated":true}]}}