{"id":18039,"date":"2026-01-07T12:59:31","date_gmt":"2026-01-07T12:59:31","guid":{"rendered":"https:\/\/www.institutfrancais-lituanie.com\/?p=18039"},"modified":"2026-01-07T14:39:24","modified_gmt":"2026-01-07T14:39:24","slug":"au-19e-festival-du-court-metrage-de-vilnius-les-films-francais-en-rv","status":"publish","type":"post","link":"https:\/\/www.institutfrancais-lituanie.com\/fr\/en-cours\/au-19e-festival-du-court-metrage-de-vilnius-les-films-francais-en-rv\/","title":{"rendered":"Vilnius Short Film Festival 2026"},"content":{"rendered":"<p><span style=\"font-size: 12pt;\">Pour sa 19\u00e8me \u00e9dition, le festival de court-m\u00e9trages de Vilnius s&#8217;associe \u00e0 l&#8217;Institut fran\u00e7ais de Lituanie. Une dizaine de productions et co-productions fran\u00e7aises seront projet\u00e9es durant toute la dur\u00e9e du festival du 21 au 27 janvier. En compl\u00e9ment de ces projections, l&#8217;Institut vous propose de d\u00e9couvrir <strong>2 films en r\u00e9alit\u00e9 virtuelle<\/strong> &#8220;Lady Sapiens&#8221; de Camille Duvelleroy et &#8220;Monsieur Vincent&#8221; de Agn\u00e8s Molia, Gordon. <\/span><\/p>\n<p><span style=\"font-size: 12pt;\">Deux exp\u00e9riences interactives \u00e0 ne pas rater!<\/span><\/p>\n<p><span style=\"font-size: 12pt;\">Les films en r\u00e9alit\u00e9 virtuelle seront \u00e0 d\u00e9couvrir du <strong>23 au 25 janvier<\/strong> au MO Museum.<\/span><\/p>\n<p>&nbsp;<\/p>\n<p><strong><span style=\"color: #333399; font-size: 14pt;\">Synopsis des films en VR :<\/span><\/strong><\/p>\n<p><span style=\"font-size: 14pt;\"><strong>&#8220;Ponia Sapiens&#8221;<\/strong><\/span><\/p>\n<p><span style=\"font-size: 12pt;\">2021, documentaire, 12 min<\/span><\/p>\n<p><span style=\"font-size: 12pt;\">R\u00e9alisatrice | Camille Duvelleroy<\/span><\/p>\n<p><span style=\"font-size: 12pt;\">Vous \u00eates Lady Sapiens, vous \u00eates n\u00e9e il y a 38 000 ans. Vous exp\u00e9rimentez la place des femmes dans le clan, mais ce n\u2019est pas la fin de l\u2019histoire. <\/span><span style=\"font-size: 12pt;\">Non, les femmes ne faisaient pas la cueillette pendant que les hommes chassaient. La r\u00e9alisatrice Camille Duvelleroy a imagin\u00e9\u0301 une exp\u00e9rience de r\u00e9alit\u00e9\u0301 virtuelle \u00e9voluant dans un univers graphique somptueux con\u00e7u par Ubisoft, bas\u00e9e sur l\u2019enqu\u00eate scientifique men\u00e9e a\u0300 l\u2019occasion du film documentaire <em>Lady Sapiens.<\/em><\/span><\/p>\n<p>***<\/p>\n<p><strong><span style=\"font-size: 14pt;\">&#8220;Monsieur Vincent&#8221;<\/span><\/strong><\/p>\n<p><span style=\"font-size: 12pt;\">2024, documentaire, 20 min<\/span><br \/>\n<span style=\"font-size: 12pt;\">R\u00e9alisateurs | Agn\u00e8s Molia, Gordon<\/span><\/p>\n<p><span style=\"font-size: 12pt;\">Le 29 juillet 1890, \u00e0 Auvers-sur-Oise, le peintre Vincent van Gogh met fin \u00e0 ses jours. Marguerite, la fille de son m\u00e9decin, le docteur Gachet, a \u00e9t\u00e9 un de ses derniers mod\u00e8les.<\/span><br \/>\n<span style=\"font-size: 12pt;\">Elle se souvient et nous entraine \u00e0 sa suite dans sa palette de couleurs : en Provence o\u00f9 il faillit se perdre dans sa recherche de la \u00ab haute note jaune \u00bb, le rouge et le vert des caf\u00e9s\u2026 au bord du Rh\u00f4ne, o\u00f9 il disait voir la nuit plus richement color\u00e9e que le jour\u2026 Dans les champs du Nord de la France, il travaille les couleurs pures de l\u2019exaltation, de la passion.<\/span><br \/>\n<span style=\"font-size: 12pt;\">Ce matin de juillet, Monsieur Vincent est parti seul, ses forces sans doute \u00e9puis\u00e9es trop vite.<\/span><\/p>\n<p>Plus d&#8217;informations : <a href=\"http:\/\/www.filmshorts.lt\">www.filmshorts.lt<\/a><\/p>\n<p>\u00a9Lady Sapiens &#8211; L&#8217;Exp\u00e9rience (\u00a9Little Big Story, Ubisoft, France T\u00e9l\u00e9visions)<\/p>\n<p><img loading=\"lazy\" decoding=\"async\" class=\" wp-image-18027\" src=\"https:\/\/www.institutfrancais-lituanie.com\/wp-content\/uploads\/2026\/01\/tempImageQKaVfC-300x105.jpg\" alt=\"\" width=\"172\" height=\"60\" srcset=\"https:\/\/www.institutfrancais-lituanie.com\/wp-content\/uploads\/2026\/01\/tempImageQKaVfC-300x105.jpg 300w, https:\/\/www.institutfrancais-lituanie.com\/wp-content\/uploads\/2026\/01\/tempImageQKaVfC.jpg 440w\" sizes=\"(max-width: 172px) 100vw, 172px\" \/><\/p>\n","protected":false},"excerpt":{"rendered":"<p>Pour sa 19\u00e8me \u00e9dition, le festival de court-m\u00e9trages de Vilnius s&#8217;associe \u00e0 l&#8217;Institut fran\u00e7ais de&hellip;<\/p>\n","protected":false},"author":13,"featured_media":18029,"comment_status":"closed","ping_status":"open","sticky":false,"template":"","format":"standard","meta":{"footnotes":""},"categories":[89,57],"tags":[],"class_list":["post-18039","post","type-post","status-publish","format-standard","has-post-thumbnail","hentry","category-cinema","category-en-cours"],"yoast_head":"<!-- This site is optimized with the Yoast SEO plugin v23.2 - https:\/\/yoast.com\/wordpress\/plugins\/seo\/ -->\n<title>Vilnius Short Film Festival 2026 - IF Lituanie<\/title>\n<meta name=\"robots\" content=\"index, follow, max-snippet:-1, max-image-preview:large, max-video-preview:-1\" \/>\n<link rel=\"canonical\" href=\"https:\/\/www.institutfrancais-lituanie.com\/fr\/en-cours\/au-19e-festival-du-court-metrage-de-vilnius-les-films-francais-en-rv\/\" \/>\n<meta property=\"og:locale\" content=\"fr_FR\" \/>\n<meta property=\"og:type\" content=\"article\" \/>\n<meta property=\"og:title\" content=\"Vilnius Short Film Festival 2026 - IF Lituanie\" \/>\n<meta property=\"og:description\" content=\"Pour sa 19\u00e8me \u00e9dition, le festival de court-m\u00e9trages de Vilnius s&#8217;associe \u00e0 l&#8217;Institut fran\u00e7ais de&hellip;\" \/>\n<meta property=\"og:url\" content=\"https:\/\/www.institutfrancais-lituanie.com\/fr\/en-cours\/au-19e-festival-du-court-metrage-de-vilnius-les-films-francais-en-rv\/\" \/>\n<meta property=\"og:site_name\" content=\"IF Lituanie\" \/>\n<meta property=\"article:publisher\" content=\"https:\/\/www.facebook.com\/prancuzuinstitutas\/\" \/>\n<meta property=\"article:published_time\" content=\"2026-01-07T12:59:31+00:00\" \/>\n<meta property=\"article:modified_time\" content=\"2026-01-07T14:39:24+00:00\" \/>\n<meta property=\"og:image\" content=\"https:\/\/www.institutfrancais-lituanie.com\/wp-content\/uploads\/2026\/01\/hero_LadySapiens-1-scaled-e1767790761615.jpg\" \/>\n\t<meta property=\"og:image:width\" content=\"1672\" \/>\n\t<meta property=\"og:image:height\" content=\"1088\" \/>\n\t<meta property=\"og:image:type\" content=\"image\/jpeg\" \/>\n<meta name=\"author\" content=\"Julija Petrosiute\" \/>\n<meta name=\"twitter:card\" content=\"summary_large_image\" \/>\n<meta name=\"twitter:label1\" content=\"Written by\" \/>\n\t<meta name=\"twitter:data1\" content=\"Julija Petrosiute\" \/>\n\t<meta name=\"twitter:label2\" content=\"Est. reading time\" \/>\n\t<meta name=\"twitter:data2\" content=\"3 minutes\" \/>\n<script type=\"application\/ld+json\" class=\"yoast-schema-graph\">{\"@context\":\"https:\/\/schema.org\",\"@graph\":[{\"@type\":\"Article\",\"@id\":\"https:\/\/www.institutfrancais-lituanie.com\/fr\/en-cours\/au-19e-festival-du-court-metrage-de-vilnius-les-films-francais-en-rv\/#article\",\"isPartOf\":{\"@id\":\"https:\/\/www.institutfrancais-lituanie.com\/fr\/en-cours\/au-19e-festival-du-court-metrage-de-vilnius-les-films-francais-en-rv\/\"},\"author\":{\"name\":\"Julija Petrosiute\",\"@id\":\"https:\/\/www.institutfrancais-lituanie.com\/fr\/#\/schema\/person\/32b95cf77fc2963ebd875802e2d04457\"},\"headline\":\"Vilnius Short Film Festival 2026\",\"datePublished\":\"2026-01-07T12:59:31+00:00\",\"dateModified\":\"2026-01-07T14:39:24+00:00\",\"mainEntityOfPage\":{\"@id\":\"https:\/\/www.institutfrancais-lituanie.com\/fr\/en-cours\/au-19e-festival-du-court-metrage-de-vilnius-les-films-francais-en-rv\/\"},\"wordCount\":342,\"publisher\":{\"@id\":\"https:\/\/www.institutfrancais-lituanie.com\/fr\/#organization\"},\"image\":{\"@id\":\"https:\/\/www.institutfrancais-lituanie.com\/fr\/en-cours\/au-19e-festival-du-court-metrage-de-vilnius-les-films-francais-en-rv\/#primaryimage\"},\"thumbnailUrl\":\"https:\/\/www.institutfrancais-lituanie.com\/wp-content\/uploads\/2026\/01\/hero_LadySapiens-1-scaled-e1767790761615.jpg\",\"articleSection\":[\"Cin\u00e9ma\",\"Ev\u00e9nements\"],\"inLanguage\":\"fr-FR\"},{\"@type\":\"WebPage\",\"@id\":\"https:\/\/www.institutfrancais-lituanie.com\/fr\/en-cours\/au-19e-festival-du-court-metrage-de-vilnius-les-films-francais-en-rv\/\",\"url\":\"https:\/\/www.institutfrancais-lituanie.com\/fr\/en-cours\/au-19e-festival-du-court-metrage-de-vilnius-les-films-francais-en-rv\/\",\"name\":\"Vilnius Short Film Festival 2026 - IF Lituanie\",\"isPartOf\":{\"@id\":\"https:\/\/www.institutfrancais-lituanie.com\/fr\/#website\"},\"primaryImageOfPage\":{\"@id\":\"https:\/\/www.institutfrancais-lituanie.com\/fr\/en-cours\/au-19e-festival-du-court-metrage-de-vilnius-les-films-francais-en-rv\/#primaryimage\"},\"image\":{\"@id\":\"https:\/\/www.institutfrancais-lituanie.com\/fr\/en-cours\/au-19e-festival-du-court-metrage-de-vilnius-les-films-francais-en-rv\/#primaryimage\"},\"thumbnailUrl\":\"https:\/\/www.institutfrancais-lituanie.com\/wp-content\/uploads\/2026\/01\/hero_LadySapiens-1-scaled-e1767790761615.jpg\",\"datePublished\":\"2026-01-07T12:59:31+00:00\",\"dateModified\":\"2026-01-07T14:39:24+00:00\",\"breadcrumb\":{\"@id\":\"https:\/\/www.institutfrancais-lituanie.com\/fr\/en-cours\/au-19e-festival-du-court-metrage-de-vilnius-les-films-francais-en-rv\/#breadcrumb\"},\"inLanguage\":\"fr-FR\",\"potentialAction\":[{\"@type\":\"ReadAction\",\"target\":[\"https:\/\/www.institutfrancais-lituanie.com\/fr\/en-cours\/au-19e-festival-du-court-metrage-de-vilnius-les-films-francais-en-rv\/\"]}]},{\"@type\":\"ImageObject\",\"inLanguage\":\"fr-FR\",\"@id\":\"https:\/\/www.institutfrancais-lituanie.com\/fr\/en-cours\/au-19e-festival-du-court-metrage-de-vilnius-les-films-francais-en-rv\/#primaryimage\",\"url\":\"https:\/\/www.institutfrancais-lituanie.com\/wp-content\/uploads\/2026\/01\/hero_LadySapiens-1-scaled-e1767790761615.jpg\",\"contentUrl\":\"https:\/\/www.institutfrancais-lituanie.com\/wp-content\/uploads\/2026\/01\/hero_LadySapiens-1-scaled-e1767790761615.jpg\",\"width\":1672,\"height\":1088},{\"@type\":\"BreadcrumbList\",\"@id\":\"https:\/\/www.institutfrancais-lituanie.com\/fr\/en-cours\/au-19e-festival-du-court-metrage-de-vilnius-les-films-francais-en-rv\/#breadcrumb\",\"itemListElement\":[{\"@type\":\"ListItem\",\"position\":1,\"name\":\"Home\",\"item\":\"https:\/\/www.institutfrancais-lituanie.com\/fr\/\"},{\"@type\":\"ListItem\",\"position\":2,\"name\":\"Vilnius Short Film Festival 2026\"}]},{\"@type\":\"WebSite\",\"@id\":\"https:\/\/www.institutfrancais-lituanie.com\/fr\/#website\",\"url\":\"https:\/\/www.institutfrancais-lituanie.com\/fr\/\",\"name\":\"IF Lituanie\",\"description\":\"Pranc\u016bz\u0173 kalbos kursai, kult\u016bra, mediateka...\",\"publisher\":{\"@id\":\"https:\/\/www.institutfrancais-lituanie.com\/fr\/#organization\"},\"potentialAction\":[{\"@type\":\"SearchAction\",\"target\":{\"@type\":\"EntryPoint\",\"urlTemplate\":\"https:\/\/www.institutfrancais-lituanie.com\/fr\/?s={search_term_string}\"},\"query-input\":\"required name=search_term_string\"}],\"inLanguage\":\"fr-FR\"},{\"@type\":\"Organization\",\"@id\":\"https:\/\/www.institutfrancais-lituanie.com\/fr\/#organization\",\"name\":\"Pranc\u016bz\u0173 institutas\",\"url\":\"https:\/\/www.institutfrancais-lituanie.com\/fr\/\",\"logo\":{\"@type\":\"ImageObject\",\"inLanguage\":\"fr-FR\",\"@id\":\"https:\/\/www.institutfrancais-lituanie.com\/fr\/#\/schema\/logo\/image\/\",\"url\":\"https:\/\/www.institutfrancais-lituanie.com\/wp-content\/uploads\/2023\/04\/IF_Logo-Lituanie-RVB.jpg\",\"contentUrl\":\"https:\/\/www.institutfrancais-lituanie.com\/wp-content\/uploads\/2023\/04\/IF_Logo-Lituanie-RVB.jpg\",\"width\":827,\"height\":555,\"caption\":\"Pranc\u016bz\u0173 institutas\"},\"image\":{\"@id\":\"https:\/\/www.institutfrancais-lituanie.com\/fr\/#\/schema\/logo\/image\/\"},\"sameAs\":[\"https:\/\/www.facebook.com\/prancuzuinstitutas\/\",\"https:\/\/www.instagram.com\/institut_francais_lituanie\/\"]},{\"@type\":\"Person\",\"@id\":\"https:\/\/www.institutfrancais-lituanie.com\/fr\/#\/schema\/person\/32b95cf77fc2963ebd875802e2d04457\",\"name\":\"Julija Petrosiute\",\"image\":{\"@type\":\"ImageObject\",\"inLanguage\":\"fr-FR\",\"@id\":\"https:\/\/www.institutfrancais-lituanie.com\/fr\/#\/schema\/person\/image\/\",\"url\":\"https:\/\/secure.gravatar.com\/avatar\/2210bf9289c3642e86c1bf97d9ad11dc?s=96&d=mm&r=g\",\"contentUrl\":\"https:\/\/secure.gravatar.com\/avatar\/2210bf9289c3642e86c1bf97d9ad11dc?s=96&d=mm&r=g\",\"caption\":\"Julija Petrosiute\"},\"url\":\"https:\/\/www.institutfrancais-lituanie.com\/fr\/author\/julija24\/\"}]}<\/script>\n<!-- \/ Yoast SEO plugin. -->","yoast_head_json":{"title":"Vilnius Short Film Festival 2026 - IF Lituanie","robots":{"index":"index","follow":"follow","max-snippet":"max-snippet:-1","max-image-preview":"max-image-preview:large","max-video-preview":"max-video-preview:-1"},"canonical":"https:\/\/www.institutfrancais-lituanie.com\/fr\/en-cours\/au-19e-festival-du-court-metrage-de-vilnius-les-films-francais-en-rv\/","og_locale":"fr_FR","og_type":"article","og_title":"Vilnius Short Film Festival 2026 - IF Lituanie","og_description":"Pour sa 19\u00e8me \u00e9dition, le festival de court-m\u00e9trages de Vilnius s&#8217;associe \u00e0 l&#8217;Institut fran\u00e7ais de&hellip;","og_url":"https:\/\/www.institutfrancais-lituanie.com\/fr\/en-cours\/au-19e-festival-du-court-metrage-de-vilnius-les-films-francais-en-rv\/","og_site_name":"IF Lituanie","article_publisher":"https:\/\/www.facebook.com\/prancuzuinstitutas\/","article_published_time":"2026-01-07T12:59:31+00:00","article_modified_time":"2026-01-07T14:39:24+00:00","og_image":[{"width":1672,"height":1088,"url":"https:\/\/www.institutfrancais-lituanie.com\/wp-content\/uploads\/2026\/01\/hero_LadySapiens-1-scaled-e1767790761615.jpg","type":"image\/jpeg"}],"author":"Julija Petrosiute","twitter_card":"summary_large_image","twitter_misc":{"Written by":"Julija Petrosiute","Est. reading time":"3 minutes"},"schema":{"@context":"https:\/\/schema.org","@graph":[{"@type":"Article","@id":"https:\/\/www.institutfrancais-lituanie.com\/fr\/en-cours\/au-19e-festival-du-court-metrage-de-vilnius-les-films-francais-en-rv\/#article","isPartOf":{"@id":"https:\/\/www.institutfrancais-lituanie.com\/fr\/en-cours\/au-19e-festival-du-court-metrage-de-vilnius-les-films-francais-en-rv\/"},"author":{"name":"Julija Petrosiute","@id":"https:\/\/www.institutfrancais-lituanie.com\/fr\/#\/schema\/person\/32b95cf77fc2963ebd875802e2d04457"},"headline":"Vilnius Short Film Festival 2026","datePublished":"2026-01-07T12:59:31+00:00","dateModified":"2026-01-07T14:39:24+00:00","mainEntityOfPage":{"@id":"https:\/\/www.institutfrancais-lituanie.com\/fr\/en-cours\/au-19e-festival-du-court-metrage-de-vilnius-les-films-francais-en-rv\/"},"wordCount":342,"publisher":{"@id":"https:\/\/www.institutfrancais-lituanie.com\/fr\/#organization"},"image":{"@id":"https:\/\/www.institutfrancais-lituanie.com\/fr\/en-cours\/au-19e-festival-du-court-metrage-de-vilnius-les-films-francais-en-rv\/#primaryimage"},"thumbnailUrl":"https:\/\/www.institutfrancais-lituanie.com\/wp-content\/uploads\/2026\/01\/hero_LadySapiens-1-scaled-e1767790761615.jpg","articleSection":["Cin\u00e9ma","Ev\u00e9nements"],"inLanguage":"fr-FR"},{"@type":"WebPage","@id":"https:\/\/www.institutfrancais-lituanie.com\/fr\/en-cours\/au-19e-festival-du-court-metrage-de-vilnius-les-films-francais-en-rv\/","url":"https:\/\/www.institutfrancais-lituanie.com\/fr\/en-cours\/au-19e-festival-du-court-metrage-de-vilnius-les-films-francais-en-rv\/","name":"Vilnius Short Film Festival 2026 - IF Lituanie","isPartOf":{"@id":"https:\/\/www.institutfrancais-lituanie.com\/fr\/#website"},"primaryImageOfPage":{"@id":"https:\/\/www.institutfrancais-lituanie.com\/fr\/en-cours\/au-19e-festival-du-court-metrage-de-vilnius-les-films-francais-en-rv\/#primaryimage"},"image":{"@id":"https:\/\/www.institutfrancais-lituanie.com\/fr\/en-cours\/au-19e-festival-du-court-metrage-de-vilnius-les-films-francais-en-rv\/#primaryimage"},"thumbnailUrl":"https:\/\/www.institutfrancais-lituanie.com\/wp-content\/uploads\/2026\/01\/hero_LadySapiens-1-scaled-e1767790761615.jpg","datePublished":"2026-01-07T12:59:31+00:00","dateModified":"2026-01-07T14:39:24+00:00","breadcrumb":{"@id":"https:\/\/www.institutfrancais-lituanie.com\/fr\/en-cours\/au-19e-festival-du-court-metrage-de-vilnius-les-films-francais-en-rv\/#breadcrumb"},"inLanguage":"fr-FR","potentialAction":[{"@type":"ReadAction","target":["https:\/\/www.institutfrancais-lituanie.com\/fr\/en-cours\/au-19e-festival-du-court-metrage-de-vilnius-les-films-francais-en-rv\/"]}]},{"@type":"ImageObject","inLanguage":"fr-FR","@id":"https:\/\/www.institutfrancais-lituanie.com\/fr\/en-cours\/au-19e-festival-du-court-metrage-de-vilnius-les-films-francais-en-rv\/#primaryimage","url":"https:\/\/www.institutfrancais-lituanie.com\/wp-content\/uploads\/2026\/01\/hero_LadySapiens-1-scaled-e1767790761615.jpg","contentUrl":"https:\/\/www.institutfrancais-lituanie.com\/wp-content\/uploads\/2026\/01\/hero_LadySapiens-1-scaled-e1767790761615.jpg","width":1672,"height":1088},{"@type":"BreadcrumbList","@id":"https:\/\/www.institutfrancais-lituanie.com\/fr\/en-cours\/au-19e-festival-du-court-metrage-de-vilnius-les-films-francais-en-rv\/#breadcrumb","itemListElement":[{"@type":"ListItem","position":1,"name":"Home","item":"https:\/\/www.institutfrancais-lituanie.com\/fr\/"},{"@type":"ListItem","position":2,"name":"Vilnius Short Film Festival 2026"}]},{"@type":"WebSite","@id":"https:\/\/www.institutfrancais-lituanie.com\/fr\/#website","url":"https:\/\/www.institutfrancais-lituanie.com\/fr\/","name":"IF Lituanie","description":"Pranc\u016bz\u0173 kalbos kursai, kult\u016bra, mediateka...","publisher":{"@id":"https:\/\/www.institutfrancais-lituanie.com\/fr\/#organization"},"potentialAction":[{"@type":"SearchAction","target":{"@type":"EntryPoint","urlTemplate":"https:\/\/www.institutfrancais-lituanie.com\/fr\/?s={search_term_string}"},"query-input":"required name=search_term_string"}],"inLanguage":"fr-FR"},{"@type":"Organization","@id":"https:\/\/www.institutfrancais-lituanie.com\/fr\/#organization","name":"Pranc\u016bz\u0173 institutas","url":"https:\/\/www.institutfrancais-lituanie.com\/fr\/","logo":{"@type":"ImageObject","inLanguage":"fr-FR","@id":"https:\/\/www.institutfrancais-lituanie.com\/fr\/#\/schema\/logo\/image\/","url":"https:\/\/www.institutfrancais-lituanie.com\/wp-content\/uploads\/2023\/04\/IF_Logo-Lituanie-RVB.jpg","contentUrl":"https:\/\/www.institutfrancais-lituanie.com\/wp-content\/uploads\/2023\/04\/IF_Logo-Lituanie-RVB.jpg","width":827,"height":555,"caption":"Pranc\u016bz\u0173 institutas"},"image":{"@id":"https:\/\/www.institutfrancais-lituanie.com\/fr\/#\/schema\/logo\/image\/"},"sameAs":["https:\/\/www.facebook.com\/prancuzuinstitutas\/","https:\/\/www.instagram.com\/institut_francais_lituanie\/"]},{"@type":"Person","@id":"https:\/\/www.institutfrancais-lituanie.com\/fr\/#\/schema\/person\/32b95cf77fc2963ebd875802e2d04457","name":"Julija Petrosiute","image":{"@type":"ImageObject","inLanguage":"fr-FR","@id":"https:\/\/www.institutfrancais-lituanie.com\/fr\/#\/schema\/person\/image\/","url":"https:\/\/secure.gravatar.com\/avatar\/2210bf9289c3642e86c1bf97d9ad11dc?s=96&d=mm&r=g","contentUrl":"https:\/\/secure.gravatar.com\/avatar\/2210bf9289c3642e86c1bf97d9ad11dc?s=96&d=mm&r=g","caption":"Julija Petrosiute"},"url":"https:\/\/www.institutfrancais-lituanie.com\/fr\/author\/julija24\/"}]}},"_links":{"self":[{"href":"https:\/\/www.institutfrancais-lituanie.com\/fr\/wp-json\/wp\/v2\/posts\/18039"}],"collection":[{"href":"https:\/\/www.institutfrancais-lituanie.com\/fr\/wp-json\/wp\/v2\/posts"}],"about":[{"href":"https:\/\/www.institutfrancais-lituanie.com\/fr\/wp-json\/wp\/v2\/types\/post"}],"author":[{"embeddable":true,"href":"https:\/\/www.institutfrancais-lituanie.com\/fr\/wp-json\/wp\/v2\/users\/13"}],"replies":[{"embeddable":true,"href":"https:\/\/www.institutfrancais-lituanie.com\/fr\/wp-json\/wp\/v2\/comments?post=18039"}],"version-history":[{"count":8,"href":"https:\/\/www.institutfrancais-lituanie.com\/fr\/wp-json\/wp\/v2\/posts\/18039\/revisions"}],"predecessor-version":[{"id":18061,"href":"https:\/\/www.institutfrancais-lituanie.com\/fr\/wp-json\/wp\/v2\/posts\/18039\/revisions\/18061"}],"wp:featuredmedia":[{"embeddable":true,"href":"https:\/\/www.institutfrancais-lituanie.com\/fr\/wp-json\/wp\/v2\/media\/18029"}],"wp:attachment":[{"href":"https:\/\/www.institutfrancais-lituanie.com\/fr\/wp-json\/wp\/v2\/media?parent=18039"}],"wp:term":[{"taxonomy":"category","embeddable":true,"href":"https:\/\/www.institutfrancais-lituanie.com\/fr\/wp-json\/wp\/v2\/categories?post=18039"},{"taxonomy":"post_tag","embeddable":true,"href":"https:\/\/www.institutfrancais-lituanie.com\/fr\/wp-json\/wp\/v2\/tags?post=18039"}],"curies":[{"name":"wp","href":"https:\/\/api.w.org\/{rel}","templated":true}]}}