{"id":17980,"date":"2025-12-09T15:43:10","date_gmt":"2025-12-09T15:43:10","guid":{"rendered":"https:\/\/www.institutfrancais-lituanie.com\/?p=17980"},"modified":"2025-12-09T15:43:10","modified_gmt":"2025-12-09T15:43:10","slug":"passerelle-fle-un-nouveau-programme-de-formation","status":"publish","type":"post","link":"https:\/\/www.institutfrancais-lituanie.com\/fr\/non-classifiee\/passerelle-fle-un-nouveau-programme-de-formation\/","title":{"rendered":"Passerelle FLE : un nouveau programme de formation"},"content":{"rendered":"<p><strong>Passerelle FLE : un nouveau programme de formation continue pour tous les enseignants de fran\u00e7ais en Lituanie<\/strong><br \/>\n<em>Places limit\u00e9es \u2013 inscriptions ouvertes jusqu\u2019au 10\/05\/2026<\/em><\/p>\n<p>L\u2019Institut fran\u00e7ais de Lituanie a le plaisir d\u2019annoncer le lancement du programme <strong>\u00ab Passerelle FLE \u00bb<\/strong>, une nouvelle offre de formation continue destin\u00e9e \u00e0 l\u2019ensemble des enseignants de fran\u00e7ais pr\u00e9sents en Lituanie, quel que soit leur \u00e9tablissement de rattachement (public ou priv\u00e9) ou leur nationalit\u00e9.<\/p>\n<p>Pens\u00e9 pour soutenir le d\u00e9veloppement professionnel de toutes et tous, ce programme gratuit se d\u00e9roulera de d\u00e9cembre 2025 \u00e0 d\u00e9but juillet 2026. Il propose un parcours flexible, permettant \u00e0 chaque enseignant de s\u00e9lectionner un ou plusieurs modules selon ses besoins.<\/p>\n<p><strong><u>Un programme complet et modulable\u00a0:<\/u><\/strong><\/p>\n<ol>\n<li><strong> Test de positionnement Evalang<\/strong><\/li>\n<\/ol>\n<p>(Obligatoire uniquement pour ceux souhaitant suivre le perfectionnement linguistique)<\/p>\n<ol start=\"2\">\n<li><strong> Perfectionnement linguistique<\/strong><\/li>\n<\/ol>\n<p>Trois sessions progressives de 30h \u2013 en pr\u00e9sentiel ou en ligne \u2013 avec plusieurs cr\u00e9neaux horaires au choix.<\/p>\n<ul>\n<li>Session 1 : 01\/12\/2025 \u2192 21\/02\/2026<\/li>\n<li>Session 2 : 23\/02\/2026 \u2192 02\/05\/2026<\/li>\n<li>Session 3 : 04\/05\/2026 \u2192 11\/07\/2026<\/li>\n<\/ul>\n<ol start=\"3\">\n<li><strong> Pr\u00e9paration aux certifications DELF B2 et DALF C1<\/strong><\/li>\n<\/ol>\n<ul>\n<li>DELF B2 : Du 01\/06 au 14\/06\/2026<\/li>\n<li>DALF C1 : Du 18\/05 au 31\/05\/2026<\/li>\n<\/ul>\n<ol start=\"4\">\n<li><strong> Examen du DELF B2 ou DALF C1\u00a0: session du 19 juin 2026<\/strong><br \/>\n\u00c0 partir du 01\/05\/2026.<\/li>\n<\/ol>\n<ol start=\"5\">\n<li><strong> Modules de didactique (5 x 9h00) \u2013 en partenariat avec le CLA de Besan\u00e7on<\/strong><\/li>\n<\/ol>\n<ul>\n<li>Favoriser les pratiques ludiques et cr\u00e9atives\u00a0: Du 15 au 19 d\u00e9cembre 2025 de 17h00 \u00e0 18h30<\/li>\n<li>Enseigner la grammaire autrement\u00a0: Du 19 au 23 janvier 2026 de 17h00 \u00e0 18h30<\/li>\n<li>Motiver les adolescents \u00e0 travers une p\u00e9dagogie active\u00a0: Du 23 au 27 f\u00e9vrier 2026 de 17h00 \u00e0 18h30<\/li>\n<li>La chanson fran\u00e7aise et francophone\u00a0: Du 16 au 20 mars 2026 de 17h00 \u00e0 18h30<\/li>\n<li>Dynamiser ses pratiques de classe \u00e0 l\u2019\u00e9crit : Du 20 au 24 avril 2026 de 17h00 \u00e0 18h30<\/li>\n<\/ul>\n<p><strong><u>Inscriptions\u00a0:<\/u><\/strong><\/p>\n<p>Il est possible de participer \u00e0 un seul module ou \u00e0 l\u2019ensemble du parcours. Les inscriptions restent ouvertes jusqu\u2019au <u>10 mai 2025.<\/u><br \/>\n\ud83d\udc49 <strong>Attention : le nombre de places est limit\u00e9.<\/strong><\/p>\n<p><strong>Lien d\u2019inscription :<\/strong><br \/>\n<a href=\"https:\/\/docs.google.com\/forms\/d\/1eQE0N0guDCK3TntjyxUuyGsaY9afN0Tf-lAd5Ilh5d0\/edit\">https:\/\/docs.google.com\/forms\/d\/1eQE0N0guDCK3TntjyxUuyGsaY9afN0Tf-lAd5Ilh5d0\/edit<\/a><\/p>\n<p><strong><u>Contacts\u00a0:<\/u><\/strong><\/p>\n<p>Pour toute question :<\/p>\n<ul>\n<li>Coralie Krener \u2013 <a href=\"mailto:coralie.krener@diplomatie.gouv.fr\">coralie.krener@diplomatie.gouv.fr<\/a><\/li>\n<li>Olga Paleckien\u0117 \u2013 <a href=\"mailto:olga.paleckiene@institutfrancais-lituanie.com\">olga.paleckiene@institutfrancais-lituanie.com<\/a><\/li>\n<\/ul>\n","protected":false},"excerpt":{"rendered":"<p>Passerelle FLE : un nouveau programme de formation continue pour tous les enseignants de fran\u00e7ais&hellip;<\/p>\n","protected":false},"author":13,"featured_media":17981,"comment_status":"closed","ping_status":"open","sticky":false,"template":"","format":"standard","meta":{"footnotes":""},"categories":[43],"tags":[],"class_list":["post-17980","post","type-post","status-publish","format-standard","has-post-thumbnail","hentry","category-non-classifiee"],"yoast_head":"<!-- This site is optimized with the Yoast SEO plugin v23.2 - https:\/\/yoast.com\/wordpress\/plugins\/seo\/ -->\n<title>Passerelle FLE : un nouveau programme de formation - IF Lituanie<\/title>\n<meta name=\"robots\" content=\"index, follow, max-snippet:-1, max-image-preview:large, max-video-preview:-1\" \/>\n<link rel=\"canonical\" href=\"https:\/\/www.institutfrancais-lituanie.com\/fr\/non-classifiee\/passerelle-fle-un-nouveau-programme-de-formation\/\" \/>\n<meta property=\"og:locale\" content=\"fr_FR\" \/>\n<meta property=\"og:type\" content=\"article\" \/>\n<meta property=\"og:title\" content=\"Passerelle FLE : un nouveau programme de formation - IF Lituanie\" \/>\n<meta property=\"og:description\" content=\"Passerelle FLE : un nouveau programme de formation continue pour tous les enseignants de fran\u00e7ais&hellip;\" \/>\n<meta property=\"og:url\" content=\"https:\/\/www.institutfrancais-lituanie.com\/fr\/non-classifiee\/passerelle-fle-un-nouveau-programme-de-formation\/\" \/>\n<meta property=\"og:site_name\" content=\"IF Lituanie\" \/>\n<meta property=\"article:publisher\" content=\"https:\/\/www.facebook.com\/prancuzuinstitutas\/\" \/>\n<meta property=\"article:published_time\" content=\"2025-12-09T15:43:10+00:00\" \/>\n<meta property=\"og:image\" content=\"https:\/\/www.institutfrancais-lituanie.com\/wp-content\/uploads\/2025\/12\/FB-publication_nouvele-identite-1-scaled-e1765294969109.jpg\" \/>\n\t<meta property=\"og:image:width\" content=\"2560\" \/>\n\t<meta property=\"og:image:height\" content=\"1382\" \/>\n\t<meta property=\"og:image:type\" content=\"image\/jpeg\" \/>\n<meta name=\"author\" content=\"Julija Petrosiute\" \/>\n<meta name=\"twitter:card\" content=\"summary_large_image\" \/>\n<meta name=\"twitter:label1\" content=\"Written by\" \/>\n\t<meta name=\"twitter:data1\" content=\"Julija Petrosiute\" \/>\n\t<meta name=\"twitter:label2\" content=\"Est. reading time\" \/>\n\t<meta name=\"twitter:data2\" content=\"2 minutes\" \/>\n<script type=\"application\/ld+json\" class=\"yoast-schema-graph\">{\"@context\":\"https:\/\/schema.org\",\"@graph\":[{\"@type\":\"Article\",\"@id\":\"https:\/\/www.institutfrancais-lituanie.com\/fr\/non-classifiee\/passerelle-fle-un-nouveau-programme-de-formation\/#article\",\"isPartOf\":{\"@id\":\"https:\/\/www.institutfrancais-lituanie.com\/fr\/non-classifiee\/passerelle-fle-un-nouveau-programme-de-formation\/\"},\"author\":{\"name\":\"Julija Petrosiute\",\"@id\":\"https:\/\/www.institutfrancais-lituanie.com\/fr\/#\/schema\/person\/32b95cf77fc2963ebd875802e2d04457\"},\"headline\":\"Passerelle FLE : un nouveau programme de formation\",\"datePublished\":\"2025-12-09T15:43:10+00:00\",\"dateModified\":\"2025-12-09T15:43:10+00:00\",\"mainEntityOfPage\":{\"@id\":\"https:\/\/www.institutfrancais-lituanie.com\/fr\/non-classifiee\/passerelle-fle-un-nouveau-programme-de-formation\/\"},\"wordCount\":331,\"publisher\":{\"@id\":\"https:\/\/www.institutfrancais-lituanie.com\/fr\/#organization\"},\"image\":{\"@id\":\"https:\/\/www.institutfrancais-lituanie.com\/fr\/non-classifiee\/passerelle-fle-un-nouveau-programme-de-formation\/#primaryimage\"},\"thumbnailUrl\":\"https:\/\/www.institutfrancais-lituanie.com\/wp-content\/uploads\/2025\/12\/FB-publication_nouvele-identite-1-scaled-e1765294969109.jpg\",\"articleSection\":[\"Non classifi\u00e9(e)\"],\"inLanguage\":\"fr-FR\"},{\"@type\":\"WebPage\",\"@id\":\"https:\/\/www.institutfrancais-lituanie.com\/fr\/non-classifiee\/passerelle-fle-un-nouveau-programme-de-formation\/\",\"url\":\"https:\/\/www.institutfrancais-lituanie.com\/fr\/non-classifiee\/passerelle-fle-un-nouveau-programme-de-formation\/\",\"name\":\"Passerelle FLE : un nouveau programme de formation - IF Lituanie\",\"isPartOf\":{\"@id\":\"https:\/\/www.institutfrancais-lituanie.com\/fr\/#website\"},\"primaryImageOfPage\":{\"@id\":\"https:\/\/www.institutfrancais-lituanie.com\/fr\/non-classifiee\/passerelle-fle-un-nouveau-programme-de-formation\/#primaryimage\"},\"image\":{\"@id\":\"https:\/\/www.institutfrancais-lituanie.com\/fr\/non-classifiee\/passerelle-fle-un-nouveau-programme-de-formation\/#primaryimage\"},\"thumbnailUrl\":\"https:\/\/www.institutfrancais-lituanie.com\/wp-content\/uploads\/2025\/12\/FB-publication_nouvele-identite-1-scaled-e1765294969109.jpg\",\"datePublished\":\"2025-12-09T15:43:10+00:00\",\"dateModified\":\"2025-12-09T15:43:10+00:00\",\"breadcrumb\":{\"@id\":\"https:\/\/www.institutfrancais-lituanie.com\/fr\/non-classifiee\/passerelle-fle-un-nouveau-programme-de-formation\/#breadcrumb\"},\"inLanguage\":\"fr-FR\",\"potentialAction\":[{\"@type\":\"ReadAction\",\"target\":[\"https:\/\/www.institutfrancais-lituanie.com\/fr\/non-classifiee\/passerelle-fle-un-nouveau-programme-de-formation\/\"]}]},{\"@type\":\"ImageObject\",\"inLanguage\":\"fr-FR\",\"@id\":\"https:\/\/www.institutfrancais-lituanie.com\/fr\/non-classifiee\/passerelle-fle-un-nouveau-programme-de-formation\/#primaryimage\",\"url\":\"https:\/\/www.institutfrancais-lituanie.com\/wp-content\/uploads\/2025\/12\/FB-publication_nouvele-identite-1-scaled-e1765294969109.jpg\",\"contentUrl\":\"https:\/\/www.institutfrancais-lituanie.com\/wp-content\/uploads\/2025\/12\/FB-publication_nouvele-identite-1-scaled-e1765294969109.jpg\",\"width\":2560,\"height\":1382},{\"@type\":\"BreadcrumbList\",\"@id\":\"https:\/\/www.institutfrancais-lituanie.com\/fr\/non-classifiee\/passerelle-fle-un-nouveau-programme-de-formation\/#breadcrumb\",\"itemListElement\":[{\"@type\":\"ListItem\",\"position\":1,\"name\":\"Home\",\"item\":\"https:\/\/www.institutfrancais-lituanie.com\/fr\/\"},{\"@type\":\"ListItem\",\"position\":2,\"name\":\"Passerelle FLE : un nouveau programme de formation\"}]},{\"@type\":\"WebSite\",\"@id\":\"https:\/\/www.institutfrancais-lituanie.com\/fr\/#website\",\"url\":\"https:\/\/www.institutfrancais-lituanie.com\/fr\/\",\"name\":\"IF Lituanie\",\"description\":\"Pranc\u016bz\u0173 kalbos kursai, kult\u016bra, mediateka...\",\"publisher\":{\"@id\":\"https:\/\/www.institutfrancais-lituanie.com\/fr\/#organization\"},\"potentialAction\":[{\"@type\":\"SearchAction\",\"target\":{\"@type\":\"EntryPoint\",\"urlTemplate\":\"https:\/\/www.institutfrancais-lituanie.com\/fr\/?s={search_term_string}\"},\"query-input\":\"required name=search_term_string\"}],\"inLanguage\":\"fr-FR\"},{\"@type\":\"Organization\",\"@id\":\"https:\/\/www.institutfrancais-lituanie.com\/fr\/#organization\",\"name\":\"Pranc\u016bz\u0173 institutas\",\"url\":\"https:\/\/www.institutfrancais-lituanie.com\/fr\/\",\"logo\":{\"@type\":\"ImageObject\",\"inLanguage\":\"fr-FR\",\"@id\":\"https:\/\/www.institutfrancais-lituanie.com\/fr\/#\/schema\/logo\/image\/\",\"url\":\"https:\/\/www.institutfrancais-lituanie.com\/wp-content\/uploads\/2023\/04\/IF_Logo-Lituanie-RVB.jpg\",\"contentUrl\":\"https:\/\/www.institutfrancais-lituanie.com\/wp-content\/uploads\/2023\/04\/IF_Logo-Lituanie-RVB.jpg\",\"width\":827,\"height\":555,\"caption\":\"Pranc\u016bz\u0173 institutas\"},\"image\":{\"@id\":\"https:\/\/www.institutfrancais-lituanie.com\/fr\/#\/schema\/logo\/image\/\"},\"sameAs\":[\"https:\/\/www.facebook.com\/prancuzuinstitutas\/\",\"https:\/\/www.instagram.com\/institut_francais_lituanie\/\"]},{\"@type\":\"Person\",\"@id\":\"https:\/\/www.institutfrancais-lituanie.com\/fr\/#\/schema\/person\/32b95cf77fc2963ebd875802e2d04457\",\"name\":\"Julija Petrosiute\",\"image\":{\"@type\":\"ImageObject\",\"inLanguage\":\"fr-FR\",\"@id\":\"https:\/\/www.institutfrancais-lituanie.com\/fr\/#\/schema\/person\/image\/\",\"url\":\"https:\/\/secure.gravatar.com\/avatar\/2210bf9289c3642e86c1bf97d9ad11dc?s=96&d=mm&r=g\",\"contentUrl\":\"https:\/\/secure.gravatar.com\/avatar\/2210bf9289c3642e86c1bf97d9ad11dc?s=96&d=mm&r=g\",\"caption\":\"Julija Petrosiute\"},\"url\":\"https:\/\/www.institutfrancais-lituanie.com\/fr\/author\/julija24\/\"}]}<\/script>\n<!-- \/ Yoast SEO plugin. -->","yoast_head_json":{"title":"Passerelle FLE : un nouveau programme de formation - IF Lituanie","robots":{"index":"index","follow":"follow","max-snippet":"max-snippet:-1","max-image-preview":"max-image-preview:large","max-video-preview":"max-video-preview:-1"},"canonical":"https:\/\/www.institutfrancais-lituanie.com\/fr\/non-classifiee\/passerelle-fle-un-nouveau-programme-de-formation\/","og_locale":"fr_FR","og_type":"article","og_title":"Passerelle FLE : un nouveau programme de formation - IF Lituanie","og_description":"Passerelle FLE : un nouveau programme de formation continue pour tous les enseignants de fran\u00e7ais&hellip;","og_url":"https:\/\/www.institutfrancais-lituanie.com\/fr\/non-classifiee\/passerelle-fle-un-nouveau-programme-de-formation\/","og_site_name":"IF Lituanie","article_publisher":"https:\/\/www.facebook.com\/prancuzuinstitutas\/","article_published_time":"2025-12-09T15:43:10+00:00","og_image":[{"width":2560,"height":1382,"url":"https:\/\/www.institutfrancais-lituanie.com\/wp-content\/uploads\/2025\/12\/FB-publication_nouvele-identite-1-scaled-e1765294969109.jpg","type":"image\/jpeg"}],"author":"Julija Petrosiute","twitter_card":"summary_large_image","twitter_misc":{"Written by":"Julija Petrosiute","Est. reading time":"2 minutes"},"schema":{"@context":"https:\/\/schema.org","@graph":[{"@type":"Article","@id":"https:\/\/www.institutfrancais-lituanie.com\/fr\/non-classifiee\/passerelle-fle-un-nouveau-programme-de-formation\/#article","isPartOf":{"@id":"https:\/\/www.institutfrancais-lituanie.com\/fr\/non-classifiee\/passerelle-fle-un-nouveau-programme-de-formation\/"},"author":{"name":"Julija Petrosiute","@id":"https:\/\/www.institutfrancais-lituanie.com\/fr\/#\/schema\/person\/32b95cf77fc2963ebd875802e2d04457"},"headline":"Passerelle FLE : un nouveau programme de formation","datePublished":"2025-12-09T15:43:10+00:00","dateModified":"2025-12-09T15:43:10+00:00","mainEntityOfPage":{"@id":"https:\/\/www.institutfrancais-lituanie.com\/fr\/non-classifiee\/passerelle-fle-un-nouveau-programme-de-formation\/"},"wordCount":331,"publisher":{"@id":"https:\/\/www.institutfrancais-lituanie.com\/fr\/#organization"},"image":{"@id":"https:\/\/www.institutfrancais-lituanie.com\/fr\/non-classifiee\/passerelle-fle-un-nouveau-programme-de-formation\/#primaryimage"},"thumbnailUrl":"https:\/\/www.institutfrancais-lituanie.com\/wp-content\/uploads\/2025\/12\/FB-publication_nouvele-identite-1-scaled-e1765294969109.jpg","articleSection":["Non classifi\u00e9(e)"],"inLanguage":"fr-FR"},{"@type":"WebPage","@id":"https:\/\/www.institutfrancais-lituanie.com\/fr\/non-classifiee\/passerelle-fle-un-nouveau-programme-de-formation\/","url":"https:\/\/www.institutfrancais-lituanie.com\/fr\/non-classifiee\/passerelle-fle-un-nouveau-programme-de-formation\/","name":"Passerelle FLE : un nouveau programme de formation - IF Lituanie","isPartOf":{"@id":"https:\/\/www.institutfrancais-lituanie.com\/fr\/#website"},"primaryImageOfPage":{"@id":"https:\/\/www.institutfrancais-lituanie.com\/fr\/non-classifiee\/passerelle-fle-un-nouveau-programme-de-formation\/#primaryimage"},"image":{"@id":"https:\/\/www.institutfrancais-lituanie.com\/fr\/non-classifiee\/passerelle-fle-un-nouveau-programme-de-formation\/#primaryimage"},"thumbnailUrl":"https:\/\/www.institutfrancais-lituanie.com\/wp-content\/uploads\/2025\/12\/FB-publication_nouvele-identite-1-scaled-e1765294969109.jpg","datePublished":"2025-12-09T15:43:10+00:00","dateModified":"2025-12-09T15:43:10+00:00","breadcrumb":{"@id":"https:\/\/www.institutfrancais-lituanie.com\/fr\/non-classifiee\/passerelle-fle-un-nouveau-programme-de-formation\/#breadcrumb"},"inLanguage":"fr-FR","potentialAction":[{"@type":"ReadAction","target":["https:\/\/www.institutfrancais-lituanie.com\/fr\/non-classifiee\/passerelle-fle-un-nouveau-programme-de-formation\/"]}]},{"@type":"ImageObject","inLanguage":"fr-FR","@id":"https:\/\/www.institutfrancais-lituanie.com\/fr\/non-classifiee\/passerelle-fle-un-nouveau-programme-de-formation\/#primaryimage","url":"https:\/\/www.institutfrancais-lituanie.com\/wp-content\/uploads\/2025\/12\/FB-publication_nouvele-identite-1-scaled-e1765294969109.jpg","contentUrl":"https:\/\/www.institutfrancais-lituanie.com\/wp-content\/uploads\/2025\/12\/FB-publication_nouvele-identite-1-scaled-e1765294969109.jpg","width":2560,"height":1382},{"@type":"BreadcrumbList","@id":"https:\/\/www.institutfrancais-lituanie.com\/fr\/non-classifiee\/passerelle-fle-un-nouveau-programme-de-formation\/#breadcrumb","itemListElement":[{"@type":"ListItem","position":1,"name":"Home","item":"https:\/\/www.institutfrancais-lituanie.com\/fr\/"},{"@type":"ListItem","position":2,"name":"Passerelle FLE : un nouveau programme de formation"}]},{"@type":"WebSite","@id":"https:\/\/www.institutfrancais-lituanie.com\/fr\/#website","url":"https:\/\/www.institutfrancais-lituanie.com\/fr\/","name":"IF Lituanie","description":"Pranc\u016bz\u0173 kalbos kursai, kult\u016bra, mediateka...","publisher":{"@id":"https:\/\/www.institutfrancais-lituanie.com\/fr\/#organization"},"potentialAction":[{"@type":"SearchAction","target":{"@type":"EntryPoint","urlTemplate":"https:\/\/www.institutfrancais-lituanie.com\/fr\/?s={search_term_string}"},"query-input":"required name=search_term_string"}],"inLanguage":"fr-FR"},{"@type":"Organization","@id":"https:\/\/www.institutfrancais-lituanie.com\/fr\/#organization","name":"Pranc\u016bz\u0173 institutas","url":"https:\/\/www.institutfrancais-lituanie.com\/fr\/","logo":{"@type":"ImageObject","inLanguage":"fr-FR","@id":"https:\/\/www.institutfrancais-lituanie.com\/fr\/#\/schema\/logo\/image\/","url":"https:\/\/www.institutfrancais-lituanie.com\/wp-content\/uploads\/2023\/04\/IF_Logo-Lituanie-RVB.jpg","contentUrl":"https:\/\/www.institutfrancais-lituanie.com\/wp-content\/uploads\/2023\/04\/IF_Logo-Lituanie-RVB.jpg","width":827,"height":555,"caption":"Pranc\u016bz\u0173 institutas"},"image":{"@id":"https:\/\/www.institutfrancais-lituanie.com\/fr\/#\/schema\/logo\/image\/"},"sameAs":["https:\/\/www.facebook.com\/prancuzuinstitutas\/","https:\/\/www.instagram.com\/institut_francais_lituanie\/"]},{"@type":"Person","@id":"https:\/\/www.institutfrancais-lituanie.com\/fr\/#\/schema\/person\/32b95cf77fc2963ebd875802e2d04457","name":"Julija Petrosiute","image":{"@type":"ImageObject","inLanguage":"fr-FR","@id":"https:\/\/www.institutfrancais-lituanie.com\/fr\/#\/schema\/person\/image\/","url":"https:\/\/secure.gravatar.com\/avatar\/2210bf9289c3642e86c1bf97d9ad11dc?s=96&d=mm&r=g","contentUrl":"https:\/\/secure.gravatar.com\/avatar\/2210bf9289c3642e86c1bf97d9ad11dc?s=96&d=mm&r=g","caption":"Julija Petrosiute"},"url":"https:\/\/www.institutfrancais-lituanie.com\/fr\/author\/julija24\/"}]}},"_links":{"self":[{"href":"https:\/\/www.institutfrancais-lituanie.com\/fr\/wp-json\/wp\/v2\/posts\/17980"}],"collection":[{"href":"https:\/\/www.institutfrancais-lituanie.com\/fr\/wp-json\/wp\/v2\/posts"}],"about":[{"href":"https:\/\/www.institutfrancais-lituanie.com\/fr\/wp-json\/wp\/v2\/types\/post"}],"author":[{"embeddable":true,"href":"https:\/\/www.institutfrancais-lituanie.com\/fr\/wp-json\/wp\/v2\/users\/13"}],"replies":[{"embeddable":true,"href":"https:\/\/www.institutfrancais-lituanie.com\/fr\/wp-json\/wp\/v2\/comments?post=17980"}],"version-history":[{"count":1,"href":"https:\/\/www.institutfrancais-lituanie.com\/fr\/wp-json\/wp\/v2\/posts\/17980\/revisions"}],"predecessor-version":[{"id":17983,"href":"https:\/\/www.institutfrancais-lituanie.com\/fr\/wp-json\/wp\/v2\/posts\/17980\/revisions\/17983"}],"wp:featuredmedia":[{"embeddable":true,"href":"https:\/\/www.institutfrancais-lituanie.com\/fr\/wp-json\/wp\/v2\/media\/17981"}],"wp:attachment":[{"href":"https:\/\/www.institutfrancais-lituanie.com\/fr\/wp-json\/wp\/v2\/media?parent=17980"}],"wp:term":[{"taxonomy":"category","embeddable":true,"href":"https:\/\/www.institutfrancais-lituanie.com\/fr\/wp-json\/wp\/v2\/categories?post=17980"},{"taxonomy":"post_tag","embeddable":true,"href":"https:\/\/www.institutfrancais-lituanie.com\/fr\/wp-json\/wp\/v2\/tags?post=17980"}],"curies":[{"name":"wp","href":"https:\/\/api.w.org\/{rel}","templated":true}]}}