{"id":17665,"date":"2025-10-20T12:25:34","date_gmt":"2025-10-20T12:25:34","guid":{"rendered":"https:\/\/www.institutfrancais-lituanie.com\/?p=17665"},"modified":"2025-10-30T13:25:39","modified_gmt":"2025-10-30T13:25:39","slug":"salon-campus-france-pays-baltes-etape-lituanie","status":"publish","type":"post","link":"https:\/\/www.institutfrancais-lituanie.com\/fr\/non-classifiee\/salon-campus-france-pays-baltes-etape-lituanie\/","title":{"rendered":"Salon \u00ab Campus France Pays Baltes \u00bb"},"content":{"rendered":"<p><strong>Lundi 24 novembre 2025 | 13h00 \u2013 16h30 | Institut fran\u00e7ais de Vilnius<\/strong><\/p>\n<p>L\u2019Institut fran\u00e7ais de Lituanie a le plaisir d\u2019accueillir l\u2019\u00e9tape lituanienne de la tourn\u00e9e Campus France pour les pays baltes. Cet \u00e9v\u00e9nement s\u2019inscrit dans le cadre de la promotion de l\u2019enseignement sup\u00e9rieur fran\u00e7ais aupr\u00e8s des \u00e9tudiants en Lituanie et offre une opportunit\u00e9 unique de dialoguer directement avec des \u00e9tablissements d\u2019enseignement fran\u00e7ais.<\/p>\n<p>Une dizaine d\u2019universit\u00e9s et grandes \u00e9coles fran\u00e7aises seront pr\u00e9sentes :<\/p>\n<ul>\n<li>Avignon Universit\u00e9<\/li>\n<li>CentraleSup\u00e9lec \u2013 Universit\u00e9 Paris-Saclay<\/li>\n<li>Epitech<\/li>\n<li>IGR-IAE Rennes \u2013 \u00c9cole universitaire de management<\/li>\n<li>Institut Sup\u00e9rieur du Commerce de Paris (ISC)<\/li>\n<li>Nantes Universit\u00e9<\/li>\n<li>Paris School of Business<\/li>\n<li>Universit\u00e9 de Caen Normandie<\/li>\n<li>Universit\u00e9 d\u2019\u00c9vry Val d\u2019Essonne<\/li>\n<li>Universit\u00e9 Lyon 1 \u2013 IUT<\/li>\n<\/ul>\n<p>Les repr\u00e9sentants de ces \u00e9tablissements rencontreront les \u00e9tudiants et r\u00e9pondront \u00e0 leurs questions : formations propos\u00e9es, conditions d\u2019admission, vie \u00e9tudiante et perspectives en France.<\/p>\n<p>Outre les stands des \u00e9tablissements, deux animations sont propos\u00e9es dans le cadre du salon :<\/p>\n<ul>\n<li>Des <strong>ateliers de r\u00e9daction de CV<\/strong> destin\u00e9s \u00e0 accompagner les \u00e9tudiants dans leur d\u00e9marche de candidature.<\/li>\n<li>Une <strong>projection de courts-m\u00e9trages fran\u00e7ais<\/strong>, t\u00e9moignant de la richesse culturelle et cr\u00e9ative de la France, autour des m\u00e9tiers et des carri\u00e8res.<\/li>\n<\/ul>\n<p><strong>Infos pratiques<\/strong><\/p>\n<ul>\n<li><strong>Date :<\/strong> lundi 24 novembre 2025<\/li>\n<li><strong>Horaire :<\/strong> de 13h00 \u00e0 16h30<\/li>\n<li><strong>Lieu :<\/strong> Institut fran\u00e7ais de Lituanie, Did\u017eioji g. 1, Vilnius<\/li>\n<li><strong>Entr\u00e9e :<\/strong> libre et gratuite<\/li>\n<li>Lien inscription :<br \/>\n<a href=\"https:\/\/docs.google.com\/forms\/d\/e\/1FAIpQLSdGt-pmuSUDNHb3aQRhbEllsGGtZuSLJa87MVxAt_F_zJf5SQ\/viewform?usp=dialog\">https:\/\/docs.google.com\/forms\/d\/e\/1FAIpQLSdGt-pmuSUDNHb3aQRhbEllsGGtZuSLJa87MVxAt_F_zJf5SQ\/viewform?usp=dialog<\/a><\/p>\n<p>Nous invitons vivement les lyc\u00e9ens, \u00e9tudiants, ainsi que toute personne int\u00e9ress\u00e9e par des \u00e9tudes en France \u00e0 participer \u00e0 ce salon.<\/li>\n<\/ul>\n","protected":false},"excerpt":{"rendered":"<p>Lundi 24 novembre 2025 | 13h00 \u2013 16h30 | Institut fran\u00e7ais de Vilnius L\u2019Institut fran\u00e7ais&hellip;<\/p>\n","protected":false},"author":13,"featured_media":17662,"comment_status":"closed","ping_status":"open","sticky":false,"template":"","format":"standard","meta":{"footnotes":""},"categories":[43],"tags":[],"class_list":["post-17665","post","type-post","status-publish","format-standard","has-post-thumbnail","hentry","category-non-classifiee"],"yoast_head":"<!-- This site is optimized with the Yoast SEO plugin v23.2 - https:\/\/yoast.com\/wordpress\/plugins\/seo\/ -->\n<title>Salon \u00ab Campus France Pays Baltes \u00bb - IF Lituanie<\/title>\n<meta name=\"robots\" content=\"index, follow, max-snippet:-1, max-image-preview:large, max-video-preview:-1\" \/>\n<link rel=\"canonical\" href=\"https:\/\/www.institutfrancais-lituanie.com\/fr\/non-classifiee\/salon-campus-france-pays-baltes-etape-lituanie\/\" \/>\n<meta property=\"og:locale\" content=\"fr_FR\" \/>\n<meta property=\"og:type\" content=\"article\" \/>\n<meta property=\"og:title\" content=\"Salon \u00ab Campus France Pays Baltes \u00bb - IF Lituanie\" \/>\n<meta property=\"og:description\" content=\"Lundi 24 novembre 2025 | 13h00 \u2013 16h30 | Institut fran\u00e7ais de Vilnius L\u2019Institut fran\u00e7ais&hellip;\" \/>\n<meta property=\"og:url\" content=\"https:\/\/www.institutfrancais-lituanie.com\/fr\/non-classifiee\/salon-campus-france-pays-baltes-etape-lituanie\/\" \/>\n<meta property=\"og:site_name\" content=\"IF Lituanie\" \/>\n<meta property=\"article:publisher\" content=\"https:\/\/www.facebook.com\/prancuzuinstitutas\/\" \/>\n<meta property=\"article:published_time\" content=\"2025-10-20T12:25:34+00:00\" \/>\n<meta property=\"article:modified_time\" content=\"2025-10-30T13:25:39+00:00\" \/>\n<meta property=\"og:image\" content=\"https:\/\/www.institutfrancais-lituanie.com\/wp-content\/uploads\/2025\/10\/Tournee_Pays_Baltes_2025_0-1.jpg\" \/>\n\t<meta property=\"og:image:width\" content=\"1106\" \/>\n\t<meta property=\"og:image:height\" content=\"599\" \/>\n\t<meta property=\"og:image:type\" content=\"image\/jpeg\" \/>\n<meta name=\"author\" content=\"Julija Petrosiute\" \/>\n<meta name=\"twitter:card\" content=\"summary_large_image\" \/>\n<meta name=\"twitter:label1\" content=\"Written by\" \/>\n\t<meta name=\"twitter:data1\" content=\"Julija Petrosiute\" \/>\n\t<meta name=\"twitter:label2\" content=\"Est. reading time\" \/>\n\t<meta name=\"twitter:data2\" content=\"2 minutes\" \/>\n<script type=\"application\/ld+json\" class=\"yoast-schema-graph\">{\"@context\":\"https:\/\/schema.org\",\"@graph\":[{\"@type\":\"Article\",\"@id\":\"https:\/\/www.institutfrancais-lituanie.com\/fr\/non-classifiee\/salon-campus-france-pays-baltes-etape-lituanie\/#article\",\"isPartOf\":{\"@id\":\"https:\/\/www.institutfrancais-lituanie.com\/fr\/non-classifiee\/salon-campus-france-pays-baltes-etape-lituanie\/\"},\"author\":{\"name\":\"Julija Petrosiute\",\"@id\":\"https:\/\/www.institutfrancais-lituanie.com\/fr\/#\/schema\/person\/32b95cf77fc2963ebd875802e2d04457\"},\"headline\":\"Salon \u00ab Campus France Pays Baltes \u00bb\",\"datePublished\":\"2025-10-20T12:25:34+00:00\",\"dateModified\":\"2025-10-30T13:25:39+00:00\",\"mainEntityOfPage\":{\"@id\":\"https:\/\/www.institutfrancais-lituanie.com\/fr\/non-classifiee\/salon-campus-france-pays-baltes-etape-lituanie\/\"},\"wordCount\":280,\"publisher\":{\"@id\":\"https:\/\/www.institutfrancais-lituanie.com\/fr\/#organization\"},\"image\":{\"@id\":\"https:\/\/www.institutfrancais-lituanie.com\/fr\/non-classifiee\/salon-campus-france-pays-baltes-etape-lituanie\/#primaryimage\"},\"thumbnailUrl\":\"https:\/\/www.institutfrancais-lituanie.com\/wp-content\/uploads\/2025\/10\/Tournee_Pays_Baltes_2025_0-1.jpg\",\"articleSection\":[\"Non classifi\u00e9(e)\"],\"inLanguage\":\"fr-FR\"},{\"@type\":\"WebPage\",\"@id\":\"https:\/\/www.institutfrancais-lituanie.com\/fr\/non-classifiee\/salon-campus-france-pays-baltes-etape-lituanie\/\",\"url\":\"https:\/\/www.institutfrancais-lituanie.com\/fr\/non-classifiee\/salon-campus-france-pays-baltes-etape-lituanie\/\",\"name\":\"Salon \u00ab Campus France Pays Baltes \u00bb - IF Lituanie\",\"isPartOf\":{\"@id\":\"https:\/\/www.institutfrancais-lituanie.com\/fr\/#website\"},\"primaryImageOfPage\":{\"@id\":\"https:\/\/www.institutfrancais-lituanie.com\/fr\/non-classifiee\/salon-campus-france-pays-baltes-etape-lituanie\/#primaryimage\"},\"image\":{\"@id\":\"https:\/\/www.institutfrancais-lituanie.com\/fr\/non-classifiee\/salon-campus-france-pays-baltes-etape-lituanie\/#primaryimage\"},\"thumbnailUrl\":\"https:\/\/www.institutfrancais-lituanie.com\/wp-content\/uploads\/2025\/10\/Tournee_Pays_Baltes_2025_0-1.jpg\",\"datePublished\":\"2025-10-20T12:25:34+00:00\",\"dateModified\":\"2025-10-30T13:25:39+00:00\",\"breadcrumb\":{\"@id\":\"https:\/\/www.institutfrancais-lituanie.com\/fr\/non-classifiee\/salon-campus-france-pays-baltes-etape-lituanie\/#breadcrumb\"},\"inLanguage\":\"fr-FR\",\"potentialAction\":[{\"@type\":\"ReadAction\",\"target\":[\"https:\/\/www.institutfrancais-lituanie.com\/fr\/non-classifiee\/salon-campus-france-pays-baltes-etape-lituanie\/\"]}]},{\"@type\":\"ImageObject\",\"inLanguage\":\"fr-FR\",\"@id\":\"https:\/\/www.institutfrancais-lituanie.com\/fr\/non-classifiee\/salon-campus-france-pays-baltes-etape-lituanie\/#primaryimage\",\"url\":\"https:\/\/www.institutfrancais-lituanie.com\/wp-content\/uploads\/2025\/10\/Tournee_Pays_Baltes_2025_0-1.jpg\",\"contentUrl\":\"https:\/\/www.institutfrancais-lituanie.com\/wp-content\/uploads\/2025\/10\/Tournee_Pays_Baltes_2025_0-1.jpg\",\"width\":1106,\"height\":599},{\"@type\":\"BreadcrumbList\",\"@id\":\"https:\/\/www.institutfrancais-lituanie.com\/fr\/non-classifiee\/salon-campus-france-pays-baltes-etape-lituanie\/#breadcrumb\",\"itemListElement\":[{\"@type\":\"ListItem\",\"position\":1,\"name\":\"Home\",\"item\":\"https:\/\/www.institutfrancais-lituanie.com\/fr\/\"},{\"@type\":\"ListItem\",\"position\":2,\"name\":\"Salon \u00ab Campus France Pays Baltes \u00bb\"}]},{\"@type\":\"WebSite\",\"@id\":\"https:\/\/www.institutfrancais-lituanie.com\/fr\/#website\",\"url\":\"https:\/\/www.institutfrancais-lituanie.com\/fr\/\",\"name\":\"IF Lituanie\",\"description\":\"Pranc\u016bz\u0173 kalbos kursai, kult\u016bra, mediateka...\",\"publisher\":{\"@id\":\"https:\/\/www.institutfrancais-lituanie.com\/fr\/#organization\"},\"potentialAction\":[{\"@type\":\"SearchAction\",\"target\":{\"@type\":\"EntryPoint\",\"urlTemplate\":\"https:\/\/www.institutfrancais-lituanie.com\/fr\/?s={search_term_string}\"},\"query-input\":\"required name=search_term_string\"}],\"inLanguage\":\"fr-FR\"},{\"@type\":\"Organization\",\"@id\":\"https:\/\/www.institutfrancais-lituanie.com\/fr\/#organization\",\"name\":\"Pranc\u016bz\u0173 institutas\",\"url\":\"https:\/\/www.institutfrancais-lituanie.com\/fr\/\",\"logo\":{\"@type\":\"ImageObject\",\"inLanguage\":\"fr-FR\",\"@id\":\"https:\/\/www.institutfrancais-lituanie.com\/fr\/#\/schema\/logo\/image\/\",\"url\":\"https:\/\/www.institutfrancais-lituanie.com\/wp-content\/uploads\/2023\/04\/IF_Logo-Lituanie-RVB.jpg\",\"contentUrl\":\"https:\/\/www.institutfrancais-lituanie.com\/wp-content\/uploads\/2023\/04\/IF_Logo-Lituanie-RVB.jpg\",\"width\":827,\"height\":555,\"caption\":\"Pranc\u016bz\u0173 institutas\"},\"image\":{\"@id\":\"https:\/\/www.institutfrancais-lituanie.com\/fr\/#\/schema\/logo\/image\/\"},\"sameAs\":[\"https:\/\/www.facebook.com\/prancuzuinstitutas\/\",\"https:\/\/www.instagram.com\/institut_francais_lituanie\/\"]},{\"@type\":\"Person\",\"@id\":\"https:\/\/www.institutfrancais-lituanie.com\/fr\/#\/schema\/person\/32b95cf77fc2963ebd875802e2d04457\",\"name\":\"Julija Petrosiute\",\"image\":{\"@type\":\"ImageObject\",\"inLanguage\":\"fr-FR\",\"@id\":\"https:\/\/www.institutfrancais-lituanie.com\/fr\/#\/schema\/person\/image\/\",\"url\":\"https:\/\/secure.gravatar.com\/avatar\/2210bf9289c3642e86c1bf97d9ad11dc?s=96&d=mm&r=g\",\"contentUrl\":\"https:\/\/secure.gravatar.com\/avatar\/2210bf9289c3642e86c1bf97d9ad11dc?s=96&d=mm&r=g\",\"caption\":\"Julija Petrosiute\"},\"url\":\"https:\/\/www.institutfrancais-lituanie.com\/fr\/author\/julija24\/\"}]}<\/script>\n<!-- \/ Yoast SEO plugin. -->","yoast_head_json":{"title":"Salon \u00ab Campus France Pays Baltes \u00bb - IF Lituanie","robots":{"index":"index","follow":"follow","max-snippet":"max-snippet:-1","max-image-preview":"max-image-preview:large","max-video-preview":"max-video-preview:-1"},"canonical":"https:\/\/www.institutfrancais-lituanie.com\/fr\/non-classifiee\/salon-campus-france-pays-baltes-etape-lituanie\/","og_locale":"fr_FR","og_type":"article","og_title":"Salon \u00ab Campus France Pays Baltes \u00bb - IF Lituanie","og_description":"Lundi 24 novembre 2025 | 13h00 \u2013 16h30 | Institut fran\u00e7ais de Vilnius L\u2019Institut fran\u00e7ais&hellip;","og_url":"https:\/\/www.institutfrancais-lituanie.com\/fr\/non-classifiee\/salon-campus-france-pays-baltes-etape-lituanie\/","og_site_name":"IF Lituanie","article_publisher":"https:\/\/www.facebook.com\/prancuzuinstitutas\/","article_published_time":"2025-10-20T12:25:34+00:00","article_modified_time":"2025-10-30T13:25:39+00:00","og_image":[{"width":1106,"height":599,"url":"https:\/\/www.institutfrancais-lituanie.com\/wp-content\/uploads\/2025\/10\/Tournee_Pays_Baltes_2025_0-1.jpg","type":"image\/jpeg"}],"author":"Julija Petrosiute","twitter_card":"summary_large_image","twitter_misc":{"Written by":"Julija Petrosiute","Est. reading time":"2 minutes"},"schema":{"@context":"https:\/\/schema.org","@graph":[{"@type":"Article","@id":"https:\/\/www.institutfrancais-lituanie.com\/fr\/non-classifiee\/salon-campus-france-pays-baltes-etape-lituanie\/#article","isPartOf":{"@id":"https:\/\/www.institutfrancais-lituanie.com\/fr\/non-classifiee\/salon-campus-france-pays-baltes-etape-lituanie\/"},"author":{"name":"Julija Petrosiute","@id":"https:\/\/www.institutfrancais-lituanie.com\/fr\/#\/schema\/person\/32b95cf77fc2963ebd875802e2d04457"},"headline":"Salon \u00ab Campus France Pays Baltes \u00bb","datePublished":"2025-10-20T12:25:34+00:00","dateModified":"2025-10-30T13:25:39+00:00","mainEntityOfPage":{"@id":"https:\/\/www.institutfrancais-lituanie.com\/fr\/non-classifiee\/salon-campus-france-pays-baltes-etape-lituanie\/"},"wordCount":280,"publisher":{"@id":"https:\/\/www.institutfrancais-lituanie.com\/fr\/#organization"},"image":{"@id":"https:\/\/www.institutfrancais-lituanie.com\/fr\/non-classifiee\/salon-campus-france-pays-baltes-etape-lituanie\/#primaryimage"},"thumbnailUrl":"https:\/\/www.institutfrancais-lituanie.com\/wp-content\/uploads\/2025\/10\/Tournee_Pays_Baltes_2025_0-1.jpg","articleSection":["Non classifi\u00e9(e)"],"inLanguage":"fr-FR"},{"@type":"WebPage","@id":"https:\/\/www.institutfrancais-lituanie.com\/fr\/non-classifiee\/salon-campus-france-pays-baltes-etape-lituanie\/","url":"https:\/\/www.institutfrancais-lituanie.com\/fr\/non-classifiee\/salon-campus-france-pays-baltes-etape-lituanie\/","name":"Salon \u00ab Campus France Pays Baltes \u00bb - IF Lituanie","isPartOf":{"@id":"https:\/\/www.institutfrancais-lituanie.com\/fr\/#website"},"primaryImageOfPage":{"@id":"https:\/\/www.institutfrancais-lituanie.com\/fr\/non-classifiee\/salon-campus-france-pays-baltes-etape-lituanie\/#primaryimage"},"image":{"@id":"https:\/\/www.institutfrancais-lituanie.com\/fr\/non-classifiee\/salon-campus-france-pays-baltes-etape-lituanie\/#primaryimage"},"thumbnailUrl":"https:\/\/www.institutfrancais-lituanie.com\/wp-content\/uploads\/2025\/10\/Tournee_Pays_Baltes_2025_0-1.jpg","datePublished":"2025-10-20T12:25:34+00:00","dateModified":"2025-10-30T13:25:39+00:00","breadcrumb":{"@id":"https:\/\/www.institutfrancais-lituanie.com\/fr\/non-classifiee\/salon-campus-france-pays-baltes-etape-lituanie\/#breadcrumb"},"inLanguage":"fr-FR","potentialAction":[{"@type":"ReadAction","target":["https:\/\/www.institutfrancais-lituanie.com\/fr\/non-classifiee\/salon-campus-france-pays-baltes-etape-lituanie\/"]}]},{"@type":"ImageObject","inLanguage":"fr-FR","@id":"https:\/\/www.institutfrancais-lituanie.com\/fr\/non-classifiee\/salon-campus-france-pays-baltes-etape-lituanie\/#primaryimage","url":"https:\/\/www.institutfrancais-lituanie.com\/wp-content\/uploads\/2025\/10\/Tournee_Pays_Baltes_2025_0-1.jpg","contentUrl":"https:\/\/www.institutfrancais-lituanie.com\/wp-content\/uploads\/2025\/10\/Tournee_Pays_Baltes_2025_0-1.jpg","width":1106,"height":599},{"@type":"BreadcrumbList","@id":"https:\/\/www.institutfrancais-lituanie.com\/fr\/non-classifiee\/salon-campus-france-pays-baltes-etape-lituanie\/#breadcrumb","itemListElement":[{"@type":"ListItem","position":1,"name":"Home","item":"https:\/\/www.institutfrancais-lituanie.com\/fr\/"},{"@type":"ListItem","position":2,"name":"Salon \u00ab Campus France Pays Baltes \u00bb"}]},{"@type":"WebSite","@id":"https:\/\/www.institutfrancais-lituanie.com\/fr\/#website","url":"https:\/\/www.institutfrancais-lituanie.com\/fr\/","name":"IF Lituanie","description":"Pranc\u016bz\u0173 kalbos kursai, kult\u016bra, mediateka...","publisher":{"@id":"https:\/\/www.institutfrancais-lituanie.com\/fr\/#organization"},"potentialAction":[{"@type":"SearchAction","target":{"@type":"EntryPoint","urlTemplate":"https:\/\/www.institutfrancais-lituanie.com\/fr\/?s={search_term_string}"},"query-input":"required name=search_term_string"}],"inLanguage":"fr-FR"},{"@type":"Organization","@id":"https:\/\/www.institutfrancais-lituanie.com\/fr\/#organization","name":"Pranc\u016bz\u0173 institutas","url":"https:\/\/www.institutfrancais-lituanie.com\/fr\/","logo":{"@type":"ImageObject","inLanguage":"fr-FR","@id":"https:\/\/www.institutfrancais-lituanie.com\/fr\/#\/schema\/logo\/image\/","url":"https:\/\/www.institutfrancais-lituanie.com\/wp-content\/uploads\/2023\/04\/IF_Logo-Lituanie-RVB.jpg","contentUrl":"https:\/\/www.institutfrancais-lituanie.com\/wp-content\/uploads\/2023\/04\/IF_Logo-Lituanie-RVB.jpg","width":827,"height":555,"caption":"Pranc\u016bz\u0173 institutas"},"image":{"@id":"https:\/\/www.institutfrancais-lituanie.com\/fr\/#\/schema\/logo\/image\/"},"sameAs":["https:\/\/www.facebook.com\/prancuzuinstitutas\/","https:\/\/www.instagram.com\/institut_francais_lituanie\/"]},{"@type":"Person","@id":"https:\/\/www.institutfrancais-lituanie.com\/fr\/#\/schema\/person\/32b95cf77fc2963ebd875802e2d04457","name":"Julija Petrosiute","image":{"@type":"ImageObject","inLanguage":"fr-FR","@id":"https:\/\/www.institutfrancais-lituanie.com\/fr\/#\/schema\/person\/image\/","url":"https:\/\/secure.gravatar.com\/avatar\/2210bf9289c3642e86c1bf97d9ad11dc?s=96&d=mm&r=g","contentUrl":"https:\/\/secure.gravatar.com\/avatar\/2210bf9289c3642e86c1bf97d9ad11dc?s=96&d=mm&r=g","caption":"Julija Petrosiute"},"url":"https:\/\/www.institutfrancais-lituanie.com\/fr\/author\/julija24\/"}]}},"_links":{"self":[{"href":"https:\/\/www.institutfrancais-lituanie.com\/fr\/wp-json\/wp\/v2\/posts\/17665"}],"collection":[{"href":"https:\/\/www.institutfrancais-lituanie.com\/fr\/wp-json\/wp\/v2\/posts"}],"about":[{"href":"https:\/\/www.institutfrancais-lituanie.com\/fr\/wp-json\/wp\/v2\/types\/post"}],"author":[{"embeddable":true,"href":"https:\/\/www.institutfrancais-lituanie.com\/fr\/wp-json\/wp\/v2\/users\/13"}],"replies":[{"embeddable":true,"href":"https:\/\/www.institutfrancais-lituanie.com\/fr\/wp-json\/wp\/v2\/comments?post=17665"}],"version-history":[{"count":4,"href":"https:\/\/www.institutfrancais-lituanie.com\/fr\/wp-json\/wp\/v2\/posts\/17665\/revisions"}],"predecessor-version":[{"id":17807,"href":"https:\/\/www.institutfrancais-lituanie.com\/fr\/wp-json\/wp\/v2\/posts\/17665\/revisions\/17807"}],"wp:featuredmedia":[{"embeddable":true,"href":"https:\/\/www.institutfrancais-lituanie.com\/fr\/wp-json\/wp\/v2\/media\/17662"}],"wp:attachment":[{"href":"https:\/\/www.institutfrancais-lituanie.com\/fr\/wp-json\/wp\/v2\/media?parent=17665"}],"wp:term":[{"taxonomy":"category","embeddable":true,"href":"https:\/\/www.institutfrancais-lituanie.com\/fr\/wp-json\/wp\/v2\/categories?post=17665"},{"taxonomy":"post_tag","embeddable":true,"href":"https:\/\/www.institutfrancais-lituanie.com\/fr\/wp-json\/wp\/v2\/tags?post=17665"}],"curies":[{"name":"wp","href":"https:\/\/api.w.org\/{rel}","templated":true}]}}