{"id":17563,"date":"2025-10-01T09:12:50","date_gmt":"2025-10-01T09:12:50","guid":{"rendered":"https:\/\/www.institutfrancais-lituanie.com\/?p=17563"},"modified":"2025-10-01T09:14:38","modified_gmt":"2025-10-01T09:14:38","slug":"le-corps-dans-le-tissu-des-histoires-qui-se-touchent","status":"publish","type":"post","link":"https:\/\/www.institutfrancais-lituanie.com\/fr\/en-cours\/mode\/le-corps-dans-le-tissu-des-histoires-qui-se-touchent\/","title":{"rendered":"Le corps dans le tissu : des histoires qui se touchent"},"content":{"rendered":"<p>Le jeudi 23 octobre, \u00e0 18h, nous avons le plaisir de vous convier \u00e0 la conf\u00e9rence intitul\u00e9e \u00ab Le corps dans le tissu : des histoires qui se touchent \u00bb qui sera donn\u00e9e par Doc. Dr. Vita Valiukien\u0117, professeure \u00e0 l&#8217;Universit\u00e9 de Vilnius. En examinant la relation entre le v\u00eatement et le corps, Vita Valiukien\u0117 cherchera \u00e0 r\u00e9v\u00e9ler comment la mode fa\u00e7onne, discipline ou m\u00eame lib\u00e8re le corps, et comment le textile peut devenir une expression silencieuse de r\u00e9sistance, d&#8217;adaptation ou d&#8217;identit\u00e9.<\/p>\n<p>Cette conf\u00e9rence est une invitation \u00e0 consid\u00e9rer le v\u00eatement non seulement comme un objet pratique ou esth\u00e9tique, mais aussi comme un texte culturel o\u00f9 s&#8217;entrem\u00ealent histoire, id\u00e9ologie, identit\u00e9 et structures de pouvoir social. Dans cette conf\u00e9rence, le v\u00eatement sera examin\u00e9 comme une forme de repr\u00e9sentation du corps et comme un discours visuel et mat\u00e9riel qui traduit un moment historique, des normes de genre ou une situation sociale.<\/p>\n<p>\u00c0 l&#8217;aide de quelques v\u00eatements embl\u00e9matiques : chemise ray\u00e9e de marin, b\u00e9ret, gilet, etc. Vita Valiukien\u0117 cherchera \u00e0 montrer comment ces objets textiles incarnent l&#8217;identit\u00e9 fran\u00e7aise, les processus d&#8217;\u00e9mancipation des femmes et les signes de classe sociale. L&#8217;analyse sera compl\u00e9t\u00e9e par des aspects historiques, rappelant la symbolique des couleurs des v\u00eatements du Moyen \u00c2ge \u00e0 nos jours.<\/p>\n<p><em>La conf\u00e9rence aura lieu \u00e0 la biblioth\u00e8que de l&#8217;Institut fran\u00e7ais de Lituanie. <\/em><em>En lituanien, entr\u00e9e libre.<\/em><\/p>\n","protected":false},"excerpt":{"rendered":"<p>Le jeudi 23 octobre, \u00e0 18h, nous avons le plaisir de vous convier \u00e0 la&hellip;<\/p>\n","protected":false},"author":13,"featured_media":17564,"comment_status":"closed","ping_status":"open","sticky":false,"template":"","format":"standard","meta":{"footnotes":""},"categories":[57,77],"tags":[],"class_list":["post-17563","post","type-post","status-publish","format-standard","has-post-thumbnail","hentry","category-en-cours","category-mode"],"yoast_head":"<!-- This site is optimized with the Yoast SEO plugin v23.2 - https:\/\/yoast.com\/wordpress\/plugins\/seo\/ -->\n<title>Le corps dans le tissu : des histoires qui se touchent - IF Lituanie<\/title>\n<meta name=\"robots\" content=\"index, follow, max-snippet:-1, max-image-preview:large, max-video-preview:-1\" \/>\n<link rel=\"canonical\" href=\"https:\/\/www.institutfrancais-lituanie.com\/fr\/en-cours\/mode\/le-corps-dans-le-tissu-des-histoires-qui-se-touchent\/\" \/>\n<meta property=\"og:locale\" content=\"fr_FR\" \/>\n<meta property=\"og:type\" content=\"article\" \/>\n<meta property=\"og:title\" content=\"Le corps dans le tissu : des histoires qui se touchent - IF Lituanie\" \/>\n<meta property=\"og:description\" content=\"Le jeudi 23 octobre, \u00e0 18h, nous avons le plaisir de vous convier \u00e0 la&hellip;\" \/>\n<meta property=\"og:url\" content=\"https:\/\/www.institutfrancais-lituanie.com\/fr\/en-cours\/mode\/le-corps-dans-le-tissu-des-histoires-qui-se-touchent\/\" \/>\n<meta property=\"og:site_name\" content=\"IF Lituanie\" \/>\n<meta property=\"article:publisher\" content=\"https:\/\/www.facebook.com\/prancuzuinstitutas\/\" \/>\n<meta property=\"article:published_time\" content=\"2025-10-01T09:12:50+00:00\" \/>\n<meta property=\"article:modified_time\" content=\"2025-10-01T09:14:38+00:00\" \/>\n<meta property=\"og:image\" content=\"https:\/\/www.institutfrancais-lituanie.com\/wp-content\/uploads\/2025\/10\/textille-e1759309862724.jpg\" \/>\n\t<meta property=\"og:image:width\" content=\"640\" \/>\n\t<meta property=\"og:image:height\" content=\"365\" \/>\n\t<meta property=\"og:image:type\" content=\"image\/jpeg\" \/>\n<meta name=\"author\" content=\"Julija Petrosiute\" \/>\n<meta name=\"twitter:card\" content=\"summary_large_image\" \/>\n<meta name=\"twitter:label1\" content=\"Written by\" \/>\n\t<meta name=\"twitter:data1\" content=\"Julija Petrosiute\" \/>\n\t<meta name=\"twitter:label2\" content=\"Est. reading time\" \/>\n\t<meta name=\"twitter:data2\" content=\"2 minutes\" \/>\n<script type=\"application\/ld+json\" class=\"yoast-schema-graph\">{\"@context\":\"https:\/\/schema.org\",\"@graph\":[{\"@type\":\"Article\",\"@id\":\"https:\/\/www.institutfrancais-lituanie.com\/fr\/en-cours\/mode\/le-corps-dans-le-tissu-des-histoires-qui-se-touchent\/#article\",\"isPartOf\":{\"@id\":\"https:\/\/www.institutfrancais-lituanie.com\/fr\/en-cours\/mode\/le-corps-dans-le-tissu-des-histoires-qui-se-touchent\/\"},\"author\":{\"name\":\"Julija Petrosiute\",\"@id\":\"https:\/\/www.institutfrancais-lituanie.com\/fr\/#\/schema\/person\/32b95cf77fc2963ebd875802e2d04457\"},\"headline\":\"Le corps dans le tissu : des histoires qui se touchent\",\"datePublished\":\"2025-10-01T09:12:50+00:00\",\"dateModified\":\"2025-10-01T09:14:38+00:00\",\"mainEntityOfPage\":{\"@id\":\"https:\/\/www.institutfrancais-lituanie.com\/fr\/en-cours\/mode\/le-corps-dans-le-tissu-des-histoires-qui-se-touchent\/\"},\"wordCount\":251,\"publisher\":{\"@id\":\"https:\/\/www.institutfrancais-lituanie.com\/fr\/#organization\"},\"image\":{\"@id\":\"https:\/\/www.institutfrancais-lituanie.com\/fr\/en-cours\/mode\/le-corps-dans-le-tissu-des-histoires-qui-se-touchent\/#primaryimage\"},\"thumbnailUrl\":\"https:\/\/www.institutfrancais-lituanie.com\/wp-content\/uploads\/2025\/10\/textille-e1759309862724.jpg\",\"articleSection\":[\"Ev\u00e9nements\",\"Mode\"],\"inLanguage\":\"fr-FR\"},{\"@type\":\"WebPage\",\"@id\":\"https:\/\/www.institutfrancais-lituanie.com\/fr\/en-cours\/mode\/le-corps-dans-le-tissu-des-histoires-qui-se-touchent\/\",\"url\":\"https:\/\/www.institutfrancais-lituanie.com\/fr\/en-cours\/mode\/le-corps-dans-le-tissu-des-histoires-qui-se-touchent\/\",\"name\":\"Le corps dans le tissu : des histoires qui se touchent - IF Lituanie\",\"isPartOf\":{\"@id\":\"https:\/\/www.institutfrancais-lituanie.com\/fr\/#website\"},\"primaryImageOfPage\":{\"@id\":\"https:\/\/www.institutfrancais-lituanie.com\/fr\/en-cours\/mode\/le-corps-dans-le-tissu-des-histoires-qui-se-touchent\/#primaryimage\"},\"image\":{\"@id\":\"https:\/\/www.institutfrancais-lituanie.com\/fr\/en-cours\/mode\/le-corps-dans-le-tissu-des-histoires-qui-se-touchent\/#primaryimage\"},\"thumbnailUrl\":\"https:\/\/www.institutfrancais-lituanie.com\/wp-content\/uploads\/2025\/10\/textille-e1759309862724.jpg\",\"datePublished\":\"2025-10-01T09:12:50+00:00\",\"dateModified\":\"2025-10-01T09:14:38+00:00\",\"breadcrumb\":{\"@id\":\"https:\/\/www.institutfrancais-lituanie.com\/fr\/en-cours\/mode\/le-corps-dans-le-tissu-des-histoires-qui-se-touchent\/#breadcrumb\"},\"inLanguage\":\"fr-FR\",\"potentialAction\":[{\"@type\":\"ReadAction\",\"target\":[\"https:\/\/www.institutfrancais-lituanie.com\/fr\/en-cours\/mode\/le-corps-dans-le-tissu-des-histoires-qui-se-touchent\/\"]}]},{\"@type\":\"ImageObject\",\"inLanguage\":\"fr-FR\",\"@id\":\"https:\/\/www.institutfrancais-lituanie.com\/fr\/en-cours\/mode\/le-corps-dans-le-tissu-des-histoires-qui-se-touchent\/#primaryimage\",\"url\":\"https:\/\/www.institutfrancais-lituanie.com\/wp-content\/uploads\/2025\/10\/textille-e1759309862724.jpg\",\"contentUrl\":\"https:\/\/www.institutfrancais-lituanie.com\/wp-content\/uploads\/2025\/10\/textille-e1759309862724.jpg\",\"width\":640,\"height\":365},{\"@type\":\"BreadcrumbList\",\"@id\":\"https:\/\/www.institutfrancais-lituanie.com\/fr\/en-cours\/mode\/le-corps-dans-le-tissu-des-histoires-qui-se-touchent\/#breadcrumb\",\"itemListElement\":[{\"@type\":\"ListItem\",\"position\":1,\"name\":\"Home\",\"item\":\"https:\/\/www.institutfrancais-lituanie.com\/fr\/\"},{\"@type\":\"ListItem\",\"position\":2,\"name\":\"Le corps dans le tissu : des histoires qui se touchent\"}]},{\"@type\":\"WebSite\",\"@id\":\"https:\/\/www.institutfrancais-lituanie.com\/fr\/#website\",\"url\":\"https:\/\/www.institutfrancais-lituanie.com\/fr\/\",\"name\":\"IF Lituanie\",\"description\":\"Pranc\u016bz\u0173 kalbos kursai, kult\u016bra, mediateka...\",\"publisher\":{\"@id\":\"https:\/\/www.institutfrancais-lituanie.com\/fr\/#organization\"},\"potentialAction\":[{\"@type\":\"SearchAction\",\"target\":{\"@type\":\"EntryPoint\",\"urlTemplate\":\"https:\/\/www.institutfrancais-lituanie.com\/fr\/?s={search_term_string}\"},\"query-input\":\"required name=search_term_string\"}],\"inLanguage\":\"fr-FR\"},{\"@type\":\"Organization\",\"@id\":\"https:\/\/www.institutfrancais-lituanie.com\/fr\/#organization\",\"name\":\"Pranc\u016bz\u0173 institutas\",\"url\":\"https:\/\/www.institutfrancais-lituanie.com\/fr\/\",\"logo\":{\"@type\":\"ImageObject\",\"inLanguage\":\"fr-FR\",\"@id\":\"https:\/\/www.institutfrancais-lituanie.com\/fr\/#\/schema\/logo\/image\/\",\"url\":\"https:\/\/www.institutfrancais-lituanie.com\/wp-content\/uploads\/2023\/04\/IF_Logo-Lituanie-RVB.jpg\",\"contentUrl\":\"https:\/\/www.institutfrancais-lituanie.com\/wp-content\/uploads\/2023\/04\/IF_Logo-Lituanie-RVB.jpg\",\"width\":827,\"height\":555,\"caption\":\"Pranc\u016bz\u0173 institutas\"},\"image\":{\"@id\":\"https:\/\/www.institutfrancais-lituanie.com\/fr\/#\/schema\/logo\/image\/\"},\"sameAs\":[\"https:\/\/www.facebook.com\/prancuzuinstitutas\/\",\"https:\/\/www.instagram.com\/institut_francais_lituanie\/\"]},{\"@type\":\"Person\",\"@id\":\"https:\/\/www.institutfrancais-lituanie.com\/fr\/#\/schema\/person\/32b95cf77fc2963ebd875802e2d04457\",\"name\":\"Julija Petrosiute\",\"image\":{\"@type\":\"ImageObject\",\"inLanguage\":\"fr-FR\",\"@id\":\"https:\/\/www.institutfrancais-lituanie.com\/fr\/#\/schema\/person\/image\/\",\"url\":\"https:\/\/secure.gravatar.com\/avatar\/2210bf9289c3642e86c1bf97d9ad11dc?s=96&d=mm&r=g\",\"contentUrl\":\"https:\/\/secure.gravatar.com\/avatar\/2210bf9289c3642e86c1bf97d9ad11dc?s=96&d=mm&r=g\",\"caption\":\"Julija Petrosiute\"},\"url\":\"https:\/\/www.institutfrancais-lituanie.com\/fr\/author\/julija24\/\"}]}<\/script>\n<!-- \/ Yoast SEO plugin. -->","yoast_head_json":{"title":"Le corps dans le tissu : des histoires qui se touchent - IF Lituanie","robots":{"index":"index","follow":"follow","max-snippet":"max-snippet:-1","max-image-preview":"max-image-preview:large","max-video-preview":"max-video-preview:-1"},"canonical":"https:\/\/www.institutfrancais-lituanie.com\/fr\/en-cours\/mode\/le-corps-dans-le-tissu-des-histoires-qui-se-touchent\/","og_locale":"fr_FR","og_type":"article","og_title":"Le corps dans le tissu : des histoires qui se touchent - IF Lituanie","og_description":"Le jeudi 23 octobre, \u00e0 18h, nous avons le plaisir de vous convier \u00e0 la&hellip;","og_url":"https:\/\/www.institutfrancais-lituanie.com\/fr\/en-cours\/mode\/le-corps-dans-le-tissu-des-histoires-qui-se-touchent\/","og_site_name":"IF Lituanie","article_publisher":"https:\/\/www.facebook.com\/prancuzuinstitutas\/","article_published_time":"2025-10-01T09:12:50+00:00","article_modified_time":"2025-10-01T09:14:38+00:00","og_image":[{"width":640,"height":365,"url":"https:\/\/www.institutfrancais-lituanie.com\/wp-content\/uploads\/2025\/10\/textille-e1759309862724.jpg","type":"image\/jpeg"}],"author":"Julija Petrosiute","twitter_card":"summary_large_image","twitter_misc":{"Written by":"Julija Petrosiute","Est. reading time":"2 minutes"},"schema":{"@context":"https:\/\/schema.org","@graph":[{"@type":"Article","@id":"https:\/\/www.institutfrancais-lituanie.com\/fr\/en-cours\/mode\/le-corps-dans-le-tissu-des-histoires-qui-se-touchent\/#article","isPartOf":{"@id":"https:\/\/www.institutfrancais-lituanie.com\/fr\/en-cours\/mode\/le-corps-dans-le-tissu-des-histoires-qui-se-touchent\/"},"author":{"name":"Julija Petrosiute","@id":"https:\/\/www.institutfrancais-lituanie.com\/fr\/#\/schema\/person\/32b95cf77fc2963ebd875802e2d04457"},"headline":"Le corps dans le tissu : des histoires qui se touchent","datePublished":"2025-10-01T09:12:50+00:00","dateModified":"2025-10-01T09:14:38+00:00","mainEntityOfPage":{"@id":"https:\/\/www.institutfrancais-lituanie.com\/fr\/en-cours\/mode\/le-corps-dans-le-tissu-des-histoires-qui-se-touchent\/"},"wordCount":251,"publisher":{"@id":"https:\/\/www.institutfrancais-lituanie.com\/fr\/#organization"},"image":{"@id":"https:\/\/www.institutfrancais-lituanie.com\/fr\/en-cours\/mode\/le-corps-dans-le-tissu-des-histoires-qui-se-touchent\/#primaryimage"},"thumbnailUrl":"https:\/\/www.institutfrancais-lituanie.com\/wp-content\/uploads\/2025\/10\/textille-e1759309862724.jpg","articleSection":["Ev\u00e9nements","Mode"],"inLanguage":"fr-FR"},{"@type":"WebPage","@id":"https:\/\/www.institutfrancais-lituanie.com\/fr\/en-cours\/mode\/le-corps-dans-le-tissu-des-histoires-qui-se-touchent\/","url":"https:\/\/www.institutfrancais-lituanie.com\/fr\/en-cours\/mode\/le-corps-dans-le-tissu-des-histoires-qui-se-touchent\/","name":"Le corps dans le tissu : des histoires qui se touchent - IF Lituanie","isPartOf":{"@id":"https:\/\/www.institutfrancais-lituanie.com\/fr\/#website"},"primaryImageOfPage":{"@id":"https:\/\/www.institutfrancais-lituanie.com\/fr\/en-cours\/mode\/le-corps-dans-le-tissu-des-histoires-qui-se-touchent\/#primaryimage"},"image":{"@id":"https:\/\/www.institutfrancais-lituanie.com\/fr\/en-cours\/mode\/le-corps-dans-le-tissu-des-histoires-qui-se-touchent\/#primaryimage"},"thumbnailUrl":"https:\/\/www.institutfrancais-lituanie.com\/wp-content\/uploads\/2025\/10\/textille-e1759309862724.jpg","datePublished":"2025-10-01T09:12:50+00:00","dateModified":"2025-10-01T09:14:38+00:00","breadcrumb":{"@id":"https:\/\/www.institutfrancais-lituanie.com\/fr\/en-cours\/mode\/le-corps-dans-le-tissu-des-histoires-qui-se-touchent\/#breadcrumb"},"inLanguage":"fr-FR","potentialAction":[{"@type":"ReadAction","target":["https:\/\/www.institutfrancais-lituanie.com\/fr\/en-cours\/mode\/le-corps-dans-le-tissu-des-histoires-qui-se-touchent\/"]}]},{"@type":"ImageObject","inLanguage":"fr-FR","@id":"https:\/\/www.institutfrancais-lituanie.com\/fr\/en-cours\/mode\/le-corps-dans-le-tissu-des-histoires-qui-se-touchent\/#primaryimage","url":"https:\/\/www.institutfrancais-lituanie.com\/wp-content\/uploads\/2025\/10\/textille-e1759309862724.jpg","contentUrl":"https:\/\/www.institutfrancais-lituanie.com\/wp-content\/uploads\/2025\/10\/textille-e1759309862724.jpg","width":640,"height":365},{"@type":"BreadcrumbList","@id":"https:\/\/www.institutfrancais-lituanie.com\/fr\/en-cours\/mode\/le-corps-dans-le-tissu-des-histoires-qui-se-touchent\/#breadcrumb","itemListElement":[{"@type":"ListItem","position":1,"name":"Home","item":"https:\/\/www.institutfrancais-lituanie.com\/fr\/"},{"@type":"ListItem","position":2,"name":"Le corps dans le tissu : des histoires qui se touchent"}]},{"@type":"WebSite","@id":"https:\/\/www.institutfrancais-lituanie.com\/fr\/#website","url":"https:\/\/www.institutfrancais-lituanie.com\/fr\/","name":"IF Lituanie","description":"Pranc\u016bz\u0173 kalbos kursai, kult\u016bra, mediateka...","publisher":{"@id":"https:\/\/www.institutfrancais-lituanie.com\/fr\/#organization"},"potentialAction":[{"@type":"SearchAction","target":{"@type":"EntryPoint","urlTemplate":"https:\/\/www.institutfrancais-lituanie.com\/fr\/?s={search_term_string}"},"query-input":"required name=search_term_string"}],"inLanguage":"fr-FR"},{"@type":"Organization","@id":"https:\/\/www.institutfrancais-lituanie.com\/fr\/#organization","name":"Pranc\u016bz\u0173 institutas","url":"https:\/\/www.institutfrancais-lituanie.com\/fr\/","logo":{"@type":"ImageObject","inLanguage":"fr-FR","@id":"https:\/\/www.institutfrancais-lituanie.com\/fr\/#\/schema\/logo\/image\/","url":"https:\/\/www.institutfrancais-lituanie.com\/wp-content\/uploads\/2023\/04\/IF_Logo-Lituanie-RVB.jpg","contentUrl":"https:\/\/www.institutfrancais-lituanie.com\/wp-content\/uploads\/2023\/04\/IF_Logo-Lituanie-RVB.jpg","width":827,"height":555,"caption":"Pranc\u016bz\u0173 institutas"},"image":{"@id":"https:\/\/www.institutfrancais-lituanie.com\/fr\/#\/schema\/logo\/image\/"},"sameAs":["https:\/\/www.facebook.com\/prancuzuinstitutas\/","https:\/\/www.instagram.com\/institut_francais_lituanie\/"]},{"@type":"Person","@id":"https:\/\/www.institutfrancais-lituanie.com\/fr\/#\/schema\/person\/32b95cf77fc2963ebd875802e2d04457","name":"Julija Petrosiute","image":{"@type":"ImageObject","inLanguage":"fr-FR","@id":"https:\/\/www.institutfrancais-lituanie.com\/fr\/#\/schema\/person\/image\/","url":"https:\/\/secure.gravatar.com\/avatar\/2210bf9289c3642e86c1bf97d9ad11dc?s=96&d=mm&r=g","contentUrl":"https:\/\/secure.gravatar.com\/avatar\/2210bf9289c3642e86c1bf97d9ad11dc?s=96&d=mm&r=g","caption":"Julija Petrosiute"},"url":"https:\/\/www.institutfrancais-lituanie.com\/fr\/author\/julija24\/"}]}},"_links":{"self":[{"href":"https:\/\/www.institutfrancais-lituanie.com\/fr\/wp-json\/wp\/v2\/posts\/17563"}],"collection":[{"href":"https:\/\/www.institutfrancais-lituanie.com\/fr\/wp-json\/wp\/v2\/posts"}],"about":[{"href":"https:\/\/www.institutfrancais-lituanie.com\/fr\/wp-json\/wp\/v2\/types\/post"}],"author":[{"embeddable":true,"href":"https:\/\/www.institutfrancais-lituanie.com\/fr\/wp-json\/wp\/v2\/users\/13"}],"replies":[{"embeddable":true,"href":"https:\/\/www.institutfrancais-lituanie.com\/fr\/wp-json\/wp\/v2\/comments?post=17563"}],"version-history":[{"count":1,"href":"https:\/\/www.institutfrancais-lituanie.com\/fr\/wp-json\/wp\/v2\/posts\/17563\/revisions"}],"predecessor-version":[{"id":17566,"href":"https:\/\/www.institutfrancais-lituanie.com\/fr\/wp-json\/wp\/v2\/posts\/17563\/revisions\/17566"}],"wp:featuredmedia":[{"embeddable":true,"href":"https:\/\/www.institutfrancais-lituanie.com\/fr\/wp-json\/wp\/v2\/media\/17564"}],"wp:attachment":[{"href":"https:\/\/www.institutfrancais-lituanie.com\/fr\/wp-json\/wp\/v2\/media?parent=17563"}],"wp:term":[{"taxonomy":"category","embeddable":true,"href":"https:\/\/www.institutfrancais-lituanie.com\/fr\/wp-json\/wp\/v2\/categories?post=17563"},{"taxonomy":"post_tag","embeddable":true,"href":"https:\/\/www.institutfrancais-lituanie.com\/fr\/wp-json\/wp\/v2\/tags?post=17563"}],"curies":[{"name":"wp","href":"https:\/\/api.w.org\/{rel}","templated":true}]}}