{"id":17067,"date":"2025-06-10T06:37:50","date_gmt":"2025-06-10T06:37:50","guid":{"rendered":"https:\/\/www.institutfrancais-lituanie.com\/?p=17067"},"modified":"2025-06-10T06:37:50","modified_gmt":"2025-06-10T06:37:50","slug":"exposition-les-frontieres-sont-des-animaux-nocturnes","status":"publish","type":"post","link":"https:\/\/www.institutfrancais-lituanie.com\/fr\/non-classifiee\/exposition-les-frontieres-sont-des-animaux-nocturnes\/","title":{"rendered":"EXPOSITION \u00ab LES FRONTI\u00c8RES SONT DES ANIMAUX NOCTURNES \u00bb"},"content":{"rendered":"<p>Visitez l&#8217;exposition \u00ab Les murs sont des animaux nocturnes \u00bb au Palais Sapeigos du 12 juin au 14 septembre.<\/p>\n<p>Borders are Nocturnal Animals a \u00e9t\u00e9 pr\u00e9sent\u00e9e pour la premi\u00e8re fois \u00e0 l&#8217;automne 2024 dans les espaces d&#8217;art KADIST et Palais de Tokyo \u00e0 Paris, dans le cadre de la saison lituanienne en France.<\/p>\n<p>Le point de d\u00e9part de ce projet est l&#8217;agitation g\u00e9opolitique caus\u00e9e par la guerre russe en Ukraine. L&#8217;exposition explore l&#8217;histoire coloniale de la Lituanie et de la r\u00e9gion environnante, en l&#8217;int\u00e9grant dans un r\u00e9cit international plus large et en soulignant l&#8217;interconnexion. Quel type de normalit\u00e9 est possible dans le voisinage d&#8217;un conflit en cours, trois ans apr\u00e8s le d\u00e9but d&#8217;une invasion \u00e0 grande \u00e9chelle, avec une observation vivante de l&#8217;histoire qui se r\u00e9p\u00e8te ? L&#8217;exposition r\u00e9v\u00e8le les histoires de diff\u00e9rentes r\u00e9gions du monde, longtemps occult\u00e9es par les discours dominants sur le pouvoir.<\/p>\n<p>Organisateur: \u0160MC<br \/>\nInstitut fran\u00e7ais de Lituanie<br \/>\nCommissaires d&#8217;exposition : Partenaire de l&#8217;exposition : Institut fran\u00e7ais de Lituanie<br \/>\nNeringa Bumblien\u0117 et Emilie Villez (France)<\/p>\n<p>L&#8217;exposition pr\u00e9sente des \u0153uvres des artistes suivants :<br \/>\nAndrius Arutiunian, Beyond the post-soviet su Anna Zvyagintseva, Louisa Bufardeci, Shilpa Gupta, Danylo Halkin, Agn\u0117 Jok\u0161\u0117, Nikita Kadan, Nikolay Karabinovych, Zhang Kechun, Viktor &amp; Sergiy Kochetov, Ji\u0159i Kovanda, Agnieszka Kurant, Sandra Monterroso, Ciprian Mure\u0219an, Deimantas Narkevi\u010dius, Marija Ol\u0161auskait\u0117, Prabhakar Pachpute, Vandy Rattana, Christine Rebet, Christian Salablanca, Algirdas \u0160e\u0161kus, Emilija \u0160karnulyt\u0117, Slavs and Tatars, Anastasia Sosunova, Shimpei Takeda, Kota Takeuchi, Thu Van Tran, Nomeda &amp; Gediminas Urbonas, Aaron Young, Shen Yuan<\/p>\n","protected":false},"excerpt":{"rendered":"<p>Visitez l&#8217;exposition \u00ab Les murs sont des animaux nocturnes \u00bb au Palais Sapeigos du 12&hellip;<\/p>\n","protected":false},"author":13,"featured_media":17068,"comment_status":"closed","ping_status":"open","sticky":false,"template":"","format":"standard","meta":{"footnotes":""},"categories":[43],"tags":[],"class_list":["post-17067","post","type-post","status-publish","format-standard","has-post-thumbnail","hentry","category-non-classifiee"],"yoast_head":"<!-- This site is optimized with the Yoast SEO plugin v23.2 - https:\/\/yoast.com\/wordpress\/plugins\/seo\/ -->\n<title>EXPOSITION \u00ab LES FRONTI\u00c8RES SONT DES ANIMAUX NOCTURNES \u00bb - IF Lituanie<\/title>\n<meta name=\"robots\" content=\"index, follow, max-snippet:-1, max-image-preview:large, max-video-preview:-1\" \/>\n<link rel=\"canonical\" href=\"https:\/\/www.institutfrancais-lituanie.com\/fr\/non-classifiee\/exposition-les-frontieres-sont-des-animaux-nocturnes\/\" \/>\n<meta property=\"og:locale\" content=\"fr_FR\" \/>\n<meta property=\"og:type\" content=\"article\" \/>\n<meta property=\"og:title\" content=\"EXPOSITION \u00ab LES FRONTI\u00c8RES SONT DES ANIMAUX NOCTURNES \u00bb - IF Lituanie\" \/>\n<meta property=\"og:description\" content=\"Visitez l&#8217;exposition \u00ab Les murs sont des animaux nocturnes \u00bb au Palais Sapeigos du 12&hellip;\" \/>\n<meta property=\"og:url\" content=\"https:\/\/www.institutfrancais-lituanie.com\/fr\/non-classifiee\/exposition-les-frontieres-sont-des-animaux-nocturnes\/\" \/>\n<meta property=\"og:site_name\" content=\"IF Lituanie\" \/>\n<meta property=\"article:publisher\" content=\"https:\/\/www.facebook.com\/prancuzuinstitutas\/\" \/>\n<meta property=\"article:published_time\" content=\"2025-06-10T06:37:50+00:00\" \/>\n<meta property=\"og:image\" content=\"https:\/\/www.institutfrancais-lituanie.com\/wp-content\/uploads\/2025\/06\/cac.lt-sienos-yra-naktiniai-gyvunai-borders-are-nocturnal-animals-1-1024x666-1.jpg\" \/>\n\t<meta property=\"og:image:width\" content=\"1024\" \/>\n\t<meta property=\"og:image:height\" content=\"666\" \/>\n\t<meta property=\"og:image:type\" content=\"image\/jpeg\" \/>\n<meta name=\"author\" content=\"Julija Petrosiute\" \/>\n<meta name=\"twitter:card\" content=\"summary_large_image\" \/>\n<meta name=\"twitter:label1\" content=\"Written by\" \/>\n\t<meta name=\"twitter:data1\" content=\"Julija Petrosiute\" \/>\n\t<meta name=\"twitter:label2\" content=\"Est. reading time\" \/>\n\t<meta name=\"twitter:data2\" content=\"2 minutes\" \/>\n<script type=\"application\/ld+json\" class=\"yoast-schema-graph\">{\"@context\":\"https:\/\/schema.org\",\"@graph\":[{\"@type\":\"Article\",\"@id\":\"https:\/\/www.institutfrancais-lituanie.com\/fr\/non-classifiee\/exposition-les-frontieres-sont-des-animaux-nocturnes\/#article\",\"isPartOf\":{\"@id\":\"https:\/\/www.institutfrancais-lituanie.com\/fr\/non-classifiee\/exposition-les-frontieres-sont-des-animaux-nocturnes\/\"},\"author\":{\"name\":\"Julija Petrosiute\",\"@id\":\"https:\/\/www.institutfrancais-lituanie.com\/fr\/#\/schema\/person\/32b95cf77fc2963ebd875802e2d04457\"},\"headline\":\"EXPOSITION \u00ab LES FRONTI\u00c8RES SONT DES ANIMAUX NOCTURNES \u00bb\",\"datePublished\":\"2025-06-10T06:37:50+00:00\",\"dateModified\":\"2025-06-10T06:37:50+00:00\",\"mainEntityOfPage\":{\"@id\":\"https:\/\/www.institutfrancais-lituanie.com\/fr\/non-classifiee\/exposition-les-frontieres-sont-des-animaux-nocturnes\/\"},\"wordCount\":268,\"publisher\":{\"@id\":\"https:\/\/www.institutfrancais-lituanie.com\/fr\/#organization\"},\"image\":{\"@id\":\"https:\/\/www.institutfrancais-lituanie.com\/fr\/non-classifiee\/exposition-les-frontieres-sont-des-animaux-nocturnes\/#primaryimage\"},\"thumbnailUrl\":\"https:\/\/www.institutfrancais-lituanie.com\/wp-content\/uploads\/2025\/06\/cac.lt-sienos-yra-naktiniai-gyvunai-borders-are-nocturnal-animals-1-1024x666-1.jpg\",\"articleSection\":[\"Non classifi\u00e9(e)\"],\"inLanguage\":\"fr-FR\"},{\"@type\":\"WebPage\",\"@id\":\"https:\/\/www.institutfrancais-lituanie.com\/fr\/non-classifiee\/exposition-les-frontieres-sont-des-animaux-nocturnes\/\",\"url\":\"https:\/\/www.institutfrancais-lituanie.com\/fr\/non-classifiee\/exposition-les-frontieres-sont-des-animaux-nocturnes\/\",\"name\":\"EXPOSITION \u00ab LES FRONTI\u00c8RES SONT DES ANIMAUX NOCTURNES \u00bb - IF Lituanie\",\"isPartOf\":{\"@id\":\"https:\/\/www.institutfrancais-lituanie.com\/fr\/#website\"},\"primaryImageOfPage\":{\"@id\":\"https:\/\/www.institutfrancais-lituanie.com\/fr\/non-classifiee\/exposition-les-frontieres-sont-des-animaux-nocturnes\/#primaryimage\"},\"image\":{\"@id\":\"https:\/\/www.institutfrancais-lituanie.com\/fr\/non-classifiee\/exposition-les-frontieres-sont-des-animaux-nocturnes\/#primaryimage\"},\"thumbnailUrl\":\"https:\/\/www.institutfrancais-lituanie.com\/wp-content\/uploads\/2025\/06\/cac.lt-sienos-yra-naktiniai-gyvunai-borders-are-nocturnal-animals-1-1024x666-1.jpg\",\"datePublished\":\"2025-06-10T06:37:50+00:00\",\"dateModified\":\"2025-06-10T06:37:50+00:00\",\"breadcrumb\":{\"@id\":\"https:\/\/www.institutfrancais-lituanie.com\/fr\/non-classifiee\/exposition-les-frontieres-sont-des-animaux-nocturnes\/#breadcrumb\"},\"inLanguage\":\"fr-FR\",\"potentialAction\":[{\"@type\":\"ReadAction\",\"target\":[\"https:\/\/www.institutfrancais-lituanie.com\/fr\/non-classifiee\/exposition-les-frontieres-sont-des-animaux-nocturnes\/\"]}]},{\"@type\":\"ImageObject\",\"inLanguage\":\"fr-FR\",\"@id\":\"https:\/\/www.institutfrancais-lituanie.com\/fr\/non-classifiee\/exposition-les-frontieres-sont-des-animaux-nocturnes\/#primaryimage\",\"url\":\"https:\/\/www.institutfrancais-lituanie.com\/wp-content\/uploads\/2025\/06\/cac.lt-sienos-yra-naktiniai-gyvunai-borders-are-nocturnal-animals-1-1024x666-1.jpg\",\"contentUrl\":\"https:\/\/www.institutfrancais-lituanie.com\/wp-content\/uploads\/2025\/06\/cac.lt-sienos-yra-naktiniai-gyvunai-borders-are-nocturnal-animals-1-1024x666-1.jpg\",\"width\":1024,\"height\":666},{\"@type\":\"BreadcrumbList\",\"@id\":\"https:\/\/www.institutfrancais-lituanie.com\/fr\/non-classifiee\/exposition-les-frontieres-sont-des-animaux-nocturnes\/#breadcrumb\",\"itemListElement\":[{\"@type\":\"ListItem\",\"position\":1,\"name\":\"Home\",\"item\":\"https:\/\/www.institutfrancais-lituanie.com\/fr\/\"},{\"@type\":\"ListItem\",\"position\":2,\"name\":\"EXPOSITION \u00ab LES FRONTI\u00c8RES SONT DES ANIMAUX NOCTURNES \u00bb\"}]},{\"@type\":\"WebSite\",\"@id\":\"https:\/\/www.institutfrancais-lituanie.com\/fr\/#website\",\"url\":\"https:\/\/www.institutfrancais-lituanie.com\/fr\/\",\"name\":\"IF Lituanie\",\"description\":\"Pranc\u016bz\u0173 kalbos kursai, kult\u016bra, mediateka...\",\"publisher\":{\"@id\":\"https:\/\/www.institutfrancais-lituanie.com\/fr\/#organization\"},\"potentialAction\":[{\"@type\":\"SearchAction\",\"target\":{\"@type\":\"EntryPoint\",\"urlTemplate\":\"https:\/\/www.institutfrancais-lituanie.com\/fr\/?s={search_term_string}\"},\"query-input\":\"required name=search_term_string\"}],\"inLanguage\":\"fr-FR\"},{\"@type\":\"Organization\",\"@id\":\"https:\/\/www.institutfrancais-lituanie.com\/fr\/#organization\",\"name\":\"Pranc\u016bz\u0173 institutas\",\"url\":\"https:\/\/www.institutfrancais-lituanie.com\/fr\/\",\"logo\":{\"@type\":\"ImageObject\",\"inLanguage\":\"fr-FR\",\"@id\":\"https:\/\/www.institutfrancais-lituanie.com\/fr\/#\/schema\/logo\/image\/\",\"url\":\"https:\/\/www.institutfrancais-lituanie.com\/wp-content\/uploads\/2023\/04\/IF_Logo-Lituanie-RVB.jpg\",\"contentUrl\":\"https:\/\/www.institutfrancais-lituanie.com\/wp-content\/uploads\/2023\/04\/IF_Logo-Lituanie-RVB.jpg\",\"width\":827,\"height\":555,\"caption\":\"Pranc\u016bz\u0173 institutas\"},\"image\":{\"@id\":\"https:\/\/www.institutfrancais-lituanie.com\/fr\/#\/schema\/logo\/image\/\"},\"sameAs\":[\"https:\/\/www.facebook.com\/prancuzuinstitutas\/\",\"https:\/\/www.instagram.com\/institut_francais_lituanie\/\"]},{\"@type\":\"Person\",\"@id\":\"https:\/\/www.institutfrancais-lituanie.com\/fr\/#\/schema\/person\/32b95cf77fc2963ebd875802e2d04457\",\"name\":\"Julija Petrosiute\",\"image\":{\"@type\":\"ImageObject\",\"inLanguage\":\"fr-FR\",\"@id\":\"https:\/\/www.institutfrancais-lituanie.com\/fr\/#\/schema\/person\/image\/\",\"url\":\"https:\/\/secure.gravatar.com\/avatar\/2210bf9289c3642e86c1bf97d9ad11dc?s=96&d=mm&r=g\",\"contentUrl\":\"https:\/\/secure.gravatar.com\/avatar\/2210bf9289c3642e86c1bf97d9ad11dc?s=96&d=mm&r=g\",\"caption\":\"Julija Petrosiute\"},\"url\":\"https:\/\/www.institutfrancais-lituanie.com\/fr\/author\/julija24\/\"}]}<\/script>\n<!-- \/ Yoast SEO plugin. -->","yoast_head_json":{"title":"EXPOSITION \u00ab LES FRONTI\u00c8RES SONT DES ANIMAUX NOCTURNES \u00bb - IF Lituanie","robots":{"index":"index","follow":"follow","max-snippet":"max-snippet:-1","max-image-preview":"max-image-preview:large","max-video-preview":"max-video-preview:-1"},"canonical":"https:\/\/www.institutfrancais-lituanie.com\/fr\/non-classifiee\/exposition-les-frontieres-sont-des-animaux-nocturnes\/","og_locale":"fr_FR","og_type":"article","og_title":"EXPOSITION \u00ab LES FRONTI\u00c8RES SONT DES ANIMAUX NOCTURNES \u00bb - IF Lituanie","og_description":"Visitez l&#8217;exposition \u00ab Les murs sont des animaux nocturnes \u00bb au Palais Sapeigos du 12&hellip;","og_url":"https:\/\/www.institutfrancais-lituanie.com\/fr\/non-classifiee\/exposition-les-frontieres-sont-des-animaux-nocturnes\/","og_site_name":"IF Lituanie","article_publisher":"https:\/\/www.facebook.com\/prancuzuinstitutas\/","article_published_time":"2025-06-10T06:37:50+00:00","og_image":[{"width":1024,"height":666,"url":"https:\/\/www.institutfrancais-lituanie.com\/wp-content\/uploads\/2025\/06\/cac.lt-sienos-yra-naktiniai-gyvunai-borders-are-nocturnal-animals-1-1024x666-1.jpg","type":"image\/jpeg"}],"author":"Julija Petrosiute","twitter_card":"summary_large_image","twitter_misc":{"Written by":"Julija Petrosiute","Est. reading time":"2 minutes"},"schema":{"@context":"https:\/\/schema.org","@graph":[{"@type":"Article","@id":"https:\/\/www.institutfrancais-lituanie.com\/fr\/non-classifiee\/exposition-les-frontieres-sont-des-animaux-nocturnes\/#article","isPartOf":{"@id":"https:\/\/www.institutfrancais-lituanie.com\/fr\/non-classifiee\/exposition-les-frontieres-sont-des-animaux-nocturnes\/"},"author":{"name":"Julija Petrosiute","@id":"https:\/\/www.institutfrancais-lituanie.com\/fr\/#\/schema\/person\/32b95cf77fc2963ebd875802e2d04457"},"headline":"EXPOSITION \u00ab LES FRONTI\u00c8RES SONT DES ANIMAUX NOCTURNES \u00bb","datePublished":"2025-06-10T06:37:50+00:00","dateModified":"2025-06-10T06:37:50+00:00","mainEntityOfPage":{"@id":"https:\/\/www.institutfrancais-lituanie.com\/fr\/non-classifiee\/exposition-les-frontieres-sont-des-animaux-nocturnes\/"},"wordCount":268,"publisher":{"@id":"https:\/\/www.institutfrancais-lituanie.com\/fr\/#organization"},"image":{"@id":"https:\/\/www.institutfrancais-lituanie.com\/fr\/non-classifiee\/exposition-les-frontieres-sont-des-animaux-nocturnes\/#primaryimage"},"thumbnailUrl":"https:\/\/www.institutfrancais-lituanie.com\/wp-content\/uploads\/2025\/06\/cac.lt-sienos-yra-naktiniai-gyvunai-borders-are-nocturnal-animals-1-1024x666-1.jpg","articleSection":["Non classifi\u00e9(e)"],"inLanguage":"fr-FR"},{"@type":"WebPage","@id":"https:\/\/www.institutfrancais-lituanie.com\/fr\/non-classifiee\/exposition-les-frontieres-sont-des-animaux-nocturnes\/","url":"https:\/\/www.institutfrancais-lituanie.com\/fr\/non-classifiee\/exposition-les-frontieres-sont-des-animaux-nocturnes\/","name":"EXPOSITION \u00ab LES FRONTI\u00c8RES SONT DES ANIMAUX NOCTURNES \u00bb - IF Lituanie","isPartOf":{"@id":"https:\/\/www.institutfrancais-lituanie.com\/fr\/#website"},"primaryImageOfPage":{"@id":"https:\/\/www.institutfrancais-lituanie.com\/fr\/non-classifiee\/exposition-les-frontieres-sont-des-animaux-nocturnes\/#primaryimage"},"image":{"@id":"https:\/\/www.institutfrancais-lituanie.com\/fr\/non-classifiee\/exposition-les-frontieres-sont-des-animaux-nocturnes\/#primaryimage"},"thumbnailUrl":"https:\/\/www.institutfrancais-lituanie.com\/wp-content\/uploads\/2025\/06\/cac.lt-sienos-yra-naktiniai-gyvunai-borders-are-nocturnal-animals-1-1024x666-1.jpg","datePublished":"2025-06-10T06:37:50+00:00","dateModified":"2025-06-10T06:37:50+00:00","breadcrumb":{"@id":"https:\/\/www.institutfrancais-lituanie.com\/fr\/non-classifiee\/exposition-les-frontieres-sont-des-animaux-nocturnes\/#breadcrumb"},"inLanguage":"fr-FR","potentialAction":[{"@type":"ReadAction","target":["https:\/\/www.institutfrancais-lituanie.com\/fr\/non-classifiee\/exposition-les-frontieres-sont-des-animaux-nocturnes\/"]}]},{"@type":"ImageObject","inLanguage":"fr-FR","@id":"https:\/\/www.institutfrancais-lituanie.com\/fr\/non-classifiee\/exposition-les-frontieres-sont-des-animaux-nocturnes\/#primaryimage","url":"https:\/\/www.institutfrancais-lituanie.com\/wp-content\/uploads\/2025\/06\/cac.lt-sienos-yra-naktiniai-gyvunai-borders-are-nocturnal-animals-1-1024x666-1.jpg","contentUrl":"https:\/\/www.institutfrancais-lituanie.com\/wp-content\/uploads\/2025\/06\/cac.lt-sienos-yra-naktiniai-gyvunai-borders-are-nocturnal-animals-1-1024x666-1.jpg","width":1024,"height":666},{"@type":"BreadcrumbList","@id":"https:\/\/www.institutfrancais-lituanie.com\/fr\/non-classifiee\/exposition-les-frontieres-sont-des-animaux-nocturnes\/#breadcrumb","itemListElement":[{"@type":"ListItem","position":1,"name":"Home","item":"https:\/\/www.institutfrancais-lituanie.com\/fr\/"},{"@type":"ListItem","position":2,"name":"EXPOSITION \u00ab LES FRONTI\u00c8RES SONT DES ANIMAUX NOCTURNES \u00bb"}]},{"@type":"WebSite","@id":"https:\/\/www.institutfrancais-lituanie.com\/fr\/#website","url":"https:\/\/www.institutfrancais-lituanie.com\/fr\/","name":"IF Lituanie","description":"Pranc\u016bz\u0173 kalbos kursai, kult\u016bra, mediateka...","publisher":{"@id":"https:\/\/www.institutfrancais-lituanie.com\/fr\/#organization"},"potentialAction":[{"@type":"SearchAction","target":{"@type":"EntryPoint","urlTemplate":"https:\/\/www.institutfrancais-lituanie.com\/fr\/?s={search_term_string}"},"query-input":"required name=search_term_string"}],"inLanguage":"fr-FR"},{"@type":"Organization","@id":"https:\/\/www.institutfrancais-lituanie.com\/fr\/#organization","name":"Pranc\u016bz\u0173 institutas","url":"https:\/\/www.institutfrancais-lituanie.com\/fr\/","logo":{"@type":"ImageObject","inLanguage":"fr-FR","@id":"https:\/\/www.institutfrancais-lituanie.com\/fr\/#\/schema\/logo\/image\/","url":"https:\/\/www.institutfrancais-lituanie.com\/wp-content\/uploads\/2023\/04\/IF_Logo-Lituanie-RVB.jpg","contentUrl":"https:\/\/www.institutfrancais-lituanie.com\/wp-content\/uploads\/2023\/04\/IF_Logo-Lituanie-RVB.jpg","width":827,"height":555,"caption":"Pranc\u016bz\u0173 institutas"},"image":{"@id":"https:\/\/www.institutfrancais-lituanie.com\/fr\/#\/schema\/logo\/image\/"},"sameAs":["https:\/\/www.facebook.com\/prancuzuinstitutas\/","https:\/\/www.instagram.com\/institut_francais_lituanie\/"]},{"@type":"Person","@id":"https:\/\/www.institutfrancais-lituanie.com\/fr\/#\/schema\/person\/32b95cf77fc2963ebd875802e2d04457","name":"Julija Petrosiute","image":{"@type":"ImageObject","inLanguage":"fr-FR","@id":"https:\/\/www.institutfrancais-lituanie.com\/fr\/#\/schema\/person\/image\/","url":"https:\/\/secure.gravatar.com\/avatar\/2210bf9289c3642e86c1bf97d9ad11dc?s=96&d=mm&r=g","contentUrl":"https:\/\/secure.gravatar.com\/avatar\/2210bf9289c3642e86c1bf97d9ad11dc?s=96&d=mm&r=g","caption":"Julija Petrosiute"},"url":"https:\/\/www.institutfrancais-lituanie.com\/fr\/author\/julija24\/"}]}},"_links":{"self":[{"href":"https:\/\/www.institutfrancais-lituanie.com\/fr\/wp-json\/wp\/v2\/posts\/17067"}],"collection":[{"href":"https:\/\/www.institutfrancais-lituanie.com\/fr\/wp-json\/wp\/v2\/posts"}],"about":[{"href":"https:\/\/www.institutfrancais-lituanie.com\/fr\/wp-json\/wp\/v2\/types\/post"}],"author":[{"embeddable":true,"href":"https:\/\/www.institutfrancais-lituanie.com\/fr\/wp-json\/wp\/v2\/users\/13"}],"replies":[{"embeddable":true,"href":"https:\/\/www.institutfrancais-lituanie.com\/fr\/wp-json\/wp\/v2\/comments?post=17067"}],"version-history":[{"count":1,"href":"https:\/\/www.institutfrancais-lituanie.com\/fr\/wp-json\/wp\/v2\/posts\/17067\/revisions"}],"predecessor-version":[{"id":17070,"href":"https:\/\/www.institutfrancais-lituanie.com\/fr\/wp-json\/wp\/v2\/posts\/17067\/revisions\/17070"}],"wp:featuredmedia":[{"embeddable":true,"href":"https:\/\/www.institutfrancais-lituanie.com\/fr\/wp-json\/wp\/v2\/media\/17068"}],"wp:attachment":[{"href":"https:\/\/www.institutfrancais-lituanie.com\/fr\/wp-json\/wp\/v2\/media?parent=17067"}],"wp:term":[{"taxonomy":"category","embeddable":true,"href":"https:\/\/www.institutfrancais-lituanie.com\/fr\/wp-json\/wp\/v2\/categories?post=17067"},{"taxonomy":"post_tag","embeddable":true,"href":"https:\/\/www.institutfrancais-lituanie.com\/fr\/wp-json\/wp\/v2\/tags?post=17067"}],"curies":[{"name":"wp","href":"https:\/\/api.w.org\/{rel}","templated":true}]}}