{"id":17056,"date":"2025-06-09T09:20:42","date_gmt":"2025-06-09T09:20:42","guid":{"rendered":"https:\/\/www.institutfrancais-lituanie.com\/?p=17056"},"modified":"2025-06-09T09:20:42","modified_gmt":"2025-06-09T09:20:42","slug":"nuit-de-la-culture-programme-des-court-metrages","status":"publish","type":"post","link":"https:\/\/www.institutfrancais-lituanie.com\/fr\/non-classifiee\/nuit-de-la-culture-programme-des-court-metrages\/","title":{"rendered":"Nuit de la culture: Programme des court-m\u00e9trages"},"content":{"rendered":"<p><strong>Le 13 juin de 19h \u00e0 21h<\/strong><\/p>\n<p><strong>Salle de projection de l\u2018Institut fran\u00e7ais de Lituanie (Did\u017eioji g. 1)<\/strong><\/p>\n<p>&nbsp;<\/p>\n<p><strong>19h<\/strong><\/p>\n<p><strong><em>L&#8217;attente<\/em><\/strong> de\u00a0<a href=\"https:\/\/ifcinema.institutfrancais.com\/fr\/search?q_text=Alice%20Douard\">Alice Douard<\/a><\/p>\n<p>C\u00e9line, \u00e0 la maternit\u00e9, attend l\u2019arriv\u00e9e de son premier enfant. C\u2019est Jeanne, sa compagne, qui va le mettre au monde. La nuit, dans le hall de l\u2019h\u00f4pital, elle fait la connaissance d\u2019hommes qui, comme elle, attendent.<\/p>\n<p>Dur\u00e9e 29 min<\/p>\n<p>VO, sous-titres anglais<\/p>\n<p>&nbsp;<\/p>\n<p><strong><em>Les myst\u00e9rieuses aventures de Claude Conseil<\/em><\/strong> de\u00a0<a href=\"https:\/\/ifcinema.institutfrancais.com\/fr\/search?q_text=Marie-Lola%20Terver\">Marie-Lola Terver<\/a> et <a href=\"https:\/\/ifcinema.institutfrancais.com\/fr\/search?q_text=Paul%20Jousselin\">Paul Jousselin<\/a><\/p>\n<p>Claude Conseil vit une retraite paisible avec son mari dans une maison au milieu des bois. Elle occupe son temps \u00e0 \u00e9couter et enregistrer les oiseaux. Un soir de printemps, d&#8217;incessants et \u00e9nigmatiques appels viennent rompre le calme de la for\u00eat.<\/p>\n<p>Dur\u00e9e 24 min<\/p>\n<p>VO, sous-titres anglais<\/p>\n<p>&nbsp;<\/p>\n<p><strong><em>Les Dents du bonheur<\/em><\/strong> de\u00a0<a href=\"https:\/\/ifcinema.institutfrancais.com\/fr\/search?q_text=Jos%C3%A9phine%20%20Darcy%20Hopkins\">Jos\u00e9phine Darcy Hopkins<\/a><\/p>\n<p>Madeleine, huit ans, accompagne sa m\u00e8re esth\u00e9ticienne \u00e0 domicile chez de nouvelles clientes. Arriv\u00e9e \u00e0 la maison, elle fait la connaissance d&#8217;Eug\u00e9nie, Constance et \u00c9meraude, qui l&#8217;invitent au sous-sol \u00e0 participer \u00e0 un cruel jeu de soci\u00e9t\u00e9.<\/p>\n<p>Dur\u00e9e 25 min<\/p>\n<p>VO, sous-titres anglais<\/p>\n<p><strong><em>\u00a0<\/em><\/strong><\/p>\n<p><strong><em>Montsouris <\/em><\/strong>de\u00a0<a href=\"https:\/\/ifcinema.institutfrancais.com\/fr\/search?q_text=Guil%20%20Sela\">Guil Sela<\/a><\/p>\n<p>Un beau jour d\u2019automne, au Parc Montsouris, Jacques et Nathan cherchent des gens int\u00e9ressants \u00e0 filmer pour leur documentaire. Ils tombent par hasard sur Pierre et Martin, deux dr\u00f4les d\u2019oiseaux qui s\u2019appr\u00eatent \u00e0 vivre un moment inattendu.<\/p>\n<p>Dur\u00e9e 14 min<\/p>\n<p>VO, sous-titres anglais<\/p>\n<p><strong><em>\u00a0<\/em><\/strong><\/p>\n<p><strong><em>Bonnarien <\/em><\/strong>de\u00a0<a href=\"https:\/\/ifcinema.institutfrancais.com\/fr\/search?q_text=Adiel%20%20Goliot\">Adiel Goliot<\/a><\/p>\n<p>Mauricette Bonnarien (vingt-sept ans) travaille comme dockeuse au port de De\u0301grad des Cannes en Guyane. Le reste du temps, elle slame. Tre\u0300s complexe\u0301e par son nom de famille, impos\u00e9 \u00e0 son anc\u00eatre lors de l\u2019abolition de l\u2019esclavage, elle se bat pour mener \u00e0 bien une proce\u0301dure de changement de nom. Il est temps de faire entendre \u00e0 son entourage son nouveau patronyme.<\/p>\n<p>Dur\u00e9e 20 min<\/p>\n<p>VO, sous-titres anglais<\/p>\n<p><strong><em>Un genre de testament<\/em><\/strong> de\u00a0<a href=\"https:\/\/ifcinema.institutfrancais.com\/fr\/search?q_text=Stephen%20Vuillemin\">Stephen Vuillemin<\/a><\/p>\n<p>Une jeune femme tombe sur des animations sur Internet qui ont manifestement \u00e9t\u00e9 cr\u00e9\u00e9es \u00e0 partir de ses selfies priv\u00e9s. Une inconnue portant le m\u00eame nom avoue une usurpation d\u2019identit\u00e9. Mais la mort est plus rapide que la r\u00e9ponse \u00e0 la question : pourquoi ?<\/p>\n<p>Dur\u00e9e 16 min<\/p>\n<p>VO, sous-titres anglais<\/p>\n","protected":false},"excerpt":{"rendered":"<p>Le 13 juin de 19h \u00e0 21h Salle de projection de l\u2018Institut fran\u00e7ais de Lituanie&hellip;<\/p>\n","protected":false},"author":13,"featured_media":17053,"comment_status":"closed","ping_status":"open","sticky":false,"template":"","format":"standard","meta":{"footnotes":""},"categories":[43],"tags":[],"class_list":["post-17056","post","type-post","status-publish","format-standard","has-post-thumbnail","hentry","category-non-classifiee"],"yoast_head":"<!-- This site is optimized with the Yoast SEO plugin v23.2 - https:\/\/yoast.com\/wordpress\/plugins\/seo\/ -->\n<title>Nuit de la culture: Programme des court-m\u00e9trages - IF Lituanie<\/title>\n<meta name=\"robots\" content=\"index, follow, max-snippet:-1, max-image-preview:large, max-video-preview:-1\" \/>\n<link rel=\"canonical\" href=\"https:\/\/www.institutfrancais-lituanie.com\/fr\/non-classifiee\/nuit-de-la-culture-programme-des-court-metrages\/\" \/>\n<meta property=\"og:locale\" content=\"fr_FR\" \/>\n<meta property=\"og:type\" content=\"article\" \/>\n<meta property=\"og:title\" content=\"Nuit de la culture: Programme des court-m\u00e9trages - IF Lituanie\" \/>\n<meta property=\"og:description\" content=\"Le 13 juin de 19h \u00e0 21h Salle de projection de l\u2018Institut fran\u00e7ais de Lituanie&hellip;\" \/>\n<meta property=\"og:url\" content=\"https:\/\/www.institutfrancais-lituanie.com\/fr\/non-classifiee\/nuit-de-la-culture-programme-des-court-metrages\/\" \/>\n<meta property=\"og:site_name\" content=\"IF Lituanie\" \/>\n<meta property=\"article:publisher\" content=\"https:\/\/www.facebook.com\/prancuzuinstitutas\/\" \/>\n<meta property=\"article:published_time\" content=\"2025-06-09T09:20:42+00:00\" \/>\n<meta property=\"og:image\" content=\"https:\/\/www.institutfrancais-lituanie.com\/wp-content\/uploads\/2025\/06\/montsouris.png\" \/>\n\t<meta property=\"og:image:width\" content=\"1022\" \/>\n\t<meta property=\"og:image:height\" content=\"446\" \/>\n\t<meta property=\"og:image:type\" content=\"image\/png\" \/>\n<meta name=\"author\" content=\"Julija Petrosiute\" \/>\n<meta name=\"twitter:card\" content=\"summary_large_image\" \/>\n<meta name=\"twitter:label1\" content=\"Written by\" \/>\n\t<meta name=\"twitter:data1\" content=\"Julija Petrosiute\" \/>\n\t<meta name=\"twitter:label2\" content=\"Est. reading time\" \/>\n\t<meta name=\"twitter:data2\" content=\"3 minutes\" \/>\n<script type=\"application\/ld+json\" class=\"yoast-schema-graph\">{\"@context\":\"https:\/\/schema.org\",\"@graph\":[{\"@type\":\"Article\",\"@id\":\"https:\/\/www.institutfrancais-lituanie.com\/fr\/non-classifiee\/nuit-de-la-culture-programme-des-court-metrages\/#article\",\"isPartOf\":{\"@id\":\"https:\/\/www.institutfrancais-lituanie.com\/fr\/non-classifiee\/nuit-de-la-culture-programme-des-court-metrages\/\"},\"author\":{\"name\":\"Julija Petrosiute\",\"@id\":\"https:\/\/www.institutfrancais-lituanie.com\/fr\/#\/schema\/person\/32b95cf77fc2963ebd875802e2d04457\"},\"headline\":\"Nuit de la culture: Programme des court-m\u00e9trages\",\"datePublished\":\"2025-06-09T09:20:42+00:00\",\"dateModified\":\"2025-06-09T09:20:42+00:00\",\"mainEntityOfPage\":{\"@id\":\"https:\/\/www.institutfrancais-lituanie.com\/fr\/non-classifiee\/nuit-de-la-culture-programme-des-court-metrages\/\"},\"wordCount\":381,\"publisher\":{\"@id\":\"https:\/\/www.institutfrancais-lituanie.com\/fr\/#organization\"},\"image\":{\"@id\":\"https:\/\/www.institutfrancais-lituanie.com\/fr\/non-classifiee\/nuit-de-la-culture-programme-des-court-metrages\/#primaryimage\"},\"thumbnailUrl\":\"https:\/\/www.institutfrancais-lituanie.com\/wp-content\/uploads\/2025\/06\/montsouris.png\",\"articleSection\":[\"Non classifi\u00e9(e)\"],\"inLanguage\":\"fr-FR\"},{\"@type\":\"WebPage\",\"@id\":\"https:\/\/www.institutfrancais-lituanie.com\/fr\/non-classifiee\/nuit-de-la-culture-programme-des-court-metrages\/\",\"url\":\"https:\/\/www.institutfrancais-lituanie.com\/fr\/non-classifiee\/nuit-de-la-culture-programme-des-court-metrages\/\",\"name\":\"Nuit de la culture: Programme des court-m\u00e9trages - IF Lituanie\",\"isPartOf\":{\"@id\":\"https:\/\/www.institutfrancais-lituanie.com\/fr\/#website\"},\"primaryImageOfPage\":{\"@id\":\"https:\/\/www.institutfrancais-lituanie.com\/fr\/non-classifiee\/nuit-de-la-culture-programme-des-court-metrages\/#primaryimage\"},\"image\":{\"@id\":\"https:\/\/www.institutfrancais-lituanie.com\/fr\/non-classifiee\/nuit-de-la-culture-programme-des-court-metrages\/#primaryimage\"},\"thumbnailUrl\":\"https:\/\/www.institutfrancais-lituanie.com\/wp-content\/uploads\/2025\/06\/montsouris.png\",\"datePublished\":\"2025-06-09T09:20:42+00:00\",\"dateModified\":\"2025-06-09T09:20:42+00:00\",\"breadcrumb\":{\"@id\":\"https:\/\/www.institutfrancais-lituanie.com\/fr\/non-classifiee\/nuit-de-la-culture-programme-des-court-metrages\/#breadcrumb\"},\"inLanguage\":\"fr-FR\",\"potentialAction\":[{\"@type\":\"ReadAction\",\"target\":[\"https:\/\/www.institutfrancais-lituanie.com\/fr\/non-classifiee\/nuit-de-la-culture-programme-des-court-metrages\/\"]}]},{\"@type\":\"ImageObject\",\"inLanguage\":\"fr-FR\",\"@id\":\"https:\/\/www.institutfrancais-lituanie.com\/fr\/non-classifiee\/nuit-de-la-culture-programme-des-court-metrages\/#primaryimage\",\"url\":\"https:\/\/www.institutfrancais-lituanie.com\/wp-content\/uploads\/2025\/06\/montsouris.png\",\"contentUrl\":\"https:\/\/www.institutfrancais-lituanie.com\/wp-content\/uploads\/2025\/06\/montsouris.png\",\"width\":1022,\"height\":446},{\"@type\":\"BreadcrumbList\",\"@id\":\"https:\/\/www.institutfrancais-lituanie.com\/fr\/non-classifiee\/nuit-de-la-culture-programme-des-court-metrages\/#breadcrumb\",\"itemListElement\":[{\"@type\":\"ListItem\",\"position\":1,\"name\":\"Home\",\"item\":\"https:\/\/www.institutfrancais-lituanie.com\/fr\/\"},{\"@type\":\"ListItem\",\"position\":2,\"name\":\"Nuit de la culture: Programme des court-m\u00e9trages\"}]},{\"@type\":\"WebSite\",\"@id\":\"https:\/\/www.institutfrancais-lituanie.com\/fr\/#website\",\"url\":\"https:\/\/www.institutfrancais-lituanie.com\/fr\/\",\"name\":\"IF Lituanie\",\"description\":\"Pranc\u016bz\u0173 kalbos kursai, kult\u016bra, mediateka...\",\"publisher\":{\"@id\":\"https:\/\/www.institutfrancais-lituanie.com\/fr\/#organization\"},\"potentialAction\":[{\"@type\":\"SearchAction\",\"target\":{\"@type\":\"EntryPoint\",\"urlTemplate\":\"https:\/\/www.institutfrancais-lituanie.com\/fr\/?s={search_term_string}\"},\"query-input\":\"required name=search_term_string\"}],\"inLanguage\":\"fr-FR\"},{\"@type\":\"Organization\",\"@id\":\"https:\/\/www.institutfrancais-lituanie.com\/fr\/#organization\",\"name\":\"Pranc\u016bz\u0173 institutas\",\"url\":\"https:\/\/www.institutfrancais-lituanie.com\/fr\/\",\"logo\":{\"@type\":\"ImageObject\",\"inLanguage\":\"fr-FR\",\"@id\":\"https:\/\/www.institutfrancais-lituanie.com\/fr\/#\/schema\/logo\/image\/\",\"url\":\"https:\/\/www.institutfrancais-lituanie.com\/wp-content\/uploads\/2023\/04\/IF_Logo-Lituanie-RVB.jpg\",\"contentUrl\":\"https:\/\/www.institutfrancais-lituanie.com\/wp-content\/uploads\/2023\/04\/IF_Logo-Lituanie-RVB.jpg\",\"width\":827,\"height\":555,\"caption\":\"Pranc\u016bz\u0173 institutas\"},\"image\":{\"@id\":\"https:\/\/www.institutfrancais-lituanie.com\/fr\/#\/schema\/logo\/image\/\"},\"sameAs\":[\"https:\/\/www.facebook.com\/prancuzuinstitutas\/\",\"https:\/\/www.instagram.com\/institut_francais_lituanie\/\"]},{\"@type\":\"Person\",\"@id\":\"https:\/\/www.institutfrancais-lituanie.com\/fr\/#\/schema\/person\/32b95cf77fc2963ebd875802e2d04457\",\"name\":\"Julija Petrosiute\",\"image\":{\"@type\":\"ImageObject\",\"inLanguage\":\"fr-FR\",\"@id\":\"https:\/\/www.institutfrancais-lituanie.com\/fr\/#\/schema\/person\/image\/\",\"url\":\"https:\/\/secure.gravatar.com\/avatar\/2210bf9289c3642e86c1bf97d9ad11dc?s=96&d=mm&r=g\",\"contentUrl\":\"https:\/\/secure.gravatar.com\/avatar\/2210bf9289c3642e86c1bf97d9ad11dc?s=96&d=mm&r=g\",\"caption\":\"Julija Petrosiute\"},\"url\":\"https:\/\/www.institutfrancais-lituanie.com\/fr\/author\/julija24\/\"}]}<\/script>\n<!-- \/ Yoast SEO plugin. -->","yoast_head_json":{"title":"Nuit de la culture: Programme des court-m\u00e9trages - IF Lituanie","robots":{"index":"index","follow":"follow","max-snippet":"max-snippet:-1","max-image-preview":"max-image-preview:large","max-video-preview":"max-video-preview:-1"},"canonical":"https:\/\/www.institutfrancais-lituanie.com\/fr\/non-classifiee\/nuit-de-la-culture-programme-des-court-metrages\/","og_locale":"fr_FR","og_type":"article","og_title":"Nuit de la culture: Programme des court-m\u00e9trages - IF Lituanie","og_description":"Le 13 juin de 19h \u00e0 21h Salle de projection de l\u2018Institut fran\u00e7ais de Lituanie&hellip;","og_url":"https:\/\/www.institutfrancais-lituanie.com\/fr\/non-classifiee\/nuit-de-la-culture-programme-des-court-metrages\/","og_site_name":"IF Lituanie","article_publisher":"https:\/\/www.facebook.com\/prancuzuinstitutas\/","article_published_time":"2025-06-09T09:20:42+00:00","og_image":[{"width":1022,"height":446,"url":"https:\/\/www.institutfrancais-lituanie.com\/wp-content\/uploads\/2025\/06\/montsouris.png","type":"image\/png"}],"author":"Julija Petrosiute","twitter_card":"summary_large_image","twitter_misc":{"Written by":"Julija Petrosiute","Est. reading time":"3 minutes"},"schema":{"@context":"https:\/\/schema.org","@graph":[{"@type":"Article","@id":"https:\/\/www.institutfrancais-lituanie.com\/fr\/non-classifiee\/nuit-de-la-culture-programme-des-court-metrages\/#article","isPartOf":{"@id":"https:\/\/www.institutfrancais-lituanie.com\/fr\/non-classifiee\/nuit-de-la-culture-programme-des-court-metrages\/"},"author":{"name":"Julija Petrosiute","@id":"https:\/\/www.institutfrancais-lituanie.com\/fr\/#\/schema\/person\/32b95cf77fc2963ebd875802e2d04457"},"headline":"Nuit de la culture: Programme des court-m\u00e9trages","datePublished":"2025-06-09T09:20:42+00:00","dateModified":"2025-06-09T09:20:42+00:00","mainEntityOfPage":{"@id":"https:\/\/www.institutfrancais-lituanie.com\/fr\/non-classifiee\/nuit-de-la-culture-programme-des-court-metrages\/"},"wordCount":381,"publisher":{"@id":"https:\/\/www.institutfrancais-lituanie.com\/fr\/#organization"},"image":{"@id":"https:\/\/www.institutfrancais-lituanie.com\/fr\/non-classifiee\/nuit-de-la-culture-programme-des-court-metrages\/#primaryimage"},"thumbnailUrl":"https:\/\/www.institutfrancais-lituanie.com\/wp-content\/uploads\/2025\/06\/montsouris.png","articleSection":["Non classifi\u00e9(e)"],"inLanguage":"fr-FR"},{"@type":"WebPage","@id":"https:\/\/www.institutfrancais-lituanie.com\/fr\/non-classifiee\/nuit-de-la-culture-programme-des-court-metrages\/","url":"https:\/\/www.institutfrancais-lituanie.com\/fr\/non-classifiee\/nuit-de-la-culture-programme-des-court-metrages\/","name":"Nuit de la culture: Programme des court-m\u00e9trages - IF Lituanie","isPartOf":{"@id":"https:\/\/www.institutfrancais-lituanie.com\/fr\/#website"},"primaryImageOfPage":{"@id":"https:\/\/www.institutfrancais-lituanie.com\/fr\/non-classifiee\/nuit-de-la-culture-programme-des-court-metrages\/#primaryimage"},"image":{"@id":"https:\/\/www.institutfrancais-lituanie.com\/fr\/non-classifiee\/nuit-de-la-culture-programme-des-court-metrages\/#primaryimage"},"thumbnailUrl":"https:\/\/www.institutfrancais-lituanie.com\/wp-content\/uploads\/2025\/06\/montsouris.png","datePublished":"2025-06-09T09:20:42+00:00","dateModified":"2025-06-09T09:20:42+00:00","breadcrumb":{"@id":"https:\/\/www.institutfrancais-lituanie.com\/fr\/non-classifiee\/nuit-de-la-culture-programme-des-court-metrages\/#breadcrumb"},"inLanguage":"fr-FR","potentialAction":[{"@type":"ReadAction","target":["https:\/\/www.institutfrancais-lituanie.com\/fr\/non-classifiee\/nuit-de-la-culture-programme-des-court-metrages\/"]}]},{"@type":"ImageObject","inLanguage":"fr-FR","@id":"https:\/\/www.institutfrancais-lituanie.com\/fr\/non-classifiee\/nuit-de-la-culture-programme-des-court-metrages\/#primaryimage","url":"https:\/\/www.institutfrancais-lituanie.com\/wp-content\/uploads\/2025\/06\/montsouris.png","contentUrl":"https:\/\/www.institutfrancais-lituanie.com\/wp-content\/uploads\/2025\/06\/montsouris.png","width":1022,"height":446},{"@type":"BreadcrumbList","@id":"https:\/\/www.institutfrancais-lituanie.com\/fr\/non-classifiee\/nuit-de-la-culture-programme-des-court-metrages\/#breadcrumb","itemListElement":[{"@type":"ListItem","position":1,"name":"Home","item":"https:\/\/www.institutfrancais-lituanie.com\/fr\/"},{"@type":"ListItem","position":2,"name":"Nuit de la culture: Programme des court-m\u00e9trages"}]},{"@type":"WebSite","@id":"https:\/\/www.institutfrancais-lituanie.com\/fr\/#website","url":"https:\/\/www.institutfrancais-lituanie.com\/fr\/","name":"IF Lituanie","description":"Pranc\u016bz\u0173 kalbos kursai, kult\u016bra, mediateka...","publisher":{"@id":"https:\/\/www.institutfrancais-lituanie.com\/fr\/#organization"},"potentialAction":[{"@type":"SearchAction","target":{"@type":"EntryPoint","urlTemplate":"https:\/\/www.institutfrancais-lituanie.com\/fr\/?s={search_term_string}"},"query-input":"required name=search_term_string"}],"inLanguage":"fr-FR"},{"@type":"Organization","@id":"https:\/\/www.institutfrancais-lituanie.com\/fr\/#organization","name":"Pranc\u016bz\u0173 institutas","url":"https:\/\/www.institutfrancais-lituanie.com\/fr\/","logo":{"@type":"ImageObject","inLanguage":"fr-FR","@id":"https:\/\/www.institutfrancais-lituanie.com\/fr\/#\/schema\/logo\/image\/","url":"https:\/\/www.institutfrancais-lituanie.com\/wp-content\/uploads\/2023\/04\/IF_Logo-Lituanie-RVB.jpg","contentUrl":"https:\/\/www.institutfrancais-lituanie.com\/wp-content\/uploads\/2023\/04\/IF_Logo-Lituanie-RVB.jpg","width":827,"height":555,"caption":"Pranc\u016bz\u0173 institutas"},"image":{"@id":"https:\/\/www.institutfrancais-lituanie.com\/fr\/#\/schema\/logo\/image\/"},"sameAs":["https:\/\/www.facebook.com\/prancuzuinstitutas\/","https:\/\/www.instagram.com\/institut_francais_lituanie\/"]},{"@type":"Person","@id":"https:\/\/www.institutfrancais-lituanie.com\/fr\/#\/schema\/person\/32b95cf77fc2963ebd875802e2d04457","name":"Julija Petrosiute","image":{"@type":"ImageObject","inLanguage":"fr-FR","@id":"https:\/\/www.institutfrancais-lituanie.com\/fr\/#\/schema\/person\/image\/","url":"https:\/\/secure.gravatar.com\/avatar\/2210bf9289c3642e86c1bf97d9ad11dc?s=96&d=mm&r=g","contentUrl":"https:\/\/secure.gravatar.com\/avatar\/2210bf9289c3642e86c1bf97d9ad11dc?s=96&d=mm&r=g","caption":"Julija Petrosiute"},"url":"https:\/\/www.institutfrancais-lituanie.com\/fr\/author\/julija24\/"}]}},"_links":{"self":[{"href":"https:\/\/www.institutfrancais-lituanie.com\/fr\/wp-json\/wp\/v2\/posts\/17056"}],"collection":[{"href":"https:\/\/www.institutfrancais-lituanie.com\/fr\/wp-json\/wp\/v2\/posts"}],"about":[{"href":"https:\/\/www.institutfrancais-lituanie.com\/fr\/wp-json\/wp\/v2\/types\/post"}],"author":[{"embeddable":true,"href":"https:\/\/www.institutfrancais-lituanie.com\/fr\/wp-json\/wp\/v2\/users\/13"}],"replies":[{"embeddable":true,"href":"https:\/\/www.institutfrancais-lituanie.com\/fr\/wp-json\/wp\/v2\/comments?post=17056"}],"version-history":[{"count":1,"href":"https:\/\/www.institutfrancais-lituanie.com\/fr\/wp-json\/wp\/v2\/posts\/17056\/revisions"}],"predecessor-version":[{"id":17057,"href":"https:\/\/www.institutfrancais-lituanie.com\/fr\/wp-json\/wp\/v2\/posts\/17056\/revisions\/17057"}],"wp:featuredmedia":[{"embeddable":true,"href":"https:\/\/www.institutfrancais-lituanie.com\/fr\/wp-json\/wp\/v2\/media\/17053"}],"wp:attachment":[{"href":"https:\/\/www.institutfrancais-lituanie.com\/fr\/wp-json\/wp\/v2\/media?parent=17056"}],"wp:term":[{"taxonomy":"category","embeddable":true,"href":"https:\/\/www.institutfrancais-lituanie.com\/fr\/wp-json\/wp\/v2\/categories?post=17056"},{"taxonomy":"post_tag","embeddable":true,"href":"https:\/\/www.institutfrancais-lituanie.com\/fr\/wp-json\/wp\/v2\/tags?post=17056"}],"curies":[{"name":"wp","href":"https:\/\/api.w.org\/{rel}","templated":true}]}}