{"id":17041,"date":"2025-06-09T08:59:57","date_gmt":"2025-06-09T08:59:57","guid":{"rendered":"https:\/\/www.institutfrancais-lituanie.com\/?p=17041"},"modified":"2025-06-09T09:00:08","modified_gmt":"2025-06-09T09:00:08","slug":"un-mois-pour-la-planete-retour-sur-le-succes-du-projet-30-jours-pour-le-climat-en-lituanie","status":"publish","type":"post","link":"https:\/\/www.institutfrancais-lituanie.com\/fr\/non-classifiee\/un-mois-pour-la-planete-retour-sur-le-succes-du-projet-30-jours-pour-le-climat-en-lituanie\/","title":{"rendered":"Un mois pour la plan\u00e8te : retour sur le succ\u00e8s du projet \u00ab 30 jours pour le climat \u00bb en Lituanie"},"content":{"rendered":"<p>Le projet <strong>\u00ab 30 jours pour le climat \u00bb<\/strong>, lanc\u00e9 en Lituanie au printemps 2025, s\u2019est impos\u00e9 comme une initiative citoyenne et \u00e9ducative d\u2019envergure en cette fin d\u2018ann\u00e9e scolaire, m\u00ealant engagement \u00e9cologique, coop\u00e9ration culturelle et mobilisation de la jeunesse autour de la langue fran\u00e7aise. Con\u00e7u pour allier formation des enseignants et sensibilisation des adolescents aux enjeux environnementaux, le tout en fran\u00e7ais, le projet a rencontr\u00e9 un franc succ\u00e8s.<\/p>\n<p><strong>Une mobilisation nationale autour d\u2019une m\u00eame th\u00e9matique<\/strong><\/p>\n<p>Port\u00e9 par l\u2019Institut fran\u00e7ais de Lituanie et ses partenaires locaux et internationaux, le projet a su rassembler pr\u00e8s de 180 participants dont 12 enseignants de fran\u00e7ais et de g\u00e9ographie, de tr\u00e8s nombreux \u00e9l\u00e8ves, des parents et chefs d\u2019\u00e9tablissements issus de coll\u00e8ges et lyc\u00e9es de Vilnius, Kaunas et Alytus. Des actions concr\u00e8tes \u2014 formations didactiques, cours de fran\u00e7ais autour de la th\u00e9matique choisie, projections de films, ateliers de la Fresque du climat \u2014 ont \u00e9t\u00e9 organis\u00e9es durant tout le mois.<\/p>\n<p><strong>Un projet exemplaire de coop\u00e9ration culturelle et \u00e9ducative<\/strong><\/p>\n<p>\u00ab 30 jours pour le climat \u00bb a \u00e9t\u00e9 l\u2019occasion de renforcer les liens entre l\u2019Institut fran\u00e7ais et les \u00e9tablissements scolaires lituaniens autour d\u2019un enjeu global. Des interventions d\u2019experts francophones, des ressources p\u00e9dagogiques en fran\u00e7ais sur le climat, ou encore des ateliers autour de l\u2019\u00e9co-citoyennet\u00e9 ont permis de conjuguer <strong>sensibilisation \u00e9cologique et promotion de la langue fran\u00e7aise<\/strong>. Le projet a \u00e9galement b\u00e9n\u00e9fici\u00e9 d\u2019une belle visibilit\u00e9 m\u00e9diatique, avec plusieurs publications sur les r\u00e9seaux sociaux et sur les sites de la communaut\u00e9 \u00e9ducative francophone.<\/p>\n<p><strong>Un \u00e9lan \u00e0 poursuivre<\/strong><\/p>\n<p>Le succ\u00e8s de ce projet ne s\u2019est pas limit\u00e9 \u00e0 son intensit\u00e9 sur un mois : il a sem\u00e9 les graines d\u2019un engagement durable. Plusieurs \u00e9coles partenaires ont exprim\u00e9 leur volont\u00e9 de b\u00e9n\u00e9ficier davantage de projets \u00e9ducatifs de ce type.<\/p>\n<p>Ce mois d\u2019actions pour le climat en Lituanie a ainsi d\u00e9montr\u00e9 qu\u2019une coop\u00e9ration culturelle peut \u00eatre porteuse de transformations concr\u00e8tes et durables. Le projet \u00ab 30 jours pour le climat \u00bb restera sans aucun doute comme l\u2019un des temps forts de l\u2019ann\u00e9e 2025 pour l\u2019Institut fran\u00e7ais de Lituanie, et un mod\u00e8le \u00e0 suivre pour de futures initiatives de promotion de langue fran\u00e7aise aupr\u00e8s des \u00e9tablissements scolaires lituaniens.<\/p>\n<p>Toute l\u2019\u00e9quipe du service de coop\u00e9ration linguistique et \u00e9ducative remercie chaleureusement l\u2019ensemble des participants, \u00e9l\u00e8ves, professeurs et chefs d\u2019\u00e9tablissements, pour leur engagement et leur volont\u00e9 de mener \u00e0 bien ce projet. Des remerciements \u00e9galement aux partenaires, Madame Jeanne RENAUDIN, formatrice experte internationale, Madame Xavi\u00e8re GRIGONIS et Monsieur Guillaume DOUVILLE, facilitateurs des ateliers de la Fresque du climat, pour leur implication et leur professionnalisme tout au long du mois, ainsi que l\u2019Institut fran\u00e7ais (Paris) pour la participation financi\u00e8re par l\u2019attribution du Fonds Langue Fran\u00e7aise 2025.<\/p>\n","protected":false},"excerpt":{"rendered":"<p>Le projet \u00ab 30 jours pour le climat \u00bb, lanc\u00e9 en Lituanie au printemps 2025,&hellip;<\/p>\n","protected":false},"author":13,"featured_media":17042,"comment_status":"closed","ping_status":"open","sticky":false,"template":"","format":"standard","meta":{"footnotes":""},"categories":[43],"tags":[],"class_list":["post-17041","post","type-post","status-publish","format-standard","has-post-thumbnail","hentry","category-non-classifiee"],"yoast_head":"<!-- This site is optimized with the Yoast SEO plugin v23.2 - https:\/\/yoast.com\/wordpress\/plugins\/seo\/ -->\n<title>Un mois pour la plan\u00e8te : retour sur le succ\u00e8s du projet \u00ab 30 jours pour le climat \u00bb en Lituanie - IF Lituanie<\/title>\n<meta name=\"robots\" content=\"index, follow, max-snippet:-1, max-image-preview:large, max-video-preview:-1\" \/>\n<link rel=\"canonical\" href=\"https:\/\/www.institutfrancais-lituanie.com\/fr\/non-classifiee\/un-mois-pour-la-planete-retour-sur-le-succes-du-projet-30-jours-pour-le-climat-en-lituanie\/\" \/>\n<meta property=\"og:locale\" content=\"fr_FR\" \/>\n<meta property=\"og:type\" content=\"article\" \/>\n<meta property=\"og:title\" content=\"Un mois pour la plan\u00e8te : retour sur le succ\u00e8s du projet \u00ab 30 jours pour le climat \u00bb en Lituanie - IF Lituanie\" \/>\n<meta property=\"og:description\" content=\"Le projet \u00ab 30 jours pour le climat \u00bb, lanc\u00e9 en Lituanie au printemps 2025,&hellip;\" \/>\n<meta property=\"og:url\" content=\"https:\/\/www.institutfrancais-lituanie.com\/fr\/non-classifiee\/un-mois-pour-la-planete-retour-sur-le-succes-du-projet-30-jours-pour-le-climat-en-lituanie\/\" \/>\n<meta property=\"og:site_name\" content=\"IF Lituanie\" \/>\n<meta property=\"article:publisher\" content=\"https:\/\/www.facebook.com\/prancuzuinstitutas\/\" \/>\n<meta property=\"article:published_time\" content=\"2025-06-09T08:59:57+00:00\" \/>\n<meta property=\"article:modified_time\" content=\"2025-06-09T09:00:08+00:00\" \/>\n<meta property=\"og:image\" content=\"https:\/\/www.institutfrancais-lituanie.com\/wp-content\/uploads\/2025\/06\/2-e1749459586993.jpg\" \/>\n\t<meta property=\"og:image:width\" content=\"1295\" \/>\n\t<meta property=\"og:image:height\" content=\"826\" \/>\n\t<meta property=\"og:image:type\" content=\"image\/jpeg\" \/>\n<meta name=\"author\" content=\"Julija Petrosiute\" \/>\n<meta name=\"twitter:card\" content=\"summary_large_image\" \/>\n<meta name=\"twitter:label1\" content=\"Written by\" \/>\n\t<meta name=\"twitter:data1\" content=\"Julija Petrosiute\" \/>\n\t<meta name=\"twitter:label2\" content=\"Est. reading time\" \/>\n\t<meta name=\"twitter:data2\" content=\"3 minutes\" \/>\n<script type=\"application\/ld+json\" class=\"yoast-schema-graph\">{\"@context\":\"https:\/\/schema.org\",\"@graph\":[{\"@type\":\"Article\",\"@id\":\"https:\/\/www.institutfrancais-lituanie.com\/fr\/non-classifiee\/un-mois-pour-la-planete-retour-sur-le-succes-du-projet-30-jours-pour-le-climat-en-lituanie\/#article\",\"isPartOf\":{\"@id\":\"https:\/\/www.institutfrancais-lituanie.com\/fr\/non-classifiee\/un-mois-pour-la-planete-retour-sur-le-succes-du-projet-30-jours-pour-le-climat-en-lituanie\/\"},\"author\":{\"name\":\"Julija Petrosiute\",\"@id\":\"https:\/\/www.institutfrancais-lituanie.com\/fr\/#\/schema\/person\/32b95cf77fc2963ebd875802e2d04457\"},\"headline\":\"Un mois pour la plan\u00e8te : retour sur le succ\u00e8s du projet \u00ab 30 jours pour le climat \u00bb en Lituanie\",\"datePublished\":\"2025-06-09T08:59:57+00:00\",\"dateModified\":\"2025-06-09T09:00:08+00:00\",\"mainEntityOfPage\":{\"@id\":\"https:\/\/www.institutfrancais-lituanie.com\/fr\/non-classifiee\/un-mois-pour-la-planete-retour-sur-le-succes-du-projet-30-jours-pour-le-climat-en-lituanie\/\"},\"wordCount\":508,\"publisher\":{\"@id\":\"https:\/\/www.institutfrancais-lituanie.com\/fr\/#organization\"},\"image\":{\"@id\":\"https:\/\/www.institutfrancais-lituanie.com\/fr\/non-classifiee\/un-mois-pour-la-planete-retour-sur-le-succes-du-projet-30-jours-pour-le-climat-en-lituanie\/#primaryimage\"},\"thumbnailUrl\":\"https:\/\/www.institutfrancais-lituanie.com\/wp-content\/uploads\/2025\/06\/2-e1749459586993.jpg\",\"articleSection\":[\"Non classifi\u00e9(e)\"],\"inLanguage\":\"fr-FR\"},{\"@type\":\"WebPage\",\"@id\":\"https:\/\/www.institutfrancais-lituanie.com\/fr\/non-classifiee\/un-mois-pour-la-planete-retour-sur-le-succes-du-projet-30-jours-pour-le-climat-en-lituanie\/\",\"url\":\"https:\/\/www.institutfrancais-lituanie.com\/fr\/non-classifiee\/un-mois-pour-la-planete-retour-sur-le-succes-du-projet-30-jours-pour-le-climat-en-lituanie\/\",\"name\":\"Un mois pour la plan\u00e8te : retour sur le succ\u00e8s du projet \u00ab 30 jours pour le climat \u00bb en Lituanie - IF Lituanie\",\"isPartOf\":{\"@id\":\"https:\/\/www.institutfrancais-lituanie.com\/fr\/#website\"},\"primaryImageOfPage\":{\"@id\":\"https:\/\/www.institutfrancais-lituanie.com\/fr\/non-classifiee\/un-mois-pour-la-planete-retour-sur-le-succes-du-projet-30-jours-pour-le-climat-en-lituanie\/#primaryimage\"},\"image\":{\"@id\":\"https:\/\/www.institutfrancais-lituanie.com\/fr\/non-classifiee\/un-mois-pour-la-planete-retour-sur-le-succes-du-projet-30-jours-pour-le-climat-en-lituanie\/#primaryimage\"},\"thumbnailUrl\":\"https:\/\/www.institutfrancais-lituanie.com\/wp-content\/uploads\/2025\/06\/2-e1749459586993.jpg\",\"datePublished\":\"2025-06-09T08:59:57+00:00\",\"dateModified\":\"2025-06-09T09:00:08+00:00\",\"breadcrumb\":{\"@id\":\"https:\/\/www.institutfrancais-lituanie.com\/fr\/non-classifiee\/un-mois-pour-la-planete-retour-sur-le-succes-du-projet-30-jours-pour-le-climat-en-lituanie\/#breadcrumb\"},\"inLanguage\":\"fr-FR\",\"potentialAction\":[{\"@type\":\"ReadAction\",\"target\":[\"https:\/\/www.institutfrancais-lituanie.com\/fr\/non-classifiee\/un-mois-pour-la-planete-retour-sur-le-succes-du-projet-30-jours-pour-le-climat-en-lituanie\/\"]}]},{\"@type\":\"ImageObject\",\"inLanguage\":\"fr-FR\",\"@id\":\"https:\/\/www.institutfrancais-lituanie.com\/fr\/non-classifiee\/un-mois-pour-la-planete-retour-sur-le-succes-du-projet-30-jours-pour-le-climat-en-lituanie\/#primaryimage\",\"url\":\"https:\/\/www.institutfrancais-lituanie.com\/wp-content\/uploads\/2025\/06\/2-e1749459586993.jpg\",\"contentUrl\":\"https:\/\/www.institutfrancais-lituanie.com\/wp-content\/uploads\/2025\/06\/2-e1749459586993.jpg\",\"width\":1295,\"height\":826},{\"@type\":\"BreadcrumbList\",\"@id\":\"https:\/\/www.institutfrancais-lituanie.com\/fr\/non-classifiee\/un-mois-pour-la-planete-retour-sur-le-succes-du-projet-30-jours-pour-le-climat-en-lituanie\/#breadcrumb\",\"itemListElement\":[{\"@type\":\"ListItem\",\"position\":1,\"name\":\"Home\",\"item\":\"https:\/\/www.institutfrancais-lituanie.com\/fr\/\"},{\"@type\":\"ListItem\",\"position\":2,\"name\":\"Un mois pour la plan\u00e8te : retour sur le succ\u00e8s du projet \u00ab 30 jours pour le climat \u00bb en Lituanie\"}]},{\"@type\":\"WebSite\",\"@id\":\"https:\/\/www.institutfrancais-lituanie.com\/fr\/#website\",\"url\":\"https:\/\/www.institutfrancais-lituanie.com\/fr\/\",\"name\":\"IF Lituanie\",\"description\":\"Pranc\u016bz\u0173 kalbos kursai, kult\u016bra, mediateka...\",\"publisher\":{\"@id\":\"https:\/\/www.institutfrancais-lituanie.com\/fr\/#organization\"},\"potentialAction\":[{\"@type\":\"SearchAction\",\"target\":{\"@type\":\"EntryPoint\",\"urlTemplate\":\"https:\/\/www.institutfrancais-lituanie.com\/fr\/?s={search_term_string}\"},\"query-input\":\"required name=search_term_string\"}],\"inLanguage\":\"fr-FR\"},{\"@type\":\"Organization\",\"@id\":\"https:\/\/www.institutfrancais-lituanie.com\/fr\/#organization\",\"name\":\"Pranc\u016bz\u0173 institutas\",\"url\":\"https:\/\/www.institutfrancais-lituanie.com\/fr\/\",\"logo\":{\"@type\":\"ImageObject\",\"inLanguage\":\"fr-FR\",\"@id\":\"https:\/\/www.institutfrancais-lituanie.com\/fr\/#\/schema\/logo\/image\/\",\"url\":\"https:\/\/www.institutfrancais-lituanie.com\/wp-content\/uploads\/2023\/04\/IF_Logo-Lituanie-RVB.jpg\",\"contentUrl\":\"https:\/\/www.institutfrancais-lituanie.com\/wp-content\/uploads\/2023\/04\/IF_Logo-Lituanie-RVB.jpg\",\"width\":827,\"height\":555,\"caption\":\"Pranc\u016bz\u0173 institutas\"},\"image\":{\"@id\":\"https:\/\/www.institutfrancais-lituanie.com\/fr\/#\/schema\/logo\/image\/\"},\"sameAs\":[\"https:\/\/www.facebook.com\/prancuzuinstitutas\/\",\"https:\/\/www.instagram.com\/institut_francais_lituanie\/\"]},{\"@type\":\"Person\",\"@id\":\"https:\/\/www.institutfrancais-lituanie.com\/fr\/#\/schema\/person\/32b95cf77fc2963ebd875802e2d04457\",\"name\":\"Julija Petrosiute\",\"image\":{\"@type\":\"ImageObject\",\"inLanguage\":\"fr-FR\",\"@id\":\"https:\/\/www.institutfrancais-lituanie.com\/fr\/#\/schema\/person\/image\/\",\"url\":\"https:\/\/secure.gravatar.com\/avatar\/2210bf9289c3642e86c1bf97d9ad11dc?s=96&d=mm&r=g\",\"contentUrl\":\"https:\/\/secure.gravatar.com\/avatar\/2210bf9289c3642e86c1bf97d9ad11dc?s=96&d=mm&r=g\",\"caption\":\"Julija Petrosiute\"},\"url\":\"https:\/\/www.institutfrancais-lituanie.com\/fr\/author\/julija24\/\"}]}<\/script>\n<!-- \/ Yoast SEO plugin. -->","yoast_head_json":{"title":"Un mois pour la plan\u00e8te : retour sur le succ\u00e8s du projet \u00ab 30 jours pour le climat \u00bb en Lituanie - IF Lituanie","robots":{"index":"index","follow":"follow","max-snippet":"max-snippet:-1","max-image-preview":"max-image-preview:large","max-video-preview":"max-video-preview:-1"},"canonical":"https:\/\/www.institutfrancais-lituanie.com\/fr\/non-classifiee\/un-mois-pour-la-planete-retour-sur-le-succes-du-projet-30-jours-pour-le-climat-en-lituanie\/","og_locale":"fr_FR","og_type":"article","og_title":"Un mois pour la plan\u00e8te : retour sur le succ\u00e8s du projet \u00ab 30 jours pour le climat \u00bb en Lituanie - IF Lituanie","og_description":"Le projet \u00ab 30 jours pour le climat \u00bb, lanc\u00e9 en Lituanie au printemps 2025,&hellip;","og_url":"https:\/\/www.institutfrancais-lituanie.com\/fr\/non-classifiee\/un-mois-pour-la-planete-retour-sur-le-succes-du-projet-30-jours-pour-le-climat-en-lituanie\/","og_site_name":"IF Lituanie","article_publisher":"https:\/\/www.facebook.com\/prancuzuinstitutas\/","article_published_time":"2025-06-09T08:59:57+00:00","article_modified_time":"2025-06-09T09:00:08+00:00","og_image":[{"width":1295,"height":826,"url":"https:\/\/www.institutfrancais-lituanie.com\/wp-content\/uploads\/2025\/06\/2-e1749459586993.jpg","type":"image\/jpeg"}],"author":"Julija Petrosiute","twitter_card":"summary_large_image","twitter_misc":{"Written by":"Julija Petrosiute","Est. reading time":"3 minutes"},"schema":{"@context":"https:\/\/schema.org","@graph":[{"@type":"Article","@id":"https:\/\/www.institutfrancais-lituanie.com\/fr\/non-classifiee\/un-mois-pour-la-planete-retour-sur-le-succes-du-projet-30-jours-pour-le-climat-en-lituanie\/#article","isPartOf":{"@id":"https:\/\/www.institutfrancais-lituanie.com\/fr\/non-classifiee\/un-mois-pour-la-planete-retour-sur-le-succes-du-projet-30-jours-pour-le-climat-en-lituanie\/"},"author":{"name":"Julija Petrosiute","@id":"https:\/\/www.institutfrancais-lituanie.com\/fr\/#\/schema\/person\/32b95cf77fc2963ebd875802e2d04457"},"headline":"Un mois pour la plan\u00e8te : retour sur le succ\u00e8s du projet \u00ab 30 jours pour le climat \u00bb en Lituanie","datePublished":"2025-06-09T08:59:57+00:00","dateModified":"2025-06-09T09:00:08+00:00","mainEntityOfPage":{"@id":"https:\/\/www.institutfrancais-lituanie.com\/fr\/non-classifiee\/un-mois-pour-la-planete-retour-sur-le-succes-du-projet-30-jours-pour-le-climat-en-lituanie\/"},"wordCount":508,"publisher":{"@id":"https:\/\/www.institutfrancais-lituanie.com\/fr\/#organization"},"image":{"@id":"https:\/\/www.institutfrancais-lituanie.com\/fr\/non-classifiee\/un-mois-pour-la-planete-retour-sur-le-succes-du-projet-30-jours-pour-le-climat-en-lituanie\/#primaryimage"},"thumbnailUrl":"https:\/\/www.institutfrancais-lituanie.com\/wp-content\/uploads\/2025\/06\/2-e1749459586993.jpg","articleSection":["Non classifi\u00e9(e)"],"inLanguage":"fr-FR"},{"@type":"WebPage","@id":"https:\/\/www.institutfrancais-lituanie.com\/fr\/non-classifiee\/un-mois-pour-la-planete-retour-sur-le-succes-du-projet-30-jours-pour-le-climat-en-lituanie\/","url":"https:\/\/www.institutfrancais-lituanie.com\/fr\/non-classifiee\/un-mois-pour-la-planete-retour-sur-le-succes-du-projet-30-jours-pour-le-climat-en-lituanie\/","name":"Un mois pour la plan\u00e8te : retour sur le succ\u00e8s du projet \u00ab 30 jours pour le climat \u00bb en Lituanie - IF Lituanie","isPartOf":{"@id":"https:\/\/www.institutfrancais-lituanie.com\/fr\/#website"},"primaryImageOfPage":{"@id":"https:\/\/www.institutfrancais-lituanie.com\/fr\/non-classifiee\/un-mois-pour-la-planete-retour-sur-le-succes-du-projet-30-jours-pour-le-climat-en-lituanie\/#primaryimage"},"image":{"@id":"https:\/\/www.institutfrancais-lituanie.com\/fr\/non-classifiee\/un-mois-pour-la-planete-retour-sur-le-succes-du-projet-30-jours-pour-le-climat-en-lituanie\/#primaryimage"},"thumbnailUrl":"https:\/\/www.institutfrancais-lituanie.com\/wp-content\/uploads\/2025\/06\/2-e1749459586993.jpg","datePublished":"2025-06-09T08:59:57+00:00","dateModified":"2025-06-09T09:00:08+00:00","breadcrumb":{"@id":"https:\/\/www.institutfrancais-lituanie.com\/fr\/non-classifiee\/un-mois-pour-la-planete-retour-sur-le-succes-du-projet-30-jours-pour-le-climat-en-lituanie\/#breadcrumb"},"inLanguage":"fr-FR","potentialAction":[{"@type":"ReadAction","target":["https:\/\/www.institutfrancais-lituanie.com\/fr\/non-classifiee\/un-mois-pour-la-planete-retour-sur-le-succes-du-projet-30-jours-pour-le-climat-en-lituanie\/"]}]},{"@type":"ImageObject","inLanguage":"fr-FR","@id":"https:\/\/www.institutfrancais-lituanie.com\/fr\/non-classifiee\/un-mois-pour-la-planete-retour-sur-le-succes-du-projet-30-jours-pour-le-climat-en-lituanie\/#primaryimage","url":"https:\/\/www.institutfrancais-lituanie.com\/wp-content\/uploads\/2025\/06\/2-e1749459586993.jpg","contentUrl":"https:\/\/www.institutfrancais-lituanie.com\/wp-content\/uploads\/2025\/06\/2-e1749459586993.jpg","width":1295,"height":826},{"@type":"BreadcrumbList","@id":"https:\/\/www.institutfrancais-lituanie.com\/fr\/non-classifiee\/un-mois-pour-la-planete-retour-sur-le-succes-du-projet-30-jours-pour-le-climat-en-lituanie\/#breadcrumb","itemListElement":[{"@type":"ListItem","position":1,"name":"Home","item":"https:\/\/www.institutfrancais-lituanie.com\/fr\/"},{"@type":"ListItem","position":2,"name":"Un mois pour la plan\u00e8te : retour sur le succ\u00e8s du projet \u00ab 30 jours pour le climat \u00bb en Lituanie"}]},{"@type":"WebSite","@id":"https:\/\/www.institutfrancais-lituanie.com\/fr\/#website","url":"https:\/\/www.institutfrancais-lituanie.com\/fr\/","name":"IF Lituanie","description":"Pranc\u016bz\u0173 kalbos kursai, kult\u016bra, mediateka...","publisher":{"@id":"https:\/\/www.institutfrancais-lituanie.com\/fr\/#organization"},"potentialAction":[{"@type":"SearchAction","target":{"@type":"EntryPoint","urlTemplate":"https:\/\/www.institutfrancais-lituanie.com\/fr\/?s={search_term_string}"},"query-input":"required name=search_term_string"}],"inLanguage":"fr-FR"},{"@type":"Organization","@id":"https:\/\/www.institutfrancais-lituanie.com\/fr\/#organization","name":"Pranc\u016bz\u0173 institutas","url":"https:\/\/www.institutfrancais-lituanie.com\/fr\/","logo":{"@type":"ImageObject","inLanguage":"fr-FR","@id":"https:\/\/www.institutfrancais-lituanie.com\/fr\/#\/schema\/logo\/image\/","url":"https:\/\/www.institutfrancais-lituanie.com\/wp-content\/uploads\/2023\/04\/IF_Logo-Lituanie-RVB.jpg","contentUrl":"https:\/\/www.institutfrancais-lituanie.com\/wp-content\/uploads\/2023\/04\/IF_Logo-Lituanie-RVB.jpg","width":827,"height":555,"caption":"Pranc\u016bz\u0173 institutas"},"image":{"@id":"https:\/\/www.institutfrancais-lituanie.com\/fr\/#\/schema\/logo\/image\/"},"sameAs":["https:\/\/www.facebook.com\/prancuzuinstitutas\/","https:\/\/www.instagram.com\/institut_francais_lituanie\/"]},{"@type":"Person","@id":"https:\/\/www.institutfrancais-lituanie.com\/fr\/#\/schema\/person\/32b95cf77fc2963ebd875802e2d04457","name":"Julija Petrosiute","image":{"@type":"ImageObject","inLanguage":"fr-FR","@id":"https:\/\/www.institutfrancais-lituanie.com\/fr\/#\/schema\/person\/image\/","url":"https:\/\/secure.gravatar.com\/avatar\/2210bf9289c3642e86c1bf97d9ad11dc?s=96&d=mm&r=g","contentUrl":"https:\/\/secure.gravatar.com\/avatar\/2210bf9289c3642e86c1bf97d9ad11dc?s=96&d=mm&r=g","caption":"Julija Petrosiute"},"url":"https:\/\/www.institutfrancais-lituanie.com\/fr\/author\/julija24\/"}]}},"_links":{"self":[{"href":"https:\/\/www.institutfrancais-lituanie.com\/fr\/wp-json\/wp\/v2\/posts\/17041"}],"collection":[{"href":"https:\/\/www.institutfrancais-lituanie.com\/fr\/wp-json\/wp\/v2\/posts"}],"about":[{"href":"https:\/\/www.institutfrancais-lituanie.com\/fr\/wp-json\/wp\/v2\/types\/post"}],"author":[{"embeddable":true,"href":"https:\/\/www.institutfrancais-lituanie.com\/fr\/wp-json\/wp\/v2\/users\/13"}],"replies":[{"embeddable":true,"href":"https:\/\/www.institutfrancais-lituanie.com\/fr\/wp-json\/wp\/v2\/comments?post=17041"}],"version-history":[{"count":1,"href":"https:\/\/www.institutfrancais-lituanie.com\/fr\/wp-json\/wp\/v2\/posts\/17041\/revisions"}],"predecessor-version":[{"id":17044,"href":"https:\/\/www.institutfrancais-lituanie.com\/fr\/wp-json\/wp\/v2\/posts\/17041\/revisions\/17044"}],"wp:featuredmedia":[{"embeddable":true,"href":"https:\/\/www.institutfrancais-lituanie.com\/fr\/wp-json\/wp\/v2\/media\/17042"}],"wp:attachment":[{"href":"https:\/\/www.institutfrancais-lituanie.com\/fr\/wp-json\/wp\/v2\/media?parent=17041"}],"wp:term":[{"taxonomy":"category","embeddable":true,"href":"https:\/\/www.institutfrancais-lituanie.com\/fr\/wp-json\/wp\/v2\/categories?post=17041"},{"taxonomy":"post_tag","embeddable":true,"href":"https:\/\/www.institutfrancais-lituanie.com\/fr\/wp-json\/wp\/v2\/tags?post=17041"}],"curies":[{"name":"wp","href":"https:\/\/api.w.org\/{rel}","templated":true}]}}