{"id":17029,"date":"2025-06-04T13:58:24","date_gmt":"2025-06-04T13:58:24","guid":{"rendered":"https:\/\/www.institutfrancais-lituanie.com\/?p=17029"},"modified":"2025-06-04T13:58:24","modified_gmt":"2025-06-04T13:58:24","slug":"nuit-de-la-culture-2025-a-linstitut-francais-de-lituanie","status":"publish","type":"post","link":"https:\/\/www.institutfrancais-lituanie.com\/fr\/en-cours\/nuit-de-la-culture-2025-a-linstitut-francais-de-lituanie\/","title":{"rendered":"\u00ab\u00a0Nuit de la Culture 2025\u00a0\u00bb \u00e0 l\u2019Institut fran\u00e7ais de Lituanie"},"content":{"rendered":"<p><strong>Vendredi 13 juin de 18h30\u00a0\u00e0 20h<\/strong><\/p>\n<p>L&#8217;Institut fran\u00e7ais de Lituanie participe \u00e0 la \u00ab\u00a0Nuit de la Culture\u00a0\u00bb, vendredi 13 juin !<\/p>\n<p>Le 13 juin, Vilnius sera tenue \u00e9veill\u00e9e par le festival annuel de culture et d&#8217;art \u00ab Nuit de la Culture \u00bb 2025. Le slogan du festival de cette ann\u00e9e &#8211; \u00ab Explorer l&#8217;obscurit\u00e9 \u00bb &#8211; invitera les habitants et les visiteurs de Vilnius \u00e0 consid\u00e9rer Vilnius la nuit comme un catalogue d&#8217;\u00e9v\u00e9nements et \u00e0 choisir ce qu&#8217;ils trouvent le plus int\u00e9ressant.<\/p>\n<p><strong>De 18h30 \u00e0 20h<\/strong>, nous vous invitons \u00e0 venir c\u00e9l\u00e9brer la litt\u00e9rature fran\u00e7aise dans la cour de l&#8217;Institut, des extraits seront lus en fran\u00e7ais et en lituanien, \u00e0 partir de textes d&#8217;auteurs fran\u00e7ais. La soir\u00e9e sera anim\u00e9e par l&#8217;acteur Andrius Bialob\u017eeskis et l\u2018accord\u00e9oniste Edgaras Did\u017epinigaitis.<\/p>\n<p><strong>De 19h \u00e0 21h<\/strong>, assistez \u00e0 une s\u00e9rie de projections de court-m\u00e9trages dans notre salle de cin\u00e9ma ! Entr\u00e9e libre et gratuite.<\/p>\n<p>Programme du festival\u00a0: <a href=\"https:\/\/kulturosnaktis.lt\/\">https:\/\/kulturosnaktis.lt\/<\/a><\/p>\n","protected":false},"excerpt":{"rendered":"<p>Vendredi 13 juin de 18h30\u00a0\u00e0 20h L&#8217;Institut fran\u00e7ais de Lituanie participe \u00e0 la \u00ab\u00a0Nuit de&hellip;<\/p>\n","protected":false},"author":13,"featured_media":17027,"comment_status":"closed","ping_status":"open","sticky":false,"template":"","format":"standard","meta":{"footnotes":""},"categories":[57,105],"tags":[],"class_list":["post-17029","post","type-post","status-publish","format-standard","has-post-thumbnail","hentry","category-en-cours","category-journees-de-la-culture"],"yoast_head":"<!-- This site is optimized with the Yoast SEO plugin v23.2 - https:\/\/yoast.com\/wordpress\/plugins\/seo\/ -->\n<title>\u00ab\u00a0Nuit de la Culture 2025\u00a0\u00bb \u00e0 l\u2019Institut fran\u00e7ais de Lituanie - IF Lituanie<\/title>\n<meta name=\"robots\" content=\"index, follow, max-snippet:-1, max-image-preview:large, max-video-preview:-1\" \/>\n<link rel=\"canonical\" href=\"https:\/\/www.institutfrancais-lituanie.com\/fr\/en-cours\/nuit-de-la-culture-2025-a-linstitut-francais-de-lituanie\/\" \/>\n<meta property=\"og:locale\" content=\"fr_FR\" \/>\n<meta property=\"og:type\" content=\"article\" \/>\n<meta property=\"og:title\" content=\"\u00ab\u00a0Nuit de la Culture 2025\u00a0\u00bb \u00e0 l\u2019Institut fran\u00e7ais de Lituanie - IF Lituanie\" \/>\n<meta property=\"og:description\" content=\"Vendredi 13 juin de 18h30\u00a0\u00e0 20h L&#8217;Institut fran\u00e7ais de Lituanie participe \u00e0 la \u00ab\u00a0Nuit de&hellip;\" \/>\n<meta property=\"og:url\" content=\"https:\/\/www.institutfrancais-lituanie.com\/fr\/en-cours\/nuit-de-la-culture-2025-a-linstitut-francais-de-lituanie\/\" \/>\n<meta property=\"og:site_name\" content=\"IF Lituanie\" \/>\n<meta property=\"article:publisher\" content=\"https:\/\/www.facebook.com\/prancuzuinstitutas\/\" \/>\n<meta property=\"article:published_time\" content=\"2025-06-04T13:58:24+00:00\" \/>\n<meta property=\"og:image\" content=\"https:\/\/www.institutfrancais-lituanie.com\/wp-content\/uploads\/2025\/06\/vilnius-events.lt-vizualu-formatas-2-e1749043931560.png\" \/>\n\t<meta property=\"og:image:width\" content=\"750\" \/>\n\t<meta property=\"og:image:height\" content=\"600\" \/>\n\t<meta property=\"og:image:type\" content=\"image\/png\" \/>\n<meta name=\"author\" content=\"Julija Petrosiute\" \/>\n<meta name=\"twitter:card\" content=\"summary_large_image\" \/>\n<meta name=\"twitter:label1\" content=\"Written by\" \/>\n\t<meta name=\"twitter:data1\" content=\"Julija Petrosiute\" \/>\n\t<meta name=\"twitter:label2\" content=\"Est. reading time\" \/>\n\t<meta name=\"twitter:data2\" content=\"1 minute\" \/>\n<script type=\"application\/ld+json\" class=\"yoast-schema-graph\">{\"@context\":\"https:\/\/schema.org\",\"@graph\":[{\"@type\":\"Article\",\"@id\":\"https:\/\/www.institutfrancais-lituanie.com\/fr\/en-cours\/nuit-de-la-culture-2025-a-linstitut-francais-de-lituanie\/#article\",\"isPartOf\":{\"@id\":\"https:\/\/www.institutfrancais-lituanie.com\/fr\/en-cours\/nuit-de-la-culture-2025-a-linstitut-francais-de-lituanie\/\"},\"author\":{\"name\":\"Julija Petrosiute\",\"@id\":\"https:\/\/www.institutfrancais-lituanie.com\/fr\/#\/schema\/person\/32b95cf77fc2963ebd875802e2d04457\"},\"headline\":\"\u00ab\u00a0Nuit de la Culture 2025\u00a0\u00bb \u00e0 l\u2019Institut fran\u00e7ais de Lituanie\",\"datePublished\":\"2025-06-04T13:58:24+00:00\",\"dateModified\":\"2025-06-04T13:58:24+00:00\",\"mainEntityOfPage\":{\"@id\":\"https:\/\/www.institutfrancais-lituanie.com\/fr\/en-cours\/nuit-de-la-culture-2025-a-linstitut-francais-de-lituanie\/\"},\"wordCount\":170,\"publisher\":{\"@id\":\"https:\/\/www.institutfrancais-lituanie.com\/fr\/#organization\"},\"image\":{\"@id\":\"https:\/\/www.institutfrancais-lituanie.com\/fr\/en-cours\/nuit-de-la-culture-2025-a-linstitut-francais-de-lituanie\/#primaryimage\"},\"thumbnailUrl\":\"https:\/\/www.institutfrancais-lituanie.com\/wp-content\/uploads\/2025\/06\/vilnius-events.lt-vizualu-formatas-2-e1749043931560.png\",\"articleSection\":[\"Ev\u00e9nements\",\"Journ\u00e9es de la culture\"],\"inLanguage\":\"fr-FR\"},{\"@type\":\"WebPage\",\"@id\":\"https:\/\/www.institutfrancais-lituanie.com\/fr\/en-cours\/nuit-de-la-culture-2025-a-linstitut-francais-de-lituanie\/\",\"url\":\"https:\/\/www.institutfrancais-lituanie.com\/fr\/en-cours\/nuit-de-la-culture-2025-a-linstitut-francais-de-lituanie\/\",\"name\":\"\u00ab\u00a0Nuit de la Culture 2025\u00a0\u00bb \u00e0 l\u2019Institut fran\u00e7ais de Lituanie - IF Lituanie\",\"isPartOf\":{\"@id\":\"https:\/\/www.institutfrancais-lituanie.com\/fr\/#website\"},\"primaryImageOfPage\":{\"@id\":\"https:\/\/www.institutfrancais-lituanie.com\/fr\/en-cours\/nuit-de-la-culture-2025-a-linstitut-francais-de-lituanie\/#primaryimage\"},\"image\":{\"@id\":\"https:\/\/www.institutfrancais-lituanie.com\/fr\/en-cours\/nuit-de-la-culture-2025-a-linstitut-francais-de-lituanie\/#primaryimage\"},\"thumbnailUrl\":\"https:\/\/www.institutfrancais-lituanie.com\/wp-content\/uploads\/2025\/06\/vilnius-events.lt-vizualu-formatas-2-e1749043931560.png\",\"datePublished\":\"2025-06-04T13:58:24+00:00\",\"dateModified\":\"2025-06-04T13:58:24+00:00\",\"breadcrumb\":{\"@id\":\"https:\/\/www.institutfrancais-lituanie.com\/fr\/en-cours\/nuit-de-la-culture-2025-a-linstitut-francais-de-lituanie\/#breadcrumb\"},\"inLanguage\":\"fr-FR\",\"potentialAction\":[{\"@type\":\"ReadAction\",\"target\":[\"https:\/\/www.institutfrancais-lituanie.com\/fr\/en-cours\/nuit-de-la-culture-2025-a-linstitut-francais-de-lituanie\/\"]}]},{\"@type\":\"ImageObject\",\"inLanguage\":\"fr-FR\",\"@id\":\"https:\/\/www.institutfrancais-lituanie.com\/fr\/en-cours\/nuit-de-la-culture-2025-a-linstitut-francais-de-lituanie\/#primaryimage\",\"url\":\"https:\/\/www.institutfrancais-lituanie.com\/wp-content\/uploads\/2025\/06\/vilnius-events.lt-vizualu-formatas-2-e1749043931560.png\",\"contentUrl\":\"https:\/\/www.institutfrancais-lituanie.com\/wp-content\/uploads\/2025\/06\/vilnius-events.lt-vizualu-formatas-2-e1749043931560.png\",\"width\":750,\"height\":600},{\"@type\":\"BreadcrumbList\",\"@id\":\"https:\/\/www.institutfrancais-lituanie.com\/fr\/en-cours\/nuit-de-la-culture-2025-a-linstitut-francais-de-lituanie\/#breadcrumb\",\"itemListElement\":[{\"@type\":\"ListItem\",\"position\":1,\"name\":\"Home\",\"item\":\"https:\/\/www.institutfrancais-lituanie.com\/fr\/\"},{\"@type\":\"ListItem\",\"position\":2,\"name\":\"\u00ab\u00a0Nuit de la Culture 2025\u00a0\u00bb \u00e0 l\u2019Institut fran\u00e7ais de Lituanie\"}]},{\"@type\":\"WebSite\",\"@id\":\"https:\/\/www.institutfrancais-lituanie.com\/fr\/#website\",\"url\":\"https:\/\/www.institutfrancais-lituanie.com\/fr\/\",\"name\":\"IF Lituanie\",\"description\":\"Pranc\u016bz\u0173 kalbos kursai, kult\u016bra, mediateka...\",\"publisher\":{\"@id\":\"https:\/\/www.institutfrancais-lituanie.com\/fr\/#organization\"},\"potentialAction\":[{\"@type\":\"SearchAction\",\"target\":{\"@type\":\"EntryPoint\",\"urlTemplate\":\"https:\/\/www.institutfrancais-lituanie.com\/fr\/?s={search_term_string}\"},\"query-input\":\"required name=search_term_string\"}],\"inLanguage\":\"fr-FR\"},{\"@type\":\"Organization\",\"@id\":\"https:\/\/www.institutfrancais-lituanie.com\/fr\/#organization\",\"name\":\"Pranc\u016bz\u0173 institutas\",\"url\":\"https:\/\/www.institutfrancais-lituanie.com\/fr\/\",\"logo\":{\"@type\":\"ImageObject\",\"inLanguage\":\"fr-FR\",\"@id\":\"https:\/\/www.institutfrancais-lituanie.com\/fr\/#\/schema\/logo\/image\/\",\"url\":\"https:\/\/www.institutfrancais-lituanie.com\/wp-content\/uploads\/2023\/04\/IF_Logo-Lituanie-RVB.jpg\",\"contentUrl\":\"https:\/\/www.institutfrancais-lituanie.com\/wp-content\/uploads\/2023\/04\/IF_Logo-Lituanie-RVB.jpg\",\"width\":827,\"height\":555,\"caption\":\"Pranc\u016bz\u0173 institutas\"},\"image\":{\"@id\":\"https:\/\/www.institutfrancais-lituanie.com\/fr\/#\/schema\/logo\/image\/\"},\"sameAs\":[\"https:\/\/www.facebook.com\/prancuzuinstitutas\/\",\"https:\/\/www.instagram.com\/institut_francais_lituanie\/\"]},{\"@type\":\"Person\",\"@id\":\"https:\/\/www.institutfrancais-lituanie.com\/fr\/#\/schema\/person\/32b95cf77fc2963ebd875802e2d04457\",\"name\":\"Julija Petrosiute\",\"image\":{\"@type\":\"ImageObject\",\"inLanguage\":\"fr-FR\",\"@id\":\"https:\/\/www.institutfrancais-lituanie.com\/fr\/#\/schema\/person\/image\/\",\"url\":\"https:\/\/secure.gravatar.com\/avatar\/2210bf9289c3642e86c1bf97d9ad11dc?s=96&d=mm&r=g\",\"contentUrl\":\"https:\/\/secure.gravatar.com\/avatar\/2210bf9289c3642e86c1bf97d9ad11dc?s=96&d=mm&r=g\",\"caption\":\"Julija Petrosiute\"},\"url\":\"https:\/\/www.institutfrancais-lituanie.com\/fr\/author\/julija24\/\"}]}<\/script>\n<!-- \/ Yoast SEO plugin. -->","yoast_head_json":{"title":"\u00ab\u00a0Nuit de la Culture 2025\u00a0\u00bb \u00e0 l\u2019Institut fran\u00e7ais de Lituanie - IF Lituanie","robots":{"index":"index","follow":"follow","max-snippet":"max-snippet:-1","max-image-preview":"max-image-preview:large","max-video-preview":"max-video-preview:-1"},"canonical":"https:\/\/www.institutfrancais-lituanie.com\/fr\/en-cours\/nuit-de-la-culture-2025-a-linstitut-francais-de-lituanie\/","og_locale":"fr_FR","og_type":"article","og_title":"\u00ab\u00a0Nuit de la Culture 2025\u00a0\u00bb \u00e0 l\u2019Institut fran\u00e7ais de Lituanie - IF Lituanie","og_description":"Vendredi 13 juin de 18h30\u00a0\u00e0 20h L&#8217;Institut fran\u00e7ais de Lituanie participe \u00e0 la \u00ab\u00a0Nuit de&hellip;","og_url":"https:\/\/www.institutfrancais-lituanie.com\/fr\/en-cours\/nuit-de-la-culture-2025-a-linstitut-francais-de-lituanie\/","og_site_name":"IF Lituanie","article_publisher":"https:\/\/www.facebook.com\/prancuzuinstitutas\/","article_published_time":"2025-06-04T13:58:24+00:00","og_image":[{"width":750,"height":600,"url":"https:\/\/www.institutfrancais-lituanie.com\/wp-content\/uploads\/2025\/06\/vilnius-events.lt-vizualu-formatas-2-e1749043931560.png","type":"image\/png"}],"author":"Julija Petrosiute","twitter_card":"summary_large_image","twitter_misc":{"Written by":"Julija Petrosiute","Est. reading time":"1 minute"},"schema":{"@context":"https:\/\/schema.org","@graph":[{"@type":"Article","@id":"https:\/\/www.institutfrancais-lituanie.com\/fr\/en-cours\/nuit-de-la-culture-2025-a-linstitut-francais-de-lituanie\/#article","isPartOf":{"@id":"https:\/\/www.institutfrancais-lituanie.com\/fr\/en-cours\/nuit-de-la-culture-2025-a-linstitut-francais-de-lituanie\/"},"author":{"name":"Julija Petrosiute","@id":"https:\/\/www.institutfrancais-lituanie.com\/fr\/#\/schema\/person\/32b95cf77fc2963ebd875802e2d04457"},"headline":"\u00ab\u00a0Nuit de la Culture 2025\u00a0\u00bb \u00e0 l\u2019Institut fran\u00e7ais de Lituanie","datePublished":"2025-06-04T13:58:24+00:00","dateModified":"2025-06-04T13:58:24+00:00","mainEntityOfPage":{"@id":"https:\/\/www.institutfrancais-lituanie.com\/fr\/en-cours\/nuit-de-la-culture-2025-a-linstitut-francais-de-lituanie\/"},"wordCount":170,"publisher":{"@id":"https:\/\/www.institutfrancais-lituanie.com\/fr\/#organization"},"image":{"@id":"https:\/\/www.institutfrancais-lituanie.com\/fr\/en-cours\/nuit-de-la-culture-2025-a-linstitut-francais-de-lituanie\/#primaryimage"},"thumbnailUrl":"https:\/\/www.institutfrancais-lituanie.com\/wp-content\/uploads\/2025\/06\/vilnius-events.lt-vizualu-formatas-2-e1749043931560.png","articleSection":["Ev\u00e9nements","Journ\u00e9es de la culture"],"inLanguage":"fr-FR"},{"@type":"WebPage","@id":"https:\/\/www.institutfrancais-lituanie.com\/fr\/en-cours\/nuit-de-la-culture-2025-a-linstitut-francais-de-lituanie\/","url":"https:\/\/www.institutfrancais-lituanie.com\/fr\/en-cours\/nuit-de-la-culture-2025-a-linstitut-francais-de-lituanie\/","name":"\u00ab\u00a0Nuit de la Culture 2025\u00a0\u00bb \u00e0 l\u2019Institut fran\u00e7ais de Lituanie - IF Lituanie","isPartOf":{"@id":"https:\/\/www.institutfrancais-lituanie.com\/fr\/#website"},"primaryImageOfPage":{"@id":"https:\/\/www.institutfrancais-lituanie.com\/fr\/en-cours\/nuit-de-la-culture-2025-a-linstitut-francais-de-lituanie\/#primaryimage"},"image":{"@id":"https:\/\/www.institutfrancais-lituanie.com\/fr\/en-cours\/nuit-de-la-culture-2025-a-linstitut-francais-de-lituanie\/#primaryimage"},"thumbnailUrl":"https:\/\/www.institutfrancais-lituanie.com\/wp-content\/uploads\/2025\/06\/vilnius-events.lt-vizualu-formatas-2-e1749043931560.png","datePublished":"2025-06-04T13:58:24+00:00","dateModified":"2025-06-04T13:58:24+00:00","breadcrumb":{"@id":"https:\/\/www.institutfrancais-lituanie.com\/fr\/en-cours\/nuit-de-la-culture-2025-a-linstitut-francais-de-lituanie\/#breadcrumb"},"inLanguage":"fr-FR","potentialAction":[{"@type":"ReadAction","target":["https:\/\/www.institutfrancais-lituanie.com\/fr\/en-cours\/nuit-de-la-culture-2025-a-linstitut-francais-de-lituanie\/"]}]},{"@type":"ImageObject","inLanguage":"fr-FR","@id":"https:\/\/www.institutfrancais-lituanie.com\/fr\/en-cours\/nuit-de-la-culture-2025-a-linstitut-francais-de-lituanie\/#primaryimage","url":"https:\/\/www.institutfrancais-lituanie.com\/wp-content\/uploads\/2025\/06\/vilnius-events.lt-vizualu-formatas-2-e1749043931560.png","contentUrl":"https:\/\/www.institutfrancais-lituanie.com\/wp-content\/uploads\/2025\/06\/vilnius-events.lt-vizualu-formatas-2-e1749043931560.png","width":750,"height":600},{"@type":"BreadcrumbList","@id":"https:\/\/www.institutfrancais-lituanie.com\/fr\/en-cours\/nuit-de-la-culture-2025-a-linstitut-francais-de-lituanie\/#breadcrumb","itemListElement":[{"@type":"ListItem","position":1,"name":"Home","item":"https:\/\/www.institutfrancais-lituanie.com\/fr\/"},{"@type":"ListItem","position":2,"name":"\u00ab\u00a0Nuit de la Culture 2025\u00a0\u00bb \u00e0 l\u2019Institut fran\u00e7ais de Lituanie"}]},{"@type":"WebSite","@id":"https:\/\/www.institutfrancais-lituanie.com\/fr\/#website","url":"https:\/\/www.institutfrancais-lituanie.com\/fr\/","name":"IF Lituanie","description":"Pranc\u016bz\u0173 kalbos kursai, kult\u016bra, mediateka...","publisher":{"@id":"https:\/\/www.institutfrancais-lituanie.com\/fr\/#organization"},"potentialAction":[{"@type":"SearchAction","target":{"@type":"EntryPoint","urlTemplate":"https:\/\/www.institutfrancais-lituanie.com\/fr\/?s={search_term_string}"},"query-input":"required name=search_term_string"}],"inLanguage":"fr-FR"},{"@type":"Organization","@id":"https:\/\/www.institutfrancais-lituanie.com\/fr\/#organization","name":"Pranc\u016bz\u0173 institutas","url":"https:\/\/www.institutfrancais-lituanie.com\/fr\/","logo":{"@type":"ImageObject","inLanguage":"fr-FR","@id":"https:\/\/www.institutfrancais-lituanie.com\/fr\/#\/schema\/logo\/image\/","url":"https:\/\/www.institutfrancais-lituanie.com\/wp-content\/uploads\/2023\/04\/IF_Logo-Lituanie-RVB.jpg","contentUrl":"https:\/\/www.institutfrancais-lituanie.com\/wp-content\/uploads\/2023\/04\/IF_Logo-Lituanie-RVB.jpg","width":827,"height":555,"caption":"Pranc\u016bz\u0173 institutas"},"image":{"@id":"https:\/\/www.institutfrancais-lituanie.com\/fr\/#\/schema\/logo\/image\/"},"sameAs":["https:\/\/www.facebook.com\/prancuzuinstitutas\/","https:\/\/www.instagram.com\/institut_francais_lituanie\/"]},{"@type":"Person","@id":"https:\/\/www.institutfrancais-lituanie.com\/fr\/#\/schema\/person\/32b95cf77fc2963ebd875802e2d04457","name":"Julija Petrosiute","image":{"@type":"ImageObject","inLanguage":"fr-FR","@id":"https:\/\/www.institutfrancais-lituanie.com\/fr\/#\/schema\/person\/image\/","url":"https:\/\/secure.gravatar.com\/avatar\/2210bf9289c3642e86c1bf97d9ad11dc?s=96&d=mm&r=g","contentUrl":"https:\/\/secure.gravatar.com\/avatar\/2210bf9289c3642e86c1bf97d9ad11dc?s=96&d=mm&r=g","caption":"Julija Petrosiute"},"url":"https:\/\/www.institutfrancais-lituanie.com\/fr\/author\/julija24\/"}]}},"_links":{"self":[{"href":"https:\/\/www.institutfrancais-lituanie.com\/fr\/wp-json\/wp\/v2\/posts\/17029"}],"collection":[{"href":"https:\/\/www.institutfrancais-lituanie.com\/fr\/wp-json\/wp\/v2\/posts"}],"about":[{"href":"https:\/\/www.institutfrancais-lituanie.com\/fr\/wp-json\/wp\/v2\/types\/post"}],"author":[{"embeddable":true,"href":"https:\/\/www.institutfrancais-lituanie.com\/fr\/wp-json\/wp\/v2\/users\/13"}],"replies":[{"embeddable":true,"href":"https:\/\/www.institutfrancais-lituanie.com\/fr\/wp-json\/wp\/v2\/comments?post=17029"}],"version-history":[{"count":1,"href":"https:\/\/www.institutfrancais-lituanie.com\/fr\/wp-json\/wp\/v2\/posts\/17029\/revisions"}],"predecessor-version":[{"id":17030,"href":"https:\/\/www.institutfrancais-lituanie.com\/fr\/wp-json\/wp\/v2\/posts\/17029\/revisions\/17030"}],"wp:featuredmedia":[{"embeddable":true,"href":"https:\/\/www.institutfrancais-lituanie.com\/fr\/wp-json\/wp\/v2\/media\/17027"}],"wp:attachment":[{"href":"https:\/\/www.institutfrancais-lituanie.com\/fr\/wp-json\/wp\/v2\/media?parent=17029"}],"wp:term":[{"taxonomy":"category","embeddable":true,"href":"https:\/\/www.institutfrancais-lituanie.com\/fr\/wp-json\/wp\/v2\/categories?post=17029"},{"taxonomy":"post_tag","embeddable":true,"href":"https:\/\/www.institutfrancais-lituanie.com\/fr\/wp-json\/wp\/v2\/tags?post=17029"}],"curies":[{"name":"wp","href":"https:\/\/api.w.org\/{rel}","templated":true}]}}