{"id":16970,"date":"2025-05-26T18:30:18","date_gmt":"2025-05-26T18:30:18","guid":{"rendered":"https:\/\/www.institutfrancais-lituanie.com\/?p=16970"},"modified":"2025-05-26T18:52:19","modified_gmt":"2025-05-26T18:52:19","slug":"rencontre-avec-la-litterature-francaise-lors-de-la-nuit-de-la-culture","status":"publish","type":"post","link":"https:\/\/www.institutfrancais-lituanie.com\/fr\/non-classifiee\/rencontre-avec-la-litterature-francaise-lors-de-la-nuit-de-la-culture\/","title":{"rendered":"Rencontre avec la litt\u00e9rature fran\u00e7aise lors de la \u00ab Nuit de la culture \u00bb"},"content":{"rendered":"<div class=\"x11i5rnm xat24cr x1mh8g0r x1vvkbs xtlvy1s x126k92a\">\n<div dir=\"auto\">Pour la quatri\u00e8me ann\u00e9e cons\u00e9cutive, l&#8217;Institut fran\u00e7ais de Lituanie vous invite \u00e0 une rencontre sans engagement avec la litt\u00e9rature fran\u00e7aise lors de la &#8220;Nuit de la culture\u201c.<\/div>\n<div dir=\"auto\"><\/div>\n<div dir=\"auto\">Le 13 juin, de 18h30 \u00e0 20h, l&#8217;Institut fran\u00e7ais organisera les lectures issues d&#8217;oeuvre litt\u00e9raires \u00e0 l&#8217;occasion desquelles des extraits de textes d&#8217;auteurs francophones seront lus en fran\u00e7ais ou en lituanien.<\/div>\n<div dir=\"auto\"><\/div>\n<div dir=\"auto\">Vous avez un po\u00e8me, un texte en prose ou une pi\u00e8ce de th\u00e9\u00e2tre d&#8217;un auteur francophone que vous aimez ? Ou peut-\u00eatre souhaitez-vous simplement vous familiariser avec la litt\u00e9rature francophone ou d\u00e9couvrir de nouvelles \u0153uvres int\u00e9ressantes ? Devenez lecteur !<\/div>\n<\/div>\n<div class=\"x11i5rnm xat24cr x1mh8g0r x1vvkbs xtlvy1s x126k92a\">\n<div dir=\"auto\">Le th\u00e8me de lecture de cette ann\u00e9e est le &#8220;D\u00e9j\u00e0 vu\u201c fran\u00e7ais. Utilis\u00e9e pour la premi\u00e8re fois en 1876 par le philosophe fran\u00e7ais Emile Boirac, cette expression se traduit en fran\u00e7ais par \u00ab d\u00e9j\u00e0 vu \u00bb. Nous vous invitons \u00e0 interpr\u00e9ter ce th\u00e8me librement, en choisissant des textes qui vous \u00e9voquent un sentiment de reconnaissance. Il peut s&#8217;agir de textes que vous avez lus dans le pass\u00e9, mais que vous avez relus cette fois-ci, ou de textes qui d\u00e9crivent des situations ou transmettent des \u00e9motions et des exp\u00e9riences qui vous sont famili\u00e8res et qui vous tiennent \u00e0 c\u0153ur. Les textes ne doivent pas \u00eatre longs, avec un temps de lecture de 5 minutes maximum par lecteur.<\/div>\n<div dir=\"auto\">Il y aura une r\u00e9p\u00e9tition avant les lectures. Celle-ci est pr\u00e9vue dans la soir\u00e9e du jeudi 5 juin.<\/div>\n<div dir=\"auto\">La soir\u00e9e sera anim\u00e9e par l&#8217;acteur Andrius Bialob\u017eeskis.<\/div>\n<div dir=\"auto\">Si vous souhaitez devenir lecteur, veuillez remplir ce formulaire et indiquer les auteurs et les titres des textes que vous avez choisis avant le 2 juin.<\/div>\n<div dir=\"auto\"><\/div>\n<div dir=\"auto\">Nous vous attendons avec impatience !<\/div>\n<\/div>\n","protected":false},"excerpt":{"rendered":"<p>Pour la quatri\u00e8me ann\u00e9e cons\u00e9cutive, l&#8217;Institut fran\u00e7ais de Lituanie vous invite \u00e0 une rencontre sans&hellip;<\/p>\n","protected":false},"author":13,"featured_media":16971,"comment_status":"closed","ping_status":"open","sticky":false,"template":"","format":"standard","meta":{"footnotes":""},"categories":[43],"tags":[],"class_list":["post-16970","post","type-post","status-publish","format-standard","has-post-thumbnail","hentry","category-non-classifiee"],"yoast_head":"<!-- This site is optimized with the Yoast SEO plugin v23.2 - https:\/\/yoast.com\/wordpress\/plugins\/seo\/ -->\n<title>Rencontre avec la litt\u00e9rature fran\u00e7aise lors de la \u00ab Nuit de la culture \u00bb - IF Lituanie<\/title>\n<meta name=\"robots\" content=\"index, follow, max-snippet:-1, max-image-preview:large, max-video-preview:-1\" \/>\n<link rel=\"canonical\" href=\"https:\/\/www.institutfrancais-lituanie.com\/fr\/non-classifiee\/rencontre-avec-la-litterature-francaise-lors-de-la-nuit-de-la-culture\/\" \/>\n<meta property=\"og:locale\" content=\"fr_FR\" \/>\n<meta property=\"og:type\" content=\"article\" \/>\n<meta property=\"og:title\" content=\"Rencontre avec la litt\u00e9rature fran\u00e7aise lors de la \u00ab Nuit de la culture \u00bb - IF Lituanie\" \/>\n<meta property=\"og:description\" content=\"Pour la quatri\u00e8me ann\u00e9e cons\u00e9cutive, l&#8217;Institut fran\u00e7ais de Lituanie vous invite \u00e0 une rencontre sans&hellip;\" \/>\n<meta property=\"og:url\" content=\"https:\/\/www.institutfrancais-lituanie.com\/fr\/non-classifiee\/rencontre-avec-la-litterature-francaise-lors-de-la-nuit-de-la-culture\/\" \/>\n<meta property=\"og:site_name\" content=\"IF Lituanie\" \/>\n<meta property=\"article:publisher\" content=\"https:\/\/www.facebook.com\/prancuzuinstitutas\/\" \/>\n<meta property=\"article:published_time\" content=\"2025-05-26T18:30:18+00:00\" \/>\n<meta property=\"article:modified_time\" content=\"2025-05-26T18:52:19+00:00\" \/>\n<meta property=\"og:image\" content=\"https:\/\/www.institutfrancais-lituanie.com\/wp-content\/uploads\/2025\/05\/Nuotrauka1-Copy-e1748284117221.jpg\" \/>\n\t<meta property=\"og:image:width\" content=\"768\" \/>\n\t<meta property=\"og:image:height\" content=\"486\" \/>\n\t<meta property=\"og:image:type\" content=\"image\/jpeg\" \/>\n<meta name=\"author\" content=\"Julija Petrosiute\" \/>\n<meta name=\"twitter:card\" content=\"summary_large_image\" \/>\n<meta name=\"twitter:label1\" content=\"Written by\" \/>\n\t<meta name=\"twitter:data1\" content=\"Julija Petrosiute\" \/>\n\t<meta name=\"twitter:label2\" content=\"Est. reading time\" \/>\n\t<meta name=\"twitter:data2\" content=\"2 minutes\" \/>\n<script type=\"application\/ld+json\" class=\"yoast-schema-graph\">{\"@context\":\"https:\/\/schema.org\",\"@graph\":[{\"@type\":\"Article\",\"@id\":\"https:\/\/www.institutfrancais-lituanie.com\/fr\/non-classifiee\/rencontre-avec-la-litterature-francaise-lors-de-la-nuit-de-la-culture\/#article\",\"isPartOf\":{\"@id\":\"https:\/\/www.institutfrancais-lituanie.com\/fr\/non-classifiee\/rencontre-avec-la-litterature-francaise-lors-de-la-nuit-de-la-culture\/\"},\"author\":{\"name\":\"Julija Petrosiute\",\"@id\":\"https:\/\/www.institutfrancais-lituanie.com\/fr\/#\/schema\/person\/32b95cf77fc2963ebd875802e2d04457\"},\"headline\":\"Rencontre avec la litt\u00e9rature fran\u00e7aise lors de la \u00ab Nuit de la culture \u00bb\",\"datePublished\":\"2025-05-26T18:30:18+00:00\",\"dateModified\":\"2025-05-26T18:52:19+00:00\",\"mainEntityOfPage\":{\"@id\":\"https:\/\/www.institutfrancais-lituanie.com\/fr\/non-classifiee\/rencontre-avec-la-litterature-francaise-lors-de-la-nuit-de-la-culture\/\"},\"wordCount\":308,\"publisher\":{\"@id\":\"https:\/\/www.institutfrancais-lituanie.com\/fr\/#organization\"},\"image\":{\"@id\":\"https:\/\/www.institutfrancais-lituanie.com\/fr\/non-classifiee\/rencontre-avec-la-litterature-francaise-lors-de-la-nuit-de-la-culture\/#primaryimage\"},\"thumbnailUrl\":\"https:\/\/www.institutfrancais-lituanie.com\/wp-content\/uploads\/2025\/05\/Nuotrauka1-Copy-e1748284117221.jpg\",\"articleSection\":[\"Non classifi\u00e9(e)\"],\"inLanguage\":\"fr-FR\"},{\"@type\":\"WebPage\",\"@id\":\"https:\/\/www.institutfrancais-lituanie.com\/fr\/non-classifiee\/rencontre-avec-la-litterature-francaise-lors-de-la-nuit-de-la-culture\/\",\"url\":\"https:\/\/www.institutfrancais-lituanie.com\/fr\/non-classifiee\/rencontre-avec-la-litterature-francaise-lors-de-la-nuit-de-la-culture\/\",\"name\":\"Rencontre avec la litt\u00e9rature fran\u00e7aise lors de la \u00ab Nuit de la culture \u00bb - IF Lituanie\",\"isPartOf\":{\"@id\":\"https:\/\/www.institutfrancais-lituanie.com\/fr\/#website\"},\"primaryImageOfPage\":{\"@id\":\"https:\/\/www.institutfrancais-lituanie.com\/fr\/non-classifiee\/rencontre-avec-la-litterature-francaise-lors-de-la-nuit-de-la-culture\/#primaryimage\"},\"image\":{\"@id\":\"https:\/\/www.institutfrancais-lituanie.com\/fr\/non-classifiee\/rencontre-avec-la-litterature-francaise-lors-de-la-nuit-de-la-culture\/#primaryimage\"},\"thumbnailUrl\":\"https:\/\/www.institutfrancais-lituanie.com\/wp-content\/uploads\/2025\/05\/Nuotrauka1-Copy-e1748284117221.jpg\",\"datePublished\":\"2025-05-26T18:30:18+00:00\",\"dateModified\":\"2025-05-26T18:52:19+00:00\",\"breadcrumb\":{\"@id\":\"https:\/\/www.institutfrancais-lituanie.com\/fr\/non-classifiee\/rencontre-avec-la-litterature-francaise-lors-de-la-nuit-de-la-culture\/#breadcrumb\"},\"inLanguage\":\"fr-FR\",\"potentialAction\":[{\"@type\":\"ReadAction\",\"target\":[\"https:\/\/www.institutfrancais-lituanie.com\/fr\/non-classifiee\/rencontre-avec-la-litterature-francaise-lors-de-la-nuit-de-la-culture\/\"]}]},{\"@type\":\"ImageObject\",\"inLanguage\":\"fr-FR\",\"@id\":\"https:\/\/www.institutfrancais-lituanie.com\/fr\/non-classifiee\/rencontre-avec-la-litterature-francaise-lors-de-la-nuit-de-la-culture\/#primaryimage\",\"url\":\"https:\/\/www.institutfrancais-lituanie.com\/wp-content\/uploads\/2025\/05\/Nuotrauka1-Copy-e1748284117221.jpg\",\"contentUrl\":\"https:\/\/www.institutfrancais-lituanie.com\/wp-content\/uploads\/2025\/05\/Nuotrauka1-Copy-e1748284117221.jpg\",\"width\":768,\"height\":486},{\"@type\":\"BreadcrumbList\",\"@id\":\"https:\/\/www.institutfrancais-lituanie.com\/fr\/non-classifiee\/rencontre-avec-la-litterature-francaise-lors-de-la-nuit-de-la-culture\/#breadcrumb\",\"itemListElement\":[{\"@type\":\"ListItem\",\"position\":1,\"name\":\"Home\",\"item\":\"https:\/\/www.institutfrancais-lituanie.com\/fr\/\"},{\"@type\":\"ListItem\",\"position\":2,\"name\":\"Rencontre avec la litt\u00e9rature fran\u00e7aise lors de la \u00ab Nuit de la culture \u00bb\"}]},{\"@type\":\"WebSite\",\"@id\":\"https:\/\/www.institutfrancais-lituanie.com\/fr\/#website\",\"url\":\"https:\/\/www.institutfrancais-lituanie.com\/fr\/\",\"name\":\"IF Lituanie\",\"description\":\"Pranc\u016bz\u0173 kalbos kursai, kult\u016bra, mediateka...\",\"publisher\":{\"@id\":\"https:\/\/www.institutfrancais-lituanie.com\/fr\/#organization\"},\"potentialAction\":[{\"@type\":\"SearchAction\",\"target\":{\"@type\":\"EntryPoint\",\"urlTemplate\":\"https:\/\/www.institutfrancais-lituanie.com\/fr\/?s={search_term_string}\"},\"query-input\":\"required name=search_term_string\"}],\"inLanguage\":\"fr-FR\"},{\"@type\":\"Organization\",\"@id\":\"https:\/\/www.institutfrancais-lituanie.com\/fr\/#organization\",\"name\":\"Pranc\u016bz\u0173 institutas\",\"url\":\"https:\/\/www.institutfrancais-lituanie.com\/fr\/\",\"logo\":{\"@type\":\"ImageObject\",\"inLanguage\":\"fr-FR\",\"@id\":\"https:\/\/www.institutfrancais-lituanie.com\/fr\/#\/schema\/logo\/image\/\",\"url\":\"https:\/\/www.institutfrancais-lituanie.com\/wp-content\/uploads\/2023\/04\/IF_Logo-Lituanie-RVB.jpg\",\"contentUrl\":\"https:\/\/www.institutfrancais-lituanie.com\/wp-content\/uploads\/2023\/04\/IF_Logo-Lituanie-RVB.jpg\",\"width\":827,\"height\":555,\"caption\":\"Pranc\u016bz\u0173 institutas\"},\"image\":{\"@id\":\"https:\/\/www.institutfrancais-lituanie.com\/fr\/#\/schema\/logo\/image\/\"},\"sameAs\":[\"https:\/\/www.facebook.com\/prancuzuinstitutas\/\",\"https:\/\/www.instagram.com\/institut_francais_lituanie\/\"]},{\"@type\":\"Person\",\"@id\":\"https:\/\/www.institutfrancais-lituanie.com\/fr\/#\/schema\/person\/32b95cf77fc2963ebd875802e2d04457\",\"name\":\"Julija Petrosiute\",\"image\":{\"@type\":\"ImageObject\",\"inLanguage\":\"fr-FR\",\"@id\":\"https:\/\/www.institutfrancais-lituanie.com\/fr\/#\/schema\/person\/image\/\",\"url\":\"https:\/\/secure.gravatar.com\/avatar\/2210bf9289c3642e86c1bf97d9ad11dc?s=96&d=mm&r=g\",\"contentUrl\":\"https:\/\/secure.gravatar.com\/avatar\/2210bf9289c3642e86c1bf97d9ad11dc?s=96&d=mm&r=g\",\"caption\":\"Julija Petrosiute\"},\"url\":\"https:\/\/www.institutfrancais-lituanie.com\/fr\/author\/julija24\/\"}]}<\/script>\n<!-- \/ Yoast SEO plugin. -->","yoast_head_json":{"title":"Rencontre avec la litt\u00e9rature fran\u00e7aise lors de la \u00ab Nuit de la culture \u00bb - IF Lituanie","robots":{"index":"index","follow":"follow","max-snippet":"max-snippet:-1","max-image-preview":"max-image-preview:large","max-video-preview":"max-video-preview:-1"},"canonical":"https:\/\/www.institutfrancais-lituanie.com\/fr\/non-classifiee\/rencontre-avec-la-litterature-francaise-lors-de-la-nuit-de-la-culture\/","og_locale":"fr_FR","og_type":"article","og_title":"Rencontre avec la litt\u00e9rature fran\u00e7aise lors de la \u00ab Nuit de la culture \u00bb - IF Lituanie","og_description":"Pour la quatri\u00e8me ann\u00e9e cons\u00e9cutive, l&#8217;Institut fran\u00e7ais de Lituanie vous invite \u00e0 une rencontre sans&hellip;","og_url":"https:\/\/www.institutfrancais-lituanie.com\/fr\/non-classifiee\/rencontre-avec-la-litterature-francaise-lors-de-la-nuit-de-la-culture\/","og_site_name":"IF Lituanie","article_publisher":"https:\/\/www.facebook.com\/prancuzuinstitutas\/","article_published_time":"2025-05-26T18:30:18+00:00","article_modified_time":"2025-05-26T18:52:19+00:00","og_image":[{"width":768,"height":486,"url":"https:\/\/www.institutfrancais-lituanie.com\/wp-content\/uploads\/2025\/05\/Nuotrauka1-Copy-e1748284117221.jpg","type":"image\/jpeg"}],"author":"Julija Petrosiute","twitter_card":"summary_large_image","twitter_misc":{"Written by":"Julija Petrosiute","Est. reading time":"2 minutes"},"schema":{"@context":"https:\/\/schema.org","@graph":[{"@type":"Article","@id":"https:\/\/www.institutfrancais-lituanie.com\/fr\/non-classifiee\/rencontre-avec-la-litterature-francaise-lors-de-la-nuit-de-la-culture\/#article","isPartOf":{"@id":"https:\/\/www.institutfrancais-lituanie.com\/fr\/non-classifiee\/rencontre-avec-la-litterature-francaise-lors-de-la-nuit-de-la-culture\/"},"author":{"name":"Julija Petrosiute","@id":"https:\/\/www.institutfrancais-lituanie.com\/fr\/#\/schema\/person\/32b95cf77fc2963ebd875802e2d04457"},"headline":"Rencontre avec la litt\u00e9rature fran\u00e7aise lors de la \u00ab Nuit de la culture \u00bb","datePublished":"2025-05-26T18:30:18+00:00","dateModified":"2025-05-26T18:52:19+00:00","mainEntityOfPage":{"@id":"https:\/\/www.institutfrancais-lituanie.com\/fr\/non-classifiee\/rencontre-avec-la-litterature-francaise-lors-de-la-nuit-de-la-culture\/"},"wordCount":308,"publisher":{"@id":"https:\/\/www.institutfrancais-lituanie.com\/fr\/#organization"},"image":{"@id":"https:\/\/www.institutfrancais-lituanie.com\/fr\/non-classifiee\/rencontre-avec-la-litterature-francaise-lors-de-la-nuit-de-la-culture\/#primaryimage"},"thumbnailUrl":"https:\/\/www.institutfrancais-lituanie.com\/wp-content\/uploads\/2025\/05\/Nuotrauka1-Copy-e1748284117221.jpg","articleSection":["Non classifi\u00e9(e)"],"inLanguage":"fr-FR"},{"@type":"WebPage","@id":"https:\/\/www.institutfrancais-lituanie.com\/fr\/non-classifiee\/rencontre-avec-la-litterature-francaise-lors-de-la-nuit-de-la-culture\/","url":"https:\/\/www.institutfrancais-lituanie.com\/fr\/non-classifiee\/rencontre-avec-la-litterature-francaise-lors-de-la-nuit-de-la-culture\/","name":"Rencontre avec la litt\u00e9rature fran\u00e7aise lors de la \u00ab Nuit de la culture \u00bb - IF Lituanie","isPartOf":{"@id":"https:\/\/www.institutfrancais-lituanie.com\/fr\/#website"},"primaryImageOfPage":{"@id":"https:\/\/www.institutfrancais-lituanie.com\/fr\/non-classifiee\/rencontre-avec-la-litterature-francaise-lors-de-la-nuit-de-la-culture\/#primaryimage"},"image":{"@id":"https:\/\/www.institutfrancais-lituanie.com\/fr\/non-classifiee\/rencontre-avec-la-litterature-francaise-lors-de-la-nuit-de-la-culture\/#primaryimage"},"thumbnailUrl":"https:\/\/www.institutfrancais-lituanie.com\/wp-content\/uploads\/2025\/05\/Nuotrauka1-Copy-e1748284117221.jpg","datePublished":"2025-05-26T18:30:18+00:00","dateModified":"2025-05-26T18:52:19+00:00","breadcrumb":{"@id":"https:\/\/www.institutfrancais-lituanie.com\/fr\/non-classifiee\/rencontre-avec-la-litterature-francaise-lors-de-la-nuit-de-la-culture\/#breadcrumb"},"inLanguage":"fr-FR","potentialAction":[{"@type":"ReadAction","target":["https:\/\/www.institutfrancais-lituanie.com\/fr\/non-classifiee\/rencontre-avec-la-litterature-francaise-lors-de-la-nuit-de-la-culture\/"]}]},{"@type":"ImageObject","inLanguage":"fr-FR","@id":"https:\/\/www.institutfrancais-lituanie.com\/fr\/non-classifiee\/rencontre-avec-la-litterature-francaise-lors-de-la-nuit-de-la-culture\/#primaryimage","url":"https:\/\/www.institutfrancais-lituanie.com\/wp-content\/uploads\/2025\/05\/Nuotrauka1-Copy-e1748284117221.jpg","contentUrl":"https:\/\/www.institutfrancais-lituanie.com\/wp-content\/uploads\/2025\/05\/Nuotrauka1-Copy-e1748284117221.jpg","width":768,"height":486},{"@type":"BreadcrumbList","@id":"https:\/\/www.institutfrancais-lituanie.com\/fr\/non-classifiee\/rencontre-avec-la-litterature-francaise-lors-de-la-nuit-de-la-culture\/#breadcrumb","itemListElement":[{"@type":"ListItem","position":1,"name":"Home","item":"https:\/\/www.institutfrancais-lituanie.com\/fr\/"},{"@type":"ListItem","position":2,"name":"Rencontre avec la litt\u00e9rature fran\u00e7aise lors de la \u00ab Nuit de la culture \u00bb"}]},{"@type":"WebSite","@id":"https:\/\/www.institutfrancais-lituanie.com\/fr\/#website","url":"https:\/\/www.institutfrancais-lituanie.com\/fr\/","name":"IF Lituanie","description":"Pranc\u016bz\u0173 kalbos kursai, kult\u016bra, mediateka...","publisher":{"@id":"https:\/\/www.institutfrancais-lituanie.com\/fr\/#organization"},"potentialAction":[{"@type":"SearchAction","target":{"@type":"EntryPoint","urlTemplate":"https:\/\/www.institutfrancais-lituanie.com\/fr\/?s={search_term_string}"},"query-input":"required name=search_term_string"}],"inLanguage":"fr-FR"},{"@type":"Organization","@id":"https:\/\/www.institutfrancais-lituanie.com\/fr\/#organization","name":"Pranc\u016bz\u0173 institutas","url":"https:\/\/www.institutfrancais-lituanie.com\/fr\/","logo":{"@type":"ImageObject","inLanguage":"fr-FR","@id":"https:\/\/www.institutfrancais-lituanie.com\/fr\/#\/schema\/logo\/image\/","url":"https:\/\/www.institutfrancais-lituanie.com\/wp-content\/uploads\/2023\/04\/IF_Logo-Lituanie-RVB.jpg","contentUrl":"https:\/\/www.institutfrancais-lituanie.com\/wp-content\/uploads\/2023\/04\/IF_Logo-Lituanie-RVB.jpg","width":827,"height":555,"caption":"Pranc\u016bz\u0173 institutas"},"image":{"@id":"https:\/\/www.institutfrancais-lituanie.com\/fr\/#\/schema\/logo\/image\/"},"sameAs":["https:\/\/www.facebook.com\/prancuzuinstitutas\/","https:\/\/www.instagram.com\/institut_francais_lituanie\/"]},{"@type":"Person","@id":"https:\/\/www.institutfrancais-lituanie.com\/fr\/#\/schema\/person\/32b95cf77fc2963ebd875802e2d04457","name":"Julija Petrosiute","image":{"@type":"ImageObject","inLanguage":"fr-FR","@id":"https:\/\/www.institutfrancais-lituanie.com\/fr\/#\/schema\/person\/image\/","url":"https:\/\/secure.gravatar.com\/avatar\/2210bf9289c3642e86c1bf97d9ad11dc?s=96&d=mm&r=g","contentUrl":"https:\/\/secure.gravatar.com\/avatar\/2210bf9289c3642e86c1bf97d9ad11dc?s=96&d=mm&r=g","caption":"Julija Petrosiute"},"url":"https:\/\/www.institutfrancais-lituanie.com\/fr\/author\/julija24\/"}]}},"_links":{"self":[{"href":"https:\/\/www.institutfrancais-lituanie.com\/fr\/wp-json\/wp\/v2\/posts\/16970"}],"collection":[{"href":"https:\/\/www.institutfrancais-lituanie.com\/fr\/wp-json\/wp\/v2\/posts"}],"about":[{"href":"https:\/\/www.institutfrancais-lituanie.com\/fr\/wp-json\/wp\/v2\/types\/post"}],"author":[{"embeddable":true,"href":"https:\/\/www.institutfrancais-lituanie.com\/fr\/wp-json\/wp\/v2\/users\/13"}],"replies":[{"embeddable":true,"href":"https:\/\/www.institutfrancais-lituanie.com\/fr\/wp-json\/wp\/v2\/comments?post=16970"}],"version-history":[{"count":3,"href":"https:\/\/www.institutfrancais-lituanie.com\/fr\/wp-json\/wp\/v2\/posts\/16970\/revisions"}],"predecessor-version":[{"id":16975,"href":"https:\/\/www.institutfrancais-lituanie.com\/fr\/wp-json\/wp\/v2\/posts\/16970\/revisions\/16975"}],"wp:featuredmedia":[{"embeddable":true,"href":"https:\/\/www.institutfrancais-lituanie.com\/fr\/wp-json\/wp\/v2\/media\/16971"}],"wp:attachment":[{"href":"https:\/\/www.institutfrancais-lituanie.com\/fr\/wp-json\/wp\/v2\/media?parent=16970"}],"wp:term":[{"taxonomy":"category","embeddable":true,"href":"https:\/\/www.institutfrancais-lituanie.com\/fr\/wp-json\/wp\/v2\/categories?post=16970"},{"taxonomy":"post_tag","embeddable":true,"href":"https:\/\/www.institutfrancais-lituanie.com\/fr\/wp-json\/wp\/v2\/tags?post=16970"}],"curies":[{"name":"wp","href":"https:\/\/api.w.org\/{rel}","templated":true}]}}