{"id":16967,"date":"2025-05-26T17:46:54","date_gmt":"2025-05-26T17:46:54","guid":{"rendered":"https:\/\/www.institutfrancais-lituanie.com\/?p=16967"},"modified":"2025-05-26T17:47:33","modified_gmt":"2025-05-26T17:47:33","slug":"conference-vilnius-juive-a-travers-les-yeux-de-moi-ver-par-arnaud-bikard","status":"publish","type":"post","link":"https:\/\/www.institutfrancais-lituanie.com\/fr\/en-cours\/conference-vilnius-juive-a-travers-les-yeux-de-moi-ver-par-arnaud-bikard\/","title":{"rendered":"Conf\u00e9rence \u00ab Vilnius juive \u00e0 travers les yeux de Moi-Ver \u00bb par Arnaud Bikard"},"content":{"rendered":"<p>La Galerie d&#8217;images de Vilnius vous invite \u00e0 une conf\u00e9rence intitul\u00e9e \u00ab Le Vilnius juif \u00e0 travers les yeux de Moi-Ver \u00bb par Arnaud Bikard le 27 mai \u00e0 17h30 !<br \/>\nCette conf\u00e9rence se propose d&#8217;analyser le mythe de Vilnius tel qu&#8217;il a \u00e9t\u00e9 con\u00e7u dans le monde yiddish \u00e0 travers l&#8217;\u0153uvre de l&#8217;artiste et photographe Mo\u00ef Ver (Moshe Vorobeichic). Elle se concentrera sur son livre \u00ab The Ghetto Lane in Wilna \u00bb publi\u00e9 en 1931 et sur ses \u00e9chos dans l&#8217;art et la litt\u00e9rature pour analyser la profonde r\u00e9sonance que la ville a gard\u00e9e dans l&#8217;imaginaire juif tout au long du 20e si\u00e8cle.<br \/>\n* Il n&#8217;y a pas d&#8217;inscription pour cet \u00e9v\u00e9nement, l&#8217;entr\u00e9e est gratuite.<br \/>\n* La conf\u00e9rence se tiendra en anglais.<br \/>\n* Lieu : Galerie d&#8217;art de Vilnius, 4 Did\u017eioji st, Vilnius.<br \/>\nLa conf\u00e9rence fait partie du programme \u00e9ducatif de l&#8217;exposition \u00ab Tu ne feras pas d&#8217;image : Commandements, vie quotidienne et changement \u00bb.<br \/>\nPlus d&#8217;informations sur l&#8217;exposition : https:\/\/www.lndm.lt\/nekursi-sau-atvaizdo-priesakai&#8230;\/&#8230;<br \/>\nEn couverture : M\u00f6i Ver, ancienne synagogue, extrait du livre The Ghetto Lane in Wilna.<\/p>\n","protected":false},"excerpt":{"rendered":"<p>La Galerie d&#8217;images de Vilnius vous invite \u00e0 une conf\u00e9rence intitul\u00e9e \u00ab Le Vilnius juif&hellip;<\/p>\n","protected":false},"author":13,"featured_media":16964,"comment_status":"closed","ping_status":"open","sticky":false,"template":"","format":"standard","meta":{"footnotes":""},"categories":[57],"tags":[],"class_list":["post-16967","post","type-post","status-publish","format-standard","has-post-thumbnail","hentry","category-en-cours"],"yoast_head":"<!-- This site is optimized with the Yoast SEO plugin v23.2 - https:\/\/yoast.com\/wordpress\/plugins\/seo\/ -->\n<title>Conf\u00e9rence \u00ab Vilnius juive \u00e0 travers les yeux de Moi-Ver \u00bb par Arnaud Bikard - IF Lituanie<\/title>\n<meta name=\"robots\" content=\"index, follow, max-snippet:-1, max-image-preview:large, max-video-preview:-1\" \/>\n<link rel=\"canonical\" href=\"https:\/\/www.institutfrancais-lituanie.com\/fr\/en-cours\/conference-vilnius-juive-a-travers-les-yeux-de-moi-ver-par-arnaud-bikard\/\" \/>\n<meta property=\"og:locale\" content=\"fr_FR\" \/>\n<meta property=\"og:type\" content=\"article\" \/>\n<meta property=\"og:title\" content=\"Conf\u00e9rence \u00ab Vilnius juive \u00e0 travers les yeux de Moi-Ver \u00bb par Arnaud Bikard - IF Lituanie\" \/>\n<meta property=\"og:description\" content=\"La Galerie d&#8217;images de Vilnius vous invite \u00e0 une conf\u00e9rence intitul\u00e9e \u00ab Le Vilnius juif&hellip;\" \/>\n<meta property=\"og:url\" content=\"https:\/\/www.institutfrancais-lituanie.com\/fr\/en-cours\/conference-vilnius-juive-a-travers-les-yeux-de-moi-ver-par-arnaud-bikard\/\" \/>\n<meta property=\"og:site_name\" content=\"IF Lituanie\" \/>\n<meta property=\"article:publisher\" content=\"https:\/\/www.facebook.com\/prancuzuinstitutas\/\" \/>\n<meta property=\"article:published_time\" content=\"2025-05-26T17:46:54+00:00\" \/>\n<meta property=\"article:modified_time\" content=\"2025-05-26T17:47:33+00:00\" \/>\n<meta property=\"og:image\" content=\"https:\/\/www.institutfrancais-lituanie.com\/wp-content\/uploads\/2025\/05\/Arnaud-499934255_713932261168097_6329972361202512293_n.jpg\" \/>\n\t<meta property=\"og:image:width\" content=\"960\" \/>\n\t<meta property=\"og:image:height\" content=\"540\" \/>\n\t<meta property=\"og:image:type\" content=\"image\/jpeg\" \/>\n<meta name=\"author\" content=\"Julija Petrosiute\" \/>\n<meta name=\"twitter:card\" content=\"summary_large_image\" \/>\n<meta name=\"twitter:label1\" content=\"Written by\" \/>\n\t<meta name=\"twitter:data1\" content=\"Julija Petrosiute\" \/>\n\t<meta name=\"twitter:label2\" content=\"Est. reading time\" \/>\n\t<meta name=\"twitter:data2\" content=\"2 minutes\" \/>\n<script type=\"application\/ld+json\" class=\"yoast-schema-graph\">{\"@context\":\"https:\/\/schema.org\",\"@graph\":[{\"@type\":\"Article\",\"@id\":\"https:\/\/www.institutfrancais-lituanie.com\/fr\/en-cours\/conference-vilnius-juive-a-travers-les-yeux-de-moi-ver-par-arnaud-bikard\/#article\",\"isPartOf\":{\"@id\":\"https:\/\/www.institutfrancais-lituanie.com\/fr\/en-cours\/conference-vilnius-juive-a-travers-les-yeux-de-moi-ver-par-arnaud-bikard\/\"},\"author\":{\"name\":\"Julija Petrosiute\",\"@id\":\"https:\/\/www.institutfrancais-lituanie.com\/fr\/#\/schema\/person\/32b95cf77fc2963ebd875802e2d04457\"},\"headline\":\"Conf\u00e9rence \u00ab Vilnius juive \u00e0 travers les yeux de Moi-Ver \u00bb par Arnaud Bikard\",\"datePublished\":\"2025-05-26T17:46:54+00:00\",\"dateModified\":\"2025-05-26T17:47:33+00:00\",\"mainEntityOfPage\":{\"@id\":\"https:\/\/www.institutfrancais-lituanie.com\/fr\/en-cours\/conference-vilnius-juive-a-travers-les-yeux-de-moi-ver-par-arnaud-bikard\/\"},\"wordCount\":187,\"publisher\":{\"@id\":\"https:\/\/www.institutfrancais-lituanie.com\/fr\/#organization\"},\"image\":{\"@id\":\"https:\/\/www.institutfrancais-lituanie.com\/fr\/en-cours\/conference-vilnius-juive-a-travers-les-yeux-de-moi-ver-par-arnaud-bikard\/#primaryimage\"},\"thumbnailUrl\":\"https:\/\/www.institutfrancais-lituanie.com\/wp-content\/uploads\/2025\/05\/Arnaud-499934255_713932261168097_6329972361202512293_n.jpg\",\"articleSection\":[\"Ev\u00e9nements\"],\"inLanguage\":\"fr-FR\"},{\"@type\":\"WebPage\",\"@id\":\"https:\/\/www.institutfrancais-lituanie.com\/fr\/en-cours\/conference-vilnius-juive-a-travers-les-yeux-de-moi-ver-par-arnaud-bikard\/\",\"url\":\"https:\/\/www.institutfrancais-lituanie.com\/fr\/en-cours\/conference-vilnius-juive-a-travers-les-yeux-de-moi-ver-par-arnaud-bikard\/\",\"name\":\"Conf\u00e9rence \u00ab Vilnius juive \u00e0 travers les yeux de Moi-Ver \u00bb par Arnaud Bikard - IF Lituanie\",\"isPartOf\":{\"@id\":\"https:\/\/www.institutfrancais-lituanie.com\/fr\/#website\"},\"primaryImageOfPage\":{\"@id\":\"https:\/\/www.institutfrancais-lituanie.com\/fr\/en-cours\/conference-vilnius-juive-a-travers-les-yeux-de-moi-ver-par-arnaud-bikard\/#primaryimage\"},\"image\":{\"@id\":\"https:\/\/www.institutfrancais-lituanie.com\/fr\/en-cours\/conference-vilnius-juive-a-travers-les-yeux-de-moi-ver-par-arnaud-bikard\/#primaryimage\"},\"thumbnailUrl\":\"https:\/\/www.institutfrancais-lituanie.com\/wp-content\/uploads\/2025\/05\/Arnaud-499934255_713932261168097_6329972361202512293_n.jpg\",\"datePublished\":\"2025-05-26T17:46:54+00:00\",\"dateModified\":\"2025-05-26T17:47:33+00:00\",\"breadcrumb\":{\"@id\":\"https:\/\/www.institutfrancais-lituanie.com\/fr\/en-cours\/conference-vilnius-juive-a-travers-les-yeux-de-moi-ver-par-arnaud-bikard\/#breadcrumb\"},\"inLanguage\":\"fr-FR\",\"potentialAction\":[{\"@type\":\"ReadAction\",\"target\":[\"https:\/\/www.institutfrancais-lituanie.com\/fr\/en-cours\/conference-vilnius-juive-a-travers-les-yeux-de-moi-ver-par-arnaud-bikard\/\"]}]},{\"@type\":\"ImageObject\",\"inLanguage\":\"fr-FR\",\"@id\":\"https:\/\/www.institutfrancais-lituanie.com\/fr\/en-cours\/conference-vilnius-juive-a-travers-les-yeux-de-moi-ver-par-arnaud-bikard\/#primaryimage\",\"url\":\"https:\/\/www.institutfrancais-lituanie.com\/wp-content\/uploads\/2025\/05\/Arnaud-499934255_713932261168097_6329972361202512293_n.jpg\",\"contentUrl\":\"https:\/\/www.institutfrancais-lituanie.com\/wp-content\/uploads\/2025\/05\/Arnaud-499934255_713932261168097_6329972361202512293_n.jpg\",\"width\":960,\"height\":540},{\"@type\":\"BreadcrumbList\",\"@id\":\"https:\/\/www.institutfrancais-lituanie.com\/fr\/en-cours\/conference-vilnius-juive-a-travers-les-yeux-de-moi-ver-par-arnaud-bikard\/#breadcrumb\",\"itemListElement\":[{\"@type\":\"ListItem\",\"position\":1,\"name\":\"Home\",\"item\":\"https:\/\/www.institutfrancais-lituanie.com\/fr\/\"},{\"@type\":\"ListItem\",\"position\":2,\"name\":\"Conf\u00e9rence \u00ab Vilnius juive \u00e0 travers les yeux de Moi-Ver \u00bb par Arnaud Bikard\"}]},{\"@type\":\"WebSite\",\"@id\":\"https:\/\/www.institutfrancais-lituanie.com\/fr\/#website\",\"url\":\"https:\/\/www.institutfrancais-lituanie.com\/fr\/\",\"name\":\"IF Lituanie\",\"description\":\"Pranc\u016bz\u0173 kalbos kursai, kult\u016bra, mediateka...\",\"publisher\":{\"@id\":\"https:\/\/www.institutfrancais-lituanie.com\/fr\/#organization\"},\"potentialAction\":[{\"@type\":\"SearchAction\",\"target\":{\"@type\":\"EntryPoint\",\"urlTemplate\":\"https:\/\/www.institutfrancais-lituanie.com\/fr\/?s={search_term_string}\"},\"query-input\":\"required name=search_term_string\"}],\"inLanguage\":\"fr-FR\"},{\"@type\":\"Organization\",\"@id\":\"https:\/\/www.institutfrancais-lituanie.com\/fr\/#organization\",\"name\":\"Pranc\u016bz\u0173 institutas\",\"url\":\"https:\/\/www.institutfrancais-lituanie.com\/fr\/\",\"logo\":{\"@type\":\"ImageObject\",\"inLanguage\":\"fr-FR\",\"@id\":\"https:\/\/www.institutfrancais-lituanie.com\/fr\/#\/schema\/logo\/image\/\",\"url\":\"https:\/\/www.institutfrancais-lituanie.com\/wp-content\/uploads\/2023\/04\/IF_Logo-Lituanie-RVB.jpg\",\"contentUrl\":\"https:\/\/www.institutfrancais-lituanie.com\/wp-content\/uploads\/2023\/04\/IF_Logo-Lituanie-RVB.jpg\",\"width\":827,\"height\":555,\"caption\":\"Pranc\u016bz\u0173 institutas\"},\"image\":{\"@id\":\"https:\/\/www.institutfrancais-lituanie.com\/fr\/#\/schema\/logo\/image\/\"},\"sameAs\":[\"https:\/\/www.facebook.com\/prancuzuinstitutas\/\",\"https:\/\/www.instagram.com\/institut_francais_lituanie\/\"]},{\"@type\":\"Person\",\"@id\":\"https:\/\/www.institutfrancais-lituanie.com\/fr\/#\/schema\/person\/32b95cf77fc2963ebd875802e2d04457\",\"name\":\"Julija Petrosiute\",\"image\":{\"@type\":\"ImageObject\",\"inLanguage\":\"fr-FR\",\"@id\":\"https:\/\/www.institutfrancais-lituanie.com\/fr\/#\/schema\/person\/image\/\",\"url\":\"https:\/\/secure.gravatar.com\/avatar\/2210bf9289c3642e86c1bf97d9ad11dc?s=96&d=mm&r=g\",\"contentUrl\":\"https:\/\/secure.gravatar.com\/avatar\/2210bf9289c3642e86c1bf97d9ad11dc?s=96&d=mm&r=g\",\"caption\":\"Julija Petrosiute\"},\"url\":\"https:\/\/www.institutfrancais-lituanie.com\/fr\/author\/julija24\/\"}]}<\/script>\n<!-- \/ Yoast SEO plugin. -->","yoast_head_json":{"title":"Conf\u00e9rence \u00ab Vilnius juive \u00e0 travers les yeux de Moi-Ver \u00bb par Arnaud Bikard - IF Lituanie","robots":{"index":"index","follow":"follow","max-snippet":"max-snippet:-1","max-image-preview":"max-image-preview:large","max-video-preview":"max-video-preview:-1"},"canonical":"https:\/\/www.institutfrancais-lituanie.com\/fr\/en-cours\/conference-vilnius-juive-a-travers-les-yeux-de-moi-ver-par-arnaud-bikard\/","og_locale":"fr_FR","og_type":"article","og_title":"Conf\u00e9rence \u00ab Vilnius juive \u00e0 travers les yeux de Moi-Ver \u00bb par Arnaud Bikard - IF Lituanie","og_description":"La Galerie d&#8217;images de Vilnius vous invite \u00e0 une conf\u00e9rence intitul\u00e9e \u00ab Le Vilnius juif&hellip;","og_url":"https:\/\/www.institutfrancais-lituanie.com\/fr\/en-cours\/conference-vilnius-juive-a-travers-les-yeux-de-moi-ver-par-arnaud-bikard\/","og_site_name":"IF Lituanie","article_publisher":"https:\/\/www.facebook.com\/prancuzuinstitutas\/","article_published_time":"2025-05-26T17:46:54+00:00","article_modified_time":"2025-05-26T17:47:33+00:00","og_image":[{"width":960,"height":540,"url":"https:\/\/www.institutfrancais-lituanie.com\/wp-content\/uploads\/2025\/05\/Arnaud-499934255_713932261168097_6329972361202512293_n.jpg","type":"image\/jpeg"}],"author":"Julija Petrosiute","twitter_card":"summary_large_image","twitter_misc":{"Written by":"Julija Petrosiute","Est. reading time":"2 minutes"},"schema":{"@context":"https:\/\/schema.org","@graph":[{"@type":"Article","@id":"https:\/\/www.institutfrancais-lituanie.com\/fr\/en-cours\/conference-vilnius-juive-a-travers-les-yeux-de-moi-ver-par-arnaud-bikard\/#article","isPartOf":{"@id":"https:\/\/www.institutfrancais-lituanie.com\/fr\/en-cours\/conference-vilnius-juive-a-travers-les-yeux-de-moi-ver-par-arnaud-bikard\/"},"author":{"name":"Julija Petrosiute","@id":"https:\/\/www.institutfrancais-lituanie.com\/fr\/#\/schema\/person\/32b95cf77fc2963ebd875802e2d04457"},"headline":"Conf\u00e9rence \u00ab Vilnius juive \u00e0 travers les yeux de Moi-Ver \u00bb par Arnaud Bikard","datePublished":"2025-05-26T17:46:54+00:00","dateModified":"2025-05-26T17:47:33+00:00","mainEntityOfPage":{"@id":"https:\/\/www.institutfrancais-lituanie.com\/fr\/en-cours\/conference-vilnius-juive-a-travers-les-yeux-de-moi-ver-par-arnaud-bikard\/"},"wordCount":187,"publisher":{"@id":"https:\/\/www.institutfrancais-lituanie.com\/fr\/#organization"},"image":{"@id":"https:\/\/www.institutfrancais-lituanie.com\/fr\/en-cours\/conference-vilnius-juive-a-travers-les-yeux-de-moi-ver-par-arnaud-bikard\/#primaryimage"},"thumbnailUrl":"https:\/\/www.institutfrancais-lituanie.com\/wp-content\/uploads\/2025\/05\/Arnaud-499934255_713932261168097_6329972361202512293_n.jpg","articleSection":["Ev\u00e9nements"],"inLanguage":"fr-FR"},{"@type":"WebPage","@id":"https:\/\/www.institutfrancais-lituanie.com\/fr\/en-cours\/conference-vilnius-juive-a-travers-les-yeux-de-moi-ver-par-arnaud-bikard\/","url":"https:\/\/www.institutfrancais-lituanie.com\/fr\/en-cours\/conference-vilnius-juive-a-travers-les-yeux-de-moi-ver-par-arnaud-bikard\/","name":"Conf\u00e9rence \u00ab Vilnius juive \u00e0 travers les yeux de Moi-Ver \u00bb par Arnaud Bikard - IF Lituanie","isPartOf":{"@id":"https:\/\/www.institutfrancais-lituanie.com\/fr\/#website"},"primaryImageOfPage":{"@id":"https:\/\/www.institutfrancais-lituanie.com\/fr\/en-cours\/conference-vilnius-juive-a-travers-les-yeux-de-moi-ver-par-arnaud-bikard\/#primaryimage"},"image":{"@id":"https:\/\/www.institutfrancais-lituanie.com\/fr\/en-cours\/conference-vilnius-juive-a-travers-les-yeux-de-moi-ver-par-arnaud-bikard\/#primaryimage"},"thumbnailUrl":"https:\/\/www.institutfrancais-lituanie.com\/wp-content\/uploads\/2025\/05\/Arnaud-499934255_713932261168097_6329972361202512293_n.jpg","datePublished":"2025-05-26T17:46:54+00:00","dateModified":"2025-05-26T17:47:33+00:00","breadcrumb":{"@id":"https:\/\/www.institutfrancais-lituanie.com\/fr\/en-cours\/conference-vilnius-juive-a-travers-les-yeux-de-moi-ver-par-arnaud-bikard\/#breadcrumb"},"inLanguage":"fr-FR","potentialAction":[{"@type":"ReadAction","target":["https:\/\/www.institutfrancais-lituanie.com\/fr\/en-cours\/conference-vilnius-juive-a-travers-les-yeux-de-moi-ver-par-arnaud-bikard\/"]}]},{"@type":"ImageObject","inLanguage":"fr-FR","@id":"https:\/\/www.institutfrancais-lituanie.com\/fr\/en-cours\/conference-vilnius-juive-a-travers-les-yeux-de-moi-ver-par-arnaud-bikard\/#primaryimage","url":"https:\/\/www.institutfrancais-lituanie.com\/wp-content\/uploads\/2025\/05\/Arnaud-499934255_713932261168097_6329972361202512293_n.jpg","contentUrl":"https:\/\/www.institutfrancais-lituanie.com\/wp-content\/uploads\/2025\/05\/Arnaud-499934255_713932261168097_6329972361202512293_n.jpg","width":960,"height":540},{"@type":"BreadcrumbList","@id":"https:\/\/www.institutfrancais-lituanie.com\/fr\/en-cours\/conference-vilnius-juive-a-travers-les-yeux-de-moi-ver-par-arnaud-bikard\/#breadcrumb","itemListElement":[{"@type":"ListItem","position":1,"name":"Home","item":"https:\/\/www.institutfrancais-lituanie.com\/fr\/"},{"@type":"ListItem","position":2,"name":"Conf\u00e9rence \u00ab Vilnius juive \u00e0 travers les yeux de Moi-Ver \u00bb par Arnaud Bikard"}]},{"@type":"WebSite","@id":"https:\/\/www.institutfrancais-lituanie.com\/fr\/#website","url":"https:\/\/www.institutfrancais-lituanie.com\/fr\/","name":"IF Lituanie","description":"Pranc\u016bz\u0173 kalbos kursai, kult\u016bra, mediateka...","publisher":{"@id":"https:\/\/www.institutfrancais-lituanie.com\/fr\/#organization"},"potentialAction":[{"@type":"SearchAction","target":{"@type":"EntryPoint","urlTemplate":"https:\/\/www.institutfrancais-lituanie.com\/fr\/?s={search_term_string}"},"query-input":"required name=search_term_string"}],"inLanguage":"fr-FR"},{"@type":"Organization","@id":"https:\/\/www.institutfrancais-lituanie.com\/fr\/#organization","name":"Pranc\u016bz\u0173 institutas","url":"https:\/\/www.institutfrancais-lituanie.com\/fr\/","logo":{"@type":"ImageObject","inLanguage":"fr-FR","@id":"https:\/\/www.institutfrancais-lituanie.com\/fr\/#\/schema\/logo\/image\/","url":"https:\/\/www.institutfrancais-lituanie.com\/wp-content\/uploads\/2023\/04\/IF_Logo-Lituanie-RVB.jpg","contentUrl":"https:\/\/www.institutfrancais-lituanie.com\/wp-content\/uploads\/2023\/04\/IF_Logo-Lituanie-RVB.jpg","width":827,"height":555,"caption":"Pranc\u016bz\u0173 institutas"},"image":{"@id":"https:\/\/www.institutfrancais-lituanie.com\/fr\/#\/schema\/logo\/image\/"},"sameAs":["https:\/\/www.facebook.com\/prancuzuinstitutas\/","https:\/\/www.instagram.com\/institut_francais_lituanie\/"]},{"@type":"Person","@id":"https:\/\/www.institutfrancais-lituanie.com\/fr\/#\/schema\/person\/32b95cf77fc2963ebd875802e2d04457","name":"Julija Petrosiute","image":{"@type":"ImageObject","inLanguage":"fr-FR","@id":"https:\/\/www.institutfrancais-lituanie.com\/fr\/#\/schema\/person\/image\/","url":"https:\/\/secure.gravatar.com\/avatar\/2210bf9289c3642e86c1bf97d9ad11dc?s=96&d=mm&r=g","contentUrl":"https:\/\/secure.gravatar.com\/avatar\/2210bf9289c3642e86c1bf97d9ad11dc?s=96&d=mm&r=g","caption":"Julija Petrosiute"},"url":"https:\/\/www.institutfrancais-lituanie.com\/fr\/author\/julija24\/"}]}},"_links":{"self":[{"href":"https:\/\/www.institutfrancais-lituanie.com\/fr\/wp-json\/wp\/v2\/posts\/16967"}],"collection":[{"href":"https:\/\/www.institutfrancais-lituanie.com\/fr\/wp-json\/wp\/v2\/posts"}],"about":[{"href":"https:\/\/www.institutfrancais-lituanie.com\/fr\/wp-json\/wp\/v2\/types\/post"}],"author":[{"embeddable":true,"href":"https:\/\/www.institutfrancais-lituanie.com\/fr\/wp-json\/wp\/v2\/users\/13"}],"replies":[{"embeddable":true,"href":"https:\/\/www.institutfrancais-lituanie.com\/fr\/wp-json\/wp\/v2\/comments?post=16967"}],"version-history":[{"count":1,"href":"https:\/\/www.institutfrancais-lituanie.com\/fr\/wp-json\/wp\/v2\/posts\/16967\/revisions"}],"predecessor-version":[{"id":16968,"href":"https:\/\/www.institutfrancais-lituanie.com\/fr\/wp-json\/wp\/v2\/posts\/16967\/revisions\/16968"}],"wp:featuredmedia":[{"embeddable":true,"href":"https:\/\/www.institutfrancais-lituanie.com\/fr\/wp-json\/wp\/v2\/media\/16964"}],"wp:attachment":[{"href":"https:\/\/www.institutfrancais-lituanie.com\/fr\/wp-json\/wp\/v2\/media?parent=16967"}],"wp:term":[{"taxonomy":"category","embeddable":true,"href":"https:\/\/www.institutfrancais-lituanie.com\/fr\/wp-json\/wp\/v2\/categories?post=16967"},{"taxonomy":"post_tag","embeddable":true,"href":"https:\/\/www.institutfrancais-lituanie.com\/fr\/wp-json\/wp\/v2\/tags?post=16967"}],"curies":[{"name":"wp","href":"https:\/\/api.w.org\/{rel}","templated":true}]}}