{"id":16940,"date":"2025-05-21T12:53:18","date_gmt":"2025-05-21T12:53:18","guid":{"rendered":"https:\/\/www.institutfrancais-lituanie.com\/?p=16940"},"modified":"2025-05-21T12:53:18","modified_gmt":"2025-05-21T12:53:18","slug":"offre-demploi-assistant-e-coordinateur-trice-administratif-ve","status":"publish","type":"post","link":"https:\/\/www.institutfrancais-lituanie.com\/fr\/non-classifiee\/offre-demploi-assistant-e-coordinateur-trice-administratif-ve\/","title":{"rendered":"Offre d\u2019emploi\u00a0: Assistant\/e coordinateur\/trice administratif\/ve"},"content":{"rendered":"<p><strong>L\u2019Institut fran\u00e7ais de Lituanie<\/strong>\u00a0recrute un\u00b7e <strong>coordinateur\u00b7trice administratif\u00b7ve<\/strong>\u00a0pour rejoindre son service des cours.<\/p>\n<p>\ud83d\udccc <strong>Poste en CDI (contrat local) \u2013 Temps plein \u2013 D\u00e9marrage au 15 juin 2025<\/strong><br \/>\n\ud83d\udccd <strong>Poste bas\u00e9 \u00e0 Vilnius<\/strong><br \/>\n\ud83d\udcb6 <strong>Salaire brut mensuel : 2100 \u20ac<\/strong><\/p>\n<p>Vous avez un excellent sens de l\u2019organisation, une aisance en communication en contexte interculturel, et un go\u00fbt pour la coordination et le travail en \u00e9quipe ? Rejoignez une \u00e9quipe dynamique au service de la promotion de la langue fran\u00e7aise en Lituanie.<\/p>\n<p><strong>\ud83c\udfaf<\/strong><strong>\u00a0Missions principals :<\/strong><\/p>\n<p>Sous l\u2019autorit\u00e9 du\u00b7de la responsable des cours, vous assurerez :<\/p>\n<ul>\n<li>L\u2019accueil, l\u2019information et l\u2019orientation des apprenant\u00b7e\u00b7s ;<\/li>\n<li>La gestion administrative et logistique des cours et examens ;<\/li>\n<li>La coordination avec les enseignants, les partenaires et les usagers ;<\/li>\n<li>Le suivi des inscriptions, des paiements, des r\u00e9clamations et de la relation client (GRC) ;<\/li>\n<li>La participation aux actions de communication et \u00e0 l\u2019organisation des \u00e9v\u00e9nements p\u00e9dagogiques (camp d\u2019\u00e9t\u00e9, immersions linguistiques, etc.).<\/li>\n<\/ul>\n<p><strong>\ud83d\udcda<\/strong><strong>\u00a0Comp\u00e9tences requises :<\/strong><\/p>\n<ul>\n<li>Ma\u00eetrise du fran\u00e7ais et du lituanien (niveau avanc\u00e9) ; bon niveau d\u2019anglais.<\/li>\n<li>Excellente ma\u00eetrise des outils bureautiques (Word, Excel, PowerPoint).<\/li>\n<li>Capacit\u00e9 \u00e0 g\u00e9rer simultan\u00e9ment plusieurs dossiers, \u00e0 travailler de mani\u00e8re rigoureuse et autonome.<\/li>\n<li>Sens du service, esprit d\u2019\u00e9quipe, aisance relationnelle et r\u00e9dactionnelle.<\/li>\n<li>Une exp\u00e9rience en gestion administrative ou dans un \u00e9tablissement \u00e9ducatif est un atout.<\/li>\n<\/ul>\n<p><strong>\u2705<\/strong><strong>\u00a0Conditions :<\/strong><\/p>\n<ul>\n<li>CDI \u00e0 compter du <strong>15 juin 2025<\/strong>.<\/li>\n<li>Poste \u00e0 <strong>temps plein (37h30\/semaine)<\/strong>, du lundi au vendredi.<\/li>\n<li><strong>Salaire mensuel brut : 2100 \u20ac<\/strong>.<\/li>\n<\/ul>\n<p><strong>\ud83d\udce9<\/strong><strong>\u00a0Candidature :<\/strong><\/p>\n<p>Merci d\u2019envoyer votre <strong>CV et lettre de motivation en fran\u00e7ais<\/strong>\u00a0avant le <strong>1er juin 2025<\/strong> \u00e0 :<br \/>\n\ud83d\udce7 <u><a href=\"mailto:pascal.sliwanski@diplomatie.gouv.fr\">pascal.sliwanski@diplomatie.gouv.fr<\/a><\/u><br \/>\n\ud83d\udce7 <u><a href=\"mailto:coralie.krener@diplomatie.gouv.fr\">coralie.krener@diplomatie.gouv.fr<\/a><\/u><\/p>\n","protected":false},"excerpt":{"rendered":"<p>L\u2019Institut fran\u00e7ais de Lituanie\u00a0recrute un\u00b7e coordinateur\u00b7trice administratif\u00b7ve\u00a0pour rejoindre son service des cours. \ud83d\udccc Poste en&hellip;<\/p>\n","protected":false},"author":13,"featured_media":15020,"comment_status":"closed","ping_status":"open","sticky":false,"template":"","format":"standard","meta":{"footnotes":""},"categories":[43],"tags":[],"class_list":["post-16940","post","type-post","status-publish","format-standard","has-post-thumbnail","hentry","category-non-classifiee"],"yoast_head":"<!-- This site is optimized with the Yoast SEO plugin v23.2 - https:\/\/yoast.com\/wordpress\/plugins\/seo\/ -->\n<title>Offre d\u2019emploi\u00a0: Assistant\/e coordinateur\/trice administratif\/ve - IF Lituanie<\/title>\n<meta name=\"robots\" content=\"index, follow, max-snippet:-1, max-image-preview:large, max-video-preview:-1\" \/>\n<link rel=\"canonical\" href=\"https:\/\/www.institutfrancais-lituanie.com\/fr\/non-classifiee\/offre-demploi-assistant-e-coordinateur-trice-administratif-ve\/\" \/>\n<meta property=\"og:locale\" content=\"fr_FR\" \/>\n<meta property=\"og:type\" content=\"article\" \/>\n<meta property=\"og:title\" content=\"Offre d\u2019emploi\u00a0: Assistant\/e coordinateur\/trice administratif\/ve - IF Lituanie\" \/>\n<meta property=\"og:description\" content=\"L\u2019Institut fran\u00e7ais de Lituanie\u00a0recrute un\u00b7e coordinateur\u00b7trice administratif\u00b7ve\u00a0pour rejoindre son service des cours. \ud83d\udccc Poste en&hellip;\" \/>\n<meta property=\"og:url\" content=\"https:\/\/www.institutfrancais-lituanie.com\/fr\/non-classifiee\/offre-demploi-assistant-e-coordinateur-trice-administratif-ve\/\" \/>\n<meta property=\"og:site_name\" content=\"IF Lituanie\" \/>\n<meta property=\"article:publisher\" content=\"https:\/\/www.facebook.com\/prancuzuinstitutas\/\" \/>\n<meta property=\"article:published_time\" content=\"2025-05-21T12:53:18+00:00\" \/>\n<meta property=\"og:image\" content=\"https:\/\/www.institutfrancais-lituanie.com\/wp-content\/uploads\/2024\/06\/Screenshot-2023-01-31-at-12.23.19-1170x641-1.png\" \/>\n\t<meta property=\"og:image:width\" content=\"1170\" \/>\n\t<meta property=\"og:image:height\" content=\"641\" \/>\n\t<meta property=\"og:image:type\" content=\"image\/png\" \/>\n<meta name=\"author\" content=\"Julija Petrosiute\" \/>\n<meta name=\"twitter:card\" content=\"summary_large_image\" \/>\n<meta name=\"twitter:label1\" content=\"Written by\" \/>\n\t<meta name=\"twitter:data1\" content=\"Julija Petrosiute\" \/>\n\t<meta name=\"twitter:label2\" content=\"Est. reading time\" \/>\n\t<meta name=\"twitter:data2\" content=\"2 minutes\" \/>\n<script type=\"application\/ld+json\" class=\"yoast-schema-graph\">{\"@context\":\"https:\/\/schema.org\",\"@graph\":[{\"@type\":\"Article\",\"@id\":\"https:\/\/www.institutfrancais-lituanie.com\/fr\/non-classifiee\/offre-demploi-assistant-e-coordinateur-trice-administratif-ve\/#article\",\"isPartOf\":{\"@id\":\"https:\/\/www.institutfrancais-lituanie.com\/fr\/non-classifiee\/offre-demploi-assistant-e-coordinateur-trice-administratif-ve\/\"},\"author\":{\"name\":\"Julija Petrosiute\",\"@id\":\"https:\/\/www.institutfrancais-lituanie.com\/fr\/#\/schema\/person\/32b95cf77fc2963ebd875802e2d04457\"},\"headline\":\"Offre d\u2019emploi\u00a0: Assistant\/e coordinateur\/trice administratif\/ve\",\"datePublished\":\"2025-05-21T12:53:18+00:00\",\"dateModified\":\"2025-05-21T12:53:18+00:00\",\"mainEntityOfPage\":{\"@id\":\"https:\/\/www.institutfrancais-lituanie.com\/fr\/non-classifiee\/offre-demploi-assistant-e-coordinateur-trice-administratif-ve\/\"},\"wordCount\":275,\"publisher\":{\"@id\":\"https:\/\/www.institutfrancais-lituanie.com\/fr\/#organization\"},\"image\":{\"@id\":\"https:\/\/www.institutfrancais-lituanie.com\/fr\/non-classifiee\/offre-demploi-assistant-e-coordinateur-trice-administratif-ve\/#primaryimage\"},\"thumbnailUrl\":\"https:\/\/www.institutfrancais-lituanie.com\/wp-content\/uploads\/2024\/06\/Screenshot-2023-01-31-at-12.23.19-1170x641-1.png\",\"articleSection\":[\"Non classifi\u00e9(e)\"],\"inLanguage\":\"fr-FR\"},{\"@type\":\"WebPage\",\"@id\":\"https:\/\/www.institutfrancais-lituanie.com\/fr\/non-classifiee\/offre-demploi-assistant-e-coordinateur-trice-administratif-ve\/\",\"url\":\"https:\/\/www.institutfrancais-lituanie.com\/fr\/non-classifiee\/offre-demploi-assistant-e-coordinateur-trice-administratif-ve\/\",\"name\":\"Offre d\u2019emploi\u00a0: Assistant\/e coordinateur\/trice administratif\/ve - IF Lituanie\",\"isPartOf\":{\"@id\":\"https:\/\/www.institutfrancais-lituanie.com\/fr\/#website\"},\"primaryImageOfPage\":{\"@id\":\"https:\/\/www.institutfrancais-lituanie.com\/fr\/non-classifiee\/offre-demploi-assistant-e-coordinateur-trice-administratif-ve\/#primaryimage\"},\"image\":{\"@id\":\"https:\/\/www.institutfrancais-lituanie.com\/fr\/non-classifiee\/offre-demploi-assistant-e-coordinateur-trice-administratif-ve\/#primaryimage\"},\"thumbnailUrl\":\"https:\/\/www.institutfrancais-lituanie.com\/wp-content\/uploads\/2024\/06\/Screenshot-2023-01-31-at-12.23.19-1170x641-1.png\",\"datePublished\":\"2025-05-21T12:53:18+00:00\",\"dateModified\":\"2025-05-21T12:53:18+00:00\",\"breadcrumb\":{\"@id\":\"https:\/\/www.institutfrancais-lituanie.com\/fr\/non-classifiee\/offre-demploi-assistant-e-coordinateur-trice-administratif-ve\/#breadcrumb\"},\"inLanguage\":\"fr-FR\",\"potentialAction\":[{\"@type\":\"ReadAction\",\"target\":[\"https:\/\/www.institutfrancais-lituanie.com\/fr\/non-classifiee\/offre-demploi-assistant-e-coordinateur-trice-administratif-ve\/\"]}]},{\"@type\":\"ImageObject\",\"inLanguage\":\"fr-FR\",\"@id\":\"https:\/\/www.institutfrancais-lituanie.com\/fr\/non-classifiee\/offre-demploi-assistant-e-coordinateur-trice-administratif-ve\/#primaryimage\",\"url\":\"https:\/\/www.institutfrancais-lituanie.com\/wp-content\/uploads\/2024\/06\/Screenshot-2023-01-31-at-12.23.19-1170x641-1.png\",\"contentUrl\":\"https:\/\/www.institutfrancais-lituanie.com\/wp-content\/uploads\/2024\/06\/Screenshot-2023-01-31-at-12.23.19-1170x641-1.png\",\"width\":1170,\"height\":641},{\"@type\":\"BreadcrumbList\",\"@id\":\"https:\/\/www.institutfrancais-lituanie.com\/fr\/non-classifiee\/offre-demploi-assistant-e-coordinateur-trice-administratif-ve\/#breadcrumb\",\"itemListElement\":[{\"@type\":\"ListItem\",\"position\":1,\"name\":\"Home\",\"item\":\"https:\/\/www.institutfrancais-lituanie.com\/fr\/\"},{\"@type\":\"ListItem\",\"position\":2,\"name\":\"Offre d\u2019emploi\u00a0: Assistant\/e coordinateur\/trice administratif\/ve\"}]},{\"@type\":\"WebSite\",\"@id\":\"https:\/\/www.institutfrancais-lituanie.com\/fr\/#website\",\"url\":\"https:\/\/www.institutfrancais-lituanie.com\/fr\/\",\"name\":\"IF Lituanie\",\"description\":\"Pranc\u016bz\u0173 kalbos kursai, kult\u016bra, mediateka...\",\"publisher\":{\"@id\":\"https:\/\/www.institutfrancais-lituanie.com\/fr\/#organization\"},\"potentialAction\":[{\"@type\":\"SearchAction\",\"target\":{\"@type\":\"EntryPoint\",\"urlTemplate\":\"https:\/\/www.institutfrancais-lituanie.com\/fr\/?s={search_term_string}\"},\"query-input\":\"required name=search_term_string\"}],\"inLanguage\":\"fr-FR\"},{\"@type\":\"Organization\",\"@id\":\"https:\/\/www.institutfrancais-lituanie.com\/fr\/#organization\",\"name\":\"Pranc\u016bz\u0173 institutas\",\"url\":\"https:\/\/www.institutfrancais-lituanie.com\/fr\/\",\"logo\":{\"@type\":\"ImageObject\",\"inLanguage\":\"fr-FR\",\"@id\":\"https:\/\/www.institutfrancais-lituanie.com\/fr\/#\/schema\/logo\/image\/\",\"url\":\"https:\/\/www.institutfrancais-lituanie.com\/wp-content\/uploads\/2023\/04\/IF_Logo-Lituanie-RVB.jpg\",\"contentUrl\":\"https:\/\/www.institutfrancais-lituanie.com\/wp-content\/uploads\/2023\/04\/IF_Logo-Lituanie-RVB.jpg\",\"width\":827,\"height\":555,\"caption\":\"Pranc\u016bz\u0173 institutas\"},\"image\":{\"@id\":\"https:\/\/www.institutfrancais-lituanie.com\/fr\/#\/schema\/logo\/image\/\"},\"sameAs\":[\"https:\/\/www.facebook.com\/prancuzuinstitutas\/\",\"https:\/\/www.instagram.com\/institut_francais_lituanie\/\"]},{\"@type\":\"Person\",\"@id\":\"https:\/\/www.institutfrancais-lituanie.com\/fr\/#\/schema\/person\/32b95cf77fc2963ebd875802e2d04457\",\"name\":\"Julija Petrosiute\",\"image\":{\"@type\":\"ImageObject\",\"inLanguage\":\"fr-FR\",\"@id\":\"https:\/\/www.institutfrancais-lituanie.com\/fr\/#\/schema\/person\/image\/\",\"url\":\"https:\/\/secure.gravatar.com\/avatar\/2210bf9289c3642e86c1bf97d9ad11dc?s=96&d=mm&r=g\",\"contentUrl\":\"https:\/\/secure.gravatar.com\/avatar\/2210bf9289c3642e86c1bf97d9ad11dc?s=96&d=mm&r=g\",\"caption\":\"Julija Petrosiute\"},\"url\":\"https:\/\/www.institutfrancais-lituanie.com\/fr\/author\/julija24\/\"}]}<\/script>\n<!-- \/ Yoast SEO plugin. -->","yoast_head_json":{"title":"Offre d\u2019emploi\u00a0: Assistant\/e coordinateur\/trice administratif\/ve - IF Lituanie","robots":{"index":"index","follow":"follow","max-snippet":"max-snippet:-1","max-image-preview":"max-image-preview:large","max-video-preview":"max-video-preview:-1"},"canonical":"https:\/\/www.institutfrancais-lituanie.com\/fr\/non-classifiee\/offre-demploi-assistant-e-coordinateur-trice-administratif-ve\/","og_locale":"fr_FR","og_type":"article","og_title":"Offre d\u2019emploi\u00a0: Assistant\/e coordinateur\/trice administratif\/ve - IF Lituanie","og_description":"L\u2019Institut fran\u00e7ais de Lituanie\u00a0recrute un\u00b7e coordinateur\u00b7trice administratif\u00b7ve\u00a0pour rejoindre son service des cours. \ud83d\udccc Poste en&hellip;","og_url":"https:\/\/www.institutfrancais-lituanie.com\/fr\/non-classifiee\/offre-demploi-assistant-e-coordinateur-trice-administratif-ve\/","og_site_name":"IF Lituanie","article_publisher":"https:\/\/www.facebook.com\/prancuzuinstitutas\/","article_published_time":"2025-05-21T12:53:18+00:00","og_image":[{"width":1170,"height":641,"url":"https:\/\/www.institutfrancais-lituanie.com\/wp-content\/uploads\/2024\/06\/Screenshot-2023-01-31-at-12.23.19-1170x641-1.png","type":"image\/png"}],"author":"Julija Petrosiute","twitter_card":"summary_large_image","twitter_misc":{"Written by":"Julija Petrosiute","Est. reading time":"2 minutes"},"schema":{"@context":"https:\/\/schema.org","@graph":[{"@type":"Article","@id":"https:\/\/www.institutfrancais-lituanie.com\/fr\/non-classifiee\/offre-demploi-assistant-e-coordinateur-trice-administratif-ve\/#article","isPartOf":{"@id":"https:\/\/www.institutfrancais-lituanie.com\/fr\/non-classifiee\/offre-demploi-assistant-e-coordinateur-trice-administratif-ve\/"},"author":{"name":"Julija Petrosiute","@id":"https:\/\/www.institutfrancais-lituanie.com\/fr\/#\/schema\/person\/32b95cf77fc2963ebd875802e2d04457"},"headline":"Offre d\u2019emploi\u00a0: Assistant\/e coordinateur\/trice administratif\/ve","datePublished":"2025-05-21T12:53:18+00:00","dateModified":"2025-05-21T12:53:18+00:00","mainEntityOfPage":{"@id":"https:\/\/www.institutfrancais-lituanie.com\/fr\/non-classifiee\/offre-demploi-assistant-e-coordinateur-trice-administratif-ve\/"},"wordCount":275,"publisher":{"@id":"https:\/\/www.institutfrancais-lituanie.com\/fr\/#organization"},"image":{"@id":"https:\/\/www.institutfrancais-lituanie.com\/fr\/non-classifiee\/offre-demploi-assistant-e-coordinateur-trice-administratif-ve\/#primaryimage"},"thumbnailUrl":"https:\/\/www.institutfrancais-lituanie.com\/wp-content\/uploads\/2024\/06\/Screenshot-2023-01-31-at-12.23.19-1170x641-1.png","articleSection":["Non classifi\u00e9(e)"],"inLanguage":"fr-FR"},{"@type":"WebPage","@id":"https:\/\/www.institutfrancais-lituanie.com\/fr\/non-classifiee\/offre-demploi-assistant-e-coordinateur-trice-administratif-ve\/","url":"https:\/\/www.institutfrancais-lituanie.com\/fr\/non-classifiee\/offre-demploi-assistant-e-coordinateur-trice-administratif-ve\/","name":"Offre d\u2019emploi\u00a0: Assistant\/e coordinateur\/trice administratif\/ve - IF Lituanie","isPartOf":{"@id":"https:\/\/www.institutfrancais-lituanie.com\/fr\/#website"},"primaryImageOfPage":{"@id":"https:\/\/www.institutfrancais-lituanie.com\/fr\/non-classifiee\/offre-demploi-assistant-e-coordinateur-trice-administratif-ve\/#primaryimage"},"image":{"@id":"https:\/\/www.institutfrancais-lituanie.com\/fr\/non-classifiee\/offre-demploi-assistant-e-coordinateur-trice-administratif-ve\/#primaryimage"},"thumbnailUrl":"https:\/\/www.institutfrancais-lituanie.com\/wp-content\/uploads\/2024\/06\/Screenshot-2023-01-31-at-12.23.19-1170x641-1.png","datePublished":"2025-05-21T12:53:18+00:00","dateModified":"2025-05-21T12:53:18+00:00","breadcrumb":{"@id":"https:\/\/www.institutfrancais-lituanie.com\/fr\/non-classifiee\/offre-demploi-assistant-e-coordinateur-trice-administratif-ve\/#breadcrumb"},"inLanguage":"fr-FR","potentialAction":[{"@type":"ReadAction","target":["https:\/\/www.institutfrancais-lituanie.com\/fr\/non-classifiee\/offre-demploi-assistant-e-coordinateur-trice-administratif-ve\/"]}]},{"@type":"ImageObject","inLanguage":"fr-FR","@id":"https:\/\/www.institutfrancais-lituanie.com\/fr\/non-classifiee\/offre-demploi-assistant-e-coordinateur-trice-administratif-ve\/#primaryimage","url":"https:\/\/www.institutfrancais-lituanie.com\/wp-content\/uploads\/2024\/06\/Screenshot-2023-01-31-at-12.23.19-1170x641-1.png","contentUrl":"https:\/\/www.institutfrancais-lituanie.com\/wp-content\/uploads\/2024\/06\/Screenshot-2023-01-31-at-12.23.19-1170x641-1.png","width":1170,"height":641},{"@type":"BreadcrumbList","@id":"https:\/\/www.institutfrancais-lituanie.com\/fr\/non-classifiee\/offre-demploi-assistant-e-coordinateur-trice-administratif-ve\/#breadcrumb","itemListElement":[{"@type":"ListItem","position":1,"name":"Home","item":"https:\/\/www.institutfrancais-lituanie.com\/fr\/"},{"@type":"ListItem","position":2,"name":"Offre d\u2019emploi\u00a0: Assistant\/e coordinateur\/trice administratif\/ve"}]},{"@type":"WebSite","@id":"https:\/\/www.institutfrancais-lituanie.com\/fr\/#website","url":"https:\/\/www.institutfrancais-lituanie.com\/fr\/","name":"IF Lituanie","description":"Pranc\u016bz\u0173 kalbos kursai, kult\u016bra, mediateka...","publisher":{"@id":"https:\/\/www.institutfrancais-lituanie.com\/fr\/#organization"},"potentialAction":[{"@type":"SearchAction","target":{"@type":"EntryPoint","urlTemplate":"https:\/\/www.institutfrancais-lituanie.com\/fr\/?s={search_term_string}"},"query-input":"required name=search_term_string"}],"inLanguage":"fr-FR"},{"@type":"Organization","@id":"https:\/\/www.institutfrancais-lituanie.com\/fr\/#organization","name":"Pranc\u016bz\u0173 institutas","url":"https:\/\/www.institutfrancais-lituanie.com\/fr\/","logo":{"@type":"ImageObject","inLanguage":"fr-FR","@id":"https:\/\/www.institutfrancais-lituanie.com\/fr\/#\/schema\/logo\/image\/","url":"https:\/\/www.institutfrancais-lituanie.com\/wp-content\/uploads\/2023\/04\/IF_Logo-Lituanie-RVB.jpg","contentUrl":"https:\/\/www.institutfrancais-lituanie.com\/wp-content\/uploads\/2023\/04\/IF_Logo-Lituanie-RVB.jpg","width":827,"height":555,"caption":"Pranc\u016bz\u0173 institutas"},"image":{"@id":"https:\/\/www.institutfrancais-lituanie.com\/fr\/#\/schema\/logo\/image\/"},"sameAs":["https:\/\/www.facebook.com\/prancuzuinstitutas\/","https:\/\/www.instagram.com\/institut_francais_lituanie\/"]},{"@type":"Person","@id":"https:\/\/www.institutfrancais-lituanie.com\/fr\/#\/schema\/person\/32b95cf77fc2963ebd875802e2d04457","name":"Julija Petrosiute","image":{"@type":"ImageObject","inLanguage":"fr-FR","@id":"https:\/\/www.institutfrancais-lituanie.com\/fr\/#\/schema\/person\/image\/","url":"https:\/\/secure.gravatar.com\/avatar\/2210bf9289c3642e86c1bf97d9ad11dc?s=96&d=mm&r=g","contentUrl":"https:\/\/secure.gravatar.com\/avatar\/2210bf9289c3642e86c1bf97d9ad11dc?s=96&d=mm&r=g","caption":"Julija Petrosiute"},"url":"https:\/\/www.institutfrancais-lituanie.com\/fr\/author\/julija24\/"}]}},"_links":{"self":[{"href":"https:\/\/www.institutfrancais-lituanie.com\/fr\/wp-json\/wp\/v2\/posts\/16940"}],"collection":[{"href":"https:\/\/www.institutfrancais-lituanie.com\/fr\/wp-json\/wp\/v2\/posts"}],"about":[{"href":"https:\/\/www.institutfrancais-lituanie.com\/fr\/wp-json\/wp\/v2\/types\/post"}],"author":[{"embeddable":true,"href":"https:\/\/www.institutfrancais-lituanie.com\/fr\/wp-json\/wp\/v2\/users\/13"}],"replies":[{"embeddable":true,"href":"https:\/\/www.institutfrancais-lituanie.com\/fr\/wp-json\/wp\/v2\/comments?post=16940"}],"version-history":[{"count":1,"href":"https:\/\/www.institutfrancais-lituanie.com\/fr\/wp-json\/wp\/v2\/posts\/16940\/revisions"}],"predecessor-version":[{"id":16941,"href":"https:\/\/www.institutfrancais-lituanie.com\/fr\/wp-json\/wp\/v2\/posts\/16940\/revisions\/16941"}],"wp:featuredmedia":[{"embeddable":true,"href":"https:\/\/www.institutfrancais-lituanie.com\/fr\/wp-json\/wp\/v2\/media\/15020"}],"wp:attachment":[{"href":"https:\/\/www.institutfrancais-lituanie.com\/fr\/wp-json\/wp\/v2\/media?parent=16940"}],"wp:term":[{"taxonomy":"category","embeddable":true,"href":"https:\/\/www.institutfrancais-lituanie.com\/fr\/wp-json\/wp\/v2\/categories?post=16940"},{"taxonomy":"post_tag","embeddable":true,"href":"https:\/\/www.institutfrancais-lituanie.com\/fr\/wp-json\/wp\/v2\/tags?post=16940"}],"curies":[{"name":"wp","href":"https:\/\/api.w.org\/{rel}","templated":true}]}}