{"id":16931,"date":"2025-05-19T12:06:19","date_gmt":"2025-05-19T12:06:19","guid":{"rendered":"https:\/\/www.institutfrancais-lituanie.com\/?p=16931"},"modified":"2025-05-20T11:41:34","modified_gmt":"2025-05-20T11:41:34","slug":"offre-demploi-agent-daccueil-standardiste","status":"publish","type":"post","link":"https:\/\/www.institutfrancais-lituanie.com\/fr\/non-classifiee\/offre-demploi-agent-daccueil-standardiste\/","title":{"rendered":"Offre d&#8217;emploi: Agent d\u2019accueil \/ Standardiste"},"content":{"rendered":"<p>L\u2019Institut fran\u00e7ais de Lituanie recrute un\u00b7e <strong>agent\u00b7e d\u2019accueil \/ standardiste<\/strong> pour rejoindre son service g\u00e9n\u00e9ral. Ce poste est au c\u0153ur du fonctionnement quotidien de l\u2019\u00e9tablissement et repr\u00e9sente le premier point de contact avec le public. Il implique une grande polyvalence, un excellent sens de l\u2019accueil et des qualit\u00e9s organisationnelles solides.<\/p>\n<p>\ud83d\udccd <em>Poste bas\u00e9 \u00e0 Vilnius \u2013 Institut fran\u00e7ais de Lituanie<\/em><br \/>\n\ud83d\udd52 <em>Temps plein \u2013 du lundi au vendredi, 8h45 \u00e0 16h15<\/em><br \/>\n\ud83d\udcc5 <em>Prise de poste : 4 ao\u00fbt 2025<\/em><\/p>\n<p><strong>Vos missions principales<\/strong><\/p>\n<ul>\n<li>Accueillir physiquement les usagers, visiteurs et partenaires avec professionnalisme.<\/li>\n<li>Assurer la gestion du standard t\u00e9l\u00e9phonique : r\u00e9pondre, orienter, renseigner.<\/li>\n<li>Soutenir le service des cours de langue (information, pr\u00e9-inscriptions, remise de dipl\u00f4mes\u2026).<\/li>\n<li>Veiller \u00e0 la s\u00e9curit\u00e9 et \u00e0 la bonne circulation dans les locaux.<\/li>\n<li>Coordonner les agents d\u2019accueil du soir.<\/li>\n<li>R\u00e9aliser des t\u00e2ches administratives courantes li\u00e9es \u00e0 l\u2019accueil et \u00e0 la logistique.<\/li>\n<\/ul>\n<p><strong>Profil recherch\u00e9<\/strong><\/p>\n<ul>\n<li>Excellente ma\u00eetrise du fran\u00e7ais, du lituanien et de l\u2019anglais (niveau professionnel exig\u00e9).<\/li>\n<li>Bonne pr\u00e9sentation, sens de l\u2019\u00e9coute, rigueur, autonomie et esprit d\u2019\u00e9quipe.<\/li>\n<li>Aisance avec les outils bureautiques (suite Office) et app\u00e9tence pour les logiciels de gestion.<\/li>\n<li>Exp\u00e9rience en accueil ou service client souhait\u00e9e.<\/li>\n<\/ul>\n<p><strong>Conditions<\/strong><\/p>\n<ul>\n<li>Contrat \u00e0 dur\u00e9e d\u00e9termin\u00e9e avec possibilit\u00e9 de renouvellement.<\/li>\n<li>Horaires : du lundi au vendredi, 8h45\u201316h15 (souplesse occasionnelle requise).<\/li>\n<li>Travail en \u00e9quipe, en lien direct avec les diff\u00e9rents services de l\u2019Institut.<\/li>\n<li>Tenue professionnelle exig\u00e9e.<\/li>\n<li>Le salaire brut : 2000 \u20ac<\/li>\n<\/ul>\n<p>\ud83d\udce9 Pour postuler, envoyez votre CV et une lettre de motivation \u00e0 <strong>pascal.sliwanski@diplomatie.gouv.fr<\/strong> avant le <strong>15 juin 2025<\/strong>.<\/p>\n","protected":false},"excerpt":{"rendered":"<p>L\u2019Institut fran\u00e7ais de Lituanie recrute un\u00b7e agent\u00b7e d\u2019accueil \/ standardiste pour rejoindre son service g\u00e9n\u00e9ral.&hellip;<\/p>\n","protected":false},"author":13,"featured_media":15020,"comment_status":"closed","ping_status":"open","sticky":false,"template":"","format":"standard","meta":{"footnotes":""},"categories":[43],"tags":[],"class_list":["post-16931","post","type-post","status-publish","format-standard","has-post-thumbnail","hentry","category-non-classifiee"],"yoast_head":"<!-- This site is optimized with the Yoast SEO plugin v23.2 - https:\/\/yoast.com\/wordpress\/plugins\/seo\/ -->\n<title>Offre d&#039;emploi: Agent d\u2019accueil \/ Standardiste - IF Lituanie<\/title>\n<meta name=\"robots\" content=\"index, follow, max-snippet:-1, max-image-preview:large, max-video-preview:-1\" \/>\n<link rel=\"canonical\" href=\"https:\/\/www.institutfrancais-lituanie.com\/fr\/non-classifiee\/offre-demploi-agent-daccueil-standardiste\/\" \/>\n<meta property=\"og:locale\" content=\"fr_FR\" \/>\n<meta property=\"og:type\" content=\"article\" \/>\n<meta property=\"og:title\" content=\"Offre d&#039;emploi: Agent d\u2019accueil \/ Standardiste - IF Lituanie\" \/>\n<meta property=\"og:description\" content=\"L\u2019Institut fran\u00e7ais de Lituanie recrute un\u00b7e agent\u00b7e d\u2019accueil \/ standardiste pour rejoindre son service g\u00e9n\u00e9ral.&hellip;\" \/>\n<meta property=\"og:url\" content=\"https:\/\/www.institutfrancais-lituanie.com\/fr\/non-classifiee\/offre-demploi-agent-daccueil-standardiste\/\" \/>\n<meta property=\"og:site_name\" content=\"IF Lituanie\" \/>\n<meta property=\"article:publisher\" content=\"https:\/\/www.facebook.com\/prancuzuinstitutas\/\" \/>\n<meta property=\"article:published_time\" content=\"2025-05-19T12:06:19+00:00\" \/>\n<meta property=\"article:modified_time\" content=\"2025-05-20T11:41:34+00:00\" \/>\n<meta property=\"og:image\" content=\"https:\/\/www.institutfrancais-lituanie.com\/wp-content\/uploads\/2024\/06\/Screenshot-2023-01-31-at-12.23.19-1170x641-1.png\" \/>\n\t<meta property=\"og:image:width\" content=\"1170\" \/>\n\t<meta property=\"og:image:height\" content=\"641\" \/>\n\t<meta property=\"og:image:type\" content=\"image\/png\" \/>\n<meta name=\"author\" content=\"Julija Petrosiute\" \/>\n<meta name=\"twitter:card\" content=\"summary_large_image\" \/>\n<meta name=\"twitter:label1\" content=\"Written by\" \/>\n\t<meta name=\"twitter:data1\" content=\"Julija Petrosiute\" \/>\n\t<meta name=\"twitter:label2\" content=\"Est. reading time\" \/>\n\t<meta name=\"twitter:data2\" content=\"2 minutes\" \/>\n<script type=\"application\/ld+json\" class=\"yoast-schema-graph\">{\"@context\":\"https:\/\/schema.org\",\"@graph\":[{\"@type\":\"Article\",\"@id\":\"https:\/\/www.institutfrancais-lituanie.com\/fr\/non-classifiee\/offre-demploi-agent-daccueil-standardiste\/#article\",\"isPartOf\":{\"@id\":\"https:\/\/www.institutfrancais-lituanie.com\/fr\/non-classifiee\/offre-demploi-agent-daccueil-standardiste\/\"},\"author\":{\"name\":\"Julija Petrosiute\",\"@id\":\"https:\/\/www.institutfrancais-lituanie.com\/fr\/#\/schema\/person\/32b95cf77fc2963ebd875802e2d04457\"},\"headline\":\"Offre d&#8217;emploi: Agent d\u2019accueil \/ Standardiste\",\"datePublished\":\"2025-05-19T12:06:19+00:00\",\"dateModified\":\"2025-05-20T11:41:34+00:00\",\"mainEntityOfPage\":{\"@id\":\"https:\/\/www.institutfrancais-lituanie.com\/fr\/non-classifiee\/offre-demploi-agent-daccueil-standardiste\/\"},\"wordCount\":272,\"publisher\":{\"@id\":\"https:\/\/www.institutfrancais-lituanie.com\/fr\/#organization\"},\"image\":{\"@id\":\"https:\/\/www.institutfrancais-lituanie.com\/fr\/non-classifiee\/offre-demploi-agent-daccueil-standardiste\/#primaryimage\"},\"thumbnailUrl\":\"https:\/\/www.institutfrancais-lituanie.com\/wp-content\/uploads\/2024\/06\/Screenshot-2023-01-31-at-12.23.19-1170x641-1.png\",\"articleSection\":[\"Non classifi\u00e9(e)\"],\"inLanguage\":\"fr-FR\"},{\"@type\":\"WebPage\",\"@id\":\"https:\/\/www.institutfrancais-lituanie.com\/fr\/non-classifiee\/offre-demploi-agent-daccueil-standardiste\/\",\"url\":\"https:\/\/www.institutfrancais-lituanie.com\/fr\/non-classifiee\/offre-demploi-agent-daccueil-standardiste\/\",\"name\":\"Offre d'emploi: Agent d\u2019accueil \/ Standardiste - IF Lituanie\",\"isPartOf\":{\"@id\":\"https:\/\/www.institutfrancais-lituanie.com\/fr\/#website\"},\"primaryImageOfPage\":{\"@id\":\"https:\/\/www.institutfrancais-lituanie.com\/fr\/non-classifiee\/offre-demploi-agent-daccueil-standardiste\/#primaryimage\"},\"image\":{\"@id\":\"https:\/\/www.institutfrancais-lituanie.com\/fr\/non-classifiee\/offre-demploi-agent-daccueil-standardiste\/#primaryimage\"},\"thumbnailUrl\":\"https:\/\/www.institutfrancais-lituanie.com\/wp-content\/uploads\/2024\/06\/Screenshot-2023-01-31-at-12.23.19-1170x641-1.png\",\"datePublished\":\"2025-05-19T12:06:19+00:00\",\"dateModified\":\"2025-05-20T11:41:34+00:00\",\"breadcrumb\":{\"@id\":\"https:\/\/www.institutfrancais-lituanie.com\/fr\/non-classifiee\/offre-demploi-agent-daccueil-standardiste\/#breadcrumb\"},\"inLanguage\":\"fr-FR\",\"potentialAction\":[{\"@type\":\"ReadAction\",\"target\":[\"https:\/\/www.institutfrancais-lituanie.com\/fr\/non-classifiee\/offre-demploi-agent-daccueil-standardiste\/\"]}]},{\"@type\":\"ImageObject\",\"inLanguage\":\"fr-FR\",\"@id\":\"https:\/\/www.institutfrancais-lituanie.com\/fr\/non-classifiee\/offre-demploi-agent-daccueil-standardiste\/#primaryimage\",\"url\":\"https:\/\/www.institutfrancais-lituanie.com\/wp-content\/uploads\/2024\/06\/Screenshot-2023-01-31-at-12.23.19-1170x641-1.png\",\"contentUrl\":\"https:\/\/www.institutfrancais-lituanie.com\/wp-content\/uploads\/2024\/06\/Screenshot-2023-01-31-at-12.23.19-1170x641-1.png\",\"width\":1170,\"height\":641},{\"@type\":\"BreadcrumbList\",\"@id\":\"https:\/\/www.institutfrancais-lituanie.com\/fr\/non-classifiee\/offre-demploi-agent-daccueil-standardiste\/#breadcrumb\",\"itemListElement\":[{\"@type\":\"ListItem\",\"position\":1,\"name\":\"Home\",\"item\":\"https:\/\/www.institutfrancais-lituanie.com\/fr\/\"},{\"@type\":\"ListItem\",\"position\":2,\"name\":\"Offre d&#8217;emploi: Agent d\u2019accueil \/ Standardiste\"}]},{\"@type\":\"WebSite\",\"@id\":\"https:\/\/www.institutfrancais-lituanie.com\/fr\/#website\",\"url\":\"https:\/\/www.institutfrancais-lituanie.com\/fr\/\",\"name\":\"IF Lituanie\",\"description\":\"Pranc\u016bz\u0173 kalbos kursai, kult\u016bra, mediateka...\",\"publisher\":{\"@id\":\"https:\/\/www.institutfrancais-lituanie.com\/fr\/#organization\"},\"potentialAction\":[{\"@type\":\"SearchAction\",\"target\":{\"@type\":\"EntryPoint\",\"urlTemplate\":\"https:\/\/www.institutfrancais-lituanie.com\/fr\/?s={search_term_string}\"},\"query-input\":\"required name=search_term_string\"}],\"inLanguage\":\"fr-FR\"},{\"@type\":\"Organization\",\"@id\":\"https:\/\/www.institutfrancais-lituanie.com\/fr\/#organization\",\"name\":\"Pranc\u016bz\u0173 institutas\",\"url\":\"https:\/\/www.institutfrancais-lituanie.com\/fr\/\",\"logo\":{\"@type\":\"ImageObject\",\"inLanguage\":\"fr-FR\",\"@id\":\"https:\/\/www.institutfrancais-lituanie.com\/fr\/#\/schema\/logo\/image\/\",\"url\":\"https:\/\/www.institutfrancais-lituanie.com\/wp-content\/uploads\/2023\/04\/IF_Logo-Lituanie-RVB.jpg\",\"contentUrl\":\"https:\/\/www.institutfrancais-lituanie.com\/wp-content\/uploads\/2023\/04\/IF_Logo-Lituanie-RVB.jpg\",\"width\":827,\"height\":555,\"caption\":\"Pranc\u016bz\u0173 institutas\"},\"image\":{\"@id\":\"https:\/\/www.institutfrancais-lituanie.com\/fr\/#\/schema\/logo\/image\/\"},\"sameAs\":[\"https:\/\/www.facebook.com\/prancuzuinstitutas\/\",\"https:\/\/www.instagram.com\/institut_francais_lituanie\/\"]},{\"@type\":\"Person\",\"@id\":\"https:\/\/www.institutfrancais-lituanie.com\/fr\/#\/schema\/person\/32b95cf77fc2963ebd875802e2d04457\",\"name\":\"Julija Petrosiute\",\"image\":{\"@type\":\"ImageObject\",\"inLanguage\":\"fr-FR\",\"@id\":\"https:\/\/www.institutfrancais-lituanie.com\/fr\/#\/schema\/person\/image\/\",\"url\":\"https:\/\/secure.gravatar.com\/avatar\/2210bf9289c3642e86c1bf97d9ad11dc?s=96&d=mm&r=g\",\"contentUrl\":\"https:\/\/secure.gravatar.com\/avatar\/2210bf9289c3642e86c1bf97d9ad11dc?s=96&d=mm&r=g\",\"caption\":\"Julija Petrosiute\"},\"url\":\"https:\/\/www.institutfrancais-lituanie.com\/fr\/author\/julija24\/\"}]}<\/script>\n<!-- \/ Yoast SEO plugin. -->","yoast_head_json":{"title":"Offre d'emploi: Agent d\u2019accueil \/ Standardiste - IF Lituanie","robots":{"index":"index","follow":"follow","max-snippet":"max-snippet:-1","max-image-preview":"max-image-preview:large","max-video-preview":"max-video-preview:-1"},"canonical":"https:\/\/www.institutfrancais-lituanie.com\/fr\/non-classifiee\/offre-demploi-agent-daccueil-standardiste\/","og_locale":"fr_FR","og_type":"article","og_title":"Offre d'emploi: Agent d\u2019accueil \/ Standardiste - IF Lituanie","og_description":"L\u2019Institut fran\u00e7ais de Lituanie recrute un\u00b7e agent\u00b7e d\u2019accueil \/ standardiste pour rejoindre son service g\u00e9n\u00e9ral.&hellip;","og_url":"https:\/\/www.institutfrancais-lituanie.com\/fr\/non-classifiee\/offre-demploi-agent-daccueil-standardiste\/","og_site_name":"IF Lituanie","article_publisher":"https:\/\/www.facebook.com\/prancuzuinstitutas\/","article_published_time":"2025-05-19T12:06:19+00:00","article_modified_time":"2025-05-20T11:41:34+00:00","og_image":[{"width":1170,"height":641,"url":"https:\/\/www.institutfrancais-lituanie.com\/wp-content\/uploads\/2024\/06\/Screenshot-2023-01-31-at-12.23.19-1170x641-1.png","type":"image\/png"}],"author":"Julija Petrosiute","twitter_card":"summary_large_image","twitter_misc":{"Written by":"Julija Petrosiute","Est. reading time":"2 minutes"},"schema":{"@context":"https:\/\/schema.org","@graph":[{"@type":"Article","@id":"https:\/\/www.institutfrancais-lituanie.com\/fr\/non-classifiee\/offre-demploi-agent-daccueil-standardiste\/#article","isPartOf":{"@id":"https:\/\/www.institutfrancais-lituanie.com\/fr\/non-classifiee\/offre-demploi-agent-daccueil-standardiste\/"},"author":{"name":"Julija Petrosiute","@id":"https:\/\/www.institutfrancais-lituanie.com\/fr\/#\/schema\/person\/32b95cf77fc2963ebd875802e2d04457"},"headline":"Offre d&#8217;emploi: Agent d\u2019accueil \/ Standardiste","datePublished":"2025-05-19T12:06:19+00:00","dateModified":"2025-05-20T11:41:34+00:00","mainEntityOfPage":{"@id":"https:\/\/www.institutfrancais-lituanie.com\/fr\/non-classifiee\/offre-demploi-agent-daccueil-standardiste\/"},"wordCount":272,"publisher":{"@id":"https:\/\/www.institutfrancais-lituanie.com\/fr\/#organization"},"image":{"@id":"https:\/\/www.institutfrancais-lituanie.com\/fr\/non-classifiee\/offre-demploi-agent-daccueil-standardiste\/#primaryimage"},"thumbnailUrl":"https:\/\/www.institutfrancais-lituanie.com\/wp-content\/uploads\/2024\/06\/Screenshot-2023-01-31-at-12.23.19-1170x641-1.png","articleSection":["Non classifi\u00e9(e)"],"inLanguage":"fr-FR"},{"@type":"WebPage","@id":"https:\/\/www.institutfrancais-lituanie.com\/fr\/non-classifiee\/offre-demploi-agent-daccueil-standardiste\/","url":"https:\/\/www.institutfrancais-lituanie.com\/fr\/non-classifiee\/offre-demploi-agent-daccueil-standardiste\/","name":"Offre d'emploi: Agent d\u2019accueil \/ Standardiste - IF Lituanie","isPartOf":{"@id":"https:\/\/www.institutfrancais-lituanie.com\/fr\/#website"},"primaryImageOfPage":{"@id":"https:\/\/www.institutfrancais-lituanie.com\/fr\/non-classifiee\/offre-demploi-agent-daccueil-standardiste\/#primaryimage"},"image":{"@id":"https:\/\/www.institutfrancais-lituanie.com\/fr\/non-classifiee\/offre-demploi-agent-daccueil-standardiste\/#primaryimage"},"thumbnailUrl":"https:\/\/www.institutfrancais-lituanie.com\/wp-content\/uploads\/2024\/06\/Screenshot-2023-01-31-at-12.23.19-1170x641-1.png","datePublished":"2025-05-19T12:06:19+00:00","dateModified":"2025-05-20T11:41:34+00:00","breadcrumb":{"@id":"https:\/\/www.institutfrancais-lituanie.com\/fr\/non-classifiee\/offre-demploi-agent-daccueil-standardiste\/#breadcrumb"},"inLanguage":"fr-FR","potentialAction":[{"@type":"ReadAction","target":["https:\/\/www.institutfrancais-lituanie.com\/fr\/non-classifiee\/offre-demploi-agent-daccueil-standardiste\/"]}]},{"@type":"ImageObject","inLanguage":"fr-FR","@id":"https:\/\/www.institutfrancais-lituanie.com\/fr\/non-classifiee\/offre-demploi-agent-daccueil-standardiste\/#primaryimage","url":"https:\/\/www.institutfrancais-lituanie.com\/wp-content\/uploads\/2024\/06\/Screenshot-2023-01-31-at-12.23.19-1170x641-1.png","contentUrl":"https:\/\/www.institutfrancais-lituanie.com\/wp-content\/uploads\/2024\/06\/Screenshot-2023-01-31-at-12.23.19-1170x641-1.png","width":1170,"height":641},{"@type":"BreadcrumbList","@id":"https:\/\/www.institutfrancais-lituanie.com\/fr\/non-classifiee\/offre-demploi-agent-daccueil-standardiste\/#breadcrumb","itemListElement":[{"@type":"ListItem","position":1,"name":"Home","item":"https:\/\/www.institutfrancais-lituanie.com\/fr\/"},{"@type":"ListItem","position":2,"name":"Offre d&#8217;emploi: Agent d\u2019accueil \/ Standardiste"}]},{"@type":"WebSite","@id":"https:\/\/www.institutfrancais-lituanie.com\/fr\/#website","url":"https:\/\/www.institutfrancais-lituanie.com\/fr\/","name":"IF Lituanie","description":"Pranc\u016bz\u0173 kalbos kursai, kult\u016bra, mediateka...","publisher":{"@id":"https:\/\/www.institutfrancais-lituanie.com\/fr\/#organization"},"potentialAction":[{"@type":"SearchAction","target":{"@type":"EntryPoint","urlTemplate":"https:\/\/www.institutfrancais-lituanie.com\/fr\/?s={search_term_string}"},"query-input":"required name=search_term_string"}],"inLanguage":"fr-FR"},{"@type":"Organization","@id":"https:\/\/www.institutfrancais-lituanie.com\/fr\/#organization","name":"Pranc\u016bz\u0173 institutas","url":"https:\/\/www.institutfrancais-lituanie.com\/fr\/","logo":{"@type":"ImageObject","inLanguage":"fr-FR","@id":"https:\/\/www.institutfrancais-lituanie.com\/fr\/#\/schema\/logo\/image\/","url":"https:\/\/www.institutfrancais-lituanie.com\/wp-content\/uploads\/2023\/04\/IF_Logo-Lituanie-RVB.jpg","contentUrl":"https:\/\/www.institutfrancais-lituanie.com\/wp-content\/uploads\/2023\/04\/IF_Logo-Lituanie-RVB.jpg","width":827,"height":555,"caption":"Pranc\u016bz\u0173 institutas"},"image":{"@id":"https:\/\/www.institutfrancais-lituanie.com\/fr\/#\/schema\/logo\/image\/"},"sameAs":["https:\/\/www.facebook.com\/prancuzuinstitutas\/","https:\/\/www.instagram.com\/institut_francais_lituanie\/"]},{"@type":"Person","@id":"https:\/\/www.institutfrancais-lituanie.com\/fr\/#\/schema\/person\/32b95cf77fc2963ebd875802e2d04457","name":"Julija Petrosiute","image":{"@type":"ImageObject","inLanguage":"fr-FR","@id":"https:\/\/www.institutfrancais-lituanie.com\/fr\/#\/schema\/person\/image\/","url":"https:\/\/secure.gravatar.com\/avatar\/2210bf9289c3642e86c1bf97d9ad11dc?s=96&d=mm&r=g","contentUrl":"https:\/\/secure.gravatar.com\/avatar\/2210bf9289c3642e86c1bf97d9ad11dc?s=96&d=mm&r=g","caption":"Julija Petrosiute"},"url":"https:\/\/www.institutfrancais-lituanie.com\/fr\/author\/julija24\/"}]}},"_links":{"self":[{"href":"https:\/\/www.institutfrancais-lituanie.com\/fr\/wp-json\/wp\/v2\/posts\/16931"}],"collection":[{"href":"https:\/\/www.institutfrancais-lituanie.com\/fr\/wp-json\/wp\/v2\/posts"}],"about":[{"href":"https:\/\/www.institutfrancais-lituanie.com\/fr\/wp-json\/wp\/v2\/types\/post"}],"author":[{"embeddable":true,"href":"https:\/\/www.institutfrancais-lituanie.com\/fr\/wp-json\/wp\/v2\/users\/13"}],"replies":[{"embeddable":true,"href":"https:\/\/www.institutfrancais-lituanie.com\/fr\/wp-json\/wp\/v2\/comments?post=16931"}],"version-history":[{"count":2,"href":"https:\/\/www.institutfrancais-lituanie.com\/fr\/wp-json\/wp\/v2\/posts\/16931\/revisions"}],"predecessor-version":[{"id":16936,"href":"https:\/\/www.institutfrancais-lituanie.com\/fr\/wp-json\/wp\/v2\/posts\/16931\/revisions\/16936"}],"wp:featuredmedia":[{"embeddable":true,"href":"https:\/\/www.institutfrancais-lituanie.com\/fr\/wp-json\/wp\/v2\/media\/15020"}],"wp:attachment":[{"href":"https:\/\/www.institutfrancais-lituanie.com\/fr\/wp-json\/wp\/v2\/media?parent=16931"}],"wp:term":[{"taxonomy":"category","embeddable":true,"href":"https:\/\/www.institutfrancais-lituanie.com\/fr\/wp-json\/wp\/v2\/categories?post=16931"},{"taxonomy":"post_tag","embeddable":true,"href":"https:\/\/www.institutfrancais-lituanie.com\/fr\/wp-json\/wp\/v2\/tags?post=16931"}],"curies":[{"name":"wp","href":"https:\/\/api.w.org\/{rel}","templated":true}]}}