{"id":16921,"date":"2025-05-18T19:04:41","date_gmt":"2025-05-18T19:04:41","guid":{"rendered":"https:\/\/www.institutfrancais-lituanie.com\/?p=16921"},"modified":"2025-05-18T19:26:36","modified_gmt":"2025-05-18T19:26:36","slug":"webinaire-preparation-pour-le-depart-en-france","status":"publish","type":"post","link":"https:\/\/www.institutfrancais-lituanie.com\/fr\/etudes-en-france\/webinaire-preparation-pour-le-depart-en-france\/","title":{"rendered":"Webinaire \u00ab Pr\u00e9paration pour le d\u00e9part en France \u00bb"},"content":{"rendered":"<p>Le 29 mai \u00e0 17h00, vous \u00eates invit\u00e9s \u00e0 participer au webinaire \u00ab Pr\u00e9paration pour le d\u00e9part en France \u00bb organis\u00e9 par l&#8217;Institut fran\u00e7ais de Lituanie.<\/p>\n<p>Au programme :<br \/>\n\u2705 Infos pratiques sur la vie en France<br \/>\n\u2705 Conseils pour les d\u00e9marches administratives<br \/>\n\u2705 Astuces pour r\u00e9ussir ton int\u00e9gration<br \/>\n\u2705 Session questions\/r\u00e9ponses en direct<\/p>\n<p><strong>Le 29 mai \u00e0 17h (heure locale)<\/strong><br \/>\nEn ligne \u2013 Gratuit \u2013 En anglais<\/p>\n<p>Ne ratez pas cette occasion de bien vous pr\u00e9parer !<\/p>\n<p><strong>Inscription obligatoire<\/strong><strong>\u00a0: <\/strong><a href=\"https:\/\/docs.google.com\/forms\/d\/e\/1FAIpQLSfsHfa78KZ-a1wM1pu8Rlfml8QlN1IXR7UH-TCV3JHCtUOJMQ\/viewform?usp=send_form\">https:\/\/docs.google.com\/forms\/d\/e\/1FAIpQLSfsHfa78KZ-a1wM1pu8Rlfml8QlN1IXR7UH-TCV3JHCtUOJMQ\/viewform?usp=send_form<\/a><\/p>\n<p>&nbsp;<\/p>\n","protected":false},"excerpt":{"rendered":"<p>Le 29 mai \u00e0 17h00, vous \u00eates invit\u00e9s \u00e0 participer au webinaire \u00ab Pr\u00e9paration pour&hellip;<\/p>\n","protected":false},"author":13,"featured_media":16916,"comment_status":"closed","ping_status":"open","sticky":false,"template":"","format":"standard","meta":{"footnotes":""},"categories":[110,57,43],"tags":[],"class_list":["post-16921","post","type-post","status-publish","format-standard","has-post-thumbnail","hentry","category-etudes-en-france","category-en-cours","category-non-classifiee"],"yoast_head":"<!-- This site is optimized with the Yoast SEO plugin v23.2 - https:\/\/yoast.com\/wordpress\/plugins\/seo\/ -->\n<title>Webinaire \u00ab Pr\u00e9paration pour le d\u00e9part en France \u00bb - IF Lituanie<\/title>\n<meta name=\"robots\" content=\"index, follow, max-snippet:-1, max-image-preview:large, max-video-preview:-1\" \/>\n<link rel=\"canonical\" href=\"https:\/\/www.institutfrancais-lituanie.com\/fr\/etudes-en-france\/webinaire-preparation-pour-le-depart-en-france\/\" \/>\n<meta property=\"og:locale\" content=\"fr_FR\" \/>\n<meta property=\"og:type\" content=\"article\" \/>\n<meta property=\"og:title\" content=\"Webinaire \u00ab Pr\u00e9paration pour le d\u00e9part en France \u00bb - IF Lituanie\" \/>\n<meta property=\"og:description\" content=\"Le 29 mai \u00e0 17h00, vous \u00eates invit\u00e9s \u00e0 participer au webinaire \u00ab Pr\u00e9paration pour&hellip;\" \/>\n<meta property=\"og:url\" content=\"https:\/\/www.institutfrancais-lituanie.com\/fr\/etudes-en-france\/webinaire-preparation-pour-le-depart-en-france\/\" \/>\n<meta property=\"og:site_name\" content=\"IF Lituanie\" \/>\n<meta property=\"article:publisher\" content=\"https:\/\/www.facebook.com\/prancuzuinstitutas\/\" \/>\n<meta property=\"article:published_time\" content=\"2025-05-18T19:04:41+00:00\" \/>\n<meta property=\"article:modified_time\" content=\"2025-05-18T19:26:36+00:00\" \/>\n<meta property=\"og:image\" content=\"https:\/\/www.institutfrancais-lituanie.com\/wp-content\/uploads\/2025\/05\/Vebinaras-Pasiruoskite-isvykti-i-Prancuzija-LT-e1747596386899.png\" \/>\n\t<meta property=\"og:image:width\" content=\"1585\" \/>\n\t<meta property=\"og:image:height\" content=\"914\" \/>\n\t<meta property=\"og:image:type\" content=\"image\/png\" \/>\n<meta name=\"author\" content=\"Julija Petrosiute\" \/>\n<meta name=\"twitter:card\" content=\"summary_large_image\" \/>\n<meta name=\"twitter:label1\" content=\"Written by\" \/>\n\t<meta name=\"twitter:data1\" content=\"Julija Petrosiute\" \/>\n\t<meta name=\"twitter:label2\" content=\"Est. reading time\" \/>\n\t<meta name=\"twitter:data2\" content=\"1 minute\" \/>\n<script type=\"application\/ld+json\" class=\"yoast-schema-graph\">{\"@context\":\"https:\/\/schema.org\",\"@graph\":[{\"@type\":\"Article\",\"@id\":\"https:\/\/www.institutfrancais-lituanie.com\/fr\/etudes-en-france\/webinaire-preparation-pour-le-depart-en-france\/#article\",\"isPartOf\":{\"@id\":\"https:\/\/www.institutfrancais-lituanie.com\/fr\/etudes-en-france\/webinaire-preparation-pour-le-depart-en-france\/\"},\"author\":{\"name\":\"Julija Petrosiute\",\"@id\":\"https:\/\/www.institutfrancais-lituanie.com\/fr\/#\/schema\/person\/32b95cf77fc2963ebd875802e2d04457\"},\"headline\":\"Webinaire \u00ab Pr\u00e9paration pour le d\u00e9part en France \u00bb\",\"datePublished\":\"2025-05-18T19:04:41+00:00\",\"dateModified\":\"2025-05-18T19:26:36+00:00\",\"mainEntityOfPage\":{\"@id\":\"https:\/\/www.institutfrancais-lituanie.com\/fr\/etudes-en-france\/webinaire-preparation-pour-le-depart-en-france\/\"},\"wordCount\":105,\"publisher\":{\"@id\":\"https:\/\/www.institutfrancais-lituanie.com\/fr\/#organization\"},\"image\":{\"@id\":\"https:\/\/www.institutfrancais-lituanie.com\/fr\/etudes-en-france\/webinaire-preparation-pour-le-depart-en-france\/#primaryimage\"},\"thumbnailUrl\":\"https:\/\/www.institutfrancais-lituanie.com\/wp-content\/uploads\/2025\/05\/Vebinaras-Pasiruoskite-isvykti-i-Prancuzija-LT-e1747596386899.png\",\"articleSection\":[\"Etudes en France\",\"Ev\u00e9nements\",\"Non classifi\u00e9(e)\"],\"inLanguage\":\"fr-FR\"},{\"@type\":\"WebPage\",\"@id\":\"https:\/\/www.institutfrancais-lituanie.com\/fr\/etudes-en-france\/webinaire-preparation-pour-le-depart-en-france\/\",\"url\":\"https:\/\/www.institutfrancais-lituanie.com\/fr\/etudes-en-france\/webinaire-preparation-pour-le-depart-en-france\/\",\"name\":\"Webinaire \u00ab Pr\u00e9paration pour le d\u00e9part en France \u00bb - IF Lituanie\",\"isPartOf\":{\"@id\":\"https:\/\/www.institutfrancais-lituanie.com\/fr\/#website\"},\"primaryImageOfPage\":{\"@id\":\"https:\/\/www.institutfrancais-lituanie.com\/fr\/etudes-en-france\/webinaire-preparation-pour-le-depart-en-france\/#primaryimage\"},\"image\":{\"@id\":\"https:\/\/www.institutfrancais-lituanie.com\/fr\/etudes-en-france\/webinaire-preparation-pour-le-depart-en-france\/#primaryimage\"},\"thumbnailUrl\":\"https:\/\/www.institutfrancais-lituanie.com\/wp-content\/uploads\/2025\/05\/Vebinaras-Pasiruoskite-isvykti-i-Prancuzija-LT-e1747596386899.png\",\"datePublished\":\"2025-05-18T19:04:41+00:00\",\"dateModified\":\"2025-05-18T19:26:36+00:00\",\"breadcrumb\":{\"@id\":\"https:\/\/www.institutfrancais-lituanie.com\/fr\/etudes-en-france\/webinaire-preparation-pour-le-depart-en-france\/#breadcrumb\"},\"inLanguage\":\"fr-FR\",\"potentialAction\":[{\"@type\":\"ReadAction\",\"target\":[\"https:\/\/www.institutfrancais-lituanie.com\/fr\/etudes-en-france\/webinaire-preparation-pour-le-depart-en-france\/\"]}]},{\"@type\":\"ImageObject\",\"inLanguage\":\"fr-FR\",\"@id\":\"https:\/\/www.institutfrancais-lituanie.com\/fr\/etudes-en-france\/webinaire-preparation-pour-le-depart-en-france\/#primaryimage\",\"url\":\"https:\/\/www.institutfrancais-lituanie.com\/wp-content\/uploads\/2025\/05\/Vebinaras-Pasiruoskite-isvykti-i-Prancuzija-LT-e1747596386899.png\",\"contentUrl\":\"https:\/\/www.institutfrancais-lituanie.com\/wp-content\/uploads\/2025\/05\/Vebinaras-Pasiruoskite-isvykti-i-Prancuzija-LT-e1747596386899.png\",\"width\":1585,\"height\":914},{\"@type\":\"BreadcrumbList\",\"@id\":\"https:\/\/www.institutfrancais-lituanie.com\/fr\/etudes-en-france\/webinaire-preparation-pour-le-depart-en-france\/#breadcrumb\",\"itemListElement\":[{\"@type\":\"ListItem\",\"position\":1,\"name\":\"Home\",\"item\":\"https:\/\/www.institutfrancais-lituanie.com\/fr\/\"},{\"@type\":\"ListItem\",\"position\":2,\"name\":\"Webinaire \u00ab Pr\u00e9paration pour le d\u00e9part en France \u00bb\"}]},{\"@type\":\"WebSite\",\"@id\":\"https:\/\/www.institutfrancais-lituanie.com\/fr\/#website\",\"url\":\"https:\/\/www.institutfrancais-lituanie.com\/fr\/\",\"name\":\"IF Lituanie\",\"description\":\"Pranc\u016bz\u0173 kalbos kursai, kult\u016bra, mediateka...\",\"publisher\":{\"@id\":\"https:\/\/www.institutfrancais-lituanie.com\/fr\/#organization\"},\"potentialAction\":[{\"@type\":\"SearchAction\",\"target\":{\"@type\":\"EntryPoint\",\"urlTemplate\":\"https:\/\/www.institutfrancais-lituanie.com\/fr\/?s={search_term_string}\"},\"query-input\":\"required name=search_term_string\"}],\"inLanguage\":\"fr-FR\"},{\"@type\":\"Organization\",\"@id\":\"https:\/\/www.institutfrancais-lituanie.com\/fr\/#organization\",\"name\":\"Pranc\u016bz\u0173 institutas\",\"url\":\"https:\/\/www.institutfrancais-lituanie.com\/fr\/\",\"logo\":{\"@type\":\"ImageObject\",\"inLanguage\":\"fr-FR\",\"@id\":\"https:\/\/www.institutfrancais-lituanie.com\/fr\/#\/schema\/logo\/image\/\",\"url\":\"https:\/\/www.institutfrancais-lituanie.com\/wp-content\/uploads\/2023\/04\/IF_Logo-Lituanie-RVB.jpg\",\"contentUrl\":\"https:\/\/www.institutfrancais-lituanie.com\/wp-content\/uploads\/2023\/04\/IF_Logo-Lituanie-RVB.jpg\",\"width\":827,\"height\":555,\"caption\":\"Pranc\u016bz\u0173 institutas\"},\"image\":{\"@id\":\"https:\/\/www.institutfrancais-lituanie.com\/fr\/#\/schema\/logo\/image\/\"},\"sameAs\":[\"https:\/\/www.facebook.com\/prancuzuinstitutas\/\",\"https:\/\/www.instagram.com\/institut_francais_lituanie\/\"]},{\"@type\":\"Person\",\"@id\":\"https:\/\/www.institutfrancais-lituanie.com\/fr\/#\/schema\/person\/32b95cf77fc2963ebd875802e2d04457\",\"name\":\"Julija Petrosiute\",\"image\":{\"@type\":\"ImageObject\",\"inLanguage\":\"fr-FR\",\"@id\":\"https:\/\/www.institutfrancais-lituanie.com\/fr\/#\/schema\/person\/image\/\",\"url\":\"https:\/\/secure.gravatar.com\/avatar\/2210bf9289c3642e86c1bf97d9ad11dc?s=96&d=mm&r=g\",\"contentUrl\":\"https:\/\/secure.gravatar.com\/avatar\/2210bf9289c3642e86c1bf97d9ad11dc?s=96&d=mm&r=g\",\"caption\":\"Julija Petrosiute\"},\"url\":\"https:\/\/www.institutfrancais-lituanie.com\/fr\/author\/julija24\/\"}]}<\/script>\n<!-- \/ Yoast SEO plugin. -->","yoast_head_json":{"title":"Webinaire \u00ab Pr\u00e9paration pour le d\u00e9part en France \u00bb - IF Lituanie","robots":{"index":"index","follow":"follow","max-snippet":"max-snippet:-1","max-image-preview":"max-image-preview:large","max-video-preview":"max-video-preview:-1"},"canonical":"https:\/\/www.institutfrancais-lituanie.com\/fr\/etudes-en-france\/webinaire-preparation-pour-le-depart-en-france\/","og_locale":"fr_FR","og_type":"article","og_title":"Webinaire \u00ab Pr\u00e9paration pour le d\u00e9part en France \u00bb - IF Lituanie","og_description":"Le 29 mai \u00e0 17h00, vous \u00eates invit\u00e9s \u00e0 participer au webinaire \u00ab Pr\u00e9paration pour&hellip;","og_url":"https:\/\/www.institutfrancais-lituanie.com\/fr\/etudes-en-france\/webinaire-preparation-pour-le-depart-en-france\/","og_site_name":"IF Lituanie","article_publisher":"https:\/\/www.facebook.com\/prancuzuinstitutas\/","article_published_time":"2025-05-18T19:04:41+00:00","article_modified_time":"2025-05-18T19:26:36+00:00","og_image":[{"width":1585,"height":914,"url":"https:\/\/www.institutfrancais-lituanie.com\/wp-content\/uploads\/2025\/05\/Vebinaras-Pasiruoskite-isvykti-i-Prancuzija-LT-e1747596386899.png","type":"image\/png"}],"author":"Julija Petrosiute","twitter_card":"summary_large_image","twitter_misc":{"Written by":"Julija Petrosiute","Est. reading time":"1 minute"},"schema":{"@context":"https:\/\/schema.org","@graph":[{"@type":"Article","@id":"https:\/\/www.institutfrancais-lituanie.com\/fr\/etudes-en-france\/webinaire-preparation-pour-le-depart-en-france\/#article","isPartOf":{"@id":"https:\/\/www.institutfrancais-lituanie.com\/fr\/etudes-en-france\/webinaire-preparation-pour-le-depart-en-france\/"},"author":{"name":"Julija Petrosiute","@id":"https:\/\/www.institutfrancais-lituanie.com\/fr\/#\/schema\/person\/32b95cf77fc2963ebd875802e2d04457"},"headline":"Webinaire \u00ab Pr\u00e9paration pour le d\u00e9part en France \u00bb","datePublished":"2025-05-18T19:04:41+00:00","dateModified":"2025-05-18T19:26:36+00:00","mainEntityOfPage":{"@id":"https:\/\/www.institutfrancais-lituanie.com\/fr\/etudes-en-france\/webinaire-preparation-pour-le-depart-en-france\/"},"wordCount":105,"publisher":{"@id":"https:\/\/www.institutfrancais-lituanie.com\/fr\/#organization"},"image":{"@id":"https:\/\/www.institutfrancais-lituanie.com\/fr\/etudes-en-france\/webinaire-preparation-pour-le-depart-en-france\/#primaryimage"},"thumbnailUrl":"https:\/\/www.institutfrancais-lituanie.com\/wp-content\/uploads\/2025\/05\/Vebinaras-Pasiruoskite-isvykti-i-Prancuzija-LT-e1747596386899.png","articleSection":["Etudes en France","Ev\u00e9nements","Non classifi\u00e9(e)"],"inLanguage":"fr-FR"},{"@type":"WebPage","@id":"https:\/\/www.institutfrancais-lituanie.com\/fr\/etudes-en-france\/webinaire-preparation-pour-le-depart-en-france\/","url":"https:\/\/www.institutfrancais-lituanie.com\/fr\/etudes-en-france\/webinaire-preparation-pour-le-depart-en-france\/","name":"Webinaire \u00ab Pr\u00e9paration pour le d\u00e9part en France \u00bb - IF Lituanie","isPartOf":{"@id":"https:\/\/www.institutfrancais-lituanie.com\/fr\/#website"},"primaryImageOfPage":{"@id":"https:\/\/www.institutfrancais-lituanie.com\/fr\/etudes-en-france\/webinaire-preparation-pour-le-depart-en-france\/#primaryimage"},"image":{"@id":"https:\/\/www.institutfrancais-lituanie.com\/fr\/etudes-en-france\/webinaire-preparation-pour-le-depart-en-france\/#primaryimage"},"thumbnailUrl":"https:\/\/www.institutfrancais-lituanie.com\/wp-content\/uploads\/2025\/05\/Vebinaras-Pasiruoskite-isvykti-i-Prancuzija-LT-e1747596386899.png","datePublished":"2025-05-18T19:04:41+00:00","dateModified":"2025-05-18T19:26:36+00:00","breadcrumb":{"@id":"https:\/\/www.institutfrancais-lituanie.com\/fr\/etudes-en-france\/webinaire-preparation-pour-le-depart-en-france\/#breadcrumb"},"inLanguage":"fr-FR","potentialAction":[{"@type":"ReadAction","target":["https:\/\/www.institutfrancais-lituanie.com\/fr\/etudes-en-france\/webinaire-preparation-pour-le-depart-en-france\/"]}]},{"@type":"ImageObject","inLanguage":"fr-FR","@id":"https:\/\/www.institutfrancais-lituanie.com\/fr\/etudes-en-france\/webinaire-preparation-pour-le-depart-en-france\/#primaryimage","url":"https:\/\/www.institutfrancais-lituanie.com\/wp-content\/uploads\/2025\/05\/Vebinaras-Pasiruoskite-isvykti-i-Prancuzija-LT-e1747596386899.png","contentUrl":"https:\/\/www.institutfrancais-lituanie.com\/wp-content\/uploads\/2025\/05\/Vebinaras-Pasiruoskite-isvykti-i-Prancuzija-LT-e1747596386899.png","width":1585,"height":914},{"@type":"BreadcrumbList","@id":"https:\/\/www.institutfrancais-lituanie.com\/fr\/etudes-en-france\/webinaire-preparation-pour-le-depart-en-france\/#breadcrumb","itemListElement":[{"@type":"ListItem","position":1,"name":"Home","item":"https:\/\/www.institutfrancais-lituanie.com\/fr\/"},{"@type":"ListItem","position":2,"name":"Webinaire \u00ab Pr\u00e9paration pour le d\u00e9part en France \u00bb"}]},{"@type":"WebSite","@id":"https:\/\/www.institutfrancais-lituanie.com\/fr\/#website","url":"https:\/\/www.institutfrancais-lituanie.com\/fr\/","name":"IF Lituanie","description":"Pranc\u016bz\u0173 kalbos kursai, kult\u016bra, mediateka...","publisher":{"@id":"https:\/\/www.institutfrancais-lituanie.com\/fr\/#organization"},"potentialAction":[{"@type":"SearchAction","target":{"@type":"EntryPoint","urlTemplate":"https:\/\/www.institutfrancais-lituanie.com\/fr\/?s={search_term_string}"},"query-input":"required name=search_term_string"}],"inLanguage":"fr-FR"},{"@type":"Organization","@id":"https:\/\/www.institutfrancais-lituanie.com\/fr\/#organization","name":"Pranc\u016bz\u0173 institutas","url":"https:\/\/www.institutfrancais-lituanie.com\/fr\/","logo":{"@type":"ImageObject","inLanguage":"fr-FR","@id":"https:\/\/www.institutfrancais-lituanie.com\/fr\/#\/schema\/logo\/image\/","url":"https:\/\/www.institutfrancais-lituanie.com\/wp-content\/uploads\/2023\/04\/IF_Logo-Lituanie-RVB.jpg","contentUrl":"https:\/\/www.institutfrancais-lituanie.com\/wp-content\/uploads\/2023\/04\/IF_Logo-Lituanie-RVB.jpg","width":827,"height":555,"caption":"Pranc\u016bz\u0173 institutas"},"image":{"@id":"https:\/\/www.institutfrancais-lituanie.com\/fr\/#\/schema\/logo\/image\/"},"sameAs":["https:\/\/www.facebook.com\/prancuzuinstitutas\/","https:\/\/www.instagram.com\/institut_francais_lituanie\/"]},{"@type":"Person","@id":"https:\/\/www.institutfrancais-lituanie.com\/fr\/#\/schema\/person\/32b95cf77fc2963ebd875802e2d04457","name":"Julija Petrosiute","image":{"@type":"ImageObject","inLanguage":"fr-FR","@id":"https:\/\/www.institutfrancais-lituanie.com\/fr\/#\/schema\/person\/image\/","url":"https:\/\/secure.gravatar.com\/avatar\/2210bf9289c3642e86c1bf97d9ad11dc?s=96&d=mm&r=g","contentUrl":"https:\/\/secure.gravatar.com\/avatar\/2210bf9289c3642e86c1bf97d9ad11dc?s=96&d=mm&r=g","caption":"Julija Petrosiute"},"url":"https:\/\/www.institutfrancais-lituanie.com\/fr\/author\/julija24\/"}]}},"_links":{"self":[{"href":"https:\/\/www.institutfrancais-lituanie.com\/fr\/wp-json\/wp\/v2\/posts\/16921"}],"collection":[{"href":"https:\/\/www.institutfrancais-lituanie.com\/fr\/wp-json\/wp\/v2\/posts"}],"about":[{"href":"https:\/\/www.institutfrancais-lituanie.com\/fr\/wp-json\/wp\/v2\/types\/post"}],"author":[{"embeddable":true,"href":"https:\/\/www.institutfrancais-lituanie.com\/fr\/wp-json\/wp\/v2\/users\/13"}],"replies":[{"embeddable":true,"href":"https:\/\/www.institutfrancais-lituanie.com\/fr\/wp-json\/wp\/v2\/comments?post=16921"}],"version-history":[{"count":1,"href":"https:\/\/www.institutfrancais-lituanie.com\/fr\/wp-json\/wp\/v2\/posts\/16921\/revisions"}],"predecessor-version":[{"id":16922,"href":"https:\/\/www.institutfrancais-lituanie.com\/fr\/wp-json\/wp\/v2\/posts\/16921\/revisions\/16922"}],"wp:featuredmedia":[{"embeddable":true,"href":"https:\/\/www.institutfrancais-lituanie.com\/fr\/wp-json\/wp\/v2\/media\/16916"}],"wp:attachment":[{"href":"https:\/\/www.institutfrancais-lituanie.com\/fr\/wp-json\/wp\/v2\/media?parent=16921"}],"wp:term":[{"taxonomy":"category","embeddable":true,"href":"https:\/\/www.institutfrancais-lituanie.com\/fr\/wp-json\/wp\/v2\/categories?post=16921"},{"taxonomy":"post_tag","embeddable":true,"href":"https:\/\/www.institutfrancais-lituanie.com\/fr\/wp-json\/wp\/v2\/tags?post=16921"}],"curies":[{"name":"wp","href":"https:\/\/api.w.org\/{rel}","templated":true}]}}