{"id":16793,"date":"2025-04-30T06:43:23","date_gmt":"2025-04-30T06:43:23","guid":{"rendered":"https:\/\/www.institutfrancais-lituanie.com\/?p=16793"},"modified":"2025-04-30T06:43:23","modified_gmt":"2025-04-30T06:43:23","slug":"projection-du-film-journee-internationale-de-lutte-contre-lhomophobie-et-la-transphobie","status":"publish","type":"post","link":"https:\/\/www.institutfrancais-lituanie.com\/fr\/en-cours\/cinema\/projection-du-film-journee-internationale-de-lutte-contre-lhomophobie-et-la-transphobie\/","title":{"rendered":"PROJECTION DU FILM\u00a0: Journ\u00e9e internationale de lutte contre l&#8217;homophobie et la transphobie"},"content":{"rendered":"<p>Le 17 mai est la Journ\u00e9e internationale de lutte contre l&#8217;homophobie et la transphobie.<\/p>\n<p>A cette occasion, L&#8217;Institut fran\u00e7ais de Lituanie vous invite \u00e0 une projection du film \u00ab La petite fille \u00bb le 15 mai \u00e0 18h00.<\/p>\n<p><em>Petite fille <\/em>de\u00a0<a href=\"https:\/\/ifcinema.institutfrancais.com\/fr\/search?q_text=S%C3%A9bastien%20Lifshitz\">S\u00e9bastien Lifshitz<\/a><\/p>\n<p>Sasha, un jeune gar\u00e7on de 7 ans, se vit comme une petite fille depuis l&#8217;\u00e2ge de 3 ans. Le film suit sa vie au quotidien, le questionnement de ses parents, de ses fr\u00e8res et s\u0153ur, tout comme le combat incessant que sa famille doit mener pour faire comprendre sa diff\u00e9rence. Courageuse et intraitable, Karine, la m\u00e8re de Sasha, m\u00e8ne une lutte sans rel\u00e2che port\u00e9e par un amour inconditionnel pour son enfant.<\/p>\n<p>VO, sous-titres anglais<\/p>\n<p>Ann\u00e9e\u00a0: 2020<\/p>\n<p>Dur\u00e9e\u00a0: 1h25<\/p>\n","protected":false},"excerpt":{"rendered":"<p>Le 17 mai est la Journ\u00e9e internationale de lutte contre l&#8217;homophobie et la transphobie. A&hellip;<\/p>\n","protected":false},"author":13,"featured_media":16791,"comment_status":"closed","ping_status":"open","sticky":false,"template":"","format":"standard","meta":{"footnotes":""},"categories":[89],"tags":[],"class_list":["post-16793","post","type-post","status-publish","format-standard","has-post-thumbnail","hentry","category-cinema"],"yoast_head":"<!-- This site is optimized with the Yoast SEO plugin v23.2 - https:\/\/yoast.com\/wordpress\/plugins\/seo\/ -->\n<title>PROJECTION DU FILM\u00a0: Journ\u00e9e internationale de lutte contre l&#039;homophobie et la transphobie - IF Lituanie<\/title>\n<meta name=\"robots\" content=\"index, follow, max-snippet:-1, max-image-preview:large, max-video-preview:-1\" \/>\n<link rel=\"canonical\" href=\"https:\/\/www.institutfrancais-lituanie.com\/fr\/en-cours\/cinema\/projection-du-film-journee-internationale-de-lutte-contre-lhomophobie-et-la-transphobie\/\" \/>\n<meta property=\"og:locale\" content=\"fr_FR\" \/>\n<meta property=\"og:type\" content=\"article\" \/>\n<meta property=\"og:title\" content=\"PROJECTION DU FILM\u00a0: Journ\u00e9e internationale de lutte contre l&#039;homophobie et la transphobie - IF Lituanie\" \/>\n<meta property=\"og:description\" content=\"Le 17 mai est la Journ\u00e9e internationale de lutte contre l&#8217;homophobie et la transphobie. A&hellip;\" \/>\n<meta property=\"og:url\" content=\"https:\/\/www.institutfrancais-lituanie.com\/fr\/en-cours\/cinema\/projection-du-film-journee-internationale-de-lutte-contre-lhomophobie-et-la-transphobie\/\" \/>\n<meta property=\"og:site_name\" content=\"IF Lituanie\" \/>\n<meta property=\"article:publisher\" content=\"https:\/\/www.facebook.com\/prancuzuinstitutas\/\" \/>\n<meta property=\"article:published_time\" content=\"2025-04-30T06:43:23+00:00\" \/>\n<meta property=\"og:image\" content=\"https:\/\/www.institutfrancais-lituanie.com\/wp-content\/uploads\/2025\/04\/petite-fille2.jpg\" \/>\n\t<meta property=\"og:image:width\" content=\"615\" \/>\n\t<meta property=\"og:image:height\" content=\"324\" \/>\n\t<meta property=\"og:image:type\" content=\"image\/jpeg\" \/>\n<meta name=\"author\" content=\"Julija Petrosiute\" \/>\n<meta name=\"twitter:card\" content=\"summary_large_image\" \/>\n<meta name=\"twitter:label1\" content=\"Written by\" \/>\n\t<meta name=\"twitter:data1\" content=\"Julija Petrosiute\" \/>\n\t<meta name=\"twitter:label2\" content=\"Est. reading time\" \/>\n\t<meta name=\"twitter:data2\" content=\"1 minute\" \/>\n<script type=\"application\/ld+json\" class=\"yoast-schema-graph\">{\"@context\":\"https:\/\/schema.org\",\"@graph\":[{\"@type\":\"Article\",\"@id\":\"https:\/\/www.institutfrancais-lituanie.com\/fr\/en-cours\/cinema\/projection-du-film-journee-internationale-de-lutte-contre-lhomophobie-et-la-transphobie\/#article\",\"isPartOf\":{\"@id\":\"https:\/\/www.institutfrancais-lituanie.com\/fr\/en-cours\/cinema\/projection-du-film-journee-internationale-de-lutte-contre-lhomophobie-et-la-transphobie\/\"},\"author\":{\"name\":\"Julija Petrosiute\",\"@id\":\"https:\/\/www.institutfrancais-lituanie.com\/fr\/#\/schema\/person\/32b95cf77fc2963ebd875802e2d04457\"},\"headline\":\"PROJECTION DU FILM\u00a0: Journ\u00e9e internationale de lutte contre l&#8217;homophobie et la transphobie\",\"datePublished\":\"2025-04-30T06:43:23+00:00\",\"dateModified\":\"2025-04-30T06:43:23+00:00\",\"mainEntityOfPage\":{\"@id\":\"https:\/\/www.institutfrancais-lituanie.com\/fr\/en-cours\/cinema\/projection-du-film-journee-internationale-de-lutte-contre-lhomophobie-et-la-transphobie\/\"},\"wordCount\":139,\"publisher\":{\"@id\":\"https:\/\/www.institutfrancais-lituanie.com\/fr\/#organization\"},\"image\":{\"@id\":\"https:\/\/www.institutfrancais-lituanie.com\/fr\/en-cours\/cinema\/projection-du-film-journee-internationale-de-lutte-contre-lhomophobie-et-la-transphobie\/#primaryimage\"},\"thumbnailUrl\":\"https:\/\/www.institutfrancais-lituanie.com\/wp-content\/uploads\/2025\/04\/petite-fille2.jpg\",\"articleSection\":[\"Cin\u00e9ma\"],\"inLanguage\":\"fr-FR\"},{\"@type\":\"WebPage\",\"@id\":\"https:\/\/www.institutfrancais-lituanie.com\/fr\/en-cours\/cinema\/projection-du-film-journee-internationale-de-lutte-contre-lhomophobie-et-la-transphobie\/\",\"url\":\"https:\/\/www.institutfrancais-lituanie.com\/fr\/en-cours\/cinema\/projection-du-film-journee-internationale-de-lutte-contre-lhomophobie-et-la-transphobie\/\",\"name\":\"PROJECTION DU FILM\u00a0: Journ\u00e9e internationale de lutte contre l'homophobie et la transphobie - IF Lituanie\",\"isPartOf\":{\"@id\":\"https:\/\/www.institutfrancais-lituanie.com\/fr\/#website\"},\"primaryImageOfPage\":{\"@id\":\"https:\/\/www.institutfrancais-lituanie.com\/fr\/en-cours\/cinema\/projection-du-film-journee-internationale-de-lutte-contre-lhomophobie-et-la-transphobie\/#primaryimage\"},\"image\":{\"@id\":\"https:\/\/www.institutfrancais-lituanie.com\/fr\/en-cours\/cinema\/projection-du-film-journee-internationale-de-lutte-contre-lhomophobie-et-la-transphobie\/#primaryimage\"},\"thumbnailUrl\":\"https:\/\/www.institutfrancais-lituanie.com\/wp-content\/uploads\/2025\/04\/petite-fille2.jpg\",\"datePublished\":\"2025-04-30T06:43:23+00:00\",\"dateModified\":\"2025-04-30T06:43:23+00:00\",\"breadcrumb\":{\"@id\":\"https:\/\/www.institutfrancais-lituanie.com\/fr\/en-cours\/cinema\/projection-du-film-journee-internationale-de-lutte-contre-lhomophobie-et-la-transphobie\/#breadcrumb\"},\"inLanguage\":\"fr-FR\",\"potentialAction\":[{\"@type\":\"ReadAction\",\"target\":[\"https:\/\/www.institutfrancais-lituanie.com\/fr\/en-cours\/cinema\/projection-du-film-journee-internationale-de-lutte-contre-lhomophobie-et-la-transphobie\/\"]}]},{\"@type\":\"ImageObject\",\"inLanguage\":\"fr-FR\",\"@id\":\"https:\/\/www.institutfrancais-lituanie.com\/fr\/en-cours\/cinema\/projection-du-film-journee-internationale-de-lutte-contre-lhomophobie-et-la-transphobie\/#primaryimage\",\"url\":\"https:\/\/www.institutfrancais-lituanie.com\/wp-content\/uploads\/2025\/04\/petite-fille2.jpg\",\"contentUrl\":\"https:\/\/www.institutfrancais-lituanie.com\/wp-content\/uploads\/2025\/04\/petite-fille2.jpg\",\"width\":615,\"height\":324},{\"@type\":\"BreadcrumbList\",\"@id\":\"https:\/\/www.institutfrancais-lituanie.com\/fr\/en-cours\/cinema\/projection-du-film-journee-internationale-de-lutte-contre-lhomophobie-et-la-transphobie\/#breadcrumb\",\"itemListElement\":[{\"@type\":\"ListItem\",\"position\":1,\"name\":\"Home\",\"item\":\"https:\/\/www.institutfrancais-lituanie.com\/fr\/\"},{\"@type\":\"ListItem\",\"position\":2,\"name\":\"PROJECTION DU FILM\u00a0: Journ\u00e9e internationale de lutte contre l&#8217;homophobie et la transphobie\"}]},{\"@type\":\"WebSite\",\"@id\":\"https:\/\/www.institutfrancais-lituanie.com\/fr\/#website\",\"url\":\"https:\/\/www.institutfrancais-lituanie.com\/fr\/\",\"name\":\"IF Lituanie\",\"description\":\"Pranc\u016bz\u0173 kalbos kursai, kult\u016bra, mediateka...\",\"publisher\":{\"@id\":\"https:\/\/www.institutfrancais-lituanie.com\/fr\/#organization\"},\"potentialAction\":[{\"@type\":\"SearchAction\",\"target\":{\"@type\":\"EntryPoint\",\"urlTemplate\":\"https:\/\/www.institutfrancais-lituanie.com\/fr\/?s={search_term_string}\"},\"query-input\":\"required name=search_term_string\"}],\"inLanguage\":\"fr-FR\"},{\"@type\":\"Organization\",\"@id\":\"https:\/\/www.institutfrancais-lituanie.com\/fr\/#organization\",\"name\":\"Pranc\u016bz\u0173 institutas\",\"url\":\"https:\/\/www.institutfrancais-lituanie.com\/fr\/\",\"logo\":{\"@type\":\"ImageObject\",\"inLanguage\":\"fr-FR\",\"@id\":\"https:\/\/www.institutfrancais-lituanie.com\/fr\/#\/schema\/logo\/image\/\",\"url\":\"https:\/\/www.institutfrancais-lituanie.com\/wp-content\/uploads\/2023\/04\/IF_Logo-Lituanie-RVB.jpg\",\"contentUrl\":\"https:\/\/www.institutfrancais-lituanie.com\/wp-content\/uploads\/2023\/04\/IF_Logo-Lituanie-RVB.jpg\",\"width\":827,\"height\":555,\"caption\":\"Pranc\u016bz\u0173 institutas\"},\"image\":{\"@id\":\"https:\/\/www.institutfrancais-lituanie.com\/fr\/#\/schema\/logo\/image\/\"},\"sameAs\":[\"https:\/\/www.facebook.com\/prancuzuinstitutas\/\",\"https:\/\/www.instagram.com\/institut_francais_lituanie\/\"]},{\"@type\":\"Person\",\"@id\":\"https:\/\/www.institutfrancais-lituanie.com\/fr\/#\/schema\/person\/32b95cf77fc2963ebd875802e2d04457\",\"name\":\"Julija Petrosiute\",\"image\":{\"@type\":\"ImageObject\",\"inLanguage\":\"fr-FR\",\"@id\":\"https:\/\/www.institutfrancais-lituanie.com\/fr\/#\/schema\/person\/image\/\",\"url\":\"https:\/\/secure.gravatar.com\/avatar\/2210bf9289c3642e86c1bf97d9ad11dc?s=96&d=mm&r=g\",\"contentUrl\":\"https:\/\/secure.gravatar.com\/avatar\/2210bf9289c3642e86c1bf97d9ad11dc?s=96&d=mm&r=g\",\"caption\":\"Julija Petrosiute\"},\"url\":\"https:\/\/www.institutfrancais-lituanie.com\/fr\/author\/julija24\/\"}]}<\/script>\n<!-- \/ Yoast SEO plugin. -->","yoast_head_json":{"title":"PROJECTION DU FILM\u00a0: Journ\u00e9e internationale de lutte contre l'homophobie et la transphobie - IF Lituanie","robots":{"index":"index","follow":"follow","max-snippet":"max-snippet:-1","max-image-preview":"max-image-preview:large","max-video-preview":"max-video-preview:-1"},"canonical":"https:\/\/www.institutfrancais-lituanie.com\/fr\/en-cours\/cinema\/projection-du-film-journee-internationale-de-lutte-contre-lhomophobie-et-la-transphobie\/","og_locale":"fr_FR","og_type":"article","og_title":"PROJECTION DU FILM\u00a0: Journ\u00e9e internationale de lutte contre l'homophobie et la transphobie - IF Lituanie","og_description":"Le 17 mai est la Journ\u00e9e internationale de lutte contre l&#8217;homophobie et la transphobie. A&hellip;","og_url":"https:\/\/www.institutfrancais-lituanie.com\/fr\/en-cours\/cinema\/projection-du-film-journee-internationale-de-lutte-contre-lhomophobie-et-la-transphobie\/","og_site_name":"IF Lituanie","article_publisher":"https:\/\/www.facebook.com\/prancuzuinstitutas\/","article_published_time":"2025-04-30T06:43:23+00:00","og_image":[{"width":615,"height":324,"url":"https:\/\/www.institutfrancais-lituanie.com\/wp-content\/uploads\/2025\/04\/petite-fille2.jpg","type":"image\/jpeg"}],"author":"Julija Petrosiute","twitter_card":"summary_large_image","twitter_misc":{"Written by":"Julija Petrosiute","Est. reading time":"1 minute"},"schema":{"@context":"https:\/\/schema.org","@graph":[{"@type":"Article","@id":"https:\/\/www.institutfrancais-lituanie.com\/fr\/en-cours\/cinema\/projection-du-film-journee-internationale-de-lutte-contre-lhomophobie-et-la-transphobie\/#article","isPartOf":{"@id":"https:\/\/www.institutfrancais-lituanie.com\/fr\/en-cours\/cinema\/projection-du-film-journee-internationale-de-lutte-contre-lhomophobie-et-la-transphobie\/"},"author":{"name":"Julija Petrosiute","@id":"https:\/\/www.institutfrancais-lituanie.com\/fr\/#\/schema\/person\/32b95cf77fc2963ebd875802e2d04457"},"headline":"PROJECTION DU FILM\u00a0: Journ\u00e9e internationale de lutte contre l&#8217;homophobie et la transphobie","datePublished":"2025-04-30T06:43:23+00:00","dateModified":"2025-04-30T06:43:23+00:00","mainEntityOfPage":{"@id":"https:\/\/www.institutfrancais-lituanie.com\/fr\/en-cours\/cinema\/projection-du-film-journee-internationale-de-lutte-contre-lhomophobie-et-la-transphobie\/"},"wordCount":139,"publisher":{"@id":"https:\/\/www.institutfrancais-lituanie.com\/fr\/#organization"},"image":{"@id":"https:\/\/www.institutfrancais-lituanie.com\/fr\/en-cours\/cinema\/projection-du-film-journee-internationale-de-lutte-contre-lhomophobie-et-la-transphobie\/#primaryimage"},"thumbnailUrl":"https:\/\/www.institutfrancais-lituanie.com\/wp-content\/uploads\/2025\/04\/petite-fille2.jpg","articleSection":["Cin\u00e9ma"],"inLanguage":"fr-FR"},{"@type":"WebPage","@id":"https:\/\/www.institutfrancais-lituanie.com\/fr\/en-cours\/cinema\/projection-du-film-journee-internationale-de-lutte-contre-lhomophobie-et-la-transphobie\/","url":"https:\/\/www.institutfrancais-lituanie.com\/fr\/en-cours\/cinema\/projection-du-film-journee-internationale-de-lutte-contre-lhomophobie-et-la-transphobie\/","name":"PROJECTION DU FILM\u00a0: Journ\u00e9e internationale de lutte contre l'homophobie et la transphobie - IF Lituanie","isPartOf":{"@id":"https:\/\/www.institutfrancais-lituanie.com\/fr\/#website"},"primaryImageOfPage":{"@id":"https:\/\/www.institutfrancais-lituanie.com\/fr\/en-cours\/cinema\/projection-du-film-journee-internationale-de-lutte-contre-lhomophobie-et-la-transphobie\/#primaryimage"},"image":{"@id":"https:\/\/www.institutfrancais-lituanie.com\/fr\/en-cours\/cinema\/projection-du-film-journee-internationale-de-lutte-contre-lhomophobie-et-la-transphobie\/#primaryimage"},"thumbnailUrl":"https:\/\/www.institutfrancais-lituanie.com\/wp-content\/uploads\/2025\/04\/petite-fille2.jpg","datePublished":"2025-04-30T06:43:23+00:00","dateModified":"2025-04-30T06:43:23+00:00","breadcrumb":{"@id":"https:\/\/www.institutfrancais-lituanie.com\/fr\/en-cours\/cinema\/projection-du-film-journee-internationale-de-lutte-contre-lhomophobie-et-la-transphobie\/#breadcrumb"},"inLanguage":"fr-FR","potentialAction":[{"@type":"ReadAction","target":["https:\/\/www.institutfrancais-lituanie.com\/fr\/en-cours\/cinema\/projection-du-film-journee-internationale-de-lutte-contre-lhomophobie-et-la-transphobie\/"]}]},{"@type":"ImageObject","inLanguage":"fr-FR","@id":"https:\/\/www.institutfrancais-lituanie.com\/fr\/en-cours\/cinema\/projection-du-film-journee-internationale-de-lutte-contre-lhomophobie-et-la-transphobie\/#primaryimage","url":"https:\/\/www.institutfrancais-lituanie.com\/wp-content\/uploads\/2025\/04\/petite-fille2.jpg","contentUrl":"https:\/\/www.institutfrancais-lituanie.com\/wp-content\/uploads\/2025\/04\/petite-fille2.jpg","width":615,"height":324},{"@type":"BreadcrumbList","@id":"https:\/\/www.institutfrancais-lituanie.com\/fr\/en-cours\/cinema\/projection-du-film-journee-internationale-de-lutte-contre-lhomophobie-et-la-transphobie\/#breadcrumb","itemListElement":[{"@type":"ListItem","position":1,"name":"Home","item":"https:\/\/www.institutfrancais-lituanie.com\/fr\/"},{"@type":"ListItem","position":2,"name":"PROJECTION DU FILM\u00a0: Journ\u00e9e internationale de lutte contre l&#8217;homophobie et la transphobie"}]},{"@type":"WebSite","@id":"https:\/\/www.institutfrancais-lituanie.com\/fr\/#website","url":"https:\/\/www.institutfrancais-lituanie.com\/fr\/","name":"IF Lituanie","description":"Pranc\u016bz\u0173 kalbos kursai, kult\u016bra, mediateka...","publisher":{"@id":"https:\/\/www.institutfrancais-lituanie.com\/fr\/#organization"},"potentialAction":[{"@type":"SearchAction","target":{"@type":"EntryPoint","urlTemplate":"https:\/\/www.institutfrancais-lituanie.com\/fr\/?s={search_term_string}"},"query-input":"required name=search_term_string"}],"inLanguage":"fr-FR"},{"@type":"Organization","@id":"https:\/\/www.institutfrancais-lituanie.com\/fr\/#organization","name":"Pranc\u016bz\u0173 institutas","url":"https:\/\/www.institutfrancais-lituanie.com\/fr\/","logo":{"@type":"ImageObject","inLanguage":"fr-FR","@id":"https:\/\/www.institutfrancais-lituanie.com\/fr\/#\/schema\/logo\/image\/","url":"https:\/\/www.institutfrancais-lituanie.com\/wp-content\/uploads\/2023\/04\/IF_Logo-Lituanie-RVB.jpg","contentUrl":"https:\/\/www.institutfrancais-lituanie.com\/wp-content\/uploads\/2023\/04\/IF_Logo-Lituanie-RVB.jpg","width":827,"height":555,"caption":"Pranc\u016bz\u0173 institutas"},"image":{"@id":"https:\/\/www.institutfrancais-lituanie.com\/fr\/#\/schema\/logo\/image\/"},"sameAs":["https:\/\/www.facebook.com\/prancuzuinstitutas\/","https:\/\/www.instagram.com\/institut_francais_lituanie\/"]},{"@type":"Person","@id":"https:\/\/www.institutfrancais-lituanie.com\/fr\/#\/schema\/person\/32b95cf77fc2963ebd875802e2d04457","name":"Julija Petrosiute","image":{"@type":"ImageObject","inLanguage":"fr-FR","@id":"https:\/\/www.institutfrancais-lituanie.com\/fr\/#\/schema\/person\/image\/","url":"https:\/\/secure.gravatar.com\/avatar\/2210bf9289c3642e86c1bf97d9ad11dc?s=96&d=mm&r=g","contentUrl":"https:\/\/secure.gravatar.com\/avatar\/2210bf9289c3642e86c1bf97d9ad11dc?s=96&d=mm&r=g","caption":"Julija Petrosiute"},"url":"https:\/\/www.institutfrancais-lituanie.com\/fr\/author\/julija24\/"}]}},"_links":{"self":[{"href":"https:\/\/www.institutfrancais-lituanie.com\/fr\/wp-json\/wp\/v2\/posts\/16793"}],"collection":[{"href":"https:\/\/www.institutfrancais-lituanie.com\/fr\/wp-json\/wp\/v2\/posts"}],"about":[{"href":"https:\/\/www.institutfrancais-lituanie.com\/fr\/wp-json\/wp\/v2\/types\/post"}],"author":[{"embeddable":true,"href":"https:\/\/www.institutfrancais-lituanie.com\/fr\/wp-json\/wp\/v2\/users\/13"}],"replies":[{"embeddable":true,"href":"https:\/\/www.institutfrancais-lituanie.com\/fr\/wp-json\/wp\/v2\/comments?post=16793"}],"version-history":[{"count":1,"href":"https:\/\/www.institutfrancais-lituanie.com\/fr\/wp-json\/wp\/v2\/posts\/16793\/revisions"}],"predecessor-version":[{"id":16794,"href":"https:\/\/www.institutfrancais-lituanie.com\/fr\/wp-json\/wp\/v2\/posts\/16793\/revisions\/16794"}],"wp:featuredmedia":[{"embeddable":true,"href":"https:\/\/www.institutfrancais-lituanie.com\/fr\/wp-json\/wp\/v2\/media\/16791"}],"wp:attachment":[{"href":"https:\/\/www.institutfrancais-lituanie.com\/fr\/wp-json\/wp\/v2\/media?parent=16793"}],"wp:term":[{"taxonomy":"category","embeddable":true,"href":"https:\/\/www.institutfrancais-lituanie.com\/fr\/wp-json\/wp\/v2\/categories?post=16793"},{"taxonomy":"post_tag","embeddable":true,"href":"https:\/\/www.institutfrancais-lituanie.com\/fr\/wp-json\/wp\/v2\/tags?post=16793"}],"curies":[{"name":"wp","href":"https:\/\/api.w.org\/{rel}","templated":true}]}}