{"id":16638,"date":"2025-04-15T16:08:36","date_gmt":"2025-04-15T16:08:36","guid":{"rendered":"https:\/\/www.institutfrancais-lituanie.com\/?p=16638"},"modified":"2025-04-18T12:46:04","modified_gmt":"2025-04-18T12:46:04","slug":"darbo-pasiulymas-siulome-darba-registraturoje","status":"publish","type":"post","link":"https:\/\/www.institutfrancais-lituanie.com\/fr\/non-classifiee\/darbo-pasiulymas-siulome-darba-registraturoje\/","title":{"rendered":"OFFRE D&#8217;EMPLOI : travail \u00e0 la r\u00e9ception"},"content":{"rendered":"<p>L\u2019Institut fran\u00e7ais de Lituanie recherche pour un d\u00e9but d\u2019activit\u00e9 d\u00e8s que possible, un(e) agent d\u2019accueil\/standardiste \u00e0 temps partiel (horaires variables : entre 8h \u00e0 12h de travail par semaine en fin d\u2019apr\u00e8s-midi et parfois le samedi jusqu\u2019\u00e0 15h, (en fonction des besoins) .<\/p>\n<p><u>Descriptif du poste<\/u>\u00a0: l\u2019agent d\u2019accueil\/standardiste est la vitrine de l\u2019Institut fran\u00e7ais. Il est le premier contact du public avec l\u2019Institut. Il a un r\u00f4le d\u2019accueil et d\u2019information des publics de l\u2019Institut.<\/p>\n<p><u>Missions<\/u>\u00a0: renseigner et orienter le public et les apprenants des cours de fran\u00e7ais\u00a0; traiter et\/ou transmettre les appels t\u00e9l\u00e9phoniques\u00a0; traiter et\/ou transmettre des demandes diverses\u00a0; assurer l\u2019ouverture ou la fermeture de l\u2019Institut.<\/p>\n<p><u>Type de contrat<\/u>\u00a0: contrat de prestation avec l\u2019Institut fran\u00e7ais, avec licence individuelle d\u2019activit\u00e9 (<em>individualios veiklos).<\/em><\/p>\n<p><u>Comp\u00e9tences linguistiques<\/u>\u00a0: lituanien natif, notions de fran\u00e7ais (niveau A2)<\/p>\n<p><u>Qualit\u00e9s requises<\/u>\u00a0: Qualit\u00e9s d\u2019accueil, bonne pr\u00e9sentation, s\u00e9rieux, capacit\u00e9 d\u2019adaptation<\/p>\n<p><u>R\u00e9mun\u00e9ration\u00a0:<\/u> 7 \u20ac\/heure<\/p>\n<p><u>Date limite de candidature\u00a0:<\/u> 12 mai 2025<\/p>\n<p>Pour candidater, veuillez envoyer votre CV \u00e0\u00a0:\u00a0 <a href=\"mailto:accueil@institutfrancais-lituanie.com\">accueil@institutfrancais-lituanie.com<\/a> et <a href=\"mailto:admin@institutfrancais-lituanie.com\">admin@institutfrancais-lituanie.com<\/a><\/p>\n","protected":false},"excerpt":{"rendered":"<p>L\u2019Institut fran\u00e7ais de Lituanie recherche pour un d\u00e9but d\u2019activit\u00e9 d\u00e8s que possible, un(e) agent d\u2019accueil\/standardiste&hellip;<\/p>\n","protected":false},"author":13,"featured_media":11759,"comment_status":"closed","ping_status":"open","sticky":false,"template":"","format":"standard","meta":{"footnotes":""},"categories":[43],"tags":[],"class_list":["post-16638","post","type-post","status-publish","format-standard","has-post-thumbnail","hentry","category-non-classifiee"],"yoast_head":"<!-- This site is optimized with the Yoast SEO plugin v23.2 - https:\/\/yoast.com\/wordpress\/plugins\/seo\/ -->\n<title>OFFRE D&#039;EMPLOI : travail \u00e0 la r\u00e9ception - IF Lituanie<\/title>\n<meta name=\"robots\" content=\"index, follow, max-snippet:-1, max-image-preview:large, max-video-preview:-1\" \/>\n<link rel=\"canonical\" href=\"https:\/\/www.institutfrancais-lituanie.com\/fr\/non-classifiee\/darbo-pasiulymas-siulome-darba-registraturoje\/\" \/>\n<meta property=\"og:locale\" content=\"fr_FR\" \/>\n<meta property=\"og:type\" content=\"article\" \/>\n<meta property=\"og:title\" content=\"OFFRE D&#039;EMPLOI : travail \u00e0 la r\u00e9ception - IF Lituanie\" \/>\n<meta property=\"og:description\" content=\"L\u2019Institut fran\u00e7ais de Lituanie recherche pour un d\u00e9but d\u2019activit\u00e9 d\u00e8s que possible, un(e) agent d\u2019accueil\/standardiste&hellip;\" \/>\n<meta property=\"og:url\" content=\"https:\/\/www.institutfrancais-lituanie.com\/fr\/non-classifiee\/darbo-pasiulymas-siulome-darba-registraturoje\/\" \/>\n<meta property=\"og:site_name\" content=\"IF Lituanie\" \/>\n<meta property=\"article:publisher\" content=\"https:\/\/www.facebook.com\/prancuzuinstitutas\/\" \/>\n<meta property=\"article:published_time\" content=\"2025-04-15T16:08:36+00:00\" \/>\n<meta property=\"article:modified_time\" content=\"2025-04-18T12:46:04+00:00\" \/>\n<meta property=\"og:image\" content=\"https:\/\/www.institutfrancais-lituanie.com\/wp-content\/uploads\/2019\/08\/offre-emploi-image-Accueil-1.jpg\" \/>\n\t<meta property=\"og:image:width\" content=\"1170\" \/>\n\t<meta property=\"og:image:height\" content=\"585\" \/>\n\t<meta property=\"og:image:type\" content=\"image\/jpeg\" \/>\n<meta name=\"author\" content=\"Julija Petrosiute\" \/>\n<meta name=\"twitter:card\" content=\"summary_large_image\" \/>\n<meta name=\"twitter:label1\" content=\"Written by\" \/>\n\t<meta name=\"twitter:data1\" content=\"Julija Petrosiute\" \/>\n\t<meta name=\"twitter:label2\" content=\"Est. reading time\" \/>\n\t<meta name=\"twitter:data2\" content=\"2 minutes\" \/>\n<script type=\"application\/ld+json\" class=\"yoast-schema-graph\">{\"@context\":\"https:\/\/schema.org\",\"@graph\":[{\"@type\":\"Article\",\"@id\":\"https:\/\/www.institutfrancais-lituanie.com\/fr\/non-classifiee\/darbo-pasiulymas-siulome-darba-registraturoje\/#article\",\"isPartOf\":{\"@id\":\"https:\/\/www.institutfrancais-lituanie.com\/fr\/non-classifiee\/darbo-pasiulymas-siulome-darba-registraturoje\/\"},\"author\":{\"name\":\"Julija Petrosiute\",\"@id\":\"https:\/\/www.institutfrancais-lituanie.com\/fr\/#\/schema\/person\/32b95cf77fc2963ebd875802e2d04457\"},\"headline\":\"OFFRE D&#8217;EMPLOI : travail \u00e0 la r\u00e9ception\",\"datePublished\":\"2025-04-15T16:08:36+00:00\",\"dateModified\":\"2025-04-18T12:46:04+00:00\",\"mainEntityOfPage\":{\"@id\":\"https:\/\/www.institutfrancais-lituanie.com\/fr\/non-classifiee\/darbo-pasiulymas-siulome-darba-registraturoje\/\"},\"wordCount\":201,\"publisher\":{\"@id\":\"https:\/\/www.institutfrancais-lituanie.com\/fr\/#organization\"},\"image\":{\"@id\":\"https:\/\/www.institutfrancais-lituanie.com\/fr\/non-classifiee\/darbo-pasiulymas-siulome-darba-registraturoje\/#primaryimage\"},\"thumbnailUrl\":\"https:\/\/www.institutfrancais-lituanie.com\/wp-content\/uploads\/2019\/08\/offre-emploi-image-Accueil-1.jpg\",\"articleSection\":[\"Non classifi\u00e9(e)\"],\"inLanguage\":\"fr-FR\"},{\"@type\":\"WebPage\",\"@id\":\"https:\/\/www.institutfrancais-lituanie.com\/fr\/non-classifiee\/darbo-pasiulymas-siulome-darba-registraturoje\/\",\"url\":\"https:\/\/www.institutfrancais-lituanie.com\/fr\/non-classifiee\/darbo-pasiulymas-siulome-darba-registraturoje\/\",\"name\":\"OFFRE D'EMPLOI : travail \u00e0 la r\u00e9ception - IF Lituanie\",\"isPartOf\":{\"@id\":\"https:\/\/www.institutfrancais-lituanie.com\/fr\/#website\"},\"primaryImageOfPage\":{\"@id\":\"https:\/\/www.institutfrancais-lituanie.com\/fr\/non-classifiee\/darbo-pasiulymas-siulome-darba-registraturoje\/#primaryimage\"},\"image\":{\"@id\":\"https:\/\/www.institutfrancais-lituanie.com\/fr\/non-classifiee\/darbo-pasiulymas-siulome-darba-registraturoje\/#primaryimage\"},\"thumbnailUrl\":\"https:\/\/www.institutfrancais-lituanie.com\/wp-content\/uploads\/2019\/08\/offre-emploi-image-Accueil-1.jpg\",\"datePublished\":\"2025-04-15T16:08:36+00:00\",\"dateModified\":\"2025-04-18T12:46:04+00:00\",\"breadcrumb\":{\"@id\":\"https:\/\/www.institutfrancais-lituanie.com\/fr\/non-classifiee\/darbo-pasiulymas-siulome-darba-registraturoje\/#breadcrumb\"},\"inLanguage\":\"fr-FR\",\"potentialAction\":[{\"@type\":\"ReadAction\",\"target\":[\"https:\/\/www.institutfrancais-lituanie.com\/fr\/non-classifiee\/darbo-pasiulymas-siulome-darba-registraturoje\/\"]}]},{\"@type\":\"ImageObject\",\"inLanguage\":\"fr-FR\",\"@id\":\"https:\/\/www.institutfrancais-lituanie.com\/fr\/non-classifiee\/darbo-pasiulymas-siulome-darba-registraturoje\/#primaryimage\",\"url\":\"https:\/\/www.institutfrancais-lituanie.com\/wp-content\/uploads\/2019\/08\/offre-emploi-image-Accueil-1.jpg\",\"contentUrl\":\"https:\/\/www.institutfrancais-lituanie.com\/wp-content\/uploads\/2019\/08\/offre-emploi-image-Accueil-1.jpg\",\"width\":1170,\"height\":585},{\"@type\":\"BreadcrumbList\",\"@id\":\"https:\/\/www.institutfrancais-lituanie.com\/fr\/non-classifiee\/darbo-pasiulymas-siulome-darba-registraturoje\/#breadcrumb\",\"itemListElement\":[{\"@type\":\"ListItem\",\"position\":1,\"name\":\"Home\",\"item\":\"https:\/\/www.institutfrancais-lituanie.com\/fr\/\"},{\"@type\":\"ListItem\",\"position\":2,\"name\":\"OFFRE D&#8217;EMPLOI : travail \u00e0 la r\u00e9ception\"}]},{\"@type\":\"WebSite\",\"@id\":\"https:\/\/www.institutfrancais-lituanie.com\/fr\/#website\",\"url\":\"https:\/\/www.institutfrancais-lituanie.com\/fr\/\",\"name\":\"IF Lituanie\",\"description\":\"Pranc\u016bz\u0173 kalbos kursai, kult\u016bra, mediateka...\",\"publisher\":{\"@id\":\"https:\/\/www.institutfrancais-lituanie.com\/fr\/#organization\"},\"potentialAction\":[{\"@type\":\"SearchAction\",\"target\":{\"@type\":\"EntryPoint\",\"urlTemplate\":\"https:\/\/www.institutfrancais-lituanie.com\/fr\/?s={search_term_string}\"},\"query-input\":\"required name=search_term_string\"}],\"inLanguage\":\"fr-FR\"},{\"@type\":\"Organization\",\"@id\":\"https:\/\/www.institutfrancais-lituanie.com\/fr\/#organization\",\"name\":\"Pranc\u016bz\u0173 institutas\",\"url\":\"https:\/\/www.institutfrancais-lituanie.com\/fr\/\",\"logo\":{\"@type\":\"ImageObject\",\"inLanguage\":\"fr-FR\",\"@id\":\"https:\/\/www.institutfrancais-lituanie.com\/fr\/#\/schema\/logo\/image\/\",\"url\":\"https:\/\/www.institutfrancais-lituanie.com\/wp-content\/uploads\/2023\/04\/IF_Logo-Lituanie-RVB.jpg\",\"contentUrl\":\"https:\/\/www.institutfrancais-lituanie.com\/wp-content\/uploads\/2023\/04\/IF_Logo-Lituanie-RVB.jpg\",\"width\":827,\"height\":555,\"caption\":\"Pranc\u016bz\u0173 institutas\"},\"image\":{\"@id\":\"https:\/\/www.institutfrancais-lituanie.com\/fr\/#\/schema\/logo\/image\/\"},\"sameAs\":[\"https:\/\/www.facebook.com\/prancuzuinstitutas\/\",\"https:\/\/www.instagram.com\/institut_francais_lituanie\/\"]},{\"@type\":\"Person\",\"@id\":\"https:\/\/www.institutfrancais-lituanie.com\/fr\/#\/schema\/person\/32b95cf77fc2963ebd875802e2d04457\",\"name\":\"Julija Petrosiute\",\"image\":{\"@type\":\"ImageObject\",\"inLanguage\":\"fr-FR\",\"@id\":\"https:\/\/www.institutfrancais-lituanie.com\/fr\/#\/schema\/person\/image\/\",\"url\":\"https:\/\/secure.gravatar.com\/avatar\/2210bf9289c3642e86c1bf97d9ad11dc?s=96&d=mm&r=g\",\"contentUrl\":\"https:\/\/secure.gravatar.com\/avatar\/2210bf9289c3642e86c1bf97d9ad11dc?s=96&d=mm&r=g\",\"caption\":\"Julija Petrosiute\"},\"url\":\"https:\/\/www.institutfrancais-lituanie.com\/fr\/author\/julija24\/\"}]}<\/script>\n<!-- \/ Yoast SEO plugin. -->","yoast_head_json":{"title":"OFFRE D'EMPLOI : travail \u00e0 la r\u00e9ception - IF Lituanie","robots":{"index":"index","follow":"follow","max-snippet":"max-snippet:-1","max-image-preview":"max-image-preview:large","max-video-preview":"max-video-preview:-1"},"canonical":"https:\/\/www.institutfrancais-lituanie.com\/fr\/non-classifiee\/darbo-pasiulymas-siulome-darba-registraturoje\/","og_locale":"fr_FR","og_type":"article","og_title":"OFFRE D'EMPLOI : travail \u00e0 la r\u00e9ception - IF Lituanie","og_description":"L\u2019Institut fran\u00e7ais de Lituanie recherche pour un d\u00e9but d\u2019activit\u00e9 d\u00e8s que possible, un(e) agent d\u2019accueil\/standardiste&hellip;","og_url":"https:\/\/www.institutfrancais-lituanie.com\/fr\/non-classifiee\/darbo-pasiulymas-siulome-darba-registraturoje\/","og_site_name":"IF Lituanie","article_publisher":"https:\/\/www.facebook.com\/prancuzuinstitutas\/","article_published_time":"2025-04-15T16:08:36+00:00","article_modified_time":"2025-04-18T12:46:04+00:00","og_image":[{"width":1170,"height":585,"url":"https:\/\/www.institutfrancais-lituanie.com\/wp-content\/uploads\/2019\/08\/offre-emploi-image-Accueil-1.jpg","type":"image\/jpeg"}],"author":"Julija Petrosiute","twitter_card":"summary_large_image","twitter_misc":{"Written by":"Julija Petrosiute","Est. reading time":"2 minutes"},"schema":{"@context":"https:\/\/schema.org","@graph":[{"@type":"Article","@id":"https:\/\/www.institutfrancais-lituanie.com\/fr\/non-classifiee\/darbo-pasiulymas-siulome-darba-registraturoje\/#article","isPartOf":{"@id":"https:\/\/www.institutfrancais-lituanie.com\/fr\/non-classifiee\/darbo-pasiulymas-siulome-darba-registraturoje\/"},"author":{"name":"Julija Petrosiute","@id":"https:\/\/www.institutfrancais-lituanie.com\/fr\/#\/schema\/person\/32b95cf77fc2963ebd875802e2d04457"},"headline":"OFFRE D&#8217;EMPLOI : travail \u00e0 la r\u00e9ception","datePublished":"2025-04-15T16:08:36+00:00","dateModified":"2025-04-18T12:46:04+00:00","mainEntityOfPage":{"@id":"https:\/\/www.institutfrancais-lituanie.com\/fr\/non-classifiee\/darbo-pasiulymas-siulome-darba-registraturoje\/"},"wordCount":201,"publisher":{"@id":"https:\/\/www.institutfrancais-lituanie.com\/fr\/#organization"},"image":{"@id":"https:\/\/www.institutfrancais-lituanie.com\/fr\/non-classifiee\/darbo-pasiulymas-siulome-darba-registraturoje\/#primaryimage"},"thumbnailUrl":"https:\/\/www.institutfrancais-lituanie.com\/wp-content\/uploads\/2019\/08\/offre-emploi-image-Accueil-1.jpg","articleSection":["Non classifi\u00e9(e)"],"inLanguage":"fr-FR"},{"@type":"WebPage","@id":"https:\/\/www.institutfrancais-lituanie.com\/fr\/non-classifiee\/darbo-pasiulymas-siulome-darba-registraturoje\/","url":"https:\/\/www.institutfrancais-lituanie.com\/fr\/non-classifiee\/darbo-pasiulymas-siulome-darba-registraturoje\/","name":"OFFRE D'EMPLOI : travail \u00e0 la r\u00e9ception - IF Lituanie","isPartOf":{"@id":"https:\/\/www.institutfrancais-lituanie.com\/fr\/#website"},"primaryImageOfPage":{"@id":"https:\/\/www.institutfrancais-lituanie.com\/fr\/non-classifiee\/darbo-pasiulymas-siulome-darba-registraturoje\/#primaryimage"},"image":{"@id":"https:\/\/www.institutfrancais-lituanie.com\/fr\/non-classifiee\/darbo-pasiulymas-siulome-darba-registraturoje\/#primaryimage"},"thumbnailUrl":"https:\/\/www.institutfrancais-lituanie.com\/wp-content\/uploads\/2019\/08\/offre-emploi-image-Accueil-1.jpg","datePublished":"2025-04-15T16:08:36+00:00","dateModified":"2025-04-18T12:46:04+00:00","breadcrumb":{"@id":"https:\/\/www.institutfrancais-lituanie.com\/fr\/non-classifiee\/darbo-pasiulymas-siulome-darba-registraturoje\/#breadcrumb"},"inLanguage":"fr-FR","potentialAction":[{"@type":"ReadAction","target":["https:\/\/www.institutfrancais-lituanie.com\/fr\/non-classifiee\/darbo-pasiulymas-siulome-darba-registraturoje\/"]}]},{"@type":"ImageObject","inLanguage":"fr-FR","@id":"https:\/\/www.institutfrancais-lituanie.com\/fr\/non-classifiee\/darbo-pasiulymas-siulome-darba-registraturoje\/#primaryimage","url":"https:\/\/www.institutfrancais-lituanie.com\/wp-content\/uploads\/2019\/08\/offre-emploi-image-Accueil-1.jpg","contentUrl":"https:\/\/www.institutfrancais-lituanie.com\/wp-content\/uploads\/2019\/08\/offre-emploi-image-Accueil-1.jpg","width":1170,"height":585},{"@type":"BreadcrumbList","@id":"https:\/\/www.institutfrancais-lituanie.com\/fr\/non-classifiee\/darbo-pasiulymas-siulome-darba-registraturoje\/#breadcrumb","itemListElement":[{"@type":"ListItem","position":1,"name":"Home","item":"https:\/\/www.institutfrancais-lituanie.com\/fr\/"},{"@type":"ListItem","position":2,"name":"OFFRE D&#8217;EMPLOI : travail \u00e0 la r\u00e9ception"}]},{"@type":"WebSite","@id":"https:\/\/www.institutfrancais-lituanie.com\/fr\/#website","url":"https:\/\/www.institutfrancais-lituanie.com\/fr\/","name":"IF Lituanie","description":"Pranc\u016bz\u0173 kalbos kursai, kult\u016bra, mediateka...","publisher":{"@id":"https:\/\/www.institutfrancais-lituanie.com\/fr\/#organization"},"potentialAction":[{"@type":"SearchAction","target":{"@type":"EntryPoint","urlTemplate":"https:\/\/www.institutfrancais-lituanie.com\/fr\/?s={search_term_string}"},"query-input":"required name=search_term_string"}],"inLanguage":"fr-FR"},{"@type":"Organization","@id":"https:\/\/www.institutfrancais-lituanie.com\/fr\/#organization","name":"Pranc\u016bz\u0173 institutas","url":"https:\/\/www.institutfrancais-lituanie.com\/fr\/","logo":{"@type":"ImageObject","inLanguage":"fr-FR","@id":"https:\/\/www.institutfrancais-lituanie.com\/fr\/#\/schema\/logo\/image\/","url":"https:\/\/www.institutfrancais-lituanie.com\/wp-content\/uploads\/2023\/04\/IF_Logo-Lituanie-RVB.jpg","contentUrl":"https:\/\/www.institutfrancais-lituanie.com\/wp-content\/uploads\/2023\/04\/IF_Logo-Lituanie-RVB.jpg","width":827,"height":555,"caption":"Pranc\u016bz\u0173 institutas"},"image":{"@id":"https:\/\/www.institutfrancais-lituanie.com\/fr\/#\/schema\/logo\/image\/"},"sameAs":["https:\/\/www.facebook.com\/prancuzuinstitutas\/","https:\/\/www.instagram.com\/institut_francais_lituanie\/"]},{"@type":"Person","@id":"https:\/\/www.institutfrancais-lituanie.com\/fr\/#\/schema\/person\/32b95cf77fc2963ebd875802e2d04457","name":"Julija Petrosiute","image":{"@type":"ImageObject","inLanguage":"fr-FR","@id":"https:\/\/www.institutfrancais-lituanie.com\/fr\/#\/schema\/person\/image\/","url":"https:\/\/secure.gravatar.com\/avatar\/2210bf9289c3642e86c1bf97d9ad11dc?s=96&d=mm&r=g","contentUrl":"https:\/\/secure.gravatar.com\/avatar\/2210bf9289c3642e86c1bf97d9ad11dc?s=96&d=mm&r=g","caption":"Julija Petrosiute"},"url":"https:\/\/www.institutfrancais-lituanie.com\/fr\/author\/julija24\/"}]}},"_links":{"self":[{"href":"https:\/\/www.institutfrancais-lituanie.com\/fr\/wp-json\/wp\/v2\/posts\/16638"}],"collection":[{"href":"https:\/\/www.institutfrancais-lituanie.com\/fr\/wp-json\/wp\/v2\/posts"}],"about":[{"href":"https:\/\/www.institutfrancais-lituanie.com\/fr\/wp-json\/wp\/v2\/types\/post"}],"author":[{"embeddable":true,"href":"https:\/\/www.institutfrancais-lituanie.com\/fr\/wp-json\/wp\/v2\/users\/13"}],"replies":[{"embeddable":true,"href":"https:\/\/www.institutfrancais-lituanie.com\/fr\/wp-json\/wp\/v2\/comments?post=16638"}],"version-history":[{"count":7,"href":"https:\/\/www.institutfrancais-lituanie.com\/fr\/wp-json\/wp\/v2\/posts\/16638\/revisions"}],"predecessor-version":[{"id":16686,"href":"https:\/\/www.institutfrancais-lituanie.com\/fr\/wp-json\/wp\/v2\/posts\/16638\/revisions\/16686"}],"wp:featuredmedia":[{"embeddable":true,"href":"https:\/\/www.institutfrancais-lituanie.com\/fr\/wp-json\/wp\/v2\/media\/11759"}],"wp:attachment":[{"href":"https:\/\/www.institutfrancais-lituanie.com\/fr\/wp-json\/wp\/v2\/media?parent=16638"}],"wp:term":[{"taxonomy":"category","embeddable":true,"href":"https:\/\/www.institutfrancais-lituanie.com\/fr\/wp-json\/wp\/v2\/categories?post=16638"},{"taxonomy":"post_tag","embeddable":true,"href":"https:\/\/www.institutfrancais-lituanie.com\/fr\/wp-json\/wp\/v2\/tags?post=16638"}],"curies":[{"name":"wp","href":"https:\/\/api.w.org\/{rel}","templated":true}]}}