{"id":16599,"date":"2025-04-14T18:33:54","date_gmt":"2025-04-14T18:33:54","guid":{"rendered":"https:\/\/www.institutfrancais-lituanie.com\/?p=16599"},"modified":"2025-06-29T20:03:45","modified_gmt":"2025-06-29T20:03:45","slug":"offre-demploi-enseignantes-de-lituanien","status":"publish","type":"post","link":"https:\/\/www.institutfrancais-lituanie.com\/fr\/non-classifiee\/offre-demploi-enseignantes-de-lituanien\/","title":{"rendered":"Offre d\u2019emploi : enseignant(e)s de lituanien"},"content":{"rendered":"<p>L\u2019Institut fran\u00e7ais de Lituanie recherche des enseignant(e)s passionn\u00e9(e)s et dynamiques pour rejoindre l\u2019\u00e9quipe du service des cours de langue. Vous aurez pour mission la prise en charge de cours de langue et culture lituaniennes pour adultes. Possibilit\u00e9 \u00e9galement d\u2019intervenir en plus sur des cours en entreprises ou des cours en ligne.<\/p>\n<p><strong>Responsabilit\u00e9s :<\/strong><\/p>\n<ul>\n<li>Concevoir, adapter et mettre en \u0153uvre des activit\u00e9s p\u00e9dagogiques autour de la langue et de la culture lituanienne.<\/li>\n<li>Cr\u00e9er un environnement stimulant qui favorise l&#8217;apprentissage.<\/li>\n<li>Collaborer avec l&#8217;\u00e9quipe p\u00e9dagogique pour assurer la coh\u00e9rence et la continuit\u00e9 des programmes.<\/li>\n<\/ul>\n<p><strong>Comp\u00e9tences requises :<\/strong><\/p>\n<ul>\n<li>Excellente ma\u00eetrise du lituanien, tant \u00e0 l&#8217;oral qu&#8217;\u00e0 l&#8217;\u00e9crit.<\/li>\n<li>Exp\u00e9rience dans l&#8217;enseignement du lituanien.<\/li>\n<li>Ma\u00eetrise de l\u2019anglais indispensable, ma\u00eetrise du fran\u00e7ais appr\u00e9ci\u00e9e.<\/li>\n<li>Capacit\u00e9 \u00e0 cr\u00e9er, adapter des activit\u00e9s p\u00e9dagogiques en fonction des besoins et int\u00e9r\u00eats des apprenants.<\/li>\n<li>Sens de l&#8217;organisation.<\/li>\n<li>Capacit\u00e9 \u00e0 g\u00e9rer un groupe dans le respect des r\u00e8gles de s\u00e9curit\u00e9.<\/li>\n<li>Qualit\u00e9s relationnelles et capacit\u00e9 \u00e0 travailler en \u00e9quipe.<\/li>\n<li>Cr\u00e9ativit\u00e9, patience, rigueur et dynamisme.<\/li>\n<\/ul>\n<p><strong>Conditions de travail :<\/strong><\/p>\n<ul>\n<li>Contrat de prestataire de service\u00a0: statut de travailleur ind\u00e9pendant (Fran\u00e7ais ou Lituanien).<\/li>\n<li>Lieu de travail : Locaux de l\u2019Institut fran\u00e7ais \u00e0 Vilnius, ou en ligne.<\/li>\n<li>Horaires\u00a0: variables (9h \u00e0 11h, 12h \u00e0 14h ou \u00e0 partir de 17h30 en semaine et\/ou le samedi matin.)<\/li>\n<li>Accompagnement p\u00e9dagogique des enseignants d\u00e9butants et formations r\u00e9guli\u00e8res.<\/li>\n<\/ul>\n<p>Si vous aimez la langue lituanienne, que vous \u00eates int\u00e9ress\u00e9(e) ou passionn\u00e9(e) par l\u2019enseignement et que vous souhaitez nous rejoindre, envoyez votre candidature (CV et lettre de motivation) \u00e0 <a href=\"mailto:coralie.krener@diplomatie.gouv.fr\">coralie.krener@diplomatie.gouv.fr<\/a> ou pr\u00e9sentez-vous directement \u00e0 l\u2019accueil de l\u2019Institut fran\u00e7ais aux horaires d\u2019ouverture.<\/p>\n","protected":false},"excerpt":{"rendered":"<p>L\u2019Institut fran\u00e7ais de Lituanie recherche des enseignant(e)s passionn\u00e9(e)s et dynamiques pour rejoindre l\u2019\u00e9quipe du service&hellip;<\/p>\n","protected":false},"author":13,"featured_media":15020,"comment_status":"closed","ping_status":"open","sticky":false,"template":"","format":"standard","meta":{"footnotes":""},"categories":[43],"tags":[],"class_list":["post-16599","post","type-post","status-publish","format-standard","has-post-thumbnail","hentry","category-non-classifiee"],"yoast_head":"<!-- This site is optimized with the Yoast SEO plugin v23.2 - https:\/\/yoast.com\/wordpress\/plugins\/seo\/ -->\n<title>Offre d\u2019emploi : enseignant(e)s de lituanien - IF Lituanie<\/title>\n<meta name=\"robots\" content=\"index, follow, max-snippet:-1, max-image-preview:large, max-video-preview:-1\" \/>\n<link rel=\"canonical\" href=\"https:\/\/www.institutfrancais-lituanie.com\/fr\/non-classifiee\/offre-demploi-enseignantes-de-lituanien\/\" \/>\n<meta property=\"og:locale\" content=\"fr_FR\" \/>\n<meta property=\"og:type\" content=\"article\" \/>\n<meta property=\"og:title\" content=\"Offre d\u2019emploi : enseignant(e)s de lituanien - IF Lituanie\" \/>\n<meta property=\"og:description\" content=\"L\u2019Institut fran\u00e7ais de Lituanie recherche des enseignant(e)s passionn\u00e9(e)s et dynamiques pour rejoindre l\u2019\u00e9quipe du service&hellip;\" \/>\n<meta property=\"og:url\" content=\"https:\/\/www.institutfrancais-lituanie.com\/fr\/non-classifiee\/offre-demploi-enseignantes-de-lituanien\/\" \/>\n<meta property=\"og:site_name\" content=\"IF Lituanie\" \/>\n<meta property=\"article:publisher\" content=\"https:\/\/www.facebook.com\/prancuzuinstitutas\/\" \/>\n<meta property=\"article:published_time\" content=\"2025-04-14T18:33:54+00:00\" \/>\n<meta property=\"article:modified_time\" content=\"2025-06-29T20:03:45+00:00\" \/>\n<meta property=\"og:image\" content=\"https:\/\/www.institutfrancais-lituanie.com\/wp-content\/uploads\/2024\/06\/Screenshot-2023-01-31-at-12.23.19-1170x641-1.png\" \/>\n\t<meta property=\"og:image:width\" content=\"1170\" \/>\n\t<meta property=\"og:image:height\" content=\"641\" \/>\n\t<meta property=\"og:image:type\" content=\"image\/png\" \/>\n<meta name=\"author\" content=\"Julija Petrosiute\" \/>\n<meta name=\"twitter:card\" content=\"summary_large_image\" \/>\n<meta name=\"twitter:label1\" content=\"Written by\" \/>\n\t<meta name=\"twitter:data1\" content=\"Julija Petrosiute\" \/>\n\t<meta name=\"twitter:label2\" content=\"Est. reading time\" \/>\n\t<meta name=\"twitter:data2\" content=\"2 minutes\" \/>\n<script type=\"application\/ld+json\" class=\"yoast-schema-graph\">{\"@context\":\"https:\/\/schema.org\",\"@graph\":[{\"@type\":\"Article\",\"@id\":\"https:\/\/www.institutfrancais-lituanie.com\/fr\/non-classifiee\/offre-demploi-enseignantes-de-lituanien\/#article\",\"isPartOf\":{\"@id\":\"https:\/\/www.institutfrancais-lituanie.com\/fr\/non-classifiee\/offre-demploi-enseignantes-de-lituanien\/\"},\"author\":{\"name\":\"Julija Petrosiute\",\"@id\":\"https:\/\/www.institutfrancais-lituanie.com\/fr\/#\/schema\/person\/32b95cf77fc2963ebd875802e2d04457\"},\"headline\":\"Offre d\u2019emploi : enseignant(e)s de lituanien\",\"datePublished\":\"2025-04-14T18:33:54+00:00\",\"dateModified\":\"2025-06-29T20:03:45+00:00\",\"mainEntityOfPage\":{\"@id\":\"https:\/\/www.institutfrancais-lituanie.com\/fr\/non-classifiee\/offre-demploi-enseignantes-de-lituanien\/\"},\"wordCount\":307,\"publisher\":{\"@id\":\"https:\/\/www.institutfrancais-lituanie.com\/fr\/#organization\"},\"image\":{\"@id\":\"https:\/\/www.institutfrancais-lituanie.com\/fr\/non-classifiee\/offre-demploi-enseignantes-de-lituanien\/#primaryimage\"},\"thumbnailUrl\":\"https:\/\/www.institutfrancais-lituanie.com\/wp-content\/uploads\/2024\/06\/Screenshot-2023-01-31-at-12.23.19-1170x641-1.png\",\"articleSection\":[\"Non classifi\u00e9(e)\"],\"inLanguage\":\"fr-FR\"},{\"@type\":\"WebPage\",\"@id\":\"https:\/\/www.institutfrancais-lituanie.com\/fr\/non-classifiee\/offre-demploi-enseignantes-de-lituanien\/\",\"url\":\"https:\/\/www.institutfrancais-lituanie.com\/fr\/non-classifiee\/offre-demploi-enseignantes-de-lituanien\/\",\"name\":\"Offre d\u2019emploi : enseignant(e)s de lituanien - IF Lituanie\",\"isPartOf\":{\"@id\":\"https:\/\/www.institutfrancais-lituanie.com\/fr\/#website\"},\"primaryImageOfPage\":{\"@id\":\"https:\/\/www.institutfrancais-lituanie.com\/fr\/non-classifiee\/offre-demploi-enseignantes-de-lituanien\/#primaryimage\"},\"image\":{\"@id\":\"https:\/\/www.institutfrancais-lituanie.com\/fr\/non-classifiee\/offre-demploi-enseignantes-de-lituanien\/#primaryimage\"},\"thumbnailUrl\":\"https:\/\/www.institutfrancais-lituanie.com\/wp-content\/uploads\/2024\/06\/Screenshot-2023-01-31-at-12.23.19-1170x641-1.png\",\"datePublished\":\"2025-04-14T18:33:54+00:00\",\"dateModified\":\"2025-06-29T20:03:45+00:00\",\"breadcrumb\":{\"@id\":\"https:\/\/www.institutfrancais-lituanie.com\/fr\/non-classifiee\/offre-demploi-enseignantes-de-lituanien\/#breadcrumb\"},\"inLanguage\":\"fr-FR\",\"potentialAction\":[{\"@type\":\"ReadAction\",\"target\":[\"https:\/\/www.institutfrancais-lituanie.com\/fr\/non-classifiee\/offre-demploi-enseignantes-de-lituanien\/\"]}]},{\"@type\":\"ImageObject\",\"inLanguage\":\"fr-FR\",\"@id\":\"https:\/\/www.institutfrancais-lituanie.com\/fr\/non-classifiee\/offre-demploi-enseignantes-de-lituanien\/#primaryimage\",\"url\":\"https:\/\/www.institutfrancais-lituanie.com\/wp-content\/uploads\/2024\/06\/Screenshot-2023-01-31-at-12.23.19-1170x641-1.png\",\"contentUrl\":\"https:\/\/www.institutfrancais-lituanie.com\/wp-content\/uploads\/2024\/06\/Screenshot-2023-01-31-at-12.23.19-1170x641-1.png\",\"width\":1170,\"height\":641},{\"@type\":\"BreadcrumbList\",\"@id\":\"https:\/\/www.institutfrancais-lituanie.com\/fr\/non-classifiee\/offre-demploi-enseignantes-de-lituanien\/#breadcrumb\",\"itemListElement\":[{\"@type\":\"ListItem\",\"position\":1,\"name\":\"Home\",\"item\":\"https:\/\/www.institutfrancais-lituanie.com\/fr\/\"},{\"@type\":\"ListItem\",\"position\":2,\"name\":\"Offre d\u2019emploi : enseignant(e)s de lituanien\"}]},{\"@type\":\"WebSite\",\"@id\":\"https:\/\/www.institutfrancais-lituanie.com\/fr\/#website\",\"url\":\"https:\/\/www.institutfrancais-lituanie.com\/fr\/\",\"name\":\"IF Lituanie\",\"description\":\"Pranc\u016bz\u0173 kalbos kursai, kult\u016bra, mediateka...\",\"publisher\":{\"@id\":\"https:\/\/www.institutfrancais-lituanie.com\/fr\/#organization\"},\"potentialAction\":[{\"@type\":\"SearchAction\",\"target\":{\"@type\":\"EntryPoint\",\"urlTemplate\":\"https:\/\/www.institutfrancais-lituanie.com\/fr\/?s={search_term_string}\"},\"query-input\":\"required name=search_term_string\"}],\"inLanguage\":\"fr-FR\"},{\"@type\":\"Organization\",\"@id\":\"https:\/\/www.institutfrancais-lituanie.com\/fr\/#organization\",\"name\":\"Pranc\u016bz\u0173 institutas\",\"url\":\"https:\/\/www.institutfrancais-lituanie.com\/fr\/\",\"logo\":{\"@type\":\"ImageObject\",\"inLanguage\":\"fr-FR\",\"@id\":\"https:\/\/www.institutfrancais-lituanie.com\/fr\/#\/schema\/logo\/image\/\",\"url\":\"https:\/\/www.institutfrancais-lituanie.com\/wp-content\/uploads\/2023\/04\/IF_Logo-Lituanie-RVB.jpg\",\"contentUrl\":\"https:\/\/www.institutfrancais-lituanie.com\/wp-content\/uploads\/2023\/04\/IF_Logo-Lituanie-RVB.jpg\",\"width\":827,\"height\":555,\"caption\":\"Pranc\u016bz\u0173 institutas\"},\"image\":{\"@id\":\"https:\/\/www.institutfrancais-lituanie.com\/fr\/#\/schema\/logo\/image\/\"},\"sameAs\":[\"https:\/\/www.facebook.com\/prancuzuinstitutas\/\",\"https:\/\/www.instagram.com\/institut_francais_lituanie\/\"]},{\"@type\":\"Person\",\"@id\":\"https:\/\/www.institutfrancais-lituanie.com\/fr\/#\/schema\/person\/32b95cf77fc2963ebd875802e2d04457\",\"name\":\"Julija Petrosiute\",\"image\":{\"@type\":\"ImageObject\",\"inLanguage\":\"fr-FR\",\"@id\":\"https:\/\/www.institutfrancais-lituanie.com\/fr\/#\/schema\/person\/image\/\",\"url\":\"https:\/\/secure.gravatar.com\/avatar\/2210bf9289c3642e86c1bf97d9ad11dc?s=96&d=mm&r=g\",\"contentUrl\":\"https:\/\/secure.gravatar.com\/avatar\/2210bf9289c3642e86c1bf97d9ad11dc?s=96&d=mm&r=g\",\"caption\":\"Julija Petrosiute\"},\"url\":\"https:\/\/www.institutfrancais-lituanie.com\/fr\/author\/julija24\/\"}]}<\/script>\n<!-- \/ Yoast SEO plugin. -->","yoast_head_json":{"title":"Offre d\u2019emploi : enseignant(e)s de lituanien - IF Lituanie","robots":{"index":"index","follow":"follow","max-snippet":"max-snippet:-1","max-image-preview":"max-image-preview:large","max-video-preview":"max-video-preview:-1"},"canonical":"https:\/\/www.institutfrancais-lituanie.com\/fr\/non-classifiee\/offre-demploi-enseignantes-de-lituanien\/","og_locale":"fr_FR","og_type":"article","og_title":"Offre d\u2019emploi : enseignant(e)s de lituanien - IF Lituanie","og_description":"L\u2019Institut fran\u00e7ais de Lituanie recherche des enseignant(e)s passionn\u00e9(e)s et dynamiques pour rejoindre l\u2019\u00e9quipe du service&hellip;","og_url":"https:\/\/www.institutfrancais-lituanie.com\/fr\/non-classifiee\/offre-demploi-enseignantes-de-lituanien\/","og_site_name":"IF Lituanie","article_publisher":"https:\/\/www.facebook.com\/prancuzuinstitutas\/","article_published_time":"2025-04-14T18:33:54+00:00","article_modified_time":"2025-06-29T20:03:45+00:00","og_image":[{"width":1170,"height":641,"url":"https:\/\/www.institutfrancais-lituanie.com\/wp-content\/uploads\/2024\/06\/Screenshot-2023-01-31-at-12.23.19-1170x641-1.png","type":"image\/png"}],"author":"Julija Petrosiute","twitter_card":"summary_large_image","twitter_misc":{"Written by":"Julija Petrosiute","Est. reading time":"2 minutes"},"schema":{"@context":"https:\/\/schema.org","@graph":[{"@type":"Article","@id":"https:\/\/www.institutfrancais-lituanie.com\/fr\/non-classifiee\/offre-demploi-enseignantes-de-lituanien\/#article","isPartOf":{"@id":"https:\/\/www.institutfrancais-lituanie.com\/fr\/non-classifiee\/offre-demploi-enseignantes-de-lituanien\/"},"author":{"name":"Julija Petrosiute","@id":"https:\/\/www.institutfrancais-lituanie.com\/fr\/#\/schema\/person\/32b95cf77fc2963ebd875802e2d04457"},"headline":"Offre d\u2019emploi : enseignant(e)s de lituanien","datePublished":"2025-04-14T18:33:54+00:00","dateModified":"2025-06-29T20:03:45+00:00","mainEntityOfPage":{"@id":"https:\/\/www.institutfrancais-lituanie.com\/fr\/non-classifiee\/offre-demploi-enseignantes-de-lituanien\/"},"wordCount":307,"publisher":{"@id":"https:\/\/www.institutfrancais-lituanie.com\/fr\/#organization"},"image":{"@id":"https:\/\/www.institutfrancais-lituanie.com\/fr\/non-classifiee\/offre-demploi-enseignantes-de-lituanien\/#primaryimage"},"thumbnailUrl":"https:\/\/www.institutfrancais-lituanie.com\/wp-content\/uploads\/2024\/06\/Screenshot-2023-01-31-at-12.23.19-1170x641-1.png","articleSection":["Non classifi\u00e9(e)"],"inLanguage":"fr-FR"},{"@type":"WebPage","@id":"https:\/\/www.institutfrancais-lituanie.com\/fr\/non-classifiee\/offre-demploi-enseignantes-de-lituanien\/","url":"https:\/\/www.institutfrancais-lituanie.com\/fr\/non-classifiee\/offre-demploi-enseignantes-de-lituanien\/","name":"Offre d\u2019emploi : enseignant(e)s de lituanien - IF Lituanie","isPartOf":{"@id":"https:\/\/www.institutfrancais-lituanie.com\/fr\/#website"},"primaryImageOfPage":{"@id":"https:\/\/www.institutfrancais-lituanie.com\/fr\/non-classifiee\/offre-demploi-enseignantes-de-lituanien\/#primaryimage"},"image":{"@id":"https:\/\/www.institutfrancais-lituanie.com\/fr\/non-classifiee\/offre-demploi-enseignantes-de-lituanien\/#primaryimage"},"thumbnailUrl":"https:\/\/www.institutfrancais-lituanie.com\/wp-content\/uploads\/2024\/06\/Screenshot-2023-01-31-at-12.23.19-1170x641-1.png","datePublished":"2025-04-14T18:33:54+00:00","dateModified":"2025-06-29T20:03:45+00:00","breadcrumb":{"@id":"https:\/\/www.institutfrancais-lituanie.com\/fr\/non-classifiee\/offre-demploi-enseignantes-de-lituanien\/#breadcrumb"},"inLanguage":"fr-FR","potentialAction":[{"@type":"ReadAction","target":["https:\/\/www.institutfrancais-lituanie.com\/fr\/non-classifiee\/offre-demploi-enseignantes-de-lituanien\/"]}]},{"@type":"ImageObject","inLanguage":"fr-FR","@id":"https:\/\/www.institutfrancais-lituanie.com\/fr\/non-classifiee\/offre-demploi-enseignantes-de-lituanien\/#primaryimage","url":"https:\/\/www.institutfrancais-lituanie.com\/wp-content\/uploads\/2024\/06\/Screenshot-2023-01-31-at-12.23.19-1170x641-1.png","contentUrl":"https:\/\/www.institutfrancais-lituanie.com\/wp-content\/uploads\/2024\/06\/Screenshot-2023-01-31-at-12.23.19-1170x641-1.png","width":1170,"height":641},{"@type":"BreadcrumbList","@id":"https:\/\/www.institutfrancais-lituanie.com\/fr\/non-classifiee\/offre-demploi-enseignantes-de-lituanien\/#breadcrumb","itemListElement":[{"@type":"ListItem","position":1,"name":"Home","item":"https:\/\/www.institutfrancais-lituanie.com\/fr\/"},{"@type":"ListItem","position":2,"name":"Offre d\u2019emploi : enseignant(e)s de lituanien"}]},{"@type":"WebSite","@id":"https:\/\/www.institutfrancais-lituanie.com\/fr\/#website","url":"https:\/\/www.institutfrancais-lituanie.com\/fr\/","name":"IF Lituanie","description":"Pranc\u016bz\u0173 kalbos kursai, kult\u016bra, mediateka...","publisher":{"@id":"https:\/\/www.institutfrancais-lituanie.com\/fr\/#organization"},"potentialAction":[{"@type":"SearchAction","target":{"@type":"EntryPoint","urlTemplate":"https:\/\/www.institutfrancais-lituanie.com\/fr\/?s={search_term_string}"},"query-input":"required name=search_term_string"}],"inLanguage":"fr-FR"},{"@type":"Organization","@id":"https:\/\/www.institutfrancais-lituanie.com\/fr\/#organization","name":"Pranc\u016bz\u0173 institutas","url":"https:\/\/www.institutfrancais-lituanie.com\/fr\/","logo":{"@type":"ImageObject","inLanguage":"fr-FR","@id":"https:\/\/www.institutfrancais-lituanie.com\/fr\/#\/schema\/logo\/image\/","url":"https:\/\/www.institutfrancais-lituanie.com\/wp-content\/uploads\/2023\/04\/IF_Logo-Lituanie-RVB.jpg","contentUrl":"https:\/\/www.institutfrancais-lituanie.com\/wp-content\/uploads\/2023\/04\/IF_Logo-Lituanie-RVB.jpg","width":827,"height":555,"caption":"Pranc\u016bz\u0173 institutas"},"image":{"@id":"https:\/\/www.institutfrancais-lituanie.com\/fr\/#\/schema\/logo\/image\/"},"sameAs":["https:\/\/www.facebook.com\/prancuzuinstitutas\/","https:\/\/www.instagram.com\/institut_francais_lituanie\/"]},{"@type":"Person","@id":"https:\/\/www.institutfrancais-lituanie.com\/fr\/#\/schema\/person\/32b95cf77fc2963ebd875802e2d04457","name":"Julija Petrosiute","image":{"@type":"ImageObject","inLanguage":"fr-FR","@id":"https:\/\/www.institutfrancais-lituanie.com\/fr\/#\/schema\/person\/image\/","url":"https:\/\/secure.gravatar.com\/avatar\/2210bf9289c3642e86c1bf97d9ad11dc?s=96&d=mm&r=g","contentUrl":"https:\/\/secure.gravatar.com\/avatar\/2210bf9289c3642e86c1bf97d9ad11dc?s=96&d=mm&r=g","caption":"Julija Petrosiute"},"url":"https:\/\/www.institutfrancais-lituanie.com\/fr\/author\/julija24\/"}]}},"_links":{"self":[{"href":"https:\/\/www.institutfrancais-lituanie.com\/fr\/wp-json\/wp\/v2\/posts\/16599"}],"collection":[{"href":"https:\/\/www.institutfrancais-lituanie.com\/fr\/wp-json\/wp\/v2\/posts"}],"about":[{"href":"https:\/\/www.institutfrancais-lituanie.com\/fr\/wp-json\/wp\/v2\/types\/post"}],"author":[{"embeddable":true,"href":"https:\/\/www.institutfrancais-lituanie.com\/fr\/wp-json\/wp\/v2\/users\/13"}],"replies":[{"embeddable":true,"href":"https:\/\/www.institutfrancais-lituanie.com\/fr\/wp-json\/wp\/v2\/comments?post=16599"}],"version-history":[{"count":2,"href":"https:\/\/www.institutfrancais-lituanie.com\/fr\/wp-json\/wp\/v2\/posts\/16599\/revisions"}],"predecessor-version":[{"id":17169,"href":"https:\/\/www.institutfrancais-lituanie.com\/fr\/wp-json\/wp\/v2\/posts\/16599\/revisions\/17169"}],"wp:featuredmedia":[{"embeddable":true,"href":"https:\/\/www.institutfrancais-lituanie.com\/fr\/wp-json\/wp\/v2\/media\/15020"}],"wp:attachment":[{"href":"https:\/\/www.institutfrancais-lituanie.com\/fr\/wp-json\/wp\/v2\/media?parent=16599"}],"wp:term":[{"taxonomy":"category","embeddable":true,"href":"https:\/\/www.institutfrancais-lituanie.com\/fr\/wp-json\/wp\/v2\/categories?post=16599"},{"taxonomy":"post_tag","embeddable":true,"href":"https:\/\/www.institutfrancais-lituanie.com\/fr\/wp-json\/wp\/v2\/tags?post=16599"}],"curies":[{"name":"wp","href":"https:\/\/api.w.org\/{rel}","templated":true}]}}