{"id":15896,"date":"2025-01-09T20:25:44","date_gmt":"2025-01-09T20:25:44","guid":{"rendered":"https:\/\/www.institutfrancais-lituanie.com\/?p=15896"},"modified":"2026-01-21T10:39:07","modified_gmt":"2026-01-21T10:39:07","slug":"offre-de-stage-stagiaire-secteur-universitaire-et-campus-france","status":"publish","type":"post","link":"https:\/\/www.institutfrancais-lituanie.com\/fr\/non-classifiee\/offre-de-stage-stagiaire-secteur-universitaire-et-campus-france\/","title":{"rendered":"Offre de stage: stagiaire secteur universitaire et Campus France"},"content":{"rendered":"<p><strong>Institut Fran\u00e7ais de Lituanie offre un stage aupr\u00e8s du service universitaire et Campus France Lituanie<\/strong><\/p>\n<p><strong>Dur\u00e9e et p\u00e9riodes de stage<\/strong><\/p>\n<ul>\n<li><strong>PERIODE I\u00a0: 1<sup>er<\/sup> mars &#8211; 30 juin<\/strong><\/li>\n<li><strong>PERIODE II\u00a0: 1<sup>er<\/sup> septembre &#8211; 15 d\u00e9cembre<\/strong><\/li>\n<\/ul>\n<p><strong>Missions principales<\/strong><\/p>\n<ol>\n<li><strong>Accompagnement des candidats<\/strong> :\n<ul>\n<li>Informer et conseiller les \u00e9tudiants souhaitant poursuivre leurs \u00e9tudes en France.<\/li>\n<li>Apporter un soutien dans les d\u00e9marches administratives via Parcoursup ou Monmaster.<\/li>\n<\/ul>\n<\/li>\n<li><strong>Organisation d&#8217;\u00e9v\u00e9nements<\/strong> :\n<ul>\n<li>Contribuer \u00e0 la pr\u00e9paration et \u00e0 la logistique des \u00e9v\u00e9nements d\u00e9di\u00e9s \u00e0 l\u2019\u00e9ducation et \u00e0 la promotion des \u00e9tudes en France.<\/li>\n<\/ul>\n<\/li>\n<li><strong>Participation aux salons<\/strong> :\n<ul>\n<li>Repr\u00e9senter Campus France de Lituanie lors des salons de l\u2019emploi et de l\u2019\u00e9tudiant.<\/li>\n<\/ul>\n<\/li>\n<li><strong>Animation du r\u00e9seau France Alumni<\/strong> :\n<ul>\n<li>Dynamiser le site des Alumni et en contribuer \u00e0 l\u2019organisation des rencontres annuelles.<\/li>\n<\/ul>\n<\/li>\n<li><strong>Cr\u00e9ation de supports de communication<\/strong> :\n<ul>\n<li>\u00c9laborer des supports informatifs et visuels pour promouvoir les \u00e9tudes en France (brochures, publications sur les r\u00e9seaux sociaux, affiches).<\/li>\n<\/ul>\n<\/li>\n<\/ol>\n<p><strong>Opportunit\u00e9s offertes<\/strong><\/p>\n<ul>\n<li>Une immersion dans le fonctionnement de la <strong>diplomatie culturelle<\/strong> et <strong>scientifique<\/strong> \u00e0 travers les activit\u00e9s de l\u2019Institut Fran\u00e7ais et Campus France.<\/li>\n<li>Une exp\u00e9rience enrichissante dans un environnement international et collaboratif.<\/li>\n<li>Un cadre id\u00e9al pour d\u00e9velopper des comp\u00e9tences en communication interculturelle, gestion de projets, et relations publiques.<\/li>\n<\/ul>\n<p><strong>Profil recherch\u00e9<\/strong><\/p>\n<ul>\n<li>\u00c9tudiant(e) en relations internationales, sciences politiques, gestion de projets culturels, humanit\u00e9s ou toute autre discipline pertinente.<\/li>\n<li>Bonne ma\u00eetrise du fran\u00e7ais (niveau C1 minimum requis).<\/li>\n<li>Bonne ma\u00eetrise de l\u2019anglais (niveau B2 minimum requis).<\/li>\n<li>Int\u00e9r\u00eat pour l\u2019\u00e9ducation, la culture, et la coop\u00e9ration internationale.<\/li>\n<li>Cr\u00e9ativit\u00e9, rigueur, et sens de l\u2019organisation et de l\u2019initiative.<\/li>\n<\/ul>\n<p><strong>Conditions du stage<\/strong><\/p>\n<ul>\n<li><strong>Horaires<\/strong> : 7 heures par jour, soit de <strong>9h \u00e0 17h.<\/strong><\/li>\n<li><strong>Lieu<\/strong> : Institut Fran\u00e7ais de Lituanie, Vilnius.<\/li>\n<li><strong>Gratification<\/strong> : <strong>4,35 EUR\/heure<\/strong>.<\/li>\n<li><strong>Cong\u00e9s<\/strong> : <strong>2 jours de cong\u00e9s par mois<\/strong>.<\/li>\n<\/ul>\n<p><strong>Modalit\u00e9s de candidature<\/strong><\/p>\n<p>Envoyez votre CV et lettre de motivation \u00e0 l\u2019adresse suivante : <a href=\"mailto:viktorija.jurkevic-chiaese@institutfrancais-lituanie.com\"><strong>viktorija.jurkevic-chiaese@institutfrancais-lituanie.com<\/strong><\/a><\/p>\n<p><strong>Pour la p\u00e9riode de mars-juin<\/strong>\u00a0: avant le 5<strong>\u00a0f\u00e9vrier.<\/strong><\/p>\n<ul>\n<li><strong>Pour la p\u00e9riode de septembre-d\u00e9cembre<\/strong> : avant le <strong>31 mai<\/strong>.<\/li>\n<\/ul>\n<p>Nous avons h\u00e2te de vous accueillir au sein de l\u2019\u00e9quipe de l\u2019Institut Fran\u00e7ais de Lituanie !<\/p>\n","protected":false},"excerpt":{"rendered":"<p>Institut Fran\u00e7ais de Lituanie offre un stage aupr\u00e8s du service universitaire et Campus France Lituanie&hellip;<\/p>\n","protected":false},"author":13,"featured_media":14612,"comment_status":"closed","ping_status":"open","sticky":false,"template":"","format":"standard","meta":{"footnotes":""},"categories":[43],"tags":[],"class_list":["post-15896","post","type-post","status-publish","format-standard","has-post-thumbnail","hentry","category-non-classifiee"],"yoast_head":"<!-- This site is optimized with the Yoast SEO plugin v23.2 - https:\/\/yoast.com\/wordpress\/plugins\/seo\/ -->\n<title>Offre de stage: stagiaire secteur universitaire et Campus France - IF Lituanie<\/title>\n<meta name=\"robots\" content=\"index, follow, max-snippet:-1, max-image-preview:large, max-video-preview:-1\" \/>\n<link rel=\"canonical\" href=\"https:\/\/www.institutfrancais-lituanie.com\/fr\/non-classifiee\/offre-de-stage-stagiaire-secteur-universitaire-et-campus-france\/\" \/>\n<meta property=\"og:locale\" content=\"fr_FR\" \/>\n<meta property=\"og:type\" content=\"article\" \/>\n<meta property=\"og:title\" content=\"Offre de stage: stagiaire secteur universitaire et Campus France - IF Lituanie\" \/>\n<meta property=\"og:description\" content=\"Institut Fran\u00e7ais de Lituanie offre un stage aupr\u00e8s du service universitaire et Campus France Lituanie&hellip;\" \/>\n<meta property=\"og:url\" content=\"https:\/\/www.institutfrancais-lituanie.com\/fr\/non-classifiee\/offre-de-stage-stagiaire-secteur-universitaire-et-campus-france\/\" \/>\n<meta property=\"og:site_name\" content=\"IF Lituanie\" \/>\n<meta property=\"article:publisher\" content=\"https:\/\/www.facebook.com\/prancuzuinstitutas\/\" \/>\n<meta property=\"article:published_time\" content=\"2025-01-09T20:25:44+00:00\" \/>\n<meta property=\"article:modified_time\" content=\"2026-01-21T10:39:07+00:00\" \/>\n<meta property=\"og:image\" content=\"https:\/\/www.institutfrancais-lituanie.com\/wp-content\/uploads\/2024\/03\/Offre-stage-1170x585-1.jpg\" \/>\n\t<meta property=\"og:image:width\" content=\"1170\" \/>\n\t<meta property=\"og:image:height\" content=\"585\" \/>\n\t<meta property=\"og:image:type\" content=\"image\/jpeg\" \/>\n<meta name=\"author\" content=\"Julija Petrosiute\" \/>\n<meta name=\"twitter:card\" content=\"summary_large_image\" \/>\n<meta name=\"twitter:label1\" content=\"Written by\" \/>\n\t<meta name=\"twitter:data1\" content=\"Julija Petrosiute\" \/>\n\t<meta name=\"twitter:label2\" content=\"Est. reading time\" \/>\n\t<meta name=\"twitter:data2\" content=\"2 minutes\" \/>\n<script type=\"application\/ld+json\" class=\"yoast-schema-graph\">{\"@context\":\"https:\/\/schema.org\",\"@graph\":[{\"@type\":\"Article\",\"@id\":\"https:\/\/www.institutfrancais-lituanie.com\/fr\/non-classifiee\/offre-de-stage-stagiaire-secteur-universitaire-et-campus-france\/#article\",\"isPartOf\":{\"@id\":\"https:\/\/www.institutfrancais-lituanie.com\/fr\/non-classifiee\/offre-de-stage-stagiaire-secteur-universitaire-et-campus-france\/\"},\"author\":{\"name\":\"Julija Petrosiute\",\"@id\":\"https:\/\/www.institutfrancais-lituanie.com\/fr\/#\/schema\/person\/32b95cf77fc2963ebd875802e2d04457\"},\"headline\":\"Offre de stage: stagiaire secteur universitaire et Campus France\",\"datePublished\":\"2025-01-09T20:25:44+00:00\",\"dateModified\":\"2026-01-21T10:39:07+00:00\",\"mainEntityOfPage\":{\"@id\":\"https:\/\/www.institutfrancais-lituanie.com\/fr\/non-classifiee\/offre-de-stage-stagiaire-secteur-universitaire-et-campus-france\/\"},\"wordCount\":370,\"publisher\":{\"@id\":\"https:\/\/www.institutfrancais-lituanie.com\/fr\/#organization\"},\"image\":{\"@id\":\"https:\/\/www.institutfrancais-lituanie.com\/fr\/non-classifiee\/offre-de-stage-stagiaire-secteur-universitaire-et-campus-france\/#primaryimage\"},\"thumbnailUrl\":\"https:\/\/www.institutfrancais-lituanie.com\/wp-content\/uploads\/2024\/03\/Offre-stage-1170x585-1.jpg\",\"articleSection\":[\"Non classifi\u00e9(e)\"],\"inLanguage\":\"fr-FR\"},{\"@type\":\"WebPage\",\"@id\":\"https:\/\/www.institutfrancais-lituanie.com\/fr\/non-classifiee\/offre-de-stage-stagiaire-secteur-universitaire-et-campus-france\/\",\"url\":\"https:\/\/www.institutfrancais-lituanie.com\/fr\/non-classifiee\/offre-de-stage-stagiaire-secteur-universitaire-et-campus-france\/\",\"name\":\"Offre de stage: stagiaire secteur universitaire et Campus France - IF Lituanie\",\"isPartOf\":{\"@id\":\"https:\/\/www.institutfrancais-lituanie.com\/fr\/#website\"},\"primaryImageOfPage\":{\"@id\":\"https:\/\/www.institutfrancais-lituanie.com\/fr\/non-classifiee\/offre-de-stage-stagiaire-secteur-universitaire-et-campus-france\/#primaryimage\"},\"image\":{\"@id\":\"https:\/\/www.institutfrancais-lituanie.com\/fr\/non-classifiee\/offre-de-stage-stagiaire-secteur-universitaire-et-campus-france\/#primaryimage\"},\"thumbnailUrl\":\"https:\/\/www.institutfrancais-lituanie.com\/wp-content\/uploads\/2024\/03\/Offre-stage-1170x585-1.jpg\",\"datePublished\":\"2025-01-09T20:25:44+00:00\",\"dateModified\":\"2026-01-21T10:39:07+00:00\",\"breadcrumb\":{\"@id\":\"https:\/\/www.institutfrancais-lituanie.com\/fr\/non-classifiee\/offre-de-stage-stagiaire-secteur-universitaire-et-campus-france\/#breadcrumb\"},\"inLanguage\":\"fr-FR\",\"potentialAction\":[{\"@type\":\"ReadAction\",\"target\":[\"https:\/\/www.institutfrancais-lituanie.com\/fr\/non-classifiee\/offre-de-stage-stagiaire-secteur-universitaire-et-campus-france\/\"]}]},{\"@type\":\"ImageObject\",\"inLanguage\":\"fr-FR\",\"@id\":\"https:\/\/www.institutfrancais-lituanie.com\/fr\/non-classifiee\/offre-de-stage-stagiaire-secteur-universitaire-et-campus-france\/#primaryimage\",\"url\":\"https:\/\/www.institutfrancais-lituanie.com\/wp-content\/uploads\/2024\/03\/Offre-stage-1170x585-1.jpg\",\"contentUrl\":\"https:\/\/www.institutfrancais-lituanie.com\/wp-content\/uploads\/2024\/03\/Offre-stage-1170x585-1.jpg\",\"width\":1170,\"height\":585},{\"@type\":\"BreadcrumbList\",\"@id\":\"https:\/\/www.institutfrancais-lituanie.com\/fr\/non-classifiee\/offre-de-stage-stagiaire-secteur-universitaire-et-campus-france\/#breadcrumb\",\"itemListElement\":[{\"@type\":\"ListItem\",\"position\":1,\"name\":\"Home\",\"item\":\"https:\/\/www.institutfrancais-lituanie.com\/fr\/\"},{\"@type\":\"ListItem\",\"position\":2,\"name\":\"Offre de stage: stagiaire secteur universitaire et Campus France\"}]},{\"@type\":\"WebSite\",\"@id\":\"https:\/\/www.institutfrancais-lituanie.com\/fr\/#website\",\"url\":\"https:\/\/www.institutfrancais-lituanie.com\/fr\/\",\"name\":\"IF Lituanie\",\"description\":\"Pranc\u016bz\u0173 kalbos kursai, kult\u016bra, mediateka...\",\"publisher\":{\"@id\":\"https:\/\/www.institutfrancais-lituanie.com\/fr\/#organization\"},\"potentialAction\":[{\"@type\":\"SearchAction\",\"target\":{\"@type\":\"EntryPoint\",\"urlTemplate\":\"https:\/\/www.institutfrancais-lituanie.com\/fr\/?s={search_term_string}\"},\"query-input\":\"required name=search_term_string\"}],\"inLanguage\":\"fr-FR\"},{\"@type\":\"Organization\",\"@id\":\"https:\/\/www.institutfrancais-lituanie.com\/fr\/#organization\",\"name\":\"Pranc\u016bz\u0173 institutas\",\"url\":\"https:\/\/www.institutfrancais-lituanie.com\/fr\/\",\"logo\":{\"@type\":\"ImageObject\",\"inLanguage\":\"fr-FR\",\"@id\":\"https:\/\/www.institutfrancais-lituanie.com\/fr\/#\/schema\/logo\/image\/\",\"url\":\"https:\/\/www.institutfrancais-lituanie.com\/wp-content\/uploads\/2023\/04\/IF_Logo-Lituanie-RVB.jpg\",\"contentUrl\":\"https:\/\/www.institutfrancais-lituanie.com\/wp-content\/uploads\/2023\/04\/IF_Logo-Lituanie-RVB.jpg\",\"width\":827,\"height\":555,\"caption\":\"Pranc\u016bz\u0173 institutas\"},\"image\":{\"@id\":\"https:\/\/www.institutfrancais-lituanie.com\/fr\/#\/schema\/logo\/image\/\"},\"sameAs\":[\"https:\/\/www.facebook.com\/prancuzuinstitutas\/\",\"https:\/\/www.instagram.com\/institut_francais_lituanie\/\"]},{\"@type\":\"Person\",\"@id\":\"https:\/\/www.institutfrancais-lituanie.com\/fr\/#\/schema\/person\/32b95cf77fc2963ebd875802e2d04457\",\"name\":\"Julija Petrosiute\",\"image\":{\"@type\":\"ImageObject\",\"inLanguage\":\"fr-FR\",\"@id\":\"https:\/\/www.institutfrancais-lituanie.com\/fr\/#\/schema\/person\/image\/\",\"url\":\"https:\/\/secure.gravatar.com\/avatar\/2210bf9289c3642e86c1bf97d9ad11dc?s=96&d=mm&r=g\",\"contentUrl\":\"https:\/\/secure.gravatar.com\/avatar\/2210bf9289c3642e86c1bf97d9ad11dc?s=96&d=mm&r=g\",\"caption\":\"Julija Petrosiute\"},\"url\":\"https:\/\/www.institutfrancais-lituanie.com\/fr\/author\/julija24\/\"}]}<\/script>\n<!-- \/ Yoast SEO plugin. -->","yoast_head_json":{"title":"Offre de stage: stagiaire secteur universitaire et Campus France - IF Lituanie","robots":{"index":"index","follow":"follow","max-snippet":"max-snippet:-1","max-image-preview":"max-image-preview:large","max-video-preview":"max-video-preview:-1"},"canonical":"https:\/\/www.institutfrancais-lituanie.com\/fr\/non-classifiee\/offre-de-stage-stagiaire-secteur-universitaire-et-campus-france\/","og_locale":"fr_FR","og_type":"article","og_title":"Offre de stage: stagiaire secteur universitaire et Campus France - IF Lituanie","og_description":"Institut Fran\u00e7ais de Lituanie offre un stage aupr\u00e8s du service universitaire et Campus France Lituanie&hellip;","og_url":"https:\/\/www.institutfrancais-lituanie.com\/fr\/non-classifiee\/offre-de-stage-stagiaire-secteur-universitaire-et-campus-france\/","og_site_name":"IF Lituanie","article_publisher":"https:\/\/www.facebook.com\/prancuzuinstitutas\/","article_published_time":"2025-01-09T20:25:44+00:00","article_modified_time":"2026-01-21T10:39:07+00:00","og_image":[{"width":1170,"height":585,"url":"https:\/\/www.institutfrancais-lituanie.com\/wp-content\/uploads\/2024\/03\/Offre-stage-1170x585-1.jpg","type":"image\/jpeg"}],"author":"Julija Petrosiute","twitter_card":"summary_large_image","twitter_misc":{"Written by":"Julija Petrosiute","Est. reading time":"2 minutes"},"schema":{"@context":"https:\/\/schema.org","@graph":[{"@type":"Article","@id":"https:\/\/www.institutfrancais-lituanie.com\/fr\/non-classifiee\/offre-de-stage-stagiaire-secteur-universitaire-et-campus-france\/#article","isPartOf":{"@id":"https:\/\/www.institutfrancais-lituanie.com\/fr\/non-classifiee\/offre-de-stage-stagiaire-secteur-universitaire-et-campus-france\/"},"author":{"name":"Julija Petrosiute","@id":"https:\/\/www.institutfrancais-lituanie.com\/fr\/#\/schema\/person\/32b95cf77fc2963ebd875802e2d04457"},"headline":"Offre de stage: stagiaire secteur universitaire et Campus France","datePublished":"2025-01-09T20:25:44+00:00","dateModified":"2026-01-21T10:39:07+00:00","mainEntityOfPage":{"@id":"https:\/\/www.institutfrancais-lituanie.com\/fr\/non-classifiee\/offre-de-stage-stagiaire-secteur-universitaire-et-campus-france\/"},"wordCount":370,"publisher":{"@id":"https:\/\/www.institutfrancais-lituanie.com\/fr\/#organization"},"image":{"@id":"https:\/\/www.institutfrancais-lituanie.com\/fr\/non-classifiee\/offre-de-stage-stagiaire-secteur-universitaire-et-campus-france\/#primaryimage"},"thumbnailUrl":"https:\/\/www.institutfrancais-lituanie.com\/wp-content\/uploads\/2024\/03\/Offre-stage-1170x585-1.jpg","articleSection":["Non classifi\u00e9(e)"],"inLanguage":"fr-FR"},{"@type":"WebPage","@id":"https:\/\/www.institutfrancais-lituanie.com\/fr\/non-classifiee\/offre-de-stage-stagiaire-secteur-universitaire-et-campus-france\/","url":"https:\/\/www.institutfrancais-lituanie.com\/fr\/non-classifiee\/offre-de-stage-stagiaire-secteur-universitaire-et-campus-france\/","name":"Offre de stage: stagiaire secteur universitaire et Campus France - IF Lituanie","isPartOf":{"@id":"https:\/\/www.institutfrancais-lituanie.com\/fr\/#website"},"primaryImageOfPage":{"@id":"https:\/\/www.institutfrancais-lituanie.com\/fr\/non-classifiee\/offre-de-stage-stagiaire-secteur-universitaire-et-campus-france\/#primaryimage"},"image":{"@id":"https:\/\/www.institutfrancais-lituanie.com\/fr\/non-classifiee\/offre-de-stage-stagiaire-secteur-universitaire-et-campus-france\/#primaryimage"},"thumbnailUrl":"https:\/\/www.institutfrancais-lituanie.com\/wp-content\/uploads\/2024\/03\/Offre-stage-1170x585-1.jpg","datePublished":"2025-01-09T20:25:44+00:00","dateModified":"2026-01-21T10:39:07+00:00","breadcrumb":{"@id":"https:\/\/www.institutfrancais-lituanie.com\/fr\/non-classifiee\/offre-de-stage-stagiaire-secteur-universitaire-et-campus-france\/#breadcrumb"},"inLanguage":"fr-FR","potentialAction":[{"@type":"ReadAction","target":["https:\/\/www.institutfrancais-lituanie.com\/fr\/non-classifiee\/offre-de-stage-stagiaire-secteur-universitaire-et-campus-france\/"]}]},{"@type":"ImageObject","inLanguage":"fr-FR","@id":"https:\/\/www.institutfrancais-lituanie.com\/fr\/non-classifiee\/offre-de-stage-stagiaire-secteur-universitaire-et-campus-france\/#primaryimage","url":"https:\/\/www.institutfrancais-lituanie.com\/wp-content\/uploads\/2024\/03\/Offre-stage-1170x585-1.jpg","contentUrl":"https:\/\/www.institutfrancais-lituanie.com\/wp-content\/uploads\/2024\/03\/Offre-stage-1170x585-1.jpg","width":1170,"height":585},{"@type":"BreadcrumbList","@id":"https:\/\/www.institutfrancais-lituanie.com\/fr\/non-classifiee\/offre-de-stage-stagiaire-secteur-universitaire-et-campus-france\/#breadcrumb","itemListElement":[{"@type":"ListItem","position":1,"name":"Home","item":"https:\/\/www.institutfrancais-lituanie.com\/fr\/"},{"@type":"ListItem","position":2,"name":"Offre de stage: stagiaire secteur universitaire et Campus France"}]},{"@type":"WebSite","@id":"https:\/\/www.institutfrancais-lituanie.com\/fr\/#website","url":"https:\/\/www.institutfrancais-lituanie.com\/fr\/","name":"IF Lituanie","description":"Pranc\u016bz\u0173 kalbos kursai, kult\u016bra, mediateka...","publisher":{"@id":"https:\/\/www.institutfrancais-lituanie.com\/fr\/#organization"},"potentialAction":[{"@type":"SearchAction","target":{"@type":"EntryPoint","urlTemplate":"https:\/\/www.institutfrancais-lituanie.com\/fr\/?s={search_term_string}"},"query-input":"required name=search_term_string"}],"inLanguage":"fr-FR"},{"@type":"Organization","@id":"https:\/\/www.institutfrancais-lituanie.com\/fr\/#organization","name":"Pranc\u016bz\u0173 institutas","url":"https:\/\/www.institutfrancais-lituanie.com\/fr\/","logo":{"@type":"ImageObject","inLanguage":"fr-FR","@id":"https:\/\/www.institutfrancais-lituanie.com\/fr\/#\/schema\/logo\/image\/","url":"https:\/\/www.institutfrancais-lituanie.com\/wp-content\/uploads\/2023\/04\/IF_Logo-Lituanie-RVB.jpg","contentUrl":"https:\/\/www.institutfrancais-lituanie.com\/wp-content\/uploads\/2023\/04\/IF_Logo-Lituanie-RVB.jpg","width":827,"height":555,"caption":"Pranc\u016bz\u0173 institutas"},"image":{"@id":"https:\/\/www.institutfrancais-lituanie.com\/fr\/#\/schema\/logo\/image\/"},"sameAs":["https:\/\/www.facebook.com\/prancuzuinstitutas\/","https:\/\/www.instagram.com\/institut_francais_lituanie\/"]},{"@type":"Person","@id":"https:\/\/www.institutfrancais-lituanie.com\/fr\/#\/schema\/person\/32b95cf77fc2963ebd875802e2d04457","name":"Julija Petrosiute","image":{"@type":"ImageObject","inLanguage":"fr-FR","@id":"https:\/\/www.institutfrancais-lituanie.com\/fr\/#\/schema\/person\/image\/","url":"https:\/\/secure.gravatar.com\/avatar\/2210bf9289c3642e86c1bf97d9ad11dc?s=96&d=mm&r=g","contentUrl":"https:\/\/secure.gravatar.com\/avatar\/2210bf9289c3642e86c1bf97d9ad11dc?s=96&d=mm&r=g","caption":"Julija Petrosiute"},"url":"https:\/\/www.institutfrancais-lituanie.com\/fr\/author\/julija24\/"}]}},"_links":{"self":[{"href":"https:\/\/www.institutfrancais-lituanie.com\/fr\/wp-json\/wp\/v2\/posts\/15896"}],"collection":[{"href":"https:\/\/www.institutfrancais-lituanie.com\/fr\/wp-json\/wp\/v2\/posts"}],"about":[{"href":"https:\/\/www.institutfrancais-lituanie.com\/fr\/wp-json\/wp\/v2\/types\/post"}],"author":[{"embeddable":true,"href":"https:\/\/www.institutfrancais-lituanie.com\/fr\/wp-json\/wp\/v2\/users\/13"}],"replies":[{"embeddable":true,"href":"https:\/\/www.institutfrancais-lituanie.com\/fr\/wp-json\/wp\/v2\/comments?post=15896"}],"version-history":[{"count":4,"href":"https:\/\/www.institutfrancais-lituanie.com\/fr\/wp-json\/wp\/v2\/posts\/15896\/revisions"}],"predecessor-version":[{"id":18146,"href":"https:\/\/www.institutfrancais-lituanie.com\/fr\/wp-json\/wp\/v2\/posts\/15896\/revisions\/18146"}],"wp:featuredmedia":[{"embeddable":true,"href":"https:\/\/www.institutfrancais-lituanie.com\/fr\/wp-json\/wp\/v2\/media\/14612"}],"wp:attachment":[{"href":"https:\/\/www.institutfrancais-lituanie.com\/fr\/wp-json\/wp\/v2\/media?parent=15896"}],"wp:term":[{"taxonomy":"category","embeddable":true,"href":"https:\/\/www.institutfrancais-lituanie.com\/fr\/wp-json\/wp\/v2\/categories?post=15896"},{"taxonomy":"post_tag","embeddable":true,"href":"https:\/\/www.institutfrancais-lituanie.com\/fr\/wp-json\/wp\/v2\/tags?post=15896"}],"curies":[{"name":"wp","href":"https:\/\/api.w.org\/{rel}","templated":true}]}}