{"id":15460,"date":"2024-10-17T05:32:32","date_gmt":"2024-10-17T05:32:32","guid":{"rendered":"https:\/\/www.institutfrancais-lituanie.com\/?p=15460"},"modified":"2025-01-13T07:57:14","modified_gmt":"2025-01-13T07:57:14","slug":"les-femmes-dans-lagriculture","status":"publish","type":"post","link":"https:\/\/www.institutfrancais-lituanie.com\/fr\/non-classifiee\/les-femmes-dans-lagriculture\/","title":{"rendered":"Les femmes dans l\u2019agriculture"},"content":{"rendered":"<p>Le 15 octobre 2024, la conf\u00e9rence \u00e0 l\u2019Institut Fran\u00e7ais Les femmes dans l\u2019agriculture a eu lieu. Lors de la conf\u00e9rence Camille Robert-B\u0153uf, docteure en g\u00e9ographie et postdoctorante \u00e0 l\u2019Universit\u00e9 de Vilnius au Centre de recherche des paysages (post)autoritaires (PAScape) avec la mod\u00e9ratrice\u00a0Blandine Mollard, chercheuse \u00e0 l\u2019Institut europ\u00e9en pour l\u2019\u00e9galit\u00e9 entre les hommes et les femmes ont discut\u00e9 l\u2019\u00e9volution de l\u2019agriculture europ\u00e9enne.<\/p>\n<p>Le sujet des femmes dans l\u2019agriculture en Europe est int\u00e9ressant car les femmes sont souvent invisibles. Pourtant, ce sont elles, les conjointes des chefs d\u2019exploitations. En Europe centrale et orientale, les femmes s\u2019occupent des activit\u00e9s vivri\u00e8res (productions agricoles qui ne sont pas destin\u00e9es \u00e0 \u00eatre vendues).<\/p>\n<ul>\n<li>Lorsqu\u2019elles sont salari\u00e9es agricoles (ou saisonni\u00e8res agricoles) : elles repr\u00e9sentent un nombre important de la main d\u2019oeuvre (notamment en Lituanie), mais sont tr\u00e8s peu consid\u00e9r\u00e9es. Or, en Europe centrale, on observe une f\u00e9minisation de la main-d\u2019oeuvre agricole, \u00e0 cause de la guerre en Ukraine.<\/li>\n<li>De plus, les femmes, en entretenant des pratiques et savoir-faire domestiques, entretiennent aussi les paysages ruraux et des paysages culturels li\u00e9s aux identit\u00e9s locales et nationales des populations rurales. La fa\u00e7on dont elles entretiennent et transforment des paysages agricoles fait partie de l\u2019identit\u00e9 territoriale et donc de la culture.<\/li>\n<li>En conclusion, la place des femmes dans l\u2019agriculture, bien que souvent n\u00e9glig\u00e9e, est essentielle au maintien des pratiques agricoles et des identit\u00e9s rurales. Reconna\u00eetre et valoriser leur contribution est indispensable pour un avenir agricole plus inclusif et durable en Europe.<\/li>\n<\/ul>\n","protected":false},"excerpt":{"rendered":"<p>Le 15 octobre 2024, la conf\u00e9rence \u00e0 l\u2019Institut Fran\u00e7ais Les femmes dans l\u2019agriculture a eu&hellip;<\/p>\n","protected":false},"author":13,"featured_media":15461,"comment_status":"closed","ping_status":"open","sticky":false,"template":"","format":"standard","meta":{"footnotes":""},"categories":[43],"tags":[],"class_list":["post-15460","post","type-post","status-publish","format-standard","has-post-thumbnail","hentry","category-non-classifiee"],"yoast_head":"<!-- This site is optimized with the Yoast SEO plugin v23.2 - https:\/\/yoast.com\/wordpress\/plugins\/seo\/ -->\n<title>Les femmes dans l\u2019agriculture - IF Lituanie<\/title>\n<meta name=\"robots\" content=\"index, follow, max-snippet:-1, max-image-preview:large, max-video-preview:-1\" \/>\n<link rel=\"canonical\" href=\"https:\/\/www.institutfrancais-lituanie.com\/fr\/non-classifiee\/les-femmes-dans-lagriculture\/\" \/>\n<meta property=\"og:locale\" content=\"fr_FR\" \/>\n<meta property=\"og:type\" content=\"article\" \/>\n<meta property=\"og:title\" content=\"Les femmes dans l\u2019agriculture - IF Lituanie\" \/>\n<meta property=\"og:description\" content=\"Le 15 octobre 2024, la conf\u00e9rence \u00e0 l\u2019Institut Fran\u00e7ais Les femmes dans l\u2019agriculture a eu&hellip;\" \/>\n<meta property=\"og:url\" content=\"https:\/\/www.institutfrancais-lituanie.com\/fr\/non-classifiee\/les-femmes-dans-lagriculture\/\" \/>\n<meta property=\"og:site_name\" content=\"IF Lituanie\" \/>\n<meta property=\"article:publisher\" content=\"https:\/\/www.facebook.com\/prancuzuinstitutas\/\" \/>\n<meta property=\"article:published_time\" content=\"2024-10-17T05:32:32+00:00\" \/>\n<meta property=\"article:modified_time\" content=\"2025-01-13T07:57:14+00:00\" \/>\n<meta property=\"og:image\" content=\"https:\/\/www.institutfrancais-lituanie.com\/wp-content\/uploads\/2024\/10\/image-fb-scaled-e1736755023323.jpg\" \/>\n\t<meta property=\"og:image:width\" content=\"2560\" \/>\n\t<meta property=\"og:image:height\" content=\"1433\" \/>\n\t<meta property=\"og:image:type\" content=\"image\/jpeg\" \/>\n<meta name=\"author\" content=\"Julija Petrosiute\" \/>\n<meta name=\"twitter:card\" content=\"summary_large_image\" \/>\n<meta name=\"twitter:label1\" content=\"Written by\" \/>\n\t<meta name=\"twitter:data1\" content=\"Julija Petrosiute\" \/>\n\t<meta name=\"twitter:label2\" content=\"Est. reading time\" \/>\n\t<meta name=\"twitter:data2\" content=\"2 minutes\" \/>\n<script type=\"application\/ld+json\" class=\"yoast-schema-graph\">{\"@context\":\"https:\/\/schema.org\",\"@graph\":[{\"@type\":\"Article\",\"@id\":\"https:\/\/www.institutfrancais-lituanie.com\/fr\/non-classifiee\/les-femmes-dans-lagriculture\/#article\",\"isPartOf\":{\"@id\":\"https:\/\/www.institutfrancais-lituanie.com\/fr\/non-classifiee\/les-femmes-dans-lagriculture\/\"},\"author\":{\"name\":\"Julija Petrosiute\",\"@id\":\"https:\/\/www.institutfrancais-lituanie.com\/fr\/#\/schema\/person\/32b95cf77fc2963ebd875802e2d04457\"},\"headline\":\"Les femmes dans l\u2019agriculture\",\"datePublished\":\"2024-10-17T05:32:32+00:00\",\"dateModified\":\"2025-01-13T07:57:14+00:00\",\"mainEntityOfPage\":{\"@id\":\"https:\/\/www.institutfrancais-lituanie.com\/fr\/non-classifiee\/les-femmes-dans-lagriculture\/\"},\"wordCount\":280,\"publisher\":{\"@id\":\"https:\/\/www.institutfrancais-lituanie.com\/fr\/#organization\"},\"image\":{\"@id\":\"https:\/\/www.institutfrancais-lituanie.com\/fr\/non-classifiee\/les-femmes-dans-lagriculture\/#primaryimage\"},\"thumbnailUrl\":\"https:\/\/www.institutfrancais-lituanie.com\/wp-content\/uploads\/2024\/10\/image-fb-scaled-e1736755023323.jpg\",\"articleSection\":[\"Non classifi\u00e9(e)\"],\"inLanguage\":\"fr-FR\"},{\"@type\":\"WebPage\",\"@id\":\"https:\/\/www.institutfrancais-lituanie.com\/fr\/non-classifiee\/les-femmes-dans-lagriculture\/\",\"url\":\"https:\/\/www.institutfrancais-lituanie.com\/fr\/non-classifiee\/les-femmes-dans-lagriculture\/\",\"name\":\"Les femmes dans l\u2019agriculture - IF Lituanie\",\"isPartOf\":{\"@id\":\"https:\/\/www.institutfrancais-lituanie.com\/fr\/#website\"},\"primaryImageOfPage\":{\"@id\":\"https:\/\/www.institutfrancais-lituanie.com\/fr\/non-classifiee\/les-femmes-dans-lagriculture\/#primaryimage\"},\"image\":{\"@id\":\"https:\/\/www.institutfrancais-lituanie.com\/fr\/non-classifiee\/les-femmes-dans-lagriculture\/#primaryimage\"},\"thumbnailUrl\":\"https:\/\/www.institutfrancais-lituanie.com\/wp-content\/uploads\/2024\/10\/image-fb-scaled-e1736755023323.jpg\",\"datePublished\":\"2024-10-17T05:32:32+00:00\",\"dateModified\":\"2025-01-13T07:57:14+00:00\",\"breadcrumb\":{\"@id\":\"https:\/\/www.institutfrancais-lituanie.com\/fr\/non-classifiee\/les-femmes-dans-lagriculture\/#breadcrumb\"},\"inLanguage\":\"fr-FR\",\"potentialAction\":[{\"@type\":\"ReadAction\",\"target\":[\"https:\/\/www.institutfrancais-lituanie.com\/fr\/non-classifiee\/les-femmes-dans-lagriculture\/\"]}]},{\"@type\":\"ImageObject\",\"inLanguage\":\"fr-FR\",\"@id\":\"https:\/\/www.institutfrancais-lituanie.com\/fr\/non-classifiee\/les-femmes-dans-lagriculture\/#primaryimage\",\"url\":\"https:\/\/www.institutfrancais-lituanie.com\/wp-content\/uploads\/2024\/10\/image-fb-scaled-e1736755023323.jpg\",\"contentUrl\":\"https:\/\/www.institutfrancais-lituanie.com\/wp-content\/uploads\/2024\/10\/image-fb-scaled-e1736755023323.jpg\",\"width\":2560,\"height\":1433},{\"@type\":\"BreadcrumbList\",\"@id\":\"https:\/\/www.institutfrancais-lituanie.com\/fr\/non-classifiee\/les-femmes-dans-lagriculture\/#breadcrumb\",\"itemListElement\":[{\"@type\":\"ListItem\",\"position\":1,\"name\":\"Home\",\"item\":\"https:\/\/www.institutfrancais-lituanie.com\/fr\/\"},{\"@type\":\"ListItem\",\"position\":2,\"name\":\"Les femmes dans l\u2019agriculture\"}]},{\"@type\":\"WebSite\",\"@id\":\"https:\/\/www.institutfrancais-lituanie.com\/fr\/#website\",\"url\":\"https:\/\/www.institutfrancais-lituanie.com\/fr\/\",\"name\":\"IF Lituanie\",\"description\":\"Pranc\u016bz\u0173 kalbos kursai, kult\u016bra, mediateka...\",\"publisher\":{\"@id\":\"https:\/\/www.institutfrancais-lituanie.com\/fr\/#organization\"},\"potentialAction\":[{\"@type\":\"SearchAction\",\"target\":{\"@type\":\"EntryPoint\",\"urlTemplate\":\"https:\/\/www.institutfrancais-lituanie.com\/fr\/?s={search_term_string}\"},\"query-input\":\"required name=search_term_string\"}],\"inLanguage\":\"fr-FR\"},{\"@type\":\"Organization\",\"@id\":\"https:\/\/www.institutfrancais-lituanie.com\/fr\/#organization\",\"name\":\"Pranc\u016bz\u0173 institutas\",\"url\":\"https:\/\/www.institutfrancais-lituanie.com\/fr\/\",\"logo\":{\"@type\":\"ImageObject\",\"inLanguage\":\"fr-FR\",\"@id\":\"https:\/\/www.institutfrancais-lituanie.com\/fr\/#\/schema\/logo\/image\/\",\"url\":\"https:\/\/www.institutfrancais-lituanie.com\/wp-content\/uploads\/2023\/04\/IF_Logo-Lituanie-RVB.jpg\",\"contentUrl\":\"https:\/\/www.institutfrancais-lituanie.com\/wp-content\/uploads\/2023\/04\/IF_Logo-Lituanie-RVB.jpg\",\"width\":827,\"height\":555,\"caption\":\"Pranc\u016bz\u0173 institutas\"},\"image\":{\"@id\":\"https:\/\/www.institutfrancais-lituanie.com\/fr\/#\/schema\/logo\/image\/\"},\"sameAs\":[\"https:\/\/www.facebook.com\/prancuzuinstitutas\/\",\"https:\/\/www.instagram.com\/institut_francais_lituanie\/\"]},{\"@type\":\"Person\",\"@id\":\"https:\/\/www.institutfrancais-lituanie.com\/fr\/#\/schema\/person\/32b95cf77fc2963ebd875802e2d04457\",\"name\":\"Julija Petrosiute\",\"image\":{\"@type\":\"ImageObject\",\"inLanguage\":\"fr-FR\",\"@id\":\"https:\/\/www.institutfrancais-lituanie.com\/fr\/#\/schema\/person\/image\/\",\"url\":\"https:\/\/secure.gravatar.com\/avatar\/2210bf9289c3642e86c1bf97d9ad11dc?s=96&d=mm&r=g\",\"contentUrl\":\"https:\/\/secure.gravatar.com\/avatar\/2210bf9289c3642e86c1bf97d9ad11dc?s=96&d=mm&r=g\",\"caption\":\"Julija Petrosiute\"},\"url\":\"https:\/\/www.institutfrancais-lituanie.com\/fr\/author\/julija24\/\"}]}<\/script>\n<!-- \/ Yoast SEO plugin. -->","yoast_head_json":{"title":"Les femmes dans l\u2019agriculture - IF Lituanie","robots":{"index":"index","follow":"follow","max-snippet":"max-snippet:-1","max-image-preview":"max-image-preview:large","max-video-preview":"max-video-preview:-1"},"canonical":"https:\/\/www.institutfrancais-lituanie.com\/fr\/non-classifiee\/les-femmes-dans-lagriculture\/","og_locale":"fr_FR","og_type":"article","og_title":"Les femmes dans l\u2019agriculture - IF Lituanie","og_description":"Le 15 octobre 2024, la conf\u00e9rence \u00e0 l\u2019Institut Fran\u00e7ais Les femmes dans l\u2019agriculture a eu&hellip;","og_url":"https:\/\/www.institutfrancais-lituanie.com\/fr\/non-classifiee\/les-femmes-dans-lagriculture\/","og_site_name":"IF Lituanie","article_publisher":"https:\/\/www.facebook.com\/prancuzuinstitutas\/","article_published_time":"2024-10-17T05:32:32+00:00","article_modified_time":"2025-01-13T07:57:14+00:00","og_image":[{"width":2560,"height":1433,"url":"https:\/\/www.institutfrancais-lituanie.com\/wp-content\/uploads\/2024\/10\/image-fb-scaled-e1736755023323.jpg","type":"image\/jpeg"}],"author":"Julija Petrosiute","twitter_card":"summary_large_image","twitter_misc":{"Written by":"Julija Petrosiute","Est. reading time":"2 minutes"},"schema":{"@context":"https:\/\/schema.org","@graph":[{"@type":"Article","@id":"https:\/\/www.institutfrancais-lituanie.com\/fr\/non-classifiee\/les-femmes-dans-lagriculture\/#article","isPartOf":{"@id":"https:\/\/www.institutfrancais-lituanie.com\/fr\/non-classifiee\/les-femmes-dans-lagriculture\/"},"author":{"name":"Julija Petrosiute","@id":"https:\/\/www.institutfrancais-lituanie.com\/fr\/#\/schema\/person\/32b95cf77fc2963ebd875802e2d04457"},"headline":"Les femmes dans l\u2019agriculture","datePublished":"2024-10-17T05:32:32+00:00","dateModified":"2025-01-13T07:57:14+00:00","mainEntityOfPage":{"@id":"https:\/\/www.institutfrancais-lituanie.com\/fr\/non-classifiee\/les-femmes-dans-lagriculture\/"},"wordCount":280,"publisher":{"@id":"https:\/\/www.institutfrancais-lituanie.com\/fr\/#organization"},"image":{"@id":"https:\/\/www.institutfrancais-lituanie.com\/fr\/non-classifiee\/les-femmes-dans-lagriculture\/#primaryimage"},"thumbnailUrl":"https:\/\/www.institutfrancais-lituanie.com\/wp-content\/uploads\/2024\/10\/image-fb-scaled-e1736755023323.jpg","articleSection":["Non classifi\u00e9(e)"],"inLanguage":"fr-FR"},{"@type":"WebPage","@id":"https:\/\/www.institutfrancais-lituanie.com\/fr\/non-classifiee\/les-femmes-dans-lagriculture\/","url":"https:\/\/www.institutfrancais-lituanie.com\/fr\/non-classifiee\/les-femmes-dans-lagriculture\/","name":"Les femmes dans l\u2019agriculture - IF Lituanie","isPartOf":{"@id":"https:\/\/www.institutfrancais-lituanie.com\/fr\/#website"},"primaryImageOfPage":{"@id":"https:\/\/www.institutfrancais-lituanie.com\/fr\/non-classifiee\/les-femmes-dans-lagriculture\/#primaryimage"},"image":{"@id":"https:\/\/www.institutfrancais-lituanie.com\/fr\/non-classifiee\/les-femmes-dans-lagriculture\/#primaryimage"},"thumbnailUrl":"https:\/\/www.institutfrancais-lituanie.com\/wp-content\/uploads\/2024\/10\/image-fb-scaled-e1736755023323.jpg","datePublished":"2024-10-17T05:32:32+00:00","dateModified":"2025-01-13T07:57:14+00:00","breadcrumb":{"@id":"https:\/\/www.institutfrancais-lituanie.com\/fr\/non-classifiee\/les-femmes-dans-lagriculture\/#breadcrumb"},"inLanguage":"fr-FR","potentialAction":[{"@type":"ReadAction","target":["https:\/\/www.institutfrancais-lituanie.com\/fr\/non-classifiee\/les-femmes-dans-lagriculture\/"]}]},{"@type":"ImageObject","inLanguage":"fr-FR","@id":"https:\/\/www.institutfrancais-lituanie.com\/fr\/non-classifiee\/les-femmes-dans-lagriculture\/#primaryimage","url":"https:\/\/www.institutfrancais-lituanie.com\/wp-content\/uploads\/2024\/10\/image-fb-scaled-e1736755023323.jpg","contentUrl":"https:\/\/www.institutfrancais-lituanie.com\/wp-content\/uploads\/2024\/10\/image-fb-scaled-e1736755023323.jpg","width":2560,"height":1433},{"@type":"BreadcrumbList","@id":"https:\/\/www.institutfrancais-lituanie.com\/fr\/non-classifiee\/les-femmes-dans-lagriculture\/#breadcrumb","itemListElement":[{"@type":"ListItem","position":1,"name":"Home","item":"https:\/\/www.institutfrancais-lituanie.com\/fr\/"},{"@type":"ListItem","position":2,"name":"Les femmes dans l\u2019agriculture"}]},{"@type":"WebSite","@id":"https:\/\/www.institutfrancais-lituanie.com\/fr\/#website","url":"https:\/\/www.institutfrancais-lituanie.com\/fr\/","name":"IF Lituanie","description":"Pranc\u016bz\u0173 kalbos kursai, kult\u016bra, mediateka...","publisher":{"@id":"https:\/\/www.institutfrancais-lituanie.com\/fr\/#organization"},"potentialAction":[{"@type":"SearchAction","target":{"@type":"EntryPoint","urlTemplate":"https:\/\/www.institutfrancais-lituanie.com\/fr\/?s={search_term_string}"},"query-input":"required name=search_term_string"}],"inLanguage":"fr-FR"},{"@type":"Organization","@id":"https:\/\/www.institutfrancais-lituanie.com\/fr\/#organization","name":"Pranc\u016bz\u0173 institutas","url":"https:\/\/www.institutfrancais-lituanie.com\/fr\/","logo":{"@type":"ImageObject","inLanguage":"fr-FR","@id":"https:\/\/www.institutfrancais-lituanie.com\/fr\/#\/schema\/logo\/image\/","url":"https:\/\/www.institutfrancais-lituanie.com\/wp-content\/uploads\/2023\/04\/IF_Logo-Lituanie-RVB.jpg","contentUrl":"https:\/\/www.institutfrancais-lituanie.com\/wp-content\/uploads\/2023\/04\/IF_Logo-Lituanie-RVB.jpg","width":827,"height":555,"caption":"Pranc\u016bz\u0173 institutas"},"image":{"@id":"https:\/\/www.institutfrancais-lituanie.com\/fr\/#\/schema\/logo\/image\/"},"sameAs":["https:\/\/www.facebook.com\/prancuzuinstitutas\/","https:\/\/www.instagram.com\/institut_francais_lituanie\/"]},{"@type":"Person","@id":"https:\/\/www.institutfrancais-lituanie.com\/fr\/#\/schema\/person\/32b95cf77fc2963ebd875802e2d04457","name":"Julija Petrosiute","image":{"@type":"ImageObject","inLanguage":"fr-FR","@id":"https:\/\/www.institutfrancais-lituanie.com\/fr\/#\/schema\/person\/image\/","url":"https:\/\/secure.gravatar.com\/avatar\/2210bf9289c3642e86c1bf97d9ad11dc?s=96&d=mm&r=g","contentUrl":"https:\/\/secure.gravatar.com\/avatar\/2210bf9289c3642e86c1bf97d9ad11dc?s=96&d=mm&r=g","caption":"Julija Petrosiute"},"url":"https:\/\/www.institutfrancais-lituanie.com\/fr\/author\/julija24\/"}]}},"_links":{"self":[{"href":"https:\/\/www.institutfrancais-lituanie.com\/fr\/wp-json\/wp\/v2\/posts\/15460"}],"collection":[{"href":"https:\/\/www.institutfrancais-lituanie.com\/fr\/wp-json\/wp\/v2\/posts"}],"about":[{"href":"https:\/\/www.institutfrancais-lituanie.com\/fr\/wp-json\/wp\/v2\/types\/post"}],"author":[{"embeddable":true,"href":"https:\/\/www.institutfrancais-lituanie.com\/fr\/wp-json\/wp\/v2\/users\/13"}],"replies":[{"embeddable":true,"href":"https:\/\/www.institutfrancais-lituanie.com\/fr\/wp-json\/wp\/v2\/comments?post=15460"}],"version-history":[{"count":1,"href":"https:\/\/www.institutfrancais-lituanie.com\/fr\/wp-json\/wp\/v2\/posts\/15460\/revisions"}],"predecessor-version":[{"id":15463,"href":"https:\/\/www.institutfrancais-lituanie.com\/fr\/wp-json\/wp\/v2\/posts\/15460\/revisions\/15463"}],"wp:featuredmedia":[{"embeddable":true,"href":"https:\/\/www.institutfrancais-lituanie.com\/fr\/wp-json\/wp\/v2\/media\/15461"}],"wp:attachment":[{"href":"https:\/\/www.institutfrancais-lituanie.com\/fr\/wp-json\/wp\/v2\/media?parent=15460"}],"wp:term":[{"taxonomy":"category","embeddable":true,"href":"https:\/\/www.institutfrancais-lituanie.com\/fr\/wp-json\/wp\/v2\/categories?post=15460"},{"taxonomy":"post_tag","embeddable":true,"href":"https:\/\/www.institutfrancais-lituanie.com\/fr\/wp-json\/wp\/v2\/tags?post=15460"}],"curies":[{"name":"wp","href":"https:\/\/api.w.org\/{rel}","templated":true}]}}