{"id":15085,"date":"2024-07-26T08:43:30","date_gmt":"2024-07-26T08:43:30","guid":{"rendered":"https:\/\/www.institutfrancais-lituanie.com\/?p=15085"},"modified":"2024-07-29T09:15:46","modified_gmt":"2024-07-29T09:15:46","slug":"formation-internationale-insp","status":"publish","type":"post","link":"https:\/\/www.institutfrancais-lituanie.com\/fr\/etudes-en-france\/formation-internationale-insp\/","title":{"rendered":"Formation internationale INSP"},"content":{"rendered":"<p>L&#8217;Institut fran\u00e7ais invite les fonctionnaires et cadres du secteur public lituanien \u00e0 participer \u00e0 la formation internationale propos\u00e9e par l&#8217;Institut national du service publique (INSP) \u00e0 Paris cet automne.<\/p>\n<p>La formation sera ax\u00e9e sur le leadership et le management. L&#8217;objectif du <a href=\"https:\/\/insp.gouv.fr\/leadership-and-management-transforming-public-administrations\">programme international<\/a> dispens\u00e9 en anglais est d&#8217;encourager les qualit\u00e9s humaines et les comp\u00e9tences des managers pour former les nouveaux leaders du changement. Le cours s&#8217;adresse aux fonctionnaires de haut niveau et en particulier \u00e0 ceux qui sont confront\u00e9s aux d\u00e9fis du changement administratif. Les cadres int\u00e9ress\u00e9es et titulaires du Master et ayant une lettre de soutien de leur lieu d&#8217;emploi sont invit\u00e9s \u00e0 entamer la proc\u00e9dure d&#8217;enregistrement directement sur <a href=\"https:\/\/insp.gouv.fr\/pic-2024-fr\">le site de l&#8217;INSP.<\/a><\/p>\n<p>La formation se d\u00e9roulera en anglais du 30 septembre au 4 octobre \u00e0 Paris, en France.<\/p>\n<p>Les objectifs de la formation sont les suivants<\/p>\n<ul>\n<li>Comprendre les enjeux de la transformation \u00e9cologique, num\u00e9rique et manag\u00e9riale des administrations ;<\/li>\n<li>Developper des capacit\u00e9s de leadership et de management \u00e0 diff\u00e9rents niveaux (num\u00e9rique, social, manag\u00e9rial) ;<\/li>\n<li>S&#8217;adapter aux nouveaux d\u00e9fis et mettre en place des solutions efficaces (gestion \u00e0 distance, modernisation et num\u00e9risation) ;<\/li>\n<li>Prendre en compte le bien-\u00eatre des employ\u00e9s et les tout au long de leur carri\u00e8re.<\/li>\n<\/ul>\n<p>Afin d\u2018encourager un \u00e9clairage crois\u00e9, un grand nombre d\u2018experts deront engag\u00e9s dans la formation des secteurs public et priv\u00e9 fran\u00e7ais, des universit\u00e9s et de la soci\u00e9t\u00e9 civile, etc.<\/p>\n<p>Si vous souhaitez b\u00e9n\u00e9ficier d&#8217;une bourse du gouvernement fran\u00e7ais pour cette formation, vous devez envoyer les documents suivants \u00e0 <a href=\"mailto:viktorija.jurkevic-chiaese@institutfrancais-lituanie.com\">viktorija.jurkevic-chiaese@institutfrancais-lituanie.com<\/a> avant le 2 septembre 2024 :<\/p>\n<ul>\n<li>copie de votre passeport ou carte d&#8217;identit\u00e9 ;<\/li>\n<li>CV en fran\u00e7ais ou en anglais;<\/li>\n<li><a href=\"https:\/\/www.institutfrancais-lituanie.com\/wp-content\/uploads\/2024\/07\/Letter-of-support-from-the-applicants-administration.pdf\">lettre de soutien.<\/a><\/li>\n<\/ul>\n","protected":false},"excerpt":{"rendered":"<p>L&#8217;Institut fran\u00e7ais invite les fonctionnaires et cadres du secteur public lituanien \u00e0 participer \u00e0 la&hellip;<\/p>\n","protected":false},"author":1,"featured_media":15086,"comment_status":"closed","ping_status":"open","sticky":false,"template":"","format":"standard","meta":{"footnotes":""},"categories":[110],"tags":[],"class_list":["post-15085","post","type-post","status-publish","format-standard","has-post-thumbnail","hentry","category-etudes-en-france"],"yoast_head":"<!-- This site is optimized with the Yoast SEO plugin v23.2 - https:\/\/yoast.com\/wordpress\/plugins\/seo\/ -->\n<title>Formation internationale INSP - IF Lituanie<\/title>\n<meta name=\"robots\" content=\"index, follow, max-snippet:-1, max-image-preview:large, max-video-preview:-1\" \/>\n<link rel=\"canonical\" href=\"https:\/\/www.institutfrancais-lituanie.com\/fr\/etudes-en-france\/formation-internationale-insp\/\" \/>\n<meta property=\"og:locale\" content=\"fr_FR\" \/>\n<meta property=\"og:type\" content=\"article\" \/>\n<meta property=\"og:title\" content=\"Formation internationale INSP - IF Lituanie\" \/>\n<meta property=\"og:description\" content=\"L&#8217;Institut fran\u00e7ais invite les fonctionnaires et cadres du secteur public lituanien \u00e0 participer \u00e0 la&hellip;\" \/>\n<meta property=\"og:url\" content=\"https:\/\/www.institutfrancais-lituanie.com\/fr\/etudes-en-france\/formation-internationale-insp\/\" \/>\n<meta property=\"og:site_name\" content=\"IF Lituanie\" \/>\n<meta property=\"article:publisher\" content=\"https:\/\/www.facebook.com\/prancuzuinstitutas\/\" \/>\n<meta property=\"article:published_time\" content=\"2024-07-26T08:43:30+00:00\" \/>\n<meta property=\"article:modified_time\" content=\"2024-07-29T09:15:46+00:00\" \/>\n<meta property=\"og:image\" content=\"https:\/\/www.institutfrancais-lituanie.com\/wp-content\/uploads\/2024\/07\/INSP.jpg\" \/>\n\t<meta property=\"og:image:width\" content=\"1170\" \/>\n\t<meta property=\"og:image:height\" content=\"585\" \/>\n\t<meta property=\"og:image:type\" content=\"image\/jpeg\" \/>\n<meta name=\"author\" content=\"Institute Francais\" \/>\n<meta name=\"twitter:card\" content=\"summary_large_image\" \/>\n<meta name=\"twitter:label1\" content=\"Written by\" \/>\n\t<meta name=\"twitter:data1\" content=\"Institute Francais\" \/>\n\t<meta name=\"twitter:label2\" content=\"Est. reading time\" \/>\n\t<meta name=\"twitter:data2\" content=\"2 minutes\" \/>\n<script type=\"application\/ld+json\" class=\"yoast-schema-graph\">{\"@context\":\"https:\/\/schema.org\",\"@graph\":[{\"@type\":\"Article\",\"@id\":\"https:\/\/www.institutfrancais-lituanie.com\/fr\/etudes-en-france\/formation-internationale-insp\/#article\",\"isPartOf\":{\"@id\":\"https:\/\/www.institutfrancais-lituanie.com\/fr\/etudes-en-france\/formation-internationale-insp\/\"},\"author\":{\"name\":\"Institute Francais\",\"@id\":\"https:\/\/www.institutfrancais-lituanie.com\/fr\/#\/schema\/person\/72350b9375bda1f57f11a2c80e4c4847\"},\"headline\":\"Formation internationale INSP\",\"datePublished\":\"2024-07-26T08:43:30+00:00\",\"dateModified\":\"2024-07-29T09:15:46+00:00\",\"mainEntityOfPage\":{\"@id\":\"https:\/\/www.institutfrancais-lituanie.com\/fr\/etudes-en-france\/formation-internationale-insp\/\"},\"wordCount\":291,\"publisher\":{\"@id\":\"https:\/\/www.institutfrancais-lituanie.com\/fr\/#organization\"},\"image\":{\"@id\":\"https:\/\/www.institutfrancais-lituanie.com\/fr\/etudes-en-france\/formation-internationale-insp\/#primaryimage\"},\"thumbnailUrl\":\"https:\/\/www.institutfrancais-lituanie.com\/wp-content\/uploads\/2024\/07\/INSP.jpg\",\"articleSection\":[\"Etudes en France\"],\"inLanguage\":\"fr-FR\"},{\"@type\":\"WebPage\",\"@id\":\"https:\/\/www.institutfrancais-lituanie.com\/fr\/etudes-en-france\/formation-internationale-insp\/\",\"url\":\"https:\/\/www.institutfrancais-lituanie.com\/fr\/etudes-en-france\/formation-internationale-insp\/\",\"name\":\"Formation internationale INSP - IF Lituanie\",\"isPartOf\":{\"@id\":\"https:\/\/www.institutfrancais-lituanie.com\/fr\/#website\"},\"primaryImageOfPage\":{\"@id\":\"https:\/\/www.institutfrancais-lituanie.com\/fr\/etudes-en-france\/formation-internationale-insp\/#primaryimage\"},\"image\":{\"@id\":\"https:\/\/www.institutfrancais-lituanie.com\/fr\/etudes-en-france\/formation-internationale-insp\/#primaryimage\"},\"thumbnailUrl\":\"https:\/\/www.institutfrancais-lituanie.com\/wp-content\/uploads\/2024\/07\/INSP.jpg\",\"datePublished\":\"2024-07-26T08:43:30+00:00\",\"dateModified\":\"2024-07-29T09:15:46+00:00\",\"breadcrumb\":{\"@id\":\"https:\/\/www.institutfrancais-lituanie.com\/fr\/etudes-en-france\/formation-internationale-insp\/#breadcrumb\"},\"inLanguage\":\"fr-FR\",\"potentialAction\":[{\"@type\":\"ReadAction\",\"target\":[\"https:\/\/www.institutfrancais-lituanie.com\/fr\/etudes-en-france\/formation-internationale-insp\/\"]}]},{\"@type\":\"ImageObject\",\"inLanguage\":\"fr-FR\",\"@id\":\"https:\/\/www.institutfrancais-lituanie.com\/fr\/etudes-en-france\/formation-internationale-insp\/#primaryimage\",\"url\":\"https:\/\/www.institutfrancais-lituanie.com\/wp-content\/uploads\/2024\/07\/INSP.jpg\",\"contentUrl\":\"https:\/\/www.institutfrancais-lituanie.com\/wp-content\/uploads\/2024\/07\/INSP.jpg\",\"width\":1170,\"height\":585},{\"@type\":\"BreadcrumbList\",\"@id\":\"https:\/\/www.institutfrancais-lituanie.com\/fr\/etudes-en-france\/formation-internationale-insp\/#breadcrumb\",\"itemListElement\":[{\"@type\":\"ListItem\",\"position\":1,\"name\":\"Home\",\"item\":\"https:\/\/www.institutfrancais-lituanie.com\/fr\/\"},{\"@type\":\"ListItem\",\"position\":2,\"name\":\"Formation internationale INSP\"}]},{\"@type\":\"WebSite\",\"@id\":\"https:\/\/www.institutfrancais-lituanie.com\/fr\/#website\",\"url\":\"https:\/\/www.institutfrancais-lituanie.com\/fr\/\",\"name\":\"IF Lituanie\",\"description\":\"Pranc\u016bz\u0173 kalbos kursai, kult\u016bra, mediateka...\",\"publisher\":{\"@id\":\"https:\/\/www.institutfrancais-lituanie.com\/fr\/#organization\"},\"potentialAction\":[{\"@type\":\"SearchAction\",\"target\":{\"@type\":\"EntryPoint\",\"urlTemplate\":\"https:\/\/www.institutfrancais-lituanie.com\/fr\/?s={search_term_string}\"},\"query-input\":\"required name=search_term_string\"}],\"inLanguage\":\"fr-FR\"},{\"@type\":\"Organization\",\"@id\":\"https:\/\/www.institutfrancais-lituanie.com\/fr\/#organization\",\"name\":\"Pranc\u016bz\u0173 institutas\",\"url\":\"https:\/\/www.institutfrancais-lituanie.com\/fr\/\",\"logo\":{\"@type\":\"ImageObject\",\"inLanguage\":\"fr-FR\",\"@id\":\"https:\/\/www.institutfrancais-lituanie.com\/fr\/#\/schema\/logo\/image\/\",\"url\":\"https:\/\/www.institutfrancais-lituanie.com\/wp-content\/uploads\/2023\/04\/IF_Logo-Lituanie-RVB.jpg\",\"contentUrl\":\"https:\/\/www.institutfrancais-lituanie.com\/wp-content\/uploads\/2023\/04\/IF_Logo-Lituanie-RVB.jpg\",\"width\":827,\"height\":555,\"caption\":\"Pranc\u016bz\u0173 institutas\"},\"image\":{\"@id\":\"https:\/\/www.institutfrancais-lituanie.com\/fr\/#\/schema\/logo\/image\/\"},\"sameAs\":[\"https:\/\/www.facebook.com\/prancuzuinstitutas\/\",\"https:\/\/www.instagram.com\/institut_francais_lituanie\/\"]},{\"@type\":\"Person\",\"@id\":\"https:\/\/www.institutfrancais-lituanie.com\/fr\/#\/schema\/person\/72350b9375bda1f57f11a2c80e4c4847\",\"name\":\"Institute Francais\",\"image\":{\"@type\":\"ImageObject\",\"inLanguage\":\"fr-FR\",\"@id\":\"https:\/\/www.institutfrancais-lituanie.com\/fr\/#\/schema\/person\/image\/\",\"url\":\"https:\/\/secure.gravatar.com\/avatar\/36235054e70ef6af827e7958de8f10f4?s=96&d=mm&r=g\",\"contentUrl\":\"https:\/\/secure.gravatar.com\/avatar\/36235054e70ef6af827e7958de8f10f4?s=96&d=mm&r=g\",\"caption\":\"Institute Francais\"},\"url\":\"https:\/\/www.institutfrancais-lituanie.com\/fr\/author\/adminas\/\"}]}<\/script>\n<!-- \/ Yoast SEO plugin. -->","yoast_head_json":{"title":"Formation internationale INSP - IF Lituanie","robots":{"index":"index","follow":"follow","max-snippet":"max-snippet:-1","max-image-preview":"max-image-preview:large","max-video-preview":"max-video-preview:-1"},"canonical":"https:\/\/www.institutfrancais-lituanie.com\/fr\/etudes-en-france\/formation-internationale-insp\/","og_locale":"fr_FR","og_type":"article","og_title":"Formation internationale INSP - IF Lituanie","og_description":"L&#8217;Institut fran\u00e7ais invite les fonctionnaires et cadres du secteur public lituanien \u00e0 participer \u00e0 la&hellip;","og_url":"https:\/\/www.institutfrancais-lituanie.com\/fr\/etudes-en-france\/formation-internationale-insp\/","og_site_name":"IF Lituanie","article_publisher":"https:\/\/www.facebook.com\/prancuzuinstitutas\/","article_published_time":"2024-07-26T08:43:30+00:00","article_modified_time":"2024-07-29T09:15:46+00:00","og_image":[{"width":1170,"height":585,"url":"https:\/\/www.institutfrancais-lituanie.com\/wp-content\/uploads\/2024\/07\/INSP.jpg","type":"image\/jpeg"}],"author":"Institute Francais","twitter_card":"summary_large_image","twitter_misc":{"Written by":"Institute Francais","Est. reading time":"2 minutes"},"schema":{"@context":"https:\/\/schema.org","@graph":[{"@type":"Article","@id":"https:\/\/www.institutfrancais-lituanie.com\/fr\/etudes-en-france\/formation-internationale-insp\/#article","isPartOf":{"@id":"https:\/\/www.institutfrancais-lituanie.com\/fr\/etudes-en-france\/formation-internationale-insp\/"},"author":{"name":"Institute Francais","@id":"https:\/\/www.institutfrancais-lituanie.com\/fr\/#\/schema\/person\/72350b9375bda1f57f11a2c80e4c4847"},"headline":"Formation internationale INSP","datePublished":"2024-07-26T08:43:30+00:00","dateModified":"2024-07-29T09:15:46+00:00","mainEntityOfPage":{"@id":"https:\/\/www.institutfrancais-lituanie.com\/fr\/etudes-en-france\/formation-internationale-insp\/"},"wordCount":291,"publisher":{"@id":"https:\/\/www.institutfrancais-lituanie.com\/fr\/#organization"},"image":{"@id":"https:\/\/www.institutfrancais-lituanie.com\/fr\/etudes-en-france\/formation-internationale-insp\/#primaryimage"},"thumbnailUrl":"https:\/\/www.institutfrancais-lituanie.com\/wp-content\/uploads\/2024\/07\/INSP.jpg","articleSection":["Etudes en France"],"inLanguage":"fr-FR"},{"@type":"WebPage","@id":"https:\/\/www.institutfrancais-lituanie.com\/fr\/etudes-en-france\/formation-internationale-insp\/","url":"https:\/\/www.institutfrancais-lituanie.com\/fr\/etudes-en-france\/formation-internationale-insp\/","name":"Formation internationale INSP - IF Lituanie","isPartOf":{"@id":"https:\/\/www.institutfrancais-lituanie.com\/fr\/#website"},"primaryImageOfPage":{"@id":"https:\/\/www.institutfrancais-lituanie.com\/fr\/etudes-en-france\/formation-internationale-insp\/#primaryimage"},"image":{"@id":"https:\/\/www.institutfrancais-lituanie.com\/fr\/etudes-en-france\/formation-internationale-insp\/#primaryimage"},"thumbnailUrl":"https:\/\/www.institutfrancais-lituanie.com\/wp-content\/uploads\/2024\/07\/INSP.jpg","datePublished":"2024-07-26T08:43:30+00:00","dateModified":"2024-07-29T09:15:46+00:00","breadcrumb":{"@id":"https:\/\/www.institutfrancais-lituanie.com\/fr\/etudes-en-france\/formation-internationale-insp\/#breadcrumb"},"inLanguage":"fr-FR","potentialAction":[{"@type":"ReadAction","target":["https:\/\/www.institutfrancais-lituanie.com\/fr\/etudes-en-france\/formation-internationale-insp\/"]}]},{"@type":"ImageObject","inLanguage":"fr-FR","@id":"https:\/\/www.institutfrancais-lituanie.com\/fr\/etudes-en-france\/formation-internationale-insp\/#primaryimage","url":"https:\/\/www.institutfrancais-lituanie.com\/wp-content\/uploads\/2024\/07\/INSP.jpg","contentUrl":"https:\/\/www.institutfrancais-lituanie.com\/wp-content\/uploads\/2024\/07\/INSP.jpg","width":1170,"height":585},{"@type":"BreadcrumbList","@id":"https:\/\/www.institutfrancais-lituanie.com\/fr\/etudes-en-france\/formation-internationale-insp\/#breadcrumb","itemListElement":[{"@type":"ListItem","position":1,"name":"Home","item":"https:\/\/www.institutfrancais-lituanie.com\/fr\/"},{"@type":"ListItem","position":2,"name":"Formation internationale INSP"}]},{"@type":"WebSite","@id":"https:\/\/www.institutfrancais-lituanie.com\/fr\/#website","url":"https:\/\/www.institutfrancais-lituanie.com\/fr\/","name":"IF Lituanie","description":"Pranc\u016bz\u0173 kalbos kursai, kult\u016bra, mediateka...","publisher":{"@id":"https:\/\/www.institutfrancais-lituanie.com\/fr\/#organization"},"potentialAction":[{"@type":"SearchAction","target":{"@type":"EntryPoint","urlTemplate":"https:\/\/www.institutfrancais-lituanie.com\/fr\/?s={search_term_string}"},"query-input":"required name=search_term_string"}],"inLanguage":"fr-FR"},{"@type":"Organization","@id":"https:\/\/www.institutfrancais-lituanie.com\/fr\/#organization","name":"Pranc\u016bz\u0173 institutas","url":"https:\/\/www.institutfrancais-lituanie.com\/fr\/","logo":{"@type":"ImageObject","inLanguage":"fr-FR","@id":"https:\/\/www.institutfrancais-lituanie.com\/fr\/#\/schema\/logo\/image\/","url":"https:\/\/www.institutfrancais-lituanie.com\/wp-content\/uploads\/2023\/04\/IF_Logo-Lituanie-RVB.jpg","contentUrl":"https:\/\/www.institutfrancais-lituanie.com\/wp-content\/uploads\/2023\/04\/IF_Logo-Lituanie-RVB.jpg","width":827,"height":555,"caption":"Pranc\u016bz\u0173 institutas"},"image":{"@id":"https:\/\/www.institutfrancais-lituanie.com\/fr\/#\/schema\/logo\/image\/"},"sameAs":["https:\/\/www.facebook.com\/prancuzuinstitutas\/","https:\/\/www.instagram.com\/institut_francais_lituanie\/"]},{"@type":"Person","@id":"https:\/\/www.institutfrancais-lituanie.com\/fr\/#\/schema\/person\/72350b9375bda1f57f11a2c80e4c4847","name":"Institute Francais","image":{"@type":"ImageObject","inLanguage":"fr-FR","@id":"https:\/\/www.institutfrancais-lituanie.com\/fr\/#\/schema\/person\/image\/","url":"https:\/\/secure.gravatar.com\/avatar\/36235054e70ef6af827e7958de8f10f4?s=96&d=mm&r=g","contentUrl":"https:\/\/secure.gravatar.com\/avatar\/36235054e70ef6af827e7958de8f10f4?s=96&d=mm&r=g","caption":"Institute Francais"},"url":"https:\/\/www.institutfrancais-lituanie.com\/fr\/author\/adminas\/"}]}},"_links":{"self":[{"href":"https:\/\/www.institutfrancais-lituanie.com\/fr\/wp-json\/wp\/v2\/posts\/15085"}],"collection":[{"href":"https:\/\/www.institutfrancais-lituanie.com\/fr\/wp-json\/wp\/v2\/posts"}],"about":[{"href":"https:\/\/www.institutfrancais-lituanie.com\/fr\/wp-json\/wp\/v2\/types\/post"}],"author":[{"embeddable":true,"href":"https:\/\/www.institutfrancais-lituanie.com\/fr\/wp-json\/wp\/v2\/users\/1"}],"replies":[{"embeddable":true,"href":"https:\/\/www.institutfrancais-lituanie.com\/fr\/wp-json\/wp\/v2\/comments?post=15085"}],"version-history":[{"count":3,"href":"https:\/\/www.institutfrancais-lituanie.com\/fr\/wp-json\/wp\/v2\/posts\/15085\/revisions"}],"predecessor-version":[{"id":15100,"href":"https:\/\/www.institutfrancais-lituanie.com\/fr\/wp-json\/wp\/v2\/posts\/15085\/revisions\/15100"}],"wp:featuredmedia":[{"embeddable":true,"href":"https:\/\/www.institutfrancais-lituanie.com\/fr\/wp-json\/wp\/v2\/media\/15086"}],"wp:attachment":[{"href":"https:\/\/www.institutfrancais-lituanie.com\/fr\/wp-json\/wp\/v2\/media?parent=15085"}],"wp:term":[{"taxonomy":"category","embeddable":true,"href":"https:\/\/www.institutfrancais-lituanie.com\/fr\/wp-json\/wp\/v2\/categories?post=15085"},{"taxonomy":"post_tag","embeddable":true,"href":"https:\/\/www.institutfrancais-lituanie.com\/fr\/wp-json\/wp\/v2\/tags?post=15085"}],"curies":[{"name":"wp","href":"https:\/\/api.w.org\/{rel}","templated":true}]}}