{"id":13324,"date":"2023-02-22T08:57:24","date_gmt":"2023-02-22T08:57:24","guid":{"rendered":"https:\/\/www.institutfrancais-lituanie.com\/?p=13324"},"modified":"2023-04-04T12:41:55","modified_gmt":"2023-04-04T12:41:55","slug":"conference-publique-lautre-dans-la-philosophie-francaise-contemporaine","status":"publish","type":"post","link":"https:\/\/www.institutfrancais-lituanie.com\/fr\/archives\/francophonie\/conference-publique-lautre-dans-la-philosophie-francaise-contemporaine\/","title":{"rendered":"Conf\u00e9rence publique \u00ab L\u2019Autre dans la philosophie fran\u00e7aise contemporaine \u00bb"},"content":{"rendered":"<p><strong><em>Le 9 mars 2023, \u00e9v\u00e9nement en ligne \u00e0 18 heures<\/em><\/strong>.<\/p>\n<p>Conf\u00e9rencier : Dr. <strong>Viktoras Bachmetjevas<\/strong>, ma\u00eetre de conf\u00e9rences du D\u00e9partement de la Philosopie \u00e0 l\u2019Universit\u00e9 Vytautas Magnus.<\/p>\n<p>Toutes les personnes souhaitant participer \u00e0 l&#8217;\u00e9v\u00e9nement sont invit\u00e9es \u00e0 s\u2019inscrire par courrier \u00e9lectronique aupr\u00e8s de : <a href=\"mailto:giedre.pranaityte@vdu.lt\">giedre.pranaityte@vdu.lt<\/a><\/p>\n<p>Pri\u00e8re de s\u2019inscrire au moins 3 jours avant l&#8217;\u00e9v\u00e9nement.<\/p>\n<p><em>\u00c9v\u00e9nement en lituanien.<\/em><\/p>\n<p><em>Organis\u00e9 par le Centre universitaire des pays francophones de VDU<\/em><\/p>\n<p><em>Description <\/em>: L\u2019alt\u00e9rit\u00e9 \u2013 l\u2019exp\u00e9rience de l\u2019Autre &#8211; est l\u2019une des exp\u00e9riences les plus importantes de la soci\u00e9t\u00e9 moderne et l\u2019un des probl\u00e8mes les plus urgents. La philosophie fran\u00e7aise du si\u00e8cle dernier a accord\u00e9 beaucoup d\u2019attention \u00e0 l\u2019analyse de l\u2019Autre et celle de l\u2019Autrui. Des penseurs aussi diff\u00e9rents qu\u2019Emmanuel Levin, Jean Baudrillard, Jacques Derrida, Jean-Luc Nancy et beaucoup d\u2019autres se sont exprim\u00e9s sur cette question probl\u00e9matique. Au cours de la conf\u00e9rence, nous passerons en revue les diff\u00e9rentes approches de ces penseurs et ceux d&#8217;autres face au probl\u00e8me de l\u2019Autre.<\/p>\n","protected":false},"excerpt":{"rendered":"<p>Le 9 mars 2023, \u00e9v\u00e9nement en ligne \u00e0 18 heures. Conf\u00e9rencier : Dr. Viktoras Bachmetjevas,&hellip;<\/p>\n","protected":false},"author":8,"featured_media":0,"comment_status":"closed","ping_status":"open","sticky":false,"template":"","format":"standard","meta":{"footnotes":""},"categories":[107],"tags":[],"class_list":["post-13324","post","type-post","status-publish","format-standard","hentry","category-francophonie"],"yoast_head":"<!-- This site is optimized with the Yoast SEO plugin v23.2 - https:\/\/yoast.com\/wordpress\/plugins\/seo\/ -->\n<title>Conf\u00e9rence publique \u00ab L\u2019Autre dans la philosophie fran\u00e7aise contemporaine \u00bb - IF Lituanie<\/title>\n<meta name=\"robots\" content=\"index, follow, max-snippet:-1, max-image-preview:large, max-video-preview:-1\" \/>\n<link rel=\"canonical\" href=\"https:\/\/www.institutfrancais-lituanie.com\/fr\/archives\/francophonie\/conference-publique-lautre-dans-la-philosophie-francaise-contemporaine\/\" \/>\n<meta property=\"og:locale\" content=\"fr_FR\" \/>\n<meta property=\"og:type\" content=\"article\" \/>\n<meta property=\"og:title\" content=\"Conf\u00e9rence publique \u00ab L\u2019Autre dans la philosophie fran\u00e7aise contemporaine \u00bb - IF Lituanie\" \/>\n<meta property=\"og:description\" content=\"Le 9 mars 2023, \u00e9v\u00e9nement en ligne \u00e0 18 heures. Conf\u00e9rencier : Dr. Viktoras Bachmetjevas,&hellip;\" \/>\n<meta property=\"og:url\" content=\"https:\/\/www.institutfrancais-lituanie.com\/fr\/archives\/francophonie\/conference-publique-lautre-dans-la-philosophie-francaise-contemporaine\/\" \/>\n<meta property=\"og:site_name\" content=\"IF Lituanie\" \/>\n<meta property=\"article:publisher\" content=\"https:\/\/www.facebook.com\/prancuzuinstitutas\/\" \/>\n<meta property=\"article:published_time\" content=\"2023-02-22T08:57:24+00:00\" \/>\n<meta property=\"article:modified_time\" content=\"2023-04-04T12:41:55+00:00\" \/>\n<meta name=\"author\" content=\"Valerija Kozikaite\" \/>\n<meta name=\"twitter:card\" content=\"summary_large_image\" \/>\n<meta name=\"twitter:label1\" content=\"Written by\" \/>\n\t<meta name=\"twitter:data1\" content=\"Valerija Kozikaite\" \/>\n\t<meta name=\"twitter:label2\" content=\"Est. reading time\" \/>\n\t<meta name=\"twitter:data2\" content=\"1 minute\" \/>\n<script type=\"application\/ld+json\" class=\"yoast-schema-graph\">{\"@context\":\"https:\/\/schema.org\",\"@graph\":[{\"@type\":\"Article\",\"@id\":\"https:\/\/www.institutfrancais-lituanie.com\/fr\/archives\/francophonie\/conference-publique-lautre-dans-la-philosophie-francaise-contemporaine\/#article\",\"isPartOf\":{\"@id\":\"https:\/\/www.institutfrancais-lituanie.com\/fr\/archives\/francophonie\/conference-publique-lautre-dans-la-philosophie-francaise-contemporaine\/\"},\"author\":{\"name\":\"Valerija Kozikaite\",\"@id\":\"https:\/\/www.institutfrancais-lituanie.com\/fr\/#\/schema\/person\/4990fec1c90089abe8b8b3ef2348fb67\"},\"headline\":\"Conf\u00e9rence publique \u00ab L\u2019Autre dans la philosophie fran\u00e7aise contemporaine \u00bb\",\"datePublished\":\"2023-02-22T08:57:24+00:00\",\"dateModified\":\"2023-04-04T12:41:55+00:00\",\"mainEntityOfPage\":{\"@id\":\"https:\/\/www.institutfrancais-lituanie.com\/fr\/archives\/francophonie\/conference-publique-lautre-dans-la-philosophie-francaise-contemporaine\/\"},\"wordCount\":198,\"publisher\":{\"@id\":\"https:\/\/www.institutfrancais-lituanie.com\/fr\/#organization\"},\"articleSection\":[\"Archives : Francophonie\"],\"inLanguage\":\"fr-FR\"},{\"@type\":\"WebPage\",\"@id\":\"https:\/\/www.institutfrancais-lituanie.com\/fr\/archives\/francophonie\/conference-publique-lautre-dans-la-philosophie-francaise-contemporaine\/\",\"url\":\"https:\/\/www.institutfrancais-lituanie.com\/fr\/archives\/francophonie\/conference-publique-lautre-dans-la-philosophie-francaise-contemporaine\/\",\"name\":\"Conf\u00e9rence publique \u00ab L\u2019Autre dans la philosophie fran\u00e7aise contemporaine \u00bb - IF Lituanie\",\"isPartOf\":{\"@id\":\"https:\/\/www.institutfrancais-lituanie.com\/fr\/#website\"},\"datePublished\":\"2023-02-22T08:57:24+00:00\",\"dateModified\":\"2023-04-04T12:41:55+00:00\",\"breadcrumb\":{\"@id\":\"https:\/\/www.institutfrancais-lituanie.com\/fr\/archives\/francophonie\/conference-publique-lautre-dans-la-philosophie-francaise-contemporaine\/#breadcrumb\"},\"inLanguage\":\"fr-FR\",\"potentialAction\":[{\"@type\":\"ReadAction\",\"target\":[\"https:\/\/www.institutfrancais-lituanie.com\/fr\/archives\/francophonie\/conference-publique-lautre-dans-la-philosophie-francaise-contemporaine\/\"]}]},{\"@type\":\"BreadcrumbList\",\"@id\":\"https:\/\/www.institutfrancais-lituanie.com\/fr\/archives\/francophonie\/conference-publique-lautre-dans-la-philosophie-francaise-contemporaine\/#breadcrumb\",\"itemListElement\":[{\"@type\":\"ListItem\",\"position\":1,\"name\":\"Home\",\"item\":\"https:\/\/www.institutfrancais-lituanie.com\/fr\/\"},{\"@type\":\"ListItem\",\"position\":2,\"name\":\"Conf\u00e9rence publique \u00ab L\u2019Autre dans la philosophie fran\u00e7aise contemporaine \u00bb\"}]},{\"@type\":\"WebSite\",\"@id\":\"https:\/\/www.institutfrancais-lituanie.com\/fr\/#website\",\"url\":\"https:\/\/www.institutfrancais-lituanie.com\/fr\/\",\"name\":\"IF Lituanie\",\"description\":\"Pranc\u016bz\u0173 kalbos kursai, kult\u016bra, mediateka...\",\"publisher\":{\"@id\":\"https:\/\/www.institutfrancais-lituanie.com\/fr\/#organization\"},\"potentialAction\":[{\"@type\":\"SearchAction\",\"target\":{\"@type\":\"EntryPoint\",\"urlTemplate\":\"https:\/\/www.institutfrancais-lituanie.com\/fr\/?s={search_term_string}\"},\"query-input\":\"required name=search_term_string\"}],\"inLanguage\":\"fr-FR\"},{\"@type\":\"Organization\",\"@id\":\"https:\/\/www.institutfrancais-lituanie.com\/fr\/#organization\",\"name\":\"Pranc\u016bz\u0173 institutas\",\"url\":\"https:\/\/www.institutfrancais-lituanie.com\/fr\/\",\"logo\":{\"@type\":\"ImageObject\",\"inLanguage\":\"fr-FR\",\"@id\":\"https:\/\/www.institutfrancais-lituanie.com\/fr\/#\/schema\/logo\/image\/\",\"url\":\"https:\/\/www.institutfrancais-lituanie.com\/wp-content\/uploads\/2023\/04\/IF_Logo-Lituanie-RVB.jpg\",\"contentUrl\":\"https:\/\/www.institutfrancais-lituanie.com\/wp-content\/uploads\/2023\/04\/IF_Logo-Lituanie-RVB.jpg\",\"width\":827,\"height\":555,\"caption\":\"Pranc\u016bz\u0173 institutas\"},\"image\":{\"@id\":\"https:\/\/www.institutfrancais-lituanie.com\/fr\/#\/schema\/logo\/image\/\"},\"sameAs\":[\"https:\/\/www.facebook.com\/prancuzuinstitutas\/\",\"https:\/\/www.instagram.com\/institut_francais_lituanie\/\"]},{\"@type\":\"Person\",\"@id\":\"https:\/\/www.institutfrancais-lituanie.com\/fr\/#\/schema\/person\/4990fec1c90089abe8b8b3ef2348fb67\",\"name\":\"Valerija Kozikaite\",\"image\":{\"@type\":\"ImageObject\",\"inLanguage\":\"fr-FR\",\"@id\":\"https:\/\/www.institutfrancais-lituanie.com\/fr\/#\/schema\/person\/image\/\",\"url\":\"https:\/\/secure.gravatar.com\/avatar\/0c166a17cdbb7c18478a4be6538f0588?s=96&d=mm&r=g\",\"contentUrl\":\"https:\/\/secure.gravatar.com\/avatar\/0c166a17cdbb7c18478a4be6538f0588?s=96&d=mm&r=g\",\"caption\":\"Valerija Kozikaite\"},\"url\":\"https:\/\/www.institutfrancais-lituanie.com\/fr\/author\/kozikaite\/\"}]}<\/script>\n<!-- \/ Yoast SEO plugin. -->","yoast_head_json":{"title":"Conf\u00e9rence publique \u00ab L\u2019Autre dans la philosophie fran\u00e7aise contemporaine \u00bb - IF Lituanie","robots":{"index":"index","follow":"follow","max-snippet":"max-snippet:-1","max-image-preview":"max-image-preview:large","max-video-preview":"max-video-preview:-1"},"canonical":"https:\/\/www.institutfrancais-lituanie.com\/fr\/archives\/francophonie\/conference-publique-lautre-dans-la-philosophie-francaise-contemporaine\/","og_locale":"fr_FR","og_type":"article","og_title":"Conf\u00e9rence publique \u00ab L\u2019Autre dans la philosophie fran\u00e7aise contemporaine \u00bb - IF Lituanie","og_description":"Le 9 mars 2023, \u00e9v\u00e9nement en ligne \u00e0 18 heures. Conf\u00e9rencier : Dr. Viktoras Bachmetjevas,&hellip;","og_url":"https:\/\/www.institutfrancais-lituanie.com\/fr\/archives\/francophonie\/conference-publique-lautre-dans-la-philosophie-francaise-contemporaine\/","og_site_name":"IF Lituanie","article_publisher":"https:\/\/www.facebook.com\/prancuzuinstitutas\/","article_published_time":"2023-02-22T08:57:24+00:00","article_modified_time":"2023-04-04T12:41:55+00:00","author":"Valerija Kozikaite","twitter_card":"summary_large_image","twitter_misc":{"Written by":"Valerija Kozikaite","Est. reading time":"1 minute"},"schema":{"@context":"https:\/\/schema.org","@graph":[{"@type":"Article","@id":"https:\/\/www.institutfrancais-lituanie.com\/fr\/archives\/francophonie\/conference-publique-lautre-dans-la-philosophie-francaise-contemporaine\/#article","isPartOf":{"@id":"https:\/\/www.institutfrancais-lituanie.com\/fr\/archives\/francophonie\/conference-publique-lautre-dans-la-philosophie-francaise-contemporaine\/"},"author":{"name":"Valerija Kozikaite","@id":"https:\/\/www.institutfrancais-lituanie.com\/fr\/#\/schema\/person\/4990fec1c90089abe8b8b3ef2348fb67"},"headline":"Conf\u00e9rence publique \u00ab L\u2019Autre dans la philosophie fran\u00e7aise contemporaine \u00bb","datePublished":"2023-02-22T08:57:24+00:00","dateModified":"2023-04-04T12:41:55+00:00","mainEntityOfPage":{"@id":"https:\/\/www.institutfrancais-lituanie.com\/fr\/archives\/francophonie\/conference-publique-lautre-dans-la-philosophie-francaise-contemporaine\/"},"wordCount":198,"publisher":{"@id":"https:\/\/www.institutfrancais-lituanie.com\/fr\/#organization"},"articleSection":["Archives : Francophonie"],"inLanguage":"fr-FR"},{"@type":"WebPage","@id":"https:\/\/www.institutfrancais-lituanie.com\/fr\/archives\/francophonie\/conference-publique-lautre-dans-la-philosophie-francaise-contemporaine\/","url":"https:\/\/www.institutfrancais-lituanie.com\/fr\/archives\/francophonie\/conference-publique-lautre-dans-la-philosophie-francaise-contemporaine\/","name":"Conf\u00e9rence publique \u00ab L\u2019Autre dans la philosophie fran\u00e7aise contemporaine \u00bb - IF Lituanie","isPartOf":{"@id":"https:\/\/www.institutfrancais-lituanie.com\/fr\/#website"},"datePublished":"2023-02-22T08:57:24+00:00","dateModified":"2023-04-04T12:41:55+00:00","breadcrumb":{"@id":"https:\/\/www.institutfrancais-lituanie.com\/fr\/archives\/francophonie\/conference-publique-lautre-dans-la-philosophie-francaise-contemporaine\/#breadcrumb"},"inLanguage":"fr-FR","potentialAction":[{"@type":"ReadAction","target":["https:\/\/www.institutfrancais-lituanie.com\/fr\/archives\/francophonie\/conference-publique-lautre-dans-la-philosophie-francaise-contemporaine\/"]}]},{"@type":"BreadcrumbList","@id":"https:\/\/www.institutfrancais-lituanie.com\/fr\/archives\/francophonie\/conference-publique-lautre-dans-la-philosophie-francaise-contemporaine\/#breadcrumb","itemListElement":[{"@type":"ListItem","position":1,"name":"Home","item":"https:\/\/www.institutfrancais-lituanie.com\/fr\/"},{"@type":"ListItem","position":2,"name":"Conf\u00e9rence publique \u00ab L\u2019Autre dans la philosophie fran\u00e7aise contemporaine \u00bb"}]},{"@type":"WebSite","@id":"https:\/\/www.institutfrancais-lituanie.com\/fr\/#website","url":"https:\/\/www.institutfrancais-lituanie.com\/fr\/","name":"IF Lituanie","description":"Pranc\u016bz\u0173 kalbos kursai, kult\u016bra, mediateka...","publisher":{"@id":"https:\/\/www.institutfrancais-lituanie.com\/fr\/#organization"},"potentialAction":[{"@type":"SearchAction","target":{"@type":"EntryPoint","urlTemplate":"https:\/\/www.institutfrancais-lituanie.com\/fr\/?s={search_term_string}"},"query-input":"required name=search_term_string"}],"inLanguage":"fr-FR"},{"@type":"Organization","@id":"https:\/\/www.institutfrancais-lituanie.com\/fr\/#organization","name":"Pranc\u016bz\u0173 institutas","url":"https:\/\/www.institutfrancais-lituanie.com\/fr\/","logo":{"@type":"ImageObject","inLanguage":"fr-FR","@id":"https:\/\/www.institutfrancais-lituanie.com\/fr\/#\/schema\/logo\/image\/","url":"https:\/\/www.institutfrancais-lituanie.com\/wp-content\/uploads\/2023\/04\/IF_Logo-Lituanie-RVB.jpg","contentUrl":"https:\/\/www.institutfrancais-lituanie.com\/wp-content\/uploads\/2023\/04\/IF_Logo-Lituanie-RVB.jpg","width":827,"height":555,"caption":"Pranc\u016bz\u0173 institutas"},"image":{"@id":"https:\/\/www.institutfrancais-lituanie.com\/fr\/#\/schema\/logo\/image\/"},"sameAs":["https:\/\/www.facebook.com\/prancuzuinstitutas\/","https:\/\/www.instagram.com\/institut_francais_lituanie\/"]},{"@type":"Person","@id":"https:\/\/www.institutfrancais-lituanie.com\/fr\/#\/schema\/person\/4990fec1c90089abe8b8b3ef2348fb67","name":"Valerija Kozikaite","image":{"@type":"ImageObject","inLanguage":"fr-FR","@id":"https:\/\/www.institutfrancais-lituanie.com\/fr\/#\/schema\/person\/image\/","url":"https:\/\/secure.gravatar.com\/avatar\/0c166a17cdbb7c18478a4be6538f0588?s=96&d=mm&r=g","contentUrl":"https:\/\/secure.gravatar.com\/avatar\/0c166a17cdbb7c18478a4be6538f0588?s=96&d=mm&r=g","caption":"Valerija Kozikaite"},"url":"https:\/\/www.institutfrancais-lituanie.com\/fr\/author\/kozikaite\/"}]}},"_links":{"self":[{"href":"https:\/\/www.institutfrancais-lituanie.com\/fr\/wp-json\/wp\/v2\/posts\/13324"}],"collection":[{"href":"https:\/\/www.institutfrancais-lituanie.com\/fr\/wp-json\/wp\/v2\/posts"}],"about":[{"href":"https:\/\/www.institutfrancais-lituanie.com\/fr\/wp-json\/wp\/v2\/types\/post"}],"author":[{"embeddable":true,"href":"https:\/\/www.institutfrancais-lituanie.com\/fr\/wp-json\/wp\/v2\/users\/8"}],"replies":[{"embeddable":true,"href":"https:\/\/www.institutfrancais-lituanie.com\/fr\/wp-json\/wp\/v2\/comments?post=13324"}],"version-history":[{"count":1,"href":"https:\/\/www.institutfrancais-lituanie.com\/fr\/wp-json\/wp\/v2\/posts\/13324\/revisions"}],"predecessor-version":[{"id":13325,"href":"https:\/\/www.institutfrancais-lituanie.com\/fr\/wp-json\/wp\/v2\/posts\/13324\/revisions\/13325"}],"wp:attachment":[{"href":"https:\/\/www.institutfrancais-lituanie.com\/fr\/wp-json\/wp\/v2\/media?parent=13324"}],"wp:term":[{"taxonomy":"category","embeddable":true,"href":"https:\/\/www.institutfrancais-lituanie.com\/fr\/wp-json\/wp\/v2\/categories?post=13324"},{"taxonomy":"post_tag","embeddable":true,"href":"https:\/\/www.institutfrancais-lituanie.com\/fr\/wp-json\/wp\/v2\/tags?post=13324"}],"curies":[{"name":"wp","href":"https:\/\/api.w.org\/{rel}","templated":true}]}}