{"id":12661,"date":"2022-11-08T08:18:30","date_gmt":"2022-11-08T08:18:30","guid":{"rendered":"https:\/\/www.institutfrancais-lituanie.com\/?p=12661"},"modified":"2022-11-08T08:18:30","modified_gmt":"2022-11-08T08:18:30","slug":"spectacle-visage","status":"publish","type":"post","link":"https:\/\/www.institutfrancais-lituanie.com\/fr\/archyvai\/spektakliai\/spectacle-visage\/","title":{"rendered":"Spectacle &#8220;Visage&#8221;"},"content":{"rendered":"<p><strong>&#8220;Visage&#8221; (Premi\u00e8re) &#8211; 10, 11, 12 novembre 2022 Au Th\u00e9\u00e2tre dramatique national de Kaunas, sur la grande sc\u00e8ne.<\/strong><\/p>\n<p>Le spectacle &#8220;Visage&#8221; est d\u00e9di\u00e9 \u00e0 la m\u00e9moire du philosophe Emmanuel Levinas (1906-1995) et \u00e0 l&#8217;actualisation th\u00e9\u00e2trale de ses id\u00e9es. Il s&#8217;agit d&#8217;un projet conjoint avec le Th\u00e9\u00e2tre d&#8217;Esch \u00e0 Esch-et-Alsace, Luxembourg, n\u00e9 de la recherche de points de contact communs entre les Capitales europ\u00e9ennes de la culture 2022 &#8211; Kaunas et Esch-et-Alsace. Le philosophe et humaniste Emmanuel Levinas, qui est n\u00e9 \u00e0 Kaunas et a v\u00e9cu en France, est devenu ce pont et ce lien.<\/p>\n<p>Les auteurs du spectacle, Vincent Adelus et Isabelle Adelus &amp; Suran, ont pour objectif de d\u00e9velopper les id\u00e9es de la philosophie de Levinas sur l&#8217;Autre, le Visage, la Responsabilit\u00e9. C&#8217;est l&#8217;Autre qui repousse nos propres limites vers de nouveaux horizons, nous aidant \u00e0 \u00eatre nous-m\u00eames. Le visage de l&#8217;Autre est la fen\u00eatre sur l&#8217;infini que nous ne pouvons exp\u00e9rimenter que gr\u00e2ce \u00e0 l&#8217;Autre. L&#8217;Autre donne un sens \u00e0 notre vie et nous fait sortir de la solitude de l&#8217;\u00eatre.<br \/>\n\u00c0 travers des textes, des fragments d&#8217;interviews, des images et des sons, les acteurs font entrer les mots et la philosophie de Levinas dans notre quotidien, dans le monde contemporain.<\/p>\n<p>&#8220;Levinas est reconnu comme l&#8217;un des cinq philosophes les plus importants du 20e si\u00e8cle. N\u00e9 \u00e0 Kaunas au d\u00e9but du si\u00e8cle, il s&#8217;est ensuite install\u00e9 en France et a obtenu la nationalit\u00e9 fran\u00e7aise. J&#8217;ai trouv\u00e9 que c&#8217;\u00e9tait une chose \u00e9tonnante, et l&#8217;id\u00e9e elle-m\u00eame un hommage \u00e0 son travail et \u00e0 son h\u00e9ritage. Levinas est un philosophe complexe, et ma compr\u00e9hension a \u00e9t\u00e9 enrichie par des rencontres avec les philosophes Bernard Fischer et Viktor Bakhmetiev. La philosophie est g\u00e9n\u00e9ralement consid\u00e9r\u00e9e comme abstraite et complexe, mais avec ce spectacle, nous voulons montrer que ce n&#8217;est pas le cas. Pour moi personnellement, la philosophie m&#8217;aide \u00e0 r\u00e9fl\u00e9chir \u00e0 ma vie et \u00e0 mes actions &#8211; je pense qu&#8217;elle devrait nous accompagner tous les jours&#8221;, d\u00e9clare Vincent Adelus, auteur de l&#8217;id\u00e9e du spectacle et producteur et metteur en sc\u00e8ne du spectacle.<\/p>\n<p>Con\u00e7u et r\u00e9alis\u00e9 par Vincent Adelus, Isabelle Adelus et Suran.<br \/>\nD\u00e9cors et costumes : Isabelle Adelus &amp; Suran<br \/>\nProjections vid\u00e9o de Milosh Luczynski<br \/>\nMusique de Rafal Mazur<br \/>\nCast :<br \/>\nMarius Karol Gotbergas<br \/>\nMotiejus Ivanauskas<br \/>\nPovilas Jatkevi\u010dius<br \/>\nArt\u016bras Su\u017eied\u0117lis<\/p>\n<p>Dur\u00e9e &#8211; 1 heure. 30 minutes.<br \/>\nCette premi\u00e8re s&#8217;inscrit dans le cadre du programme Kaunas &#8211; Capitale europ\u00e9enne de la culture 2022.<\/p>\n","protected":false},"excerpt":{"rendered":"<p>&#8220;Visage&#8221; (Premi\u00e8re) &#8211; 10, 11, 12 novembre 2022 Au Th\u00e9\u00e2tre dramatique national de Kaunas, sur&hellip;<\/p>\n","protected":false},"author":8,"featured_media":12659,"comment_status":"closed","ping_status":"open","sticky":false,"template":"","format":"standard","meta":{"footnotes":""},"categories":[98],"tags":[],"class_list":["post-12661","post","type-post","status-publish","format-standard","has-post-thumbnail","hentry","category-spektakliai"],"yoast_head":"<!-- This site is optimized with the Yoast SEO plugin v23.2 - https:\/\/yoast.com\/wordpress\/plugins\/seo\/ -->\n<title>Spectacle &quot;Visage&quot; - IF Lituanie<\/title>\n<meta name=\"robots\" content=\"index, follow, max-snippet:-1, max-image-preview:large, max-video-preview:-1\" \/>\n<link rel=\"canonical\" href=\"https:\/\/www.institutfrancais-lituanie.com\/amp\/archyvai\/spektakliai\/spektaklis-visage\/\" \/>\n<meta property=\"og:locale\" content=\"fr_FR\" \/>\n<meta property=\"og:type\" content=\"article\" \/>\n<meta property=\"og:title\" content=\"Spectacle &quot;Visage&quot; - IF Lituanie\" \/>\n<meta property=\"og:description\" content=\"&#8220;Visage&#8221; (Premi\u00e8re) &#8211; 10, 11, 12 novembre 2022 Au Th\u00e9\u00e2tre dramatique national de Kaunas, sur&hellip;\" \/>\n<meta property=\"og:url\" content=\"https:\/\/www.institutfrancais-lituanie.com\/amp\/archyvai\/spektakliai\/spektaklis-visage\/\" \/>\n<meta property=\"og:site_name\" content=\"IF Lituanie\" \/>\n<meta property=\"article:publisher\" content=\"https:\/\/www.facebook.com\/prancuzuinstitutas\/\" \/>\n<meta property=\"article:published_time\" content=\"2022-11-08T08:18:30+00:00\" \/>\n<meta property=\"og:image\" content=\"https:\/\/www.institutfrancais-lituanie.com\/wp-content\/uploads\/2022\/11\/313008094_506002724893404_5059603672614035777_n.jpg\" \/>\n\t<meta property=\"og:image:width\" content=\"1890\" \/>\n\t<meta property=\"og:image:height\" content=\"1063\" \/>\n\t<meta property=\"og:image:type\" content=\"image\/jpeg\" \/>\n<meta name=\"author\" content=\"Valerija Kozikaite\" \/>\n<meta name=\"twitter:card\" content=\"summary_large_image\" \/>\n<meta name=\"twitter:label1\" content=\"Written by\" \/>\n\t<meta name=\"twitter:data1\" content=\"Valerija Kozikaite\" \/>\n\t<meta name=\"twitter:label2\" content=\"Est. reading time\" \/>\n\t<meta name=\"twitter:data2\" content=\"2 minutes\" \/>\n<script type=\"application\/ld+json\" class=\"yoast-schema-graph\">{\"@context\":\"https:\/\/schema.org\",\"@graph\":[{\"@type\":\"Article\",\"@id\":\"https:\/\/www.institutfrancais-lituanie.com\/amp\/archyvai\/spektakliai\/spektaklis-visage\/#article\",\"isPartOf\":{\"@id\":\"https:\/\/www.institutfrancais-lituanie.com\/amp\/archyvai\/spektakliai\/spektaklis-visage\/\"},\"author\":{\"name\":\"Valerija Kozikaite\",\"@id\":\"https:\/\/www.institutfrancais-lituanie.com\/fr\/#\/schema\/person\/4990fec1c90089abe8b8b3ef2348fb67\"},\"headline\":\"Spectacle &#8220;Visage&#8221;\",\"datePublished\":\"2022-11-08T08:18:30+00:00\",\"dateModified\":\"2022-11-08T08:18:30+00:00\",\"mainEntityOfPage\":{\"@id\":\"https:\/\/www.institutfrancais-lituanie.com\/amp\/archyvai\/spektakliai\/spektaklis-visage\/\"},\"wordCount\":424,\"publisher\":{\"@id\":\"https:\/\/www.institutfrancais-lituanie.com\/fr\/#organization\"},\"image\":{\"@id\":\"https:\/\/www.institutfrancais-lituanie.com\/amp\/archyvai\/spektakliai\/spektaklis-visage\/#primaryimage\"},\"thumbnailUrl\":\"https:\/\/www.institutfrancais-lituanie.com\/wp-content\/uploads\/2022\/11\/313008094_506002724893404_5059603672614035777_n.jpg\",\"articleSection\":[\"Spektakliai\"],\"inLanguage\":\"fr-FR\"},{\"@type\":\"WebPage\",\"@id\":\"https:\/\/www.institutfrancais-lituanie.com\/amp\/archyvai\/spektakliai\/spektaklis-visage\/\",\"url\":\"https:\/\/www.institutfrancais-lituanie.com\/amp\/archyvai\/spektakliai\/spektaklis-visage\/\",\"name\":\"Spectacle \\\"Visage\\\" - IF Lituanie\",\"isPartOf\":{\"@id\":\"https:\/\/www.institutfrancais-lituanie.com\/fr\/#website\"},\"primaryImageOfPage\":{\"@id\":\"https:\/\/www.institutfrancais-lituanie.com\/amp\/archyvai\/spektakliai\/spektaklis-visage\/#primaryimage\"},\"image\":{\"@id\":\"https:\/\/www.institutfrancais-lituanie.com\/amp\/archyvai\/spektakliai\/spektaklis-visage\/#primaryimage\"},\"thumbnailUrl\":\"https:\/\/www.institutfrancais-lituanie.com\/wp-content\/uploads\/2022\/11\/313008094_506002724893404_5059603672614035777_n.jpg\",\"datePublished\":\"2022-11-08T08:18:30+00:00\",\"dateModified\":\"2022-11-08T08:18:30+00:00\",\"breadcrumb\":{\"@id\":\"https:\/\/www.institutfrancais-lituanie.com\/amp\/archyvai\/spektakliai\/spektaklis-visage\/#breadcrumb\"},\"inLanguage\":\"fr-FR\",\"potentialAction\":[{\"@type\":\"ReadAction\",\"target\":[\"https:\/\/www.institutfrancais-lituanie.com\/amp\/archyvai\/spektakliai\/spektaklis-visage\/\"]}]},{\"@type\":\"ImageObject\",\"inLanguage\":\"fr-FR\",\"@id\":\"https:\/\/www.institutfrancais-lituanie.com\/amp\/archyvai\/spektakliai\/spektaklis-visage\/#primaryimage\",\"url\":\"https:\/\/www.institutfrancais-lituanie.com\/wp-content\/uploads\/2022\/11\/313008094_506002724893404_5059603672614035777_n.jpg\",\"contentUrl\":\"https:\/\/www.institutfrancais-lituanie.com\/wp-content\/uploads\/2022\/11\/313008094_506002724893404_5059603672614035777_n.jpg\",\"width\":1890,\"height\":1063},{\"@type\":\"BreadcrumbList\",\"@id\":\"https:\/\/www.institutfrancais-lituanie.com\/amp\/archyvai\/spektakliai\/spektaklis-visage\/#breadcrumb\",\"itemListElement\":[{\"@type\":\"ListItem\",\"position\":1,\"name\":\"Home\",\"item\":\"https:\/\/www.institutfrancais-lituanie.com\/fr\/\"},{\"@type\":\"ListItem\",\"position\":2,\"name\":\"Spectacle &#8222;Visage&#8221;\"}]},{\"@type\":\"WebSite\",\"@id\":\"https:\/\/www.institutfrancais-lituanie.com\/fr\/#website\",\"url\":\"https:\/\/www.institutfrancais-lituanie.com\/fr\/\",\"name\":\"IF Lituanie\",\"description\":\"Pranc\u016bz\u0173 kalbos kursai, kult\u016bra, mediateka...\",\"publisher\":{\"@id\":\"https:\/\/www.institutfrancais-lituanie.com\/fr\/#organization\"},\"potentialAction\":[{\"@type\":\"SearchAction\",\"target\":{\"@type\":\"EntryPoint\",\"urlTemplate\":\"https:\/\/www.institutfrancais-lituanie.com\/fr\/?s={search_term_string}\"},\"query-input\":\"required name=search_term_string\"}],\"inLanguage\":\"fr-FR\"},{\"@type\":\"Organization\",\"@id\":\"https:\/\/www.institutfrancais-lituanie.com\/fr\/#organization\",\"name\":\"Pranc\u016bz\u0173 institutas\",\"url\":\"https:\/\/www.institutfrancais-lituanie.com\/fr\/\",\"logo\":{\"@type\":\"ImageObject\",\"inLanguage\":\"fr-FR\",\"@id\":\"https:\/\/www.institutfrancais-lituanie.com\/fr\/#\/schema\/logo\/image\/\",\"url\":\"https:\/\/www.institutfrancais-lituanie.com\/wp-content\/uploads\/2023\/04\/IF_Logo-Lituanie-RVB.jpg\",\"contentUrl\":\"https:\/\/www.institutfrancais-lituanie.com\/wp-content\/uploads\/2023\/04\/IF_Logo-Lituanie-RVB.jpg\",\"width\":827,\"height\":555,\"caption\":\"Pranc\u016bz\u0173 institutas\"},\"image\":{\"@id\":\"https:\/\/www.institutfrancais-lituanie.com\/fr\/#\/schema\/logo\/image\/\"},\"sameAs\":[\"https:\/\/www.facebook.com\/prancuzuinstitutas\/\",\"https:\/\/www.instagram.com\/institut_francais_lituanie\/\"]},{\"@type\":\"Person\",\"@id\":\"https:\/\/www.institutfrancais-lituanie.com\/fr\/#\/schema\/person\/4990fec1c90089abe8b8b3ef2348fb67\",\"name\":\"Valerija Kozikaite\",\"image\":{\"@type\":\"ImageObject\",\"inLanguage\":\"fr-FR\",\"@id\":\"https:\/\/www.institutfrancais-lituanie.com\/fr\/#\/schema\/person\/image\/\",\"url\":\"https:\/\/secure.gravatar.com\/avatar\/0c166a17cdbb7c18478a4be6538f0588?s=96&d=mm&r=g\",\"contentUrl\":\"https:\/\/secure.gravatar.com\/avatar\/0c166a17cdbb7c18478a4be6538f0588?s=96&d=mm&r=g\",\"caption\":\"Valerija Kozikaite\"},\"url\":\"https:\/\/www.institutfrancais-lituanie.com\/fr\/author\/kozikaite\/\"}]}<\/script>\n<!-- \/ Yoast SEO plugin. -->","yoast_head_json":{"title":"Spectacle \"Visage\" - IF Lituanie","robots":{"index":"index","follow":"follow","max-snippet":"max-snippet:-1","max-image-preview":"max-image-preview:large","max-video-preview":"max-video-preview:-1"},"canonical":"https:\/\/www.institutfrancais-lituanie.com\/amp\/archyvai\/spektakliai\/spektaklis-visage\/","og_locale":"fr_FR","og_type":"article","og_title":"Spectacle \"Visage\" - IF Lituanie","og_description":"&#8220;Visage&#8221; (Premi\u00e8re) &#8211; 10, 11, 12 novembre 2022 Au Th\u00e9\u00e2tre dramatique national de Kaunas, sur&hellip;","og_url":"https:\/\/www.institutfrancais-lituanie.com\/amp\/archyvai\/spektakliai\/spektaklis-visage\/","og_site_name":"IF Lituanie","article_publisher":"https:\/\/www.facebook.com\/prancuzuinstitutas\/","article_published_time":"2022-11-08T08:18:30+00:00","og_image":[{"width":1890,"height":1063,"url":"https:\/\/www.institutfrancais-lituanie.com\/wp-content\/uploads\/2022\/11\/313008094_506002724893404_5059603672614035777_n.jpg","type":"image\/jpeg"}],"author":"Valerija Kozikaite","twitter_card":"summary_large_image","twitter_misc":{"Written by":"Valerija Kozikaite","Est. reading time":"2 minutes"},"schema":{"@context":"https:\/\/schema.org","@graph":[{"@type":"Article","@id":"https:\/\/www.institutfrancais-lituanie.com\/amp\/archyvai\/spektakliai\/spektaklis-visage\/#article","isPartOf":{"@id":"https:\/\/www.institutfrancais-lituanie.com\/amp\/archyvai\/spektakliai\/spektaklis-visage\/"},"author":{"name":"Valerija Kozikaite","@id":"https:\/\/www.institutfrancais-lituanie.com\/fr\/#\/schema\/person\/4990fec1c90089abe8b8b3ef2348fb67"},"headline":"Spectacle &#8220;Visage&#8221;","datePublished":"2022-11-08T08:18:30+00:00","dateModified":"2022-11-08T08:18:30+00:00","mainEntityOfPage":{"@id":"https:\/\/www.institutfrancais-lituanie.com\/amp\/archyvai\/spektakliai\/spektaklis-visage\/"},"wordCount":424,"publisher":{"@id":"https:\/\/www.institutfrancais-lituanie.com\/fr\/#organization"},"image":{"@id":"https:\/\/www.institutfrancais-lituanie.com\/amp\/archyvai\/spektakliai\/spektaklis-visage\/#primaryimage"},"thumbnailUrl":"https:\/\/www.institutfrancais-lituanie.com\/wp-content\/uploads\/2022\/11\/313008094_506002724893404_5059603672614035777_n.jpg","articleSection":["Spektakliai"],"inLanguage":"fr-FR"},{"@type":"WebPage","@id":"https:\/\/www.institutfrancais-lituanie.com\/amp\/archyvai\/spektakliai\/spektaklis-visage\/","url":"https:\/\/www.institutfrancais-lituanie.com\/amp\/archyvai\/spektakliai\/spektaklis-visage\/","name":"Spectacle \"Visage\" - IF Lituanie","isPartOf":{"@id":"https:\/\/www.institutfrancais-lituanie.com\/fr\/#website"},"primaryImageOfPage":{"@id":"https:\/\/www.institutfrancais-lituanie.com\/amp\/archyvai\/spektakliai\/spektaklis-visage\/#primaryimage"},"image":{"@id":"https:\/\/www.institutfrancais-lituanie.com\/amp\/archyvai\/spektakliai\/spektaklis-visage\/#primaryimage"},"thumbnailUrl":"https:\/\/www.institutfrancais-lituanie.com\/wp-content\/uploads\/2022\/11\/313008094_506002724893404_5059603672614035777_n.jpg","datePublished":"2022-11-08T08:18:30+00:00","dateModified":"2022-11-08T08:18:30+00:00","breadcrumb":{"@id":"https:\/\/www.institutfrancais-lituanie.com\/amp\/archyvai\/spektakliai\/spektaklis-visage\/#breadcrumb"},"inLanguage":"fr-FR","potentialAction":[{"@type":"ReadAction","target":["https:\/\/www.institutfrancais-lituanie.com\/amp\/archyvai\/spektakliai\/spektaklis-visage\/"]}]},{"@type":"ImageObject","inLanguage":"fr-FR","@id":"https:\/\/www.institutfrancais-lituanie.com\/amp\/archyvai\/spektakliai\/spektaklis-visage\/#primaryimage","url":"https:\/\/www.institutfrancais-lituanie.com\/wp-content\/uploads\/2022\/11\/313008094_506002724893404_5059603672614035777_n.jpg","contentUrl":"https:\/\/www.institutfrancais-lituanie.com\/wp-content\/uploads\/2022\/11\/313008094_506002724893404_5059603672614035777_n.jpg","width":1890,"height":1063},{"@type":"BreadcrumbList","@id":"https:\/\/www.institutfrancais-lituanie.com\/amp\/archyvai\/spektakliai\/spektaklis-visage\/#breadcrumb","itemListElement":[{"@type":"ListItem","position":1,"name":"Home","item":"https:\/\/www.institutfrancais-lituanie.com\/fr\/"},{"@type":"ListItem","position":2,"name":"Spectacle &#8222;Visage&#8221;"}]},{"@type":"WebSite","@id":"https:\/\/www.institutfrancais-lituanie.com\/fr\/#website","url":"https:\/\/www.institutfrancais-lituanie.com\/fr\/","name":"IF Lituanie","description":"Pranc\u016bz\u0173 kalbos kursai, kult\u016bra, mediateka...","publisher":{"@id":"https:\/\/www.institutfrancais-lituanie.com\/fr\/#organization"},"potentialAction":[{"@type":"SearchAction","target":{"@type":"EntryPoint","urlTemplate":"https:\/\/www.institutfrancais-lituanie.com\/fr\/?s={search_term_string}"},"query-input":"required name=search_term_string"}],"inLanguage":"fr-FR"},{"@type":"Organization","@id":"https:\/\/www.institutfrancais-lituanie.com\/fr\/#organization","name":"Pranc\u016bz\u0173 institutas","url":"https:\/\/www.institutfrancais-lituanie.com\/fr\/","logo":{"@type":"ImageObject","inLanguage":"fr-FR","@id":"https:\/\/www.institutfrancais-lituanie.com\/fr\/#\/schema\/logo\/image\/","url":"https:\/\/www.institutfrancais-lituanie.com\/wp-content\/uploads\/2023\/04\/IF_Logo-Lituanie-RVB.jpg","contentUrl":"https:\/\/www.institutfrancais-lituanie.com\/wp-content\/uploads\/2023\/04\/IF_Logo-Lituanie-RVB.jpg","width":827,"height":555,"caption":"Pranc\u016bz\u0173 institutas"},"image":{"@id":"https:\/\/www.institutfrancais-lituanie.com\/fr\/#\/schema\/logo\/image\/"},"sameAs":["https:\/\/www.facebook.com\/prancuzuinstitutas\/","https:\/\/www.instagram.com\/institut_francais_lituanie\/"]},{"@type":"Person","@id":"https:\/\/www.institutfrancais-lituanie.com\/fr\/#\/schema\/person\/4990fec1c90089abe8b8b3ef2348fb67","name":"Valerija Kozikaite","image":{"@type":"ImageObject","inLanguage":"fr-FR","@id":"https:\/\/www.institutfrancais-lituanie.com\/fr\/#\/schema\/person\/image\/","url":"https:\/\/secure.gravatar.com\/avatar\/0c166a17cdbb7c18478a4be6538f0588?s=96&d=mm&r=g","contentUrl":"https:\/\/secure.gravatar.com\/avatar\/0c166a17cdbb7c18478a4be6538f0588?s=96&d=mm&r=g","caption":"Valerija Kozikaite"},"url":"https:\/\/www.institutfrancais-lituanie.com\/fr\/author\/kozikaite\/"}]}},"_links":{"self":[{"href":"https:\/\/www.institutfrancais-lituanie.com\/fr\/wp-json\/wp\/v2\/posts\/12661"}],"collection":[{"href":"https:\/\/www.institutfrancais-lituanie.com\/fr\/wp-json\/wp\/v2\/posts"}],"about":[{"href":"https:\/\/www.institutfrancais-lituanie.com\/fr\/wp-json\/wp\/v2\/types\/post"}],"author":[{"embeddable":true,"href":"https:\/\/www.institutfrancais-lituanie.com\/fr\/wp-json\/wp\/v2\/users\/8"}],"replies":[{"embeddable":true,"href":"https:\/\/www.institutfrancais-lituanie.com\/fr\/wp-json\/wp\/v2\/comments?post=12661"}],"version-history":[{"count":1,"href":"https:\/\/www.institutfrancais-lituanie.com\/fr\/wp-json\/wp\/v2\/posts\/12661\/revisions"}],"predecessor-version":[{"id":12662,"href":"https:\/\/www.institutfrancais-lituanie.com\/fr\/wp-json\/wp\/v2\/posts\/12661\/revisions\/12662"}],"wp:featuredmedia":[{"embeddable":true,"href":"https:\/\/www.institutfrancais-lituanie.com\/fr\/wp-json\/wp\/v2\/media\/12659"}],"wp:attachment":[{"href":"https:\/\/www.institutfrancais-lituanie.com\/fr\/wp-json\/wp\/v2\/media?parent=12661"}],"wp:term":[{"taxonomy":"category","embeddable":true,"href":"https:\/\/www.institutfrancais-lituanie.com\/fr\/wp-json\/wp\/v2\/categories?post=12661"},{"taxonomy":"post_tag","embeddable":true,"href":"https:\/\/www.institutfrancais-lituanie.com\/fr\/wp-json\/wp\/v2\/tags?post=12661"}],"curies":[{"name":"wp","href":"https:\/\/api.w.org\/{rel}","templated":true}]}}