{"id":12633,"date":"2022-11-03T10:34:52","date_gmt":"2022-11-03T10:34:52","guid":{"rendered":"https:\/\/www.institutfrancais-lituanie.com\/?p=12633"},"modified":"2022-11-03T10:34:52","modified_gmt":"2022-11-03T10:34:52","slug":"concert-de-roger-muraro-legende-du-piano-francais","status":"publish","type":"post","link":"https:\/\/www.institutfrancais-lituanie.com\/fr\/archyvai\/archyvai-muzika\/concert-de-roger-muraro-legende-du-piano-francais\/","title":{"rendered":"Concert de Roger Muraro, l\u00e9gende du piano fran\u00e7ais"},"content":{"rendered":"<p>CONCERT D&#8217;OUVERTURE DU FESTIVAL : La l\u00e9gende du piano fran\u00e7ais ROGER MURARO<\/p>\n<p>10 novembre, 19:00<\/p>\n<p>Philharmonique national de Lituanie<\/p>\n<p>Le Festival international de musique M. K. \u010ciurlionis pr\u00e9sente le l\u00e9gendaire pianiste fran\u00e7ais Roger Muraro. Ce musicien, qui a d\u00e9j\u00e0 enchant\u00e9 le public lituanien \u00e0 de nombreuses reprises, peut \u00eatre consid\u00e9r\u00e9 comme l&#8217;un des meilleurs interpr\u00e8tes au monde de la musique des compositeurs fran\u00e7ais. Laur\u00e9at des concours internationaux de piano Tcha\u00efkovski et Liszt, Roger Muraro poss\u00e8de une technique d&#8217;interpr\u00e9tation ph\u00e9nom\u00e9nale, toujours au service de la po\u00e9tique et de la r\u00e9v\u00e9lation spirituelle des images musicales. Il est accueilli dans les salles de concert les plus c\u00e9l\u00e8bres du monde et travaille r\u00e9guli\u00e8rement avec les chefs d&#8217;orchestre et les orchestres les plus talentueux d&#8217;aujourd&#8217;hui.<\/p>\n<p>Quand O. En 1988, Messiaen a entendu le cycle de Muraro &#8220;Vingt aper\u00e7us de l&#8217;Enfant J\u00e9sus&#8221;, et le compositeur lui a dit : &#8220;Merci, Roger, pour votre noble et parfaite ex\u00e9cution de ce travail tr\u00e8s difficile ! J&#8217;admire votre merveilleuse technique, votre sens artistique, votre qualit\u00e9 sonore, votre \u00e9motivit\u00e9 et surtout votre religiosit\u00e9&#8230;&#8221;. C&#8217;est le genre de pianiste capable de donner une interpr\u00e9tation envo\u00fbtante d&#8217;\u0153uvres de compositeurs dans la musique desquels l&#8217;imagination, le monde de l&#8217;enfance et les r\u00eaves jouent un r\u00f4le important. Muraro est le premier pianiste au monde \u00e0 interpr\u00e9ter les Fauvettes de l&#8217;H\u00e9rault du compositeur fran\u00e7ais Messiaen, dont il a lui-m\u00eame d\u00e9couvert une esquisse dans les archives de la Biblioth\u00e8que nationale de Paris. L&#8217;\u0153uvre a \u00e9t\u00e9 cr\u00e9\u00e9e en 2017 et enregistr\u00e9e pour la premi\u00e8re fois en 2018.<\/p>\n<p>Roger Muraro est n\u00e9 en 1959 \u00e0 Lyon dans une famille v\u00e9nitienne. Dans sa ville natale, il a commenc\u00e9 sa formation musicale au saxophone et plus tard au piano. \u00c0 l&#8217;\u00e2ge de 19 ans, il s&#8217;inscrit au Conservatoire de Paris dans la classe du professeur Yvonne Loriod, o\u00f9 il rencontre l&#8217;un des musiciens fran\u00e7ais les plus importants du vingti\u00e8me si\u00e8cle, O. Messiaen. Muraro s&#8217;est rapidement impos\u00e9 comme l&#8217;un des interpr\u00e8tes les plus subtils des \u0153uvres du compositeur. En 2001, il a sorti un album consacr\u00e9 aux \u0153uvres du compositeur, qui a \u00e9t\u00e9 unanimement salu\u00e9 par la critique.<\/p>\n<p>Apr\u00e8s avoir interpr\u00e9t\u00e9 les \u0153uvres de Messiaen et d&#8217;autres compositeurs fran\u00e7ais en Lituanie dans le pass\u00e9, Muraro interpr\u00e9tera cette fois-ci des \u0153uvres de M. K. \u010ciurlionis, ainsi que des opus de Schumann, Ravel et M. de Falla, sp\u00e9cialement pr\u00e9par\u00e9s pour le festival.<\/p>\n","protected":false},"excerpt":{"rendered":"<p>CONCERT D&#8217;OUVERTURE DU FESTIVAL : La l\u00e9gende du piano fran\u00e7ais ROGER MURARO 10 novembre, 19:00&hellip;<\/p>\n","protected":false},"author":8,"featured_media":12631,"comment_status":"closed","ping_status":"open","sticky":false,"template":"","format":"standard","meta":{"footnotes":""},"categories":[90],"tags":[],"class_list":["post-12633","post","type-post","status-publish","format-standard","has-post-thumbnail","hentry","category-archyvai-muzika"],"yoast_head":"<!-- This site is optimized with the Yoast SEO plugin v23.2 - https:\/\/yoast.com\/wordpress\/plugins\/seo\/ -->\n<title>Concert de Roger Muraro, l\u00e9gende du piano fran\u00e7ais - IF Lituanie<\/title>\n<meta name=\"robots\" content=\"index, follow, max-snippet:-1, max-image-preview:large, max-video-preview:-1\" \/>\n<link rel=\"canonical\" href=\"https:\/\/www.institutfrancais-lituanie.com\/amp\/archyvai\/archyvai-muzika\/prancuzu-fortepijono-legendos-roger-muraro-koncertas\/\" \/>\n<meta property=\"og:locale\" content=\"fr_FR\" \/>\n<meta property=\"og:type\" content=\"article\" \/>\n<meta property=\"og:title\" content=\"Concert de Roger Muraro, l\u00e9gende du piano fran\u00e7ais - IF Lituanie\" \/>\n<meta property=\"og:description\" content=\"CONCERT D&#8217;OUVERTURE DU FESTIVAL : La l\u00e9gende du piano fran\u00e7ais ROGER MURARO 10 novembre, 19:00&hellip;\" \/>\n<meta property=\"og:url\" content=\"https:\/\/www.institutfrancais-lituanie.com\/amp\/archyvai\/archyvai-muzika\/prancuzu-fortepijono-legendos-roger-muraro-koncertas\/\" \/>\n<meta property=\"og:site_name\" content=\"IF Lituanie\" \/>\n<meta property=\"article:publisher\" content=\"https:\/\/www.facebook.com\/prancuzuinstitutas\/\" \/>\n<meta property=\"article:published_time\" content=\"2022-11-03T10:34:52+00:00\" \/>\n<meta property=\"og:image\" content=\"https:\/\/www.institutfrancais-lituanie.com\/wp-content\/uploads\/2022\/11\/Screenshot-2022-11-03-at-12.31.11.png\" \/>\n\t<meta property=\"og:image:width\" content=\"1652\" \/>\n\t<meta property=\"og:image:height\" content=\"910\" \/>\n\t<meta property=\"og:image:type\" content=\"image\/png\" \/>\n<meta name=\"author\" content=\"Valerija Kozikaite\" \/>\n<meta name=\"twitter:card\" content=\"summary_large_image\" \/>\n<meta name=\"twitter:label1\" content=\"Written by\" \/>\n\t<meta name=\"twitter:data1\" content=\"Valerija Kozikaite\" \/>\n\t<meta name=\"twitter:label2\" content=\"Est. reading time\" \/>\n\t<meta name=\"twitter:data2\" content=\"2 minutes\" \/>\n<script type=\"application\/ld+json\" class=\"yoast-schema-graph\">{\"@context\":\"https:\/\/schema.org\",\"@graph\":[{\"@type\":\"Article\",\"@id\":\"https:\/\/www.institutfrancais-lituanie.com\/amp\/archyvai\/archyvai-muzika\/prancuzu-fortepijono-legendos-roger-muraro-koncertas\/#article\",\"isPartOf\":{\"@id\":\"https:\/\/www.institutfrancais-lituanie.com\/amp\/archyvai\/archyvai-muzika\/prancuzu-fortepijono-legendos-roger-muraro-koncertas\/\"},\"author\":{\"name\":\"Valerija Kozikaite\",\"@id\":\"https:\/\/www.institutfrancais-lituanie.com\/fr\/#\/schema\/person\/4990fec1c90089abe8b8b3ef2348fb67\"},\"headline\":\"Concert de Roger Muraro, l\u00e9gende du piano fran\u00e7ais\",\"datePublished\":\"2022-11-03T10:34:52+00:00\",\"dateModified\":\"2022-11-03T10:34:52+00:00\",\"mainEntityOfPage\":{\"@id\":\"https:\/\/www.institutfrancais-lituanie.com\/amp\/archyvai\/archyvai-muzika\/prancuzu-fortepijono-legendos-roger-muraro-koncertas\/\"},\"wordCount\":438,\"publisher\":{\"@id\":\"https:\/\/www.institutfrancais-lituanie.com\/fr\/#organization\"},\"image\":{\"@id\":\"https:\/\/www.institutfrancais-lituanie.com\/amp\/archyvai\/archyvai-muzika\/prancuzu-fortepijono-legendos-roger-muraro-koncertas\/#primaryimage\"},\"thumbnailUrl\":\"https:\/\/www.institutfrancais-lituanie.com\/wp-content\/uploads\/2022\/11\/Screenshot-2022-11-03-at-12.31.11.png\",\"articleSection\":[\"M\u016bzikos archyvai\"],\"inLanguage\":\"fr-FR\"},{\"@type\":\"WebPage\",\"@id\":\"https:\/\/www.institutfrancais-lituanie.com\/amp\/archyvai\/archyvai-muzika\/prancuzu-fortepijono-legendos-roger-muraro-koncertas\/\",\"url\":\"https:\/\/www.institutfrancais-lituanie.com\/amp\/archyvai\/archyvai-muzika\/prancuzu-fortepijono-legendos-roger-muraro-koncertas\/\",\"name\":\"Concert de Roger Muraro, l\u00e9gende du piano fran\u00e7ais - IF Lituanie\",\"isPartOf\":{\"@id\":\"https:\/\/www.institutfrancais-lituanie.com\/fr\/#website\"},\"primaryImageOfPage\":{\"@id\":\"https:\/\/www.institutfrancais-lituanie.com\/amp\/archyvai\/archyvai-muzika\/prancuzu-fortepijono-legendos-roger-muraro-koncertas\/#primaryimage\"},\"image\":{\"@id\":\"https:\/\/www.institutfrancais-lituanie.com\/amp\/archyvai\/archyvai-muzika\/prancuzu-fortepijono-legendos-roger-muraro-koncertas\/#primaryimage\"},\"thumbnailUrl\":\"https:\/\/www.institutfrancais-lituanie.com\/wp-content\/uploads\/2022\/11\/Screenshot-2022-11-03-at-12.31.11.png\",\"datePublished\":\"2022-11-03T10:34:52+00:00\",\"dateModified\":\"2022-11-03T10:34:52+00:00\",\"breadcrumb\":{\"@id\":\"https:\/\/www.institutfrancais-lituanie.com\/amp\/archyvai\/archyvai-muzika\/prancuzu-fortepijono-legendos-roger-muraro-koncertas\/#breadcrumb\"},\"inLanguage\":\"fr-FR\",\"potentialAction\":[{\"@type\":\"ReadAction\",\"target\":[\"https:\/\/www.institutfrancais-lituanie.com\/amp\/archyvai\/archyvai-muzika\/prancuzu-fortepijono-legendos-roger-muraro-koncertas\/\"]}]},{\"@type\":\"ImageObject\",\"inLanguage\":\"fr-FR\",\"@id\":\"https:\/\/www.institutfrancais-lituanie.com\/amp\/archyvai\/archyvai-muzika\/prancuzu-fortepijono-legendos-roger-muraro-koncertas\/#primaryimage\",\"url\":\"https:\/\/www.institutfrancais-lituanie.com\/wp-content\/uploads\/2022\/11\/Screenshot-2022-11-03-at-12.31.11.png\",\"contentUrl\":\"https:\/\/www.institutfrancais-lituanie.com\/wp-content\/uploads\/2022\/11\/Screenshot-2022-11-03-at-12.31.11.png\",\"width\":1652,\"height\":910},{\"@type\":\"BreadcrumbList\",\"@id\":\"https:\/\/www.institutfrancais-lituanie.com\/amp\/archyvai\/archyvai-muzika\/prancuzu-fortepijono-legendos-roger-muraro-koncertas\/#breadcrumb\",\"itemListElement\":[{\"@type\":\"ListItem\",\"position\":1,\"name\":\"Home\",\"item\":\"https:\/\/www.institutfrancais-lituanie.com\/fr\/\"},{\"@type\":\"ListItem\",\"position\":2,\"name\":\"Concert de Roger Muraro, l\u00e9gende du piano fran\u00e7ais\"}]},{\"@type\":\"WebSite\",\"@id\":\"https:\/\/www.institutfrancais-lituanie.com\/fr\/#website\",\"url\":\"https:\/\/www.institutfrancais-lituanie.com\/fr\/\",\"name\":\"IF Lituanie\",\"description\":\"Pranc\u016bz\u0173 kalbos kursai, kult\u016bra, mediateka...\",\"publisher\":{\"@id\":\"https:\/\/www.institutfrancais-lituanie.com\/fr\/#organization\"},\"potentialAction\":[{\"@type\":\"SearchAction\",\"target\":{\"@type\":\"EntryPoint\",\"urlTemplate\":\"https:\/\/www.institutfrancais-lituanie.com\/fr\/?s={search_term_string}\"},\"query-input\":\"required name=search_term_string\"}],\"inLanguage\":\"fr-FR\"},{\"@type\":\"Organization\",\"@id\":\"https:\/\/www.institutfrancais-lituanie.com\/fr\/#organization\",\"name\":\"Pranc\u016bz\u0173 institutas\",\"url\":\"https:\/\/www.institutfrancais-lituanie.com\/fr\/\",\"logo\":{\"@type\":\"ImageObject\",\"inLanguage\":\"fr-FR\",\"@id\":\"https:\/\/www.institutfrancais-lituanie.com\/fr\/#\/schema\/logo\/image\/\",\"url\":\"https:\/\/www.institutfrancais-lituanie.com\/wp-content\/uploads\/2023\/04\/IF_Logo-Lituanie-RVB.jpg\",\"contentUrl\":\"https:\/\/www.institutfrancais-lituanie.com\/wp-content\/uploads\/2023\/04\/IF_Logo-Lituanie-RVB.jpg\",\"width\":827,\"height\":555,\"caption\":\"Pranc\u016bz\u0173 institutas\"},\"image\":{\"@id\":\"https:\/\/www.institutfrancais-lituanie.com\/fr\/#\/schema\/logo\/image\/\"},\"sameAs\":[\"https:\/\/www.facebook.com\/prancuzuinstitutas\/\",\"https:\/\/www.instagram.com\/institut_francais_lituanie\/\"]},{\"@type\":\"Person\",\"@id\":\"https:\/\/www.institutfrancais-lituanie.com\/fr\/#\/schema\/person\/4990fec1c90089abe8b8b3ef2348fb67\",\"name\":\"Valerija Kozikaite\",\"image\":{\"@type\":\"ImageObject\",\"inLanguage\":\"fr-FR\",\"@id\":\"https:\/\/www.institutfrancais-lituanie.com\/fr\/#\/schema\/person\/image\/\",\"url\":\"https:\/\/secure.gravatar.com\/avatar\/0c166a17cdbb7c18478a4be6538f0588?s=96&d=mm&r=g\",\"contentUrl\":\"https:\/\/secure.gravatar.com\/avatar\/0c166a17cdbb7c18478a4be6538f0588?s=96&d=mm&r=g\",\"caption\":\"Valerija Kozikaite\"},\"url\":\"https:\/\/www.institutfrancais-lituanie.com\/fr\/author\/kozikaite\/\"}]}<\/script>\n<!-- \/ Yoast SEO plugin. -->","yoast_head_json":{"title":"Concert de Roger Muraro, l\u00e9gende du piano fran\u00e7ais - IF Lituanie","robots":{"index":"index","follow":"follow","max-snippet":"max-snippet:-1","max-image-preview":"max-image-preview:large","max-video-preview":"max-video-preview:-1"},"canonical":"https:\/\/www.institutfrancais-lituanie.com\/amp\/archyvai\/archyvai-muzika\/prancuzu-fortepijono-legendos-roger-muraro-koncertas\/","og_locale":"fr_FR","og_type":"article","og_title":"Concert de Roger Muraro, l\u00e9gende du piano fran\u00e7ais - IF Lituanie","og_description":"CONCERT D&#8217;OUVERTURE DU FESTIVAL : La l\u00e9gende du piano fran\u00e7ais ROGER MURARO 10 novembre, 19:00&hellip;","og_url":"https:\/\/www.institutfrancais-lituanie.com\/amp\/archyvai\/archyvai-muzika\/prancuzu-fortepijono-legendos-roger-muraro-koncertas\/","og_site_name":"IF Lituanie","article_publisher":"https:\/\/www.facebook.com\/prancuzuinstitutas\/","article_published_time":"2022-11-03T10:34:52+00:00","og_image":[{"width":1652,"height":910,"url":"https:\/\/www.institutfrancais-lituanie.com\/wp-content\/uploads\/2022\/11\/Screenshot-2022-11-03-at-12.31.11.png","type":"image\/png"}],"author":"Valerija Kozikaite","twitter_card":"summary_large_image","twitter_misc":{"Written by":"Valerija Kozikaite","Est. reading time":"2 minutes"},"schema":{"@context":"https:\/\/schema.org","@graph":[{"@type":"Article","@id":"https:\/\/www.institutfrancais-lituanie.com\/amp\/archyvai\/archyvai-muzika\/prancuzu-fortepijono-legendos-roger-muraro-koncertas\/#article","isPartOf":{"@id":"https:\/\/www.institutfrancais-lituanie.com\/amp\/archyvai\/archyvai-muzika\/prancuzu-fortepijono-legendos-roger-muraro-koncertas\/"},"author":{"name":"Valerija Kozikaite","@id":"https:\/\/www.institutfrancais-lituanie.com\/fr\/#\/schema\/person\/4990fec1c90089abe8b8b3ef2348fb67"},"headline":"Concert de Roger Muraro, l\u00e9gende du piano fran\u00e7ais","datePublished":"2022-11-03T10:34:52+00:00","dateModified":"2022-11-03T10:34:52+00:00","mainEntityOfPage":{"@id":"https:\/\/www.institutfrancais-lituanie.com\/amp\/archyvai\/archyvai-muzika\/prancuzu-fortepijono-legendos-roger-muraro-koncertas\/"},"wordCount":438,"publisher":{"@id":"https:\/\/www.institutfrancais-lituanie.com\/fr\/#organization"},"image":{"@id":"https:\/\/www.institutfrancais-lituanie.com\/amp\/archyvai\/archyvai-muzika\/prancuzu-fortepijono-legendos-roger-muraro-koncertas\/#primaryimage"},"thumbnailUrl":"https:\/\/www.institutfrancais-lituanie.com\/wp-content\/uploads\/2022\/11\/Screenshot-2022-11-03-at-12.31.11.png","articleSection":["M\u016bzikos archyvai"],"inLanguage":"fr-FR"},{"@type":"WebPage","@id":"https:\/\/www.institutfrancais-lituanie.com\/amp\/archyvai\/archyvai-muzika\/prancuzu-fortepijono-legendos-roger-muraro-koncertas\/","url":"https:\/\/www.institutfrancais-lituanie.com\/amp\/archyvai\/archyvai-muzika\/prancuzu-fortepijono-legendos-roger-muraro-koncertas\/","name":"Concert de Roger Muraro, l\u00e9gende du piano fran\u00e7ais - IF Lituanie","isPartOf":{"@id":"https:\/\/www.institutfrancais-lituanie.com\/fr\/#website"},"primaryImageOfPage":{"@id":"https:\/\/www.institutfrancais-lituanie.com\/amp\/archyvai\/archyvai-muzika\/prancuzu-fortepijono-legendos-roger-muraro-koncertas\/#primaryimage"},"image":{"@id":"https:\/\/www.institutfrancais-lituanie.com\/amp\/archyvai\/archyvai-muzika\/prancuzu-fortepijono-legendos-roger-muraro-koncertas\/#primaryimage"},"thumbnailUrl":"https:\/\/www.institutfrancais-lituanie.com\/wp-content\/uploads\/2022\/11\/Screenshot-2022-11-03-at-12.31.11.png","datePublished":"2022-11-03T10:34:52+00:00","dateModified":"2022-11-03T10:34:52+00:00","breadcrumb":{"@id":"https:\/\/www.institutfrancais-lituanie.com\/amp\/archyvai\/archyvai-muzika\/prancuzu-fortepijono-legendos-roger-muraro-koncertas\/#breadcrumb"},"inLanguage":"fr-FR","potentialAction":[{"@type":"ReadAction","target":["https:\/\/www.institutfrancais-lituanie.com\/amp\/archyvai\/archyvai-muzika\/prancuzu-fortepijono-legendos-roger-muraro-koncertas\/"]}]},{"@type":"ImageObject","inLanguage":"fr-FR","@id":"https:\/\/www.institutfrancais-lituanie.com\/amp\/archyvai\/archyvai-muzika\/prancuzu-fortepijono-legendos-roger-muraro-koncertas\/#primaryimage","url":"https:\/\/www.institutfrancais-lituanie.com\/wp-content\/uploads\/2022\/11\/Screenshot-2022-11-03-at-12.31.11.png","contentUrl":"https:\/\/www.institutfrancais-lituanie.com\/wp-content\/uploads\/2022\/11\/Screenshot-2022-11-03-at-12.31.11.png","width":1652,"height":910},{"@type":"BreadcrumbList","@id":"https:\/\/www.institutfrancais-lituanie.com\/amp\/archyvai\/archyvai-muzika\/prancuzu-fortepijono-legendos-roger-muraro-koncertas\/#breadcrumb","itemListElement":[{"@type":"ListItem","position":1,"name":"Home","item":"https:\/\/www.institutfrancais-lituanie.com\/fr\/"},{"@type":"ListItem","position":2,"name":"Concert de Roger Muraro, l\u00e9gende du piano fran\u00e7ais"}]},{"@type":"WebSite","@id":"https:\/\/www.institutfrancais-lituanie.com\/fr\/#website","url":"https:\/\/www.institutfrancais-lituanie.com\/fr\/","name":"IF Lituanie","description":"Pranc\u016bz\u0173 kalbos kursai, kult\u016bra, mediateka...","publisher":{"@id":"https:\/\/www.institutfrancais-lituanie.com\/fr\/#organization"},"potentialAction":[{"@type":"SearchAction","target":{"@type":"EntryPoint","urlTemplate":"https:\/\/www.institutfrancais-lituanie.com\/fr\/?s={search_term_string}"},"query-input":"required name=search_term_string"}],"inLanguage":"fr-FR"},{"@type":"Organization","@id":"https:\/\/www.institutfrancais-lituanie.com\/fr\/#organization","name":"Pranc\u016bz\u0173 institutas","url":"https:\/\/www.institutfrancais-lituanie.com\/fr\/","logo":{"@type":"ImageObject","inLanguage":"fr-FR","@id":"https:\/\/www.institutfrancais-lituanie.com\/fr\/#\/schema\/logo\/image\/","url":"https:\/\/www.institutfrancais-lituanie.com\/wp-content\/uploads\/2023\/04\/IF_Logo-Lituanie-RVB.jpg","contentUrl":"https:\/\/www.institutfrancais-lituanie.com\/wp-content\/uploads\/2023\/04\/IF_Logo-Lituanie-RVB.jpg","width":827,"height":555,"caption":"Pranc\u016bz\u0173 institutas"},"image":{"@id":"https:\/\/www.institutfrancais-lituanie.com\/fr\/#\/schema\/logo\/image\/"},"sameAs":["https:\/\/www.facebook.com\/prancuzuinstitutas\/","https:\/\/www.instagram.com\/institut_francais_lituanie\/"]},{"@type":"Person","@id":"https:\/\/www.institutfrancais-lituanie.com\/fr\/#\/schema\/person\/4990fec1c90089abe8b8b3ef2348fb67","name":"Valerija Kozikaite","image":{"@type":"ImageObject","inLanguage":"fr-FR","@id":"https:\/\/www.institutfrancais-lituanie.com\/fr\/#\/schema\/person\/image\/","url":"https:\/\/secure.gravatar.com\/avatar\/0c166a17cdbb7c18478a4be6538f0588?s=96&d=mm&r=g","contentUrl":"https:\/\/secure.gravatar.com\/avatar\/0c166a17cdbb7c18478a4be6538f0588?s=96&d=mm&r=g","caption":"Valerija Kozikaite"},"url":"https:\/\/www.institutfrancais-lituanie.com\/fr\/author\/kozikaite\/"}]}},"_links":{"self":[{"href":"https:\/\/www.institutfrancais-lituanie.com\/fr\/wp-json\/wp\/v2\/posts\/12633"}],"collection":[{"href":"https:\/\/www.institutfrancais-lituanie.com\/fr\/wp-json\/wp\/v2\/posts"}],"about":[{"href":"https:\/\/www.institutfrancais-lituanie.com\/fr\/wp-json\/wp\/v2\/types\/post"}],"author":[{"embeddable":true,"href":"https:\/\/www.institutfrancais-lituanie.com\/fr\/wp-json\/wp\/v2\/users\/8"}],"replies":[{"embeddable":true,"href":"https:\/\/www.institutfrancais-lituanie.com\/fr\/wp-json\/wp\/v2\/comments?post=12633"}],"version-history":[{"count":1,"href":"https:\/\/www.institutfrancais-lituanie.com\/fr\/wp-json\/wp\/v2\/posts\/12633\/revisions"}],"predecessor-version":[{"id":12634,"href":"https:\/\/www.institutfrancais-lituanie.com\/fr\/wp-json\/wp\/v2\/posts\/12633\/revisions\/12634"}],"wp:featuredmedia":[{"embeddable":true,"href":"https:\/\/www.institutfrancais-lituanie.com\/fr\/wp-json\/wp\/v2\/media\/12631"}],"wp:attachment":[{"href":"https:\/\/www.institutfrancais-lituanie.com\/fr\/wp-json\/wp\/v2\/media?parent=12633"}],"wp:term":[{"taxonomy":"category","embeddable":true,"href":"https:\/\/www.institutfrancais-lituanie.com\/fr\/wp-json\/wp\/v2\/categories?post=12633"},{"taxonomy":"post_tag","embeddable":true,"href":"https:\/\/www.institutfrancais-lituanie.com\/fr\/wp-json\/wp\/v2\/tags?post=12633"}],"curies":[{"name":"wp","href":"https:\/\/api.w.org\/{rel}","templated":true}]}}