{"id":12188,"date":"2022-08-08T12:49:54","date_gmt":"2022-08-08T12:49:54","guid":{"rendered":"https:\/\/www.institutfrancais-lituanie.com\/?p=12188"},"modified":"2022-08-08T12:49:54","modified_gmt":"2022-08-08T12:49:54","slug":"rencontre-avec-jl-mast-artiste-numerique-chez-marvel","status":"publish","type":"post","link":"https:\/\/www.institutfrancais-lituanie.com\/fr\/archives\/rencontre-avec-jl-mast-artiste-numerique-chez-marvel\/","title":{"rendered":"Rencontre avec JL Mast, artiste num\u00e9rique chez Marvel"},"content":{"rendered":"<p><strong>Rencontre avec JL Mast, artiste num\u00e9rique chez Marvel<\/strong><\/p>\n<p>Le mardi 6 septembre \u00e0 17h30 \u00e0 l&#8217;Institut fran\u00e7ais de Lituanie<\/p>\n<p>JL Mast, artiste fran\u00e7ais, travaille actuellement sur une bande dessin\u00e9e consacr\u00e9e \u00e0 Stan Lee et Martin Goodman, les fondateurs de Marvel. C&#8217;est la raison pour laquelle il sera \u00e0 Vilnius, \u00e0 la recherche de la famille de Martin Goodman originaire de la r\u00e9gion. Le premier tome de cette BD, intitul\u00e9e &#8220;Fathers of Marvel Comics&#8221; traitera des ann\u00e9es 1920 \u00e0 1940 jusqu\u2019\u00e0 la publication du tout premier \u00e9pisode de Captain America.<\/p>\n<p>JL Mast est un auteur\/story-boarder travaillant principalement pour Marvel Comics sur des s\u00e9ries comme Daredevil \/ Punisher : Septi\u00e8me Cercle, Avengers Millennium, Guardians of the Galaxy: Awesome Mix, A Year of Marvels, Thanos: A god Up There Listening. Il est aussi le sc\u00e9nariste et storyboarder de Pax Arena, r\u00e9alis\u00e9 en collaboration avec Geoffo &amp; Balak. Il a collabor\u00e9 \u00e0 la s\u00e9rie Community en r\u00e9alisant les strips mettant en sc\u00e8ne Jim The Duck dans la saison 5. Il participe \u00e9galement au storyboard du prologue officiel \u00e0 Avengers : Age of Ultron avec l&#8217;adaptation en comics du premier film Avengers. On le retrouve aussi aux dessins de l&#8217;\u0153uvre collective &#8220;love is love&#8221; chez Bliss Comics.<\/p>\n<p>Conf\u00e9rence en fran\u00e7ais avec interpr\u00e9tation en lituanien<\/p>\n","protected":false},"excerpt":{"rendered":"<p>Rencontre avec JL Mast, artiste num\u00e9rique chez Marvel Le mardi 6 septembre \u00e0 17h30 \u00e0&hellip;<\/p>\n","protected":false},"author":8,"featured_media":12186,"comment_status":"closed","ping_status":"open","sticky":false,"template":"","format":"standard","meta":{"footnotes":""},"categories":[58],"tags":[],"class_list":["post-12188","post","type-post","status-publish","format-standard","has-post-thumbnail","hentry","category-archives"],"yoast_head":"<!-- This site is optimized with the Yoast SEO plugin v23.2 - https:\/\/yoast.com\/wordpress\/plugins\/seo\/ -->\n<title>Rencontre avec JL Mast, artiste num\u00e9rique chez Marvel - IF Lituanie<\/title>\n<meta name=\"robots\" content=\"index, follow, max-snippet:-1, max-image-preview:large, max-video-preview:-1\" \/>\n<link rel=\"canonical\" href=\"https:\/\/www.institutfrancais-lituanie.com\/fr\/archives\/rencontre-avec-jl-mast-artiste-numerique-chez-marvel\/\" \/>\n<meta property=\"og:locale\" content=\"fr_FR\" \/>\n<meta property=\"og:type\" content=\"article\" \/>\n<meta property=\"og:title\" content=\"Rencontre avec JL Mast, artiste num\u00e9rique chez Marvel - IF Lituanie\" \/>\n<meta property=\"og:description\" content=\"Rencontre avec JL Mast, artiste num\u00e9rique chez Marvel Le mardi 6 septembre \u00e0 17h30 \u00e0&hellip;\" \/>\n<meta property=\"og:url\" content=\"https:\/\/www.institutfrancais-lituanie.com\/fr\/archives\/rencontre-avec-jl-mast-artiste-numerique-chez-marvel\/\" \/>\n<meta property=\"og:site_name\" content=\"IF Lituanie\" \/>\n<meta property=\"article:publisher\" content=\"https:\/\/www.facebook.com\/prancuzuinstitutas\/\" \/>\n<meta property=\"article:published_time\" content=\"2022-08-08T12:49:54+00:00\" \/>\n<meta property=\"og:image\" content=\"https:\/\/www.institutfrancais-lituanie.com\/wp-content\/uploads\/2022\/08\/MARVEL-SITE.jpg\" \/>\n\t<meta property=\"og:image:width\" content=\"1170\" \/>\n\t<meta property=\"og:image:height\" content=\"585\" \/>\n\t<meta property=\"og:image:type\" content=\"image\/jpeg\" \/>\n<meta name=\"author\" content=\"Valerija Kozikaite\" \/>\n<meta name=\"twitter:card\" content=\"summary_large_image\" \/>\n<meta name=\"twitter:label1\" content=\"Written by\" \/>\n\t<meta name=\"twitter:data1\" content=\"Valerija Kozikaite\" \/>\n\t<meta name=\"twitter:label2\" content=\"Est. reading time\" \/>\n\t<meta name=\"twitter:data2\" content=\"1 minute\" \/>\n<script type=\"application\/ld+json\" class=\"yoast-schema-graph\">{\"@context\":\"https:\/\/schema.org\",\"@graph\":[{\"@type\":\"Article\",\"@id\":\"https:\/\/www.institutfrancais-lituanie.com\/fr\/archives\/rencontre-avec-jl-mast-artiste-numerique-chez-marvel\/#article\",\"isPartOf\":{\"@id\":\"https:\/\/www.institutfrancais-lituanie.com\/fr\/archives\/rencontre-avec-jl-mast-artiste-numerique-chez-marvel\/\"},\"author\":{\"name\":\"Valerija Kozikaite\",\"@id\":\"https:\/\/www.institutfrancais-lituanie.com\/fr\/#\/schema\/person\/4990fec1c90089abe8b8b3ef2348fb67\"},\"headline\":\"Rencontre avec JL Mast, artiste num\u00e9rique chez Marvel\",\"datePublished\":\"2022-08-08T12:49:54+00:00\",\"dateModified\":\"2022-08-08T12:49:54+00:00\",\"mainEntityOfPage\":{\"@id\":\"https:\/\/www.institutfrancais-lituanie.com\/fr\/archives\/rencontre-avec-jl-mast-artiste-numerique-chez-marvel\/\"},\"wordCount\":223,\"publisher\":{\"@id\":\"https:\/\/www.institutfrancais-lituanie.com\/fr\/#organization\"},\"image\":{\"@id\":\"https:\/\/www.institutfrancais-lituanie.com\/fr\/archives\/rencontre-avec-jl-mast-artiste-numerique-chez-marvel\/#primaryimage\"},\"thumbnailUrl\":\"https:\/\/www.institutfrancais-lituanie.com\/wp-content\/uploads\/2022\/08\/MARVEL-SITE.jpg\",\"articleSection\":[\"Archives\"],\"inLanguage\":\"fr-FR\"},{\"@type\":\"WebPage\",\"@id\":\"https:\/\/www.institutfrancais-lituanie.com\/fr\/archives\/rencontre-avec-jl-mast-artiste-numerique-chez-marvel\/\",\"url\":\"https:\/\/www.institutfrancais-lituanie.com\/fr\/archives\/rencontre-avec-jl-mast-artiste-numerique-chez-marvel\/\",\"name\":\"Rencontre avec JL Mast, artiste num\u00e9rique chez Marvel - IF Lituanie\",\"isPartOf\":{\"@id\":\"https:\/\/www.institutfrancais-lituanie.com\/fr\/#website\"},\"primaryImageOfPage\":{\"@id\":\"https:\/\/www.institutfrancais-lituanie.com\/fr\/archives\/rencontre-avec-jl-mast-artiste-numerique-chez-marvel\/#primaryimage\"},\"image\":{\"@id\":\"https:\/\/www.institutfrancais-lituanie.com\/fr\/archives\/rencontre-avec-jl-mast-artiste-numerique-chez-marvel\/#primaryimage\"},\"thumbnailUrl\":\"https:\/\/www.institutfrancais-lituanie.com\/wp-content\/uploads\/2022\/08\/MARVEL-SITE.jpg\",\"datePublished\":\"2022-08-08T12:49:54+00:00\",\"dateModified\":\"2022-08-08T12:49:54+00:00\",\"breadcrumb\":{\"@id\":\"https:\/\/www.institutfrancais-lituanie.com\/fr\/archives\/rencontre-avec-jl-mast-artiste-numerique-chez-marvel\/#breadcrumb\"},\"inLanguage\":\"fr-FR\",\"potentialAction\":[{\"@type\":\"ReadAction\",\"target\":[\"https:\/\/www.institutfrancais-lituanie.com\/fr\/archives\/rencontre-avec-jl-mast-artiste-numerique-chez-marvel\/\"]}]},{\"@type\":\"ImageObject\",\"inLanguage\":\"fr-FR\",\"@id\":\"https:\/\/www.institutfrancais-lituanie.com\/fr\/archives\/rencontre-avec-jl-mast-artiste-numerique-chez-marvel\/#primaryimage\",\"url\":\"https:\/\/www.institutfrancais-lituanie.com\/wp-content\/uploads\/2022\/08\/MARVEL-SITE.jpg\",\"contentUrl\":\"https:\/\/www.institutfrancais-lituanie.com\/wp-content\/uploads\/2022\/08\/MARVEL-SITE.jpg\",\"width\":1170,\"height\":585},{\"@type\":\"BreadcrumbList\",\"@id\":\"https:\/\/www.institutfrancais-lituanie.com\/fr\/archives\/rencontre-avec-jl-mast-artiste-numerique-chez-marvel\/#breadcrumb\",\"itemListElement\":[{\"@type\":\"ListItem\",\"position\":1,\"name\":\"Home\",\"item\":\"https:\/\/www.institutfrancais-lituanie.com\/fr\/\"},{\"@type\":\"ListItem\",\"position\":2,\"name\":\"Rencontre avec JL Mast, artiste num\u00e9rique chez Marvel\"}]},{\"@type\":\"WebSite\",\"@id\":\"https:\/\/www.institutfrancais-lituanie.com\/fr\/#website\",\"url\":\"https:\/\/www.institutfrancais-lituanie.com\/fr\/\",\"name\":\"IF Lituanie\",\"description\":\"Pranc\u016bz\u0173 kalbos kursai, kult\u016bra, mediateka...\",\"publisher\":{\"@id\":\"https:\/\/www.institutfrancais-lituanie.com\/fr\/#organization\"},\"potentialAction\":[{\"@type\":\"SearchAction\",\"target\":{\"@type\":\"EntryPoint\",\"urlTemplate\":\"https:\/\/www.institutfrancais-lituanie.com\/fr\/?s={search_term_string}\"},\"query-input\":\"required name=search_term_string\"}],\"inLanguage\":\"fr-FR\"},{\"@type\":\"Organization\",\"@id\":\"https:\/\/www.institutfrancais-lituanie.com\/fr\/#organization\",\"name\":\"Pranc\u016bz\u0173 institutas\",\"url\":\"https:\/\/www.institutfrancais-lituanie.com\/fr\/\",\"logo\":{\"@type\":\"ImageObject\",\"inLanguage\":\"fr-FR\",\"@id\":\"https:\/\/www.institutfrancais-lituanie.com\/fr\/#\/schema\/logo\/image\/\",\"url\":\"https:\/\/www.institutfrancais-lituanie.com\/wp-content\/uploads\/2023\/04\/IF_Logo-Lituanie-RVB.jpg\",\"contentUrl\":\"https:\/\/www.institutfrancais-lituanie.com\/wp-content\/uploads\/2023\/04\/IF_Logo-Lituanie-RVB.jpg\",\"width\":827,\"height\":555,\"caption\":\"Pranc\u016bz\u0173 institutas\"},\"image\":{\"@id\":\"https:\/\/www.institutfrancais-lituanie.com\/fr\/#\/schema\/logo\/image\/\"},\"sameAs\":[\"https:\/\/www.facebook.com\/prancuzuinstitutas\/\",\"https:\/\/www.instagram.com\/institut_francais_lituanie\/\"]},{\"@type\":\"Person\",\"@id\":\"https:\/\/www.institutfrancais-lituanie.com\/fr\/#\/schema\/person\/4990fec1c90089abe8b8b3ef2348fb67\",\"name\":\"Valerija Kozikaite\",\"image\":{\"@type\":\"ImageObject\",\"inLanguage\":\"fr-FR\",\"@id\":\"https:\/\/www.institutfrancais-lituanie.com\/fr\/#\/schema\/person\/image\/\",\"url\":\"https:\/\/secure.gravatar.com\/avatar\/0c166a17cdbb7c18478a4be6538f0588?s=96&d=mm&r=g\",\"contentUrl\":\"https:\/\/secure.gravatar.com\/avatar\/0c166a17cdbb7c18478a4be6538f0588?s=96&d=mm&r=g\",\"caption\":\"Valerija Kozikaite\"},\"url\":\"https:\/\/www.institutfrancais-lituanie.com\/fr\/author\/kozikaite\/\"}]}<\/script>\n<!-- \/ Yoast SEO plugin. -->","yoast_head_json":{"title":"Rencontre avec JL Mast, artiste num\u00e9rique chez Marvel - IF Lituanie","robots":{"index":"index","follow":"follow","max-snippet":"max-snippet:-1","max-image-preview":"max-image-preview:large","max-video-preview":"max-video-preview:-1"},"canonical":"https:\/\/www.institutfrancais-lituanie.com\/fr\/archives\/rencontre-avec-jl-mast-artiste-numerique-chez-marvel\/","og_locale":"fr_FR","og_type":"article","og_title":"Rencontre avec JL Mast, artiste num\u00e9rique chez Marvel - IF Lituanie","og_description":"Rencontre avec JL Mast, artiste num\u00e9rique chez Marvel Le mardi 6 septembre \u00e0 17h30 \u00e0&hellip;","og_url":"https:\/\/www.institutfrancais-lituanie.com\/fr\/archives\/rencontre-avec-jl-mast-artiste-numerique-chez-marvel\/","og_site_name":"IF Lituanie","article_publisher":"https:\/\/www.facebook.com\/prancuzuinstitutas\/","article_published_time":"2022-08-08T12:49:54+00:00","og_image":[{"width":1170,"height":585,"url":"https:\/\/www.institutfrancais-lituanie.com\/wp-content\/uploads\/2022\/08\/MARVEL-SITE.jpg","type":"image\/jpeg"}],"author":"Valerija Kozikaite","twitter_card":"summary_large_image","twitter_misc":{"Written by":"Valerija Kozikaite","Est. reading time":"1 minute"},"schema":{"@context":"https:\/\/schema.org","@graph":[{"@type":"Article","@id":"https:\/\/www.institutfrancais-lituanie.com\/fr\/archives\/rencontre-avec-jl-mast-artiste-numerique-chez-marvel\/#article","isPartOf":{"@id":"https:\/\/www.institutfrancais-lituanie.com\/fr\/archives\/rencontre-avec-jl-mast-artiste-numerique-chez-marvel\/"},"author":{"name":"Valerija Kozikaite","@id":"https:\/\/www.institutfrancais-lituanie.com\/fr\/#\/schema\/person\/4990fec1c90089abe8b8b3ef2348fb67"},"headline":"Rencontre avec JL Mast, artiste num\u00e9rique chez Marvel","datePublished":"2022-08-08T12:49:54+00:00","dateModified":"2022-08-08T12:49:54+00:00","mainEntityOfPage":{"@id":"https:\/\/www.institutfrancais-lituanie.com\/fr\/archives\/rencontre-avec-jl-mast-artiste-numerique-chez-marvel\/"},"wordCount":223,"publisher":{"@id":"https:\/\/www.institutfrancais-lituanie.com\/fr\/#organization"},"image":{"@id":"https:\/\/www.institutfrancais-lituanie.com\/fr\/archives\/rencontre-avec-jl-mast-artiste-numerique-chez-marvel\/#primaryimage"},"thumbnailUrl":"https:\/\/www.institutfrancais-lituanie.com\/wp-content\/uploads\/2022\/08\/MARVEL-SITE.jpg","articleSection":["Archives"],"inLanguage":"fr-FR"},{"@type":"WebPage","@id":"https:\/\/www.institutfrancais-lituanie.com\/fr\/archives\/rencontre-avec-jl-mast-artiste-numerique-chez-marvel\/","url":"https:\/\/www.institutfrancais-lituanie.com\/fr\/archives\/rencontre-avec-jl-mast-artiste-numerique-chez-marvel\/","name":"Rencontre avec JL Mast, artiste num\u00e9rique chez Marvel - IF Lituanie","isPartOf":{"@id":"https:\/\/www.institutfrancais-lituanie.com\/fr\/#website"},"primaryImageOfPage":{"@id":"https:\/\/www.institutfrancais-lituanie.com\/fr\/archives\/rencontre-avec-jl-mast-artiste-numerique-chez-marvel\/#primaryimage"},"image":{"@id":"https:\/\/www.institutfrancais-lituanie.com\/fr\/archives\/rencontre-avec-jl-mast-artiste-numerique-chez-marvel\/#primaryimage"},"thumbnailUrl":"https:\/\/www.institutfrancais-lituanie.com\/wp-content\/uploads\/2022\/08\/MARVEL-SITE.jpg","datePublished":"2022-08-08T12:49:54+00:00","dateModified":"2022-08-08T12:49:54+00:00","breadcrumb":{"@id":"https:\/\/www.institutfrancais-lituanie.com\/fr\/archives\/rencontre-avec-jl-mast-artiste-numerique-chez-marvel\/#breadcrumb"},"inLanguage":"fr-FR","potentialAction":[{"@type":"ReadAction","target":["https:\/\/www.institutfrancais-lituanie.com\/fr\/archives\/rencontre-avec-jl-mast-artiste-numerique-chez-marvel\/"]}]},{"@type":"ImageObject","inLanguage":"fr-FR","@id":"https:\/\/www.institutfrancais-lituanie.com\/fr\/archives\/rencontre-avec-jl-mast-artiste-numerique-chez-marvel\/#primaryimage","url":"https:\/\/www.institutfrancais-lituanie.com\/wp-content\/uploads\/2022\/08\/MARVEL-SITE.jpg","contentUrl":"https:\/\/www.institutfrancais-lituanie.com\/wp-content\/uploads\/2022\/08\/MARVEL-SITE.jpg","width":1170,"height":585},{"@type":"BreadcrumbList","@id":"https:\/\/www.institutfrancais-lituanie.com\/fr\/archives\/rencontre-avec-jl-mast-artiste-numerique-chez-marvel\/#breadcrumb","itemListElement":[{"@type":"ListItem","position":1,"name":"Home","item":"https:\/\/www.institutfrancais-lituanie.com\/fr\/"},{"@type":"ListItem","position":2,"name":"Rencontre avec JL Mast, artiste num\u00e9rique chez Marvel"}]},{"@type":"WebSite","@id":"https:\/\/www.institutfrancais-lituanie.com\/fr\/#website","url":"https:\/\/www.institutfrancais-lituanie.com\/fr\/","name":"IF Lituanie","description":"Pranc\u016bz\u0173 kalbos kursai, kult\u016bra, mediateka...","publisher":{"@id":"https:\/\/www.institutfrancais-lituanie.com\/fr\/#organization"},"potentialAction":[{"@type":"SearchAction","target":{"@type":"EntryPoint","urlTemplate":"https:\/\/www.institutfrancais-lituanie.com\/fr\/?s={search_term_string}"},"query-input":"required name=search_term_string"}],"inLanguage":"fr-FR"},{"@type":"Organization","@id":"https:\/\/www.institutfrancais-lituanie.com\/fr\/#organization","name":"Pranc\u016bz\u0173 institutas","url":"https:\/\/www.institutfrancais-lituanie.com\/fr\/","logo":{"@type":"ImageObject","inLanguage":"fr-FR","@id":"https:\/\/www.institutfrancais-lituanie.com\/fr\/#\/schema\/logo\/image\/","url":"https:\/\/www.institutfrancais-lituanie.com\/wp-content\/uploads\/2023\/04\/IF_Logo-Lituanie-RVB.jpg","contentUrl":"https:\/\/www.institutfrancais-lituanie.com\/wp-content\/uploads\/2023\/04\/IF_Logo-Lituanie-RVB.jpg","width":827,"height":555,"caption":"Pranc\u016bz\u0173 institutas"},"image":{"@id":"https:\/\/www.institutfrancais-lituanie.com\/fr\/#\/schema\/logo\/image\/"},"sameAs":["https:\/\/www.facebook.com\/prancuzuinstitutas\/","https:\/\/www.instagram.com\/institut_francais_lituanie\/"]},{"@type":"Person","@id":"https:\/\/www.institutfrancais-lituanie.com\/fr\/#\/schema\/person\/4990fec1c90089abe8b8b3ef2348fb67","name":"Valerija Kozikaite","image":{"@type":"ImageObject","inLanguage":"fr-FR","@id":"https:\/\/www.institutfrancais-lituanie.com\/fr\/#\/schema\/person\/image\/","url":"https:\/\/secure.gravatar.com\/avatar\/0c166a17cdbb7c18478a4be6538f0588?s=96&d=mm&r=g","contentUrl":"https:\/\/secure.gravatar.com\/avatar\/0c166a17cdbb7c18478a4be6538f0588?s=96&d=mm&r=g","caption":"Valerija Kozikaite"},"url":"https:\/\/www.institutfrancais-lituanie.com\/fr\/author\/kozikaite\/"}]}},"_links":{"self":[{"href":"https:\/\/www.institutfrancais-lituanie.com\/fr\/wp-json\/wp\/v2\/posts\/12188"}],"collection":[{"href":"https:\/\/www.institutfrancais-lituanie.com\/fr\/wp-json\/wp\/v2\/posts"}],"about":[{"href":"https:\/\/www.institutfrancais-lituanie.com\/fr\/wp-json\/wp\/v2\/types\/post"}],"author":[{"embeddable":true,"href":"https:\/\/www.institutfrancais-lituanie.com\/fr\/wp-json\/wp\/v2\/users\/8"}],"replies":[{"embeddable":true,"href":"https:\/\/www.institutfrancais-lituanie.com\/fr\/wp-json\/wp\/v2\/comments?post=12188"}],"version-history":[{"count":1,"href":"https:\/\/www.institutfrancais-lituanie.com\/fr\/wp-json\/wp\/v2\/posts\/12188\/revisions"}],"predecessor-version":[{"id":12189,"href":"https:\/\/www.institutfrancais-lituanie.com\/fr\/wp-json\/wp\/v2\/posts\/12188\/revisions\/12189"}],"wp:featuredmedia":[{"embeddable":true,"href":"https:\/\/www.institutfrancais-lituanie.com\/fr\/wp-json\/wp\/v2\/media\/12186"}],"wp:attachment":[{"href":"https:\/\/www.institutfrancais-lituanie.com\/fr\/wp-json\/wp\/v2\/media?parent=12188"}],"wp:term":[{"taxonomy":"category","embeddable":true,"href":"https:\/\/www.institutfrancais-lituanie.com\/fr\/wp-json\/wp\/v2\/categories?post=12188"},{"taxonomy":"post_tag","embeddable":true,"href":"https:\/\/www.institutfrancais-lituanie.com\/fr\/wp-json\/wp\/v2\/tags?post=12188"}],"curies":[{"name":"wp","href":"https:\/\/api.w.org\/{rel}","templated":true}]}}