{"id":11658,"date":"2022-03-31T06:35:31","date_gmt":"2022-03-31T06:35:31","guid":{"rendered":"https:\/\/www.institutfrancais-lituanie.com\/?p=11658"},"modified":"2022-03-31T06:35:31","modified_gmt":"2022-03-31T06:35:31","slug":"cooperation-franco-lituanienne-pour-le-changement-climatique-dans-le-cadre-de-lue-missions","status":"publish","type":"post","link":"https:\/\/www.institutfrancais-lituanie.com\/fr\/archives\/archives-debat-didees\/cooperation-franco-lituanienne-pour-le-changement-climatique-dans-le-cadre-de-lue-missions\/","title":{"rendered":"Coop\u00e9ration franco-lituanienne pour le changement climatique dans le cadre de l&#8217;UE missions"},"content":{"rendered":"<p><strong>Tarptautin\u0117 konferencija, skirta aptarti Lietuvos ir Pranc\u016bzijos bendradarbiavim\u0105 pl\u0117tojant bendrus mokslinius tyrimus klimato kaitos srityje<\/strong><\/p>\n<p>\u0160. m. baland\u017eio 6 d. 14.00\u201316.30 val. (Lietuvos laiku) kvie\u010diame dalyvauti konferencijoje \u201eLithuanian-French cooperation for climate change in the framework of EU Missions \u201c, skirtoje \u00a0aptarti Lietuvos ir Pranc\u016bzijos bendradarbiavimo stiprinim\u0105 mokslo ir inovacij\u0173 klimato kaitos srityje ir ypa\u010d pl\u0117tojant bendrus \u201eEuropos horizonto\u201c mokslini\u0173 tyrim\u0173 projektus klimato kaitos tematikoje bei klimato kaitos misijos kvietimuose.<\/p>\n<p>Konferencija aktuali tyr\u0117jams, vykd\u017eiusiems dvi\u0161alius mokslinius tyrimus ir dar tik pradedantiems pl\u0117toti ry\u0161ius su kolegomis Lietuvoje ir Pranc\u016bzijoje, institucij\u0173, kurios formuoja klimato kaitos politikos gares atstovams. Renginyje pasisakys Pranc\u016bzijos ambasador\u0117 Lietuvoje Alix Everard, Lietuvos mokslo tarybos (LMT) pirmininkas prof. Romas Baronas, Lietuvos Aplinkos apsaugos ministerijos viceministr\u0117 Gintar\u0117 Kru\u0161inskien\u0117, Pranc\u016bzijos Ekologijos ministerijos patar\u0117ja No\u00e9mie Piaskowski, LMT tarptautinio skyriaus vadovas V.Mongirdas, akademin\u0117s &#8211; mokslo\u00a0 bendruomen\u0117s atstovai , NVO, verslo atstovai i\u0161 abiej\u0173 \u0161ali\u0173.<\/p>\n<p>Konferencij\u0105 organizuoja Lietuvos mokslo tarybos NCP, Lietuvos mokslo ir inovacij\u0173 ry\u0161i\u0173 biuras Briuselyje LINO ir Pranc\u016bz\u0173 institutas Lietuvoje.<\/p>\n<p>Konferencijos formatas \u2013 hibridinis. Renginys gyvai vyks Lietuvos mokslo taryboje (Gedimino pr. 3, Vilnius),Ma\u017eojoje sal\u0117je. Viet\u0173 skai\u010dius yra ribotas, pirmenyb\u0117 teikiama u\u017esiregistravusiems anks\u010diau. Dalyvauti gyvai galima laikantis\u00a0 galiojan\u010di\u0173 saugumo reikalavim\u0173. Rengin\u012f taip pat bus galima steb\u0117ti nuotoliniu b\u016bdu.<\/p>\n<p><a href=\"https:\/\/forms.gle\/ukmHMYkbxBMXd5V29\" target=\"_blank\" rel=\"noopener\">Registracija \u012f konferencij\u0105 \u2013 iki baland\u017eio 4 d. 17 val.<\/a><\/p>\n<p><strong><a href=\"https:\/\/www.institutfrancais-lituanie.com\/wp-content\/uploads\/2022\/03\/Programme-FR_LT-20220327_.pdf\" target=\"_blank\" rel=\"noopener\">KONFERENCIJOS PROGRAMA<\/a><\/strong><\/p>\n","protected":false},"excerpt":{"rendered":"<p>Tarptautin\u0117 konferencija, skirta aptarti Lietuvos ir Pranc\u016bzijos bendradarbiavim\u0105 pl\u0117tojant bendrus mokslinius tyrimus klimato kaitos srityje&hellip;<\/p>\n","protected":false},"author":7,"featured_media":11657,"comment_status":"closed","ping_status":"open","sticky":false,"template":"","format":"standard","meta":{"footnotes":""},"categories":[67],"tags":[],"class_list":["post-11658","post","type-post","status-publish","format-standard","has-post-thumbnail","hentry","category-archives-debat-didees"],"yoast_head":"<!-- This site is optimized with the Yoast SEO plugin v23.2 - https:\/\/yoast.com\/wordpress\/plugins\/seo\/ -->\n<title>Coop\u00e9ration franco-lituanienne pour le changement climatique dans le cadre de l&#039;UE missions - IF Lituanie<\/title>\n<meta name=\"robots\" content=\"index, follow, max-snippet:-1, max-image-preview:large, max-video-preview:-1\" \/>\n<link rel=\"canonical\" href=\"https:\/\/www.institutfrancais-lituanie.com\/fr\/archives\/archives-debat-didees\/cooperation-franco-lituanienne-pour-le-changement-climatique-dans-le-cadre-de-lue-missions\/\" \/>\n<meta property=\"og:locale\" content=\"fr_FR\" \/>\n<meta property=\"og:type\" content=\"article\" \/>\n<meta property=\"og:title\" content=\"Coop\u00e9ration franco-lituanienne pour le changement climatique dans le cadre de l&#039;UE missions - IF Lituanie\" \/>\n<meta property=\"og:description\" content=\"Tarptautin\u0117 konferencija, skirta aptarti Lietuvos ir Pranc\u016bzijos bendradarbiavim\u0105 pl\u0117tojant bendrus mokslinius tyrimus klimato kaitos srityje&hellip;\" \/>\n<meta property=\"og:url\" content=\"https:\/\/www.institutfrancais-lituanie.com\/fr\/archives\/archives-debat-didees\/cooperation-franco-lituanienne-pour-le-changement-climatique-dans-le-cadre-de-lue-missions\/\" \/>\n<meta property=\"og:site_name\" content=\"IF Lituanie\" \/>\n<meta property=\"article:publisher\" content=\"https:\/\/www.facebook.com\/prancuzuinstitutas\/\" \/>\n<meta property=\"article:published_time\" content=\"2022-03-31T06:35:31+00:00\" \/>\n<meta property=\"og:image\" content=\"https:\/\/www.institutfrancais-lituanie.com\/wp-content\/uploads\/2022\/03\/LT-FR_Climate_1920x1080-geras-01.jpg\" \/>\n\t<meta property=\"og:image:width\" content=\"1191\" \/>\n\t<meta property=\"og:image:height\" content=\"654\" \/>\n\t<meta property=\"og:image:type\" content=\"image\/jpeg\" \/>\n<meta name=\"author\" content=\"Evelina Reznikove\" \/>\n<meta name=\"twitter:card\" content=\"summary_large_image\" \/>\n<meta name=\"twitter:label1\" content=\"Written by\" \/>\n\t<meta name=\"twitter:data1\" content=\"Evelina Reznikove\" \/>\n\t<meta name=\"twitter:label2\" content=\"Est. reading time\" \/>\n\t<meta name=\"twitter:data2\" content=\"1 minute\" \/>\n<script type=\"application\/ld+json\" class=\"yoast-schema-graph\">{\"@context\":\"https:\/\/schema.org\",\"@graph\":[{\"@type\":\"Article\",\"@id\":\"https:\/\/www.institutfrancais-lituanie.com\/fr\/archives\/archives-debat-didees\/cooperation-franco-lituanienne-pour-le-changement-climatique-dans-le-cadre-de-lue-missions\/#article\",\"isPartOf\":{\"@id\":\"https:\/\/www.institutfrancais-lituanie.com\/fr\/archives\/archives-debat-didees\/cooperation-franco-lituanienne-pour-le-changement-climatique-dans-le-cadre-de-lue-missions\/\"},\"author\":{\"name\":\"Evelina Reznikove\",\"@id\":\"https:\/\/www.institutfrancais-lituanie.com\/fr\/#\/schema\/person\/c9dac6d9150f55695a95f9bba5374b9a\"},\"headline\":\"Coop\u00e9ration franco-lituanienne pour le changement climatique dans le cadre de l&#8217;UE missions\",\"datePublished\":\"2022-03-31T06:35:31+00:00\",\"dateModified\":\"2022-03-31T06:35:31+00:00\",\"mainEntityOfPage\":{\"@id\":\"https:\/\/www.institutfrancais-lituanie.com\/fr\/archives\/archives-debat-didees\/cooperation-franco-lituanienne-pour-le-changement-climatique-dans-le-cadre-de-lue-missions\/\"},\"wordCount\":242,\"publisher\":{\"@id\":\"https:\/\/www.institutfrancais-lituanie.com\/fr\/#organization\"},\"image\":{\"@id\":\"https:\/\/www.institutfrancais-lituanie.com\/fr\/archives\/archives-debat-didees\/cooperation-franco-lituanienne-pour-le-changement-climatique-dans-le-cadre-de-lue-missions\/#primaryimage\"},\"thumbnailUrl\":\"https:\/\/www.institutfrancais-lituanie.com\/wp-content\/uploads\/2022\/03\/LT-FR_Climate_1920x1080-geras-01.jpg\",\"articleSection\":[\"Archives : D\u00e9bat d\u2019id\u00e9es\"],\"inLanguage\":\"fr-FR\"},{\"@type\":\"WebPage\",\"@id\":\"https:\/\/www.institutfrancais-lituanie.com\/fr\/archives\/archives-debat-didees\/cooperation-franco-lituanienne-pour-le-changement-climatique-dans-le-cadre-de-lue-missions\/\",\"url\":\"https:\/\/www.institutfrancais-lituanie.com\/fr\/archives\/archives-debat-didees\/cooperation-franco-lituanienne-pour-le-changement-climatique-dans-le-cadre-de-lue-missions\/\",\"name\":\"Coop\u00e9ration franco-lituanienne pour le changement climatique dans le cadre de l'UE missions - IF Lituanie\",\"isPartOf\":{\"@id\":\"https:\/\/www.institutfrancais-lituanie.com\/fr\/#website\"},\"primaryImageOfPage\":{\"@id\":\"https:\/\/www.institutfrancais-lituanie.com\/fr\/archives\/archives-debat-didees\/cooperation-franco-lituanienne-pour-le-changement-climatique-dans-le-cadre-de-lue-missions\/#primaryimage\"},\"image\":{\"@id\":\"https:\/\/www.institutfrancais-lituanie.com\/fr\/archives\/archives-debat-didees\/cooperation-franco-lituanienne-pour-le-changement-climatique-dans-le-cadre-de-lue-missions\/#primaryimage\"},\"thumbnailUrl\":\"https:\/\/www.institutfrancais-lituanie.com\/wp-content\/uploads\/2022\/03\/LT-FR_Climate_1920x1080-geras-01.jpg\",\"datePublished\":\"2022-03-31T06:35:31+00:00\",\"dateModified\":\"2022-03-31T06:35:31+00:00\",\"breadcrumb\":{\"@id\":\"https:\/\/www.institutfrancais-lituanie.com\/fr\/archives\/archives-debat-didees\/cooperation-franco-lituanienne-pour-le-changement-climatique-dans-le-cadre-de-lue-missions\/#breadcrumb\"},\"inLanguage\":\"fr-FR\",\"potentialAction\":[{\"@type\":\"ReadAction\",\"target\":[\"https:\/\/www.institutfrancais-lituanie.com\/fr\/archives\/archives-debat-didees\/cooperation-franco-lituanienne-pour-le-changement-climatique-dans-le-cadre-de-lue-missions\/\"]}]},{\"@type\":\"ImageObject\",\"inLanguage\":\"fr-FR\",\"@id\":\"https:\/\/www.institutfrancais-lituanie.com\/fr\/archives\/archives-debat-didees\/cooperation-franco-lituanienne-pour-le-changement-climatique-dans-le-cadre-de-lue-missions\/#primaryimage\",\"url\":\"https:\/\/www.institutfrancais-lituanie.com\/wp-content\/uploads\/2022\/03\/LT-FR_Climate_1920x1080-geras-01.jpg\",\"contentUrl\":\"https:\/\/www.institutfrancais-lituanie.com\/wp-content\/uploads\/2022\/03\/LT-FR_Climate_1920x1080-geras-01.jpg\",\"width\":1191,\"height\":654},{\"@type\":\"BreadcrumbList\",\"@id\":\"https:\/\/www.institutfrancais-lituanie.com\/fr\/archives\/archives-debat-didees\/cooperation-franco-lituanienne-pour-le-changement-climatique-dans-le-cadre-de-lue-missions\/#breadcrumb\",\"itemListElement\":[{\"@type\":\"ListItem\",\"position\":1,\"name\":\"Home\",\"item\":\"https:\/\/www.institutfrancais-lituanie.com\/fr\/\"},{\"@type\":\"ListItem\",\"position\":2,\"name\":\"Coop\u00e9ration franco-lituanienne pour le changement climatique dans le cadre de l&#8217;UE missions\"}]},{\"@type\":\"WebSite\",\"@id\":\"https:\/\/www.institutfrancais-lituanie.com\/fr\/#website\",\"url\":\"https:\/\/www.institutfrancais-lituanie.com\/fr\/\",\"name\":\"IF Lituanie\",\"description\":\"Pranc\u016bz\u0173 kalbos kursai, kult\u016bra, mediateka...\",\"publisher\":{\"@id\":\"https:\/\/www.institutfrancais-lituanie.com\/fr\/#organization\"},\"potentialAction\":[{\"@type\":\"SearchAction\",\"target\":{\"@type\":\"EntryPoint\",\"urlTemplate\":\"https:\/\/www.institutfrancais-lituanie.com\/fr\/?s={search_term_string}\"},\"query-input\":\"required name=search_term_string\"}],\"inLanguage\":\"fr-FR\"},{\"@type\":\"Organization\",\"@id\":\"https:\/\/www.institutfrancais-lituanie.com\/fr\/#organization\",\"name\":\"Pranc\u016bz\u0173 institutas\",\"url\":\"https:\/\/www.institutfrancais-lituanie.com\/fr\/\",\"logo\":{\"@type\":\"ImageObject\",\"inLanguage\":\"fr-FR\",\"@id\":\"https:\/\/www.institutfrancais-lituanie.com\/fr\/#\/schema\/logo\/image\/\",\"url\":\"https:\/\/www.institutfrancais-lituanie.com\/wp-content\/uploads\/2023\/04\/IF_Logo-Lituanie-RVB.jpg\",\"contentUrl\":\"https:\/\/www.institutfrancais-lituanie.com\/wp-content\/uploads\/2023\/04\/IF_Logo-Lituanie-RVB.jpg\",\"width\":827,\"height\":555,\"caption\":\"Pranc\u016bz\u0173 institutas\"},\"image\":{\"@id\":\"https:\/\/www.institutfrancais-lituanie.com\/fr\/#\/schema\/logo\/image\/\"},\"sameAs\":[\"https:\/\/www.facebook.com\/prancuzuinstitutas\/\",\"https:\/\/www.instagram.com\/institut_francais_lituanie\/\"]},{\"@type\":\"Person\",\"@id\":\"https:\/\/www.institutfrancais-lituanie.com\/fr\/#\/schema\/person\/c9dac6d9150f55695a95f9bba5374b9a\",\"name\":\"Evelina Reznikove\",\"image\":{\"@type\":\"ImageObject\",\"inLanguage\":\"fr-FR\",\"@id\":\"https:\/\/www.institutfrancais-lituanie.com\/fr\/#\/schema\/person\/image\/\",\"url\":\"https:\/\/secure.gravatar.com\/avatar\/76f7b7d50952f6766575cbf6aadb57cc?s=96&d=mm&r=g\",\"contentUrl\":\"https:\/\/secure.gravatar.com\/avatar\/76f7b7d50952f6766575cbf6aadb57cc?s=96&d=mm&r=g\",\"caption\":\"Evelina Reznikove\"},\"url\":\"https:\/\/www.institutfrancais-lituanie.com\/fr\/author\/evelina\/\"}]}<\/script>\n<!-- \/ Yoast SEO plugin. -->","yoast_head_json":{"title":"Coop\u00e9ration franco-lituanienne pour le changement climatique dans le cadre de l'UE missions - IF Lituanie","robots":{"index":"index","follow":"follow","max-snippet":"max-snippet:-1","max-image-preview":"max-image-preview:large","max-video-preview":"max-video-preview:-1"},"canonical":"https:\/\/www.institutfrancais-lituanie.com\/fr\/archives\/archives-debat-didees\/cooperation-franco-lituanienne-pour-le-changement-climatique-dans-le-cadre-de-lue-missions\/","og_locale":"fr_FR","og_type":"article","og_title":"Coop\u00e9ration franco-lituanienne pour le changement climatique dans le cadre de l'UE missions - IF Lituanie","og_description":"Tarptautin\u0117 konferencija, skirta aptarti Lietuvos ir Pranc\u016bzijos bendradarbiavim\u0105 pl\u0117tojant bendrus mokslinius tyrimus klimato kaitos srityje&hellip;","og_url":"https:\/\/www.institutfrancais-lituanie.com\/fr\/archives\/archives-debat-didees\/cooperation-franco-lituanienne-pour-le-changement-climatique-dans-le-cadre-de-lue-missions\/","og_site_name":"IF Lituanie","article_publisher":"https:\/\/www.facebook.com\/prancuzuinstitutas\/","article_published_time":"2022-03-31T06:35:31+00:00","og_image":[{"width":1191,"height":654,"url":"https:\/\/www.institutfrancais-lituanie.com\/wp-content\/uploads\/2022\/03\/LT-FR_Climate_1920x1080-geras-01.jpg","type":"image\/jpeg"}],"author":"Evelina Reznikove","twitter_card":"summary_large_image","twitter_misc":{"Written by":"Evelina Reznikove","Est. reading time":"1 minute"},"schema":{"@context":"https:\/\/schema.org","@graph":[{"@type":"Article","@id":"https:\/\/www.institutfrancais-lituanie.com\/fr\/archives\/archives-debat-didees\/cooperation-franco-lituanienne-pour-le-changement-climatique-dans-le-cadre-de-lue-missions\/#article","isPartOf":{"@id":"https:\/\/www.institutfrancais-lituanie.com\/fr\/archives\/archives-debat-didees\/cooperation-franco-lituanienne-pour-le-changement-climatique-dans-le-cadre-de-lue-missions\/"},"author":{"name":"Evelina Reznikove","@id":"https:\/\/www.institutfrancais-lituanie.com\/fr\/#\/schema\/person\/c9dac6d9150f55695a95f9bba5374b9a"},"headline":"Coop\u00e9ration franco-lituanienne pour le changement climatique dans le cadre de l&#8217;UE missions","datePublished":"2022-03-31T06:35:31+00:00","dateModified":"2022-03-31T06:35:31+00:00","mainEntityOfPage":{"@id":"https:\/\/www.institutfrancais-lituanie.com\/fr\/archives\/archives-debat-didees\/cooperation-franco-lituanienne-pour-le-changement-climatique-dans-le-cadre-de-lue-missions\/"},"wordCount":242,"publisher":{"@id":"https:\/\/www.institutfrancais-lituanie.com\/fr\/#organization"},"image":{"@id":"https:\/\/www.institutfrancais-lituanie.com\/fr\/archives\/archives-debat-didees\/cooperation-franco-lituanienne-pour-le-changement-climatique-dans-le-cadre-de-lue-missions\/#primaryimage"},"thumbnailUrl":"https:\/\/www.institutfrancais-lituanie.com\/wp-content\/uploads\/2022\/03\/LT-FR_Climate_1920x1080-geras-01.jpg","articleSection":["Archives : D\u00e9bat d\u2019id\u00e9es"],"inLanguage":"fr-FR"},{"@type":"WebPage","@id":"https:\/\/www.institutfrancais-lituanie.com\/fr\/archives\/archives-debat-didees\/cooperation-franco-lituanienne-pour-le-changement-climatique-dans-le-cadre-de-lue-missions\/","url":"https:\/\/www.institutfrancais-lituanie.com\/fr\/archives\/archives-debat-didees\/cooperation-franco-lituanienne-pour-le-changement-climatique-dans-le-cadre-de-lue-missions\/","name":"Coop\u00e9ration franco-lituanienne pour le changement climatique dans le cadre de l'UE missions - IF Lituanie","isPartOf":{"@id":"https:\/\/www.institutfrancais-lituanie.com\/fr\/#website"},"primaryImageOfPage":{"@id":"https:\/\/www.institutfrancais-lituanie.com\/fr\/archives\/archives-debat-didees\/cooperation-franco-lituanienne-pour-le-changement-climatique-dans-le-cadre-de-lue-missions\/#primaryimage"},"image":{"@id":"https:\/\/www.institutfrancais-lituanie.com\/fr\/archives\/archives-debat-didees\/cooperation-franco-lituanienne-pour-le-changement-climatique-dans-le-cadre-de-lue-missions\/#primaryimage"},"thumbnailUrl":"https:\/\/www.institutfrancais-lituanie.com\/wp-content\/uploads\/2022\/03\/LT-FR_Climate_1920x1080-geras-01.jpg","datePublished":"2022-03-31T06:35:31+00:00","dateModified":"2022-03-31T06:35:31+00:00","breadcrumb":{"@id":"https:\/\/www.institutfrancais-lituanie.com\/fr\/archives\/archives-debat-didees\/cooperation-franco-lituanienne-pour-le-changement-climatique-dans-le-cadre-de-lue-missions\/#breadcrumb"},"inLanguage":"fr-FR","potentialAction":[{"@type":"ReadAction","target":["https:\/\/www.institutfrancais-lituanie.com\/fr\/archives\/archives-debat-didees\/cooperation-franco-lituanienne-pour-le-changement-climatique-dans-le-cadre-de-lue-missions\/"]}]},{"@type":"ImageObject","inLanguage":"fr-FR","@id":"https:\/\/www.institutfrancais-lituanie.com\/fr\/archives\/archives-debat-didees\/cooperation-franco-lituanienne-pour-le-changement-climatique-dans-le-cadre-de-lue-missions\/#primaryimage","url":"https:\/\/www.institutfrancais-lituanie.com\/wp-content\/uploads\/2022\/03\/LT-FR_Climate_1920x1080-geras-01.jpg","contentUrl":"https:\/\/www.institutfrancais-lituanie.com\/wp-content\/uploads\/2022\/03\/LT-FR_Climate_1920x1080-geras-01.jpg","width":1191,"height":654},{"@type":"BreadcrumbList","@id":"https:\/\/www.institutfrancais-lituanie.com\/fr\/archives\/archives-debat-didees\/cooperation-franco-lituanienne-pour-le-changement-climatique-dans-le-cadre-de-lue-missions\/#breadcrumb","itemListElement":[{"@type":"ListItem","position":1,"name":"Home","item":"https:\/\/www.institutfrancais-lituanie.com\/fr\/"},{"@type":"ListItem","position":2,"name":"Coop\u00e9ration franco-lituanienne pour le changement climatique dans le cadre de l&#8217;UE missions"}]},{"@type":"WebSite","@id":"https:\/\/www.institutfrancais-lituanie.com\/fr\/#website","url":"https:\/\/www.institutfrancais-lituanie.com\/fr\/","name":"IF Lituanie","description":"Pranc\u016bz\u0173 kalbos kursai, kult\u016bra, mediateka...","publisher":{"@id":"https:\/\/www.institutfrancais-lituanie.com\/fr\/#organization"},"potentialAction":[{"@type":"SearchAction","target":{"@type":"EntryPoint","urlTemplate":"https:\/\/www.institutfrancais-lituanie.com\/fr\/?s={search_term_string}"},"query-input":"required name=search_term_string"}],"inLanguage":"fr-FR"},{"@type":"Organization","@id":"https:\/\/www.institutfrancais-lituanie.com\/fr\/#organization","name":"Pranc\u016bz\u0173 institutas","url":"https:\/\/www.institutfrancais-lituanie.com\/fr\/","logo":{"@type":"ImageObject","inLanguage":"fr-FR","@id":"https:\/\/www.institutfrancais-lituanie.com\/fr\/#\/schema\/logo\/image\/","url":"https:\/\/www.institutfrancais-lituanie.com\/wp-content\/uploads\/2023\/04\/IF_Logo-Lituanie-RVB.jpg","contentUrl":"https:\/\/www.institutfrancais-lituanie.com\/wp-content\/uploads\/2023\/04\/IF_Logo-Lituanie-RVB.jpg","width":827,"height":555,"caption":"Pranc\u016bz\u0173 institutas"},"image":{"@id":"https:\/\/www.institutfrancais-lituanie.com\/fr\/#\/schema\/logo\/image\/"},"sameAs":["https:\/\/www.facebook.com\/prancuzuinstitutas\/","https:\/\/www.instagram.com\/institut_francais_lituanie\/"]},{"@type":"Person","@id":"https:\/\/www.institutfrancais-lituanie.com\/fr\/#\/schema\/person\/c9dac6d9150f55695a95f9bba5374b9a","name":"Evelina Reznikove","image":{"@type":"ImageObject","inLanguage":"fr-FR","@id":"https:\/\/www.institutfrancais-lituanie.com\/fr\/#\/schema\/person\/image\/","url":"https:\/\/secure.gravatar.com\/avatar\/76f7b7d50952f6766575cbf6aadb57cc?s=96&d=mm&r=g","contentUrl":"https:\/\/secure.gravatar.com\/avatar\/76f7b7d50952f6766575cbf6aadb57cc?s=96&d=mm&r=g","caption":"Evelina Reznikove"},"url":"https:\/\/www.institutfrancais-lituanie.com\/fr\/author\/evelina\/"}]}},"_links":{"self":[{"href":"https:\/\/www.institutfrancais-lituanie.com\/fr\/wp-json\/wp\/v2\/posts\/11658"}],"collection":[{"href":"https:\/\/www.institutfrancais-lituanie.com\/fr\/wp-json\/wp\/v2\/posts"}],"about":[{"href":"https:\/\/www.institutfrancais-lituanie.com\/fr\/wp-json\/wp\/v2\/types\/post"}],"author":[{"embeddable":true,"href":"https:\/\/www.institutfrancais-lituanie.com\/fr\/wp-json\/wp\/v2\/users\/7"}],"replies":[{"embeddable":true,"href":"https:\/\/www.institutfrancais-lituanie.com\/fr\/wp-json\/wp\/v2\/comments?post=11658"}],"version-history":[{"count":1,"href":"https:\/\/www.institutfrancais-lituanie.com\/fr\/wp-json\/wp\/v2\/posts\/11658\/revisions"}],"predecessor-version":[{"id":11659,"href":"https:\/\/www.institutfrancais-lituanie.com\/fr\/wp-json\/wp\/v2\/posts\/11658\/revisions\/11659"}],"wp:featuredmedia":[{"embeddable":true,"href":"https:\/\/www.institutfrancais-lituanie.com\/fr\/wp-json\/wp\/v2\/media\/11657"}],"wp:attachment":[{"href":"https:\/\/www.institutfrancais-lituanie.com\/fr\/wp-json\/wp\/v2\/media?parent=11658"}],"wp:term":[{"taxonomy":"category","embeddable":true,"href":"https:\/\/www.institutfrancais-lituanie.com\/fr\/wp-json\/wp\/v2\/categories?post=11658"},{"taxonomy":"post_tag","embeddable":true,"href":"https:\/\/www.institutfrancais-lituanie.com\/fr\/wp-json\/wp\/v2\/tags?post=11658"}],"curies":[{"name":"wp","href":"https:\/\/api.w.org\/{rel}","templated":true}]}}