{"id":10945,"date":"2022-02-25T14:58:53","date_gmt":"2022-02-25T14:58:53","guid":{"rendered":"https:\/\/www.institutfrancais-lituanie.com\/?p=10945"},"modified":"2022-02-25T15:20:38","modified_gmt":"2022-02-25T15:20:38","slug":"viesoji-paskaita-prancuzu-kino-istorija-poetinio-realizmo-fenomenas","status":"publish","type":"post","link":"https:\/\/www.institutfrancais-lituanie.com\/fr\/archives\/francophonie\/viesoji-paskaita-prancuzu-kino-istorija-poetinio-realizmo-fenomenas\/","title":{"rendered":"Conf\u00e9rence. Histoire du cin\u00e9ma fran\u00e7ais : ph\u00e9nom\u00e8ne du r\u00e9alisme po\u00e9tique"},"content":{"rendered":"<p><strong>Conf\u00e9rence : Histoire du cin\u00e9ma fran\u00e7ais : ph\u00e9nom\u00e8ne du r\u00e9alisme po\u00e9tique<\/strong><\/p>\n<p><strong><em>9 mars 18h00<\/em><\/strong><\/p>\n<p>Prane\u0161\u0117jas \u2013 <strong>VDU doc. Gediminas Jankauskas<\/strong>.<\/p>\n<p>Virtualus renginys lietuvi\u0173 kalba. B\u016btina i\u0161ankstin\u0117 registracija prie\u0161 tris dienas elektroniniu pa\u0161tu: <a href=\"mailto:giedre.pranaityte@vdu.lt\">giedre.pranaityte@vdu.lt<\/a><\/p>\n<p>Organizuoja VDU Frankofonijos \u0161ali\u0173 centras. Daugiau informacijos: <a href=\"https:\/\/francophonia.vdu.lt\/\">https:\/\/francophonia.vdu.lt\/<\/a><\/p>\n<p>Pranc\u016bzijos nacionalinis kinas per daugiau kaip 120 met\u0173 i\u0161sikovojo i\u0161skirtin\u0119 viet\u0105 kinematografijos pasaulyje. Ne kas kitas, o Pranc\u016bzija inicijavo daug kino naujovi\u0173. Kan\u0173 kino festivalis tapo vienu svarbiausi\u0173 ir \u012ftakingiausi\u0173 pasaulin\u0117s kino industrijos renginiu.<\/p>\n<p>Paskaitoje \u201ePranc\u016bz\u0173 kino istorija: poetinio realizmo fenomenas&#8221; bus aptartas pranc\u016bz\u0173 poetinis realizmas, kurio prad\u017eia sutapo su pirm\u0173j\u0173 garsini\u0173 film\u0173 atsiradimu. Svarbi\u0105 viet\u0105 pasaulio kino kontekste i\u0161sikovoj\u0119s poetinis realizmas atne\u0161\u0117 nauj\u0105 stili\u0173, \u012fkv\u0117p\u0117 daug nauj\u0173 tem\u0173 ir i\u0161ugd\u0117 vis\u0105 plejad\u0105 \u017eymi\u0173 kino k\u016br\u0117j\u0173.<\/p>\n","protected":false},"excerpt":{"rendered":"<p>Conf\u00e9rence : Histoire du cin\u00e9ma fran\u00e7ais : ph\u00e9nom\u00e8ne du r\u00e9alisme po\u00e9tique 9 mars 18h00 Prane\u0161\u0117jas&hellip;<\/p>\n","protected":false},"author":7,"featured_media":10933,"comment_status":"closed","ping_status":"open","sticky":false,"template":"","format":"standard","meta":{"footnotes":""},"categories":[107],"tags":[177],"class_list":["post-10945","post","type-post","status-publish","format-standard","has-post-thumbnail","hentry","category-francophonie","tag-kaunas-fr"],"yoast_head":"<!-- This site is optimized with the Yoast SEO plugin v23.2 - https:\/\/yoast.com\/wordpress\/plugins\/seo\/ -->\n<title>Conf\u00e9rence. Histoire du cin\u00e9ma fran\u00e7ais : ph\u00e9nom\u00e8ne du r\u00e9alisme po\u00e9tique - IF Lituanie<\/title>\n<meta name=\"robots\" content=\"index, follow, max-snippet:-1, max-image-preview:large, max-video-preview:-1\" \/>\n<link rel=\"canonical\" href=\"https:\/\/www.institutfrancais-lituanie.com\/fr\/archives\/francophonie\/viesoji-paskaita-prancuzu-kino-istorija-poetinio-realizmo-fenomenas\/\" \/>\n<meta property=\"og:locale\" content=\"fr_FR\" \/>\n<meta property=\"og:type\" content=\"article\" \/>\n<meta property=\"og:title\" content=\"Conf\u00e9rence. Histoire du cin\u00e9ma fran\u00e7ais : ph\u00e9nom\u00e8ne du r\u00e9alisme po\u00e9tique - IF Lituanie\" \/>\n<meta property=\"og:description\" content=\"Conf\u00e9rence : Histoire du cin\u00e9ma fran\u00e7ais : ph\u00e9nom\u00e8ne du r\u00e9alisme po\u00e9tique 9 mars 18h00 Prane\u0161\u0117jas&hellip;\" \/>\n<meta property=\"og:url\" content=\"https:\/\/www.institutfrancais-lituanie.com\/fr\/archives\/francophonie\/viesoji-paskaita-prancuzu-kino-istorija-poetinio-realizmo-fenomenas\/\" \/>\n<meta property=\"og:site_name\" content=\"IF Lituanie\" \/>\n<meta property=\"article:publisher\" content=\"https:\/\/www.facebook.com\/prancuzuinstitutas\/\" \/>\n<meta property=\"article:published_time\" content=\"2022-02-25T14:58:53+00:00\" \/>\n<meta property=\"article:modified_time\" content=\"2022-02-25T15:20:38+00:00\" \/>\n<meta property=\"og:image\" content=\"https:\/\/www.institutfrancais-lituanie.com\/wp-content\/uploads\/2022\/02\/Kaunas_web-01-1.jpg\" \/>\n\t<meta property=\"og:image:width\" content=\"1191\" \/>\n\t<meta property=\"og:image:height\" content=\"654\" \/>\n\t<meta property=\"og:image:type\" content=\"image\/jpeg\" \/>\n<meta name=\"author\" content=\"Evelina Reznikove\" \/>\n<meta name=\"twitter:card\" content=\"summary_large_image\" \/>\n<meta name=\"twitter:label1\" content=\"Written by\" \/>\n\t<meta name=\"twitter:data1\" content=\"Evelina Reznikove\" \/>\n\t<meta name=\"twitter:label2\" content=\"Est. reading time\" \/>\n\t<meta name=\"twitter:data2\" content=\"1 minute\" \/>\n<script type=\"application\/ld+json\" class=\"yoast-schema-graph\">{\"@context\":\"https:\/\/schema.org\",\"@graph\":[{\"@type\":\"Article\",\"@id\":\"https:\/\/www.institutfrancais-lituanie.com\/fr\/archives\/francophonie\/viesoji-paskaita-prancuzu-kino-istorija-poetinio-realizmo-fenomenas\/#article\",\"isPartOf\":{\"@id\":\"https:\/\/www.institutfrancais-lituanie.com\/fr\/archives\/francophonie\/viesoji-paskaita-prancuzu-kino-istorija-poetinio-realizmo-fenomenas\/\"},\"author\":{\"name\":\"Evelina Reznikove\",\"@id\":\"https:\/\/www.institutfrancais-lituanie.com\/fr\/#\/schema\/person\/c9dac6d9150f55695a95f9bba5374b9a\"},\"headline\":\"Conf\u00e9rence. Histoire du cin\u00e9ma fran\u00e7ais : ph\u00e9nom\u00e8ne du r\u00e9alisme po\u00e9tique\",\"datePublished\":\"2022-02-25T14:58:53+00:00\",\"dateModified\":\"2022-02-25T15:20:38+00:00\",\"mainEntityOfPage\":{\"@id\":\"https:\/\/www.institutfrancais-lituanie.com\/fr\/archives\/francophonie\/viesoji-paskaita-prancuzu-kino-istorija-poetinio-realizmo-fenomenas\/\"},\"wordCount\":160,\"publisher\":{\"@id\":\"https:\/\/www.institutfrancais-lituanie.com\/fr\/#organization\"},\"image\":{\"@id\":\"https:\/\/www.institutfrancais-lituanie.com\/fr\/archives\/francophonie\/viesoji-paskaita-prancuzu-kino-istorija-poetinio-realizmo-fenomenas\/#primaryimage\"},\"thumbnailUrl\":\"https:\/\/www.institutfrancais-lituanie.com\/wp-content\/uploads\/2022\/02\/Kaunas_web-01-1.jpg\",\"keywords\":[\"kaunas\"],\"articleSection\":[\"Archives : Francophonie\"],\"inLanguage\":\"fr-FR\"},{\"@type\":\"WebPage\",\"@id\":\"https:\/\/www.institutfrancais-lituanie.com\/fr\/archives\/francophonie\/viesoji-paskaita-prancuzu-kino-istorija-poetinio-realizmo-fenomenas\/\",\"url\":\"https:\/\/www.institutfrancais-lituanie.com\/fr\/archives\/francophonie\/viesoji-paskaita-prancuzu-kino-istorija-poetinio-realizmo-fenomenas\/\",\"name\":\"Conf\u00e9rence. Histoire du cin\u00e9ma fran\u00e7ais : ph\u00e9nom\u00e8ne du r\u00e9alisme po\u00e9tique - IF Lituanie\",\"isPartOf\":{\"@id\":\"https:\/\/www.institutfrancais-lituanie.com\/fr\/#website\"},\"primaryImageOfPage\":{\"@id\":\"https:\/\/www.institutfrancais-lituanie.com\/fr\/archives\/francophonie\/viesoji-paskaita-prancuzu-kino-istorija-poetinio-realizmo-fenomenas\/#primaryimage\"},\"image\":{\"@id\":\"https:\/\/www.institutfrancais-lituanie.com\/fr\/archives\/francophonie\/viesoji-paskaita-prancuzu-kino-istorija-poetinio-realizmo-fenomenas\/#primaryimage\"},\"thumbnailUrl\":\"https:\/\/www.institutfrancais-lituanie.com\/wp-content\/uploads\/2022\/02\/Kaunas_web-01-1.jpg\",\"datePublished\":\"2022-02-25T14:58:53+00:00\",\"dateModified\":\"2022-02-25T15:20:38+00:00\",\"breadcrumb\":{\"@id\":\"https:\/\/www.institutfrancais-lituanie.com\/fr\/archives\/francophonie\/viesoji-paskaita-prancuzu-kino-istorija-poetinio-realizmo-fenomenas\/#breadcrumb\"},\"inLanguage\":\"fr-FR\",\"potentialAction\":[{\"@type\":\"ReadAction\",\"target\":[\"https:\/\/www.institutfrancais-lituanie.com\/fr\/archives\/francophonie\/viesoji-paskaita-prancuzu-kino-istorija-poetinio-realizmo-fenomenas\/\"]}]},{\"@type\":\"ImageObject\",\"inLanguage\":\"fr-FR\",\"@id\":\"https:\/\/www.institutfrancais-lituanie.com\/fr\/archives\/francophonie\/viesoji-paskaita-prancuzu-kino-istorija-poetinio-realizmo-fenomenas\/#primaryimage\",\"url\":\"https:\/\/www.institutfrancais-lituanie.com\/wp-content\/uploads\/2022\/02\/Kaunas_web-01-1.jpg\",\"contentUrl\":\"https:\/\/www.institutfrancais-lituanie.com\/wp-content\/uploads\/2022\/02\/Kaunas_web-01-1.jpg\",\"width\":1191,\"height\":654},{\"@type\":\"BreadcrumbList\",\"@id\":\"https:\/\/www.institutfrancais-lituanie.com\/fr\/archives\/francophonie\/viesoji-paskaita-prancuzu-kino-istorija-poetinio-realizmo-fenomenas\/#breadcrumb\",\"itemListElement\":[{\"@type\":\"ListItem\",\"position\":1,\"name\":\"Home\",\"item\":\"https:\/\/www.institutfrancais-lituanie.com\/fr\/\"},{\"@type\":\"ListItem\",\"position\":2,\"name\":\"Conf\u00e9rence. Histoire du cin\u00e9ma fran\u00e7ais : ph\u00e9nom\u00e8ne du r\u00e9alisme po\u00e9tique\"}]},{\"@type\":\"WebSite\",\"@id\":\"https:\/\/www.institutfrancais-lituanie.com\/fr\/#website\",\"url\":\"https:\/\/www.institutfrancais-lituanie.com\/fr\/\",\"name\":\"IF Lituanie\",\"description\":\"Pranc\u016bz\u0173 kalbos kursai, kult\u016bra, mediateka...\",\"publisher\":{\"@id\":\"https:\/\/www.institutfrancais-lituanie.com\/fr\/#organization\"},\"potentialAction\":[{\"@type\":\"SearchAction\",\"target\":{\"@type\":\"EntryPoint\",\"urlTemplate\":\"https:\/\/www.institutfrancais-lituanie.com\/fr\/?s={search_term_string}\"},\"query-input\":\"required name=search_term_string\"}],\"inLanguage\":\"fr-FR\"},{\"@type\":\"Organization\",\"@id\":\"https:\/\/www.institutfrancais-lituanie.com\/fr\/#organization\",\"name\":\"Pranc\u016bz\u0173 institutas\",\"url\":\"https:\/\/www.institutfrancais-lituanie.com\/fr\/\",\"logo\":{\"@type\":\"ImageObject\",\"inLanguage\":\"fr-FR\",\"@id\":\"https:\/\/www.institutfrancais-lituanie.com\/fr\/#\/schema\/logo\/image\/\",\"url\":\"https:\/\/www.institutfrancais-lituanie.com\/wp-content\/uploads\/2023\/04\/IF_Logo-Lituanie-RVB.jpg\",\"contentUrl\":\"https:\/\/www.institutfrancais-lituanie.com\/wp-content\/uploads\/2023\/04\/IF_Logo-Lituanie-RVB.jpg\",\"width\":827,\"height\":555,\"caption\":\"Pranc\u016bz\u0173 institutas\"},\"image\":{\"@id\":\"https:\/\/www.institutfrancais-lituanie.com\/fr\/#\/schema\/logo\/image\/\"},\"sameAs\":[\"https:\/\/www.facebook.com\/prancuzuinstitutas\/\",\"https:\/\/www.instagram.com\/institut_francais_lituanie\/\"]},{\"@type\":\"Person\",\"@id\":\"https:\/\/www.institutfrancais-lituanie.com\/fr\/#\/schema\/person\/c9dac6d9150f55695a95f9bba5374b9a\",\"name\":\"Evelina Reznikove\",\"image\":{\"@type\":\"ImageObject\",\"inLanguage\":\"fr-FR\",\"@id\":\"https:\/\/www.institutfrancais-lituanie.com\/fr\/#\/schema\/person\/image\/\",\"url\":\"https:\/\/secure.gravatar.com\/avatar\/76f7b7d50952f6766575cbf6aadb57cc?s=96&d=mm&r=g\",\"contentUrl\":\"https:\/\/secure.gravatar.com\/avatar\/76f7b7d50952f6766575cbf6aadb57cc?s=96&d=mm&r=g\",\"caption\":\"Evelina Reznikove\"},\"url\":\"https:\/\/www.institutfrancais-lituanie.com\/fr\/author\/evelina\/\"}]}<\/script>\n<!-- \/ Yoast SEO plugin. -->","yoast_head_json":{"title":"Conf\u00e9rence. Histoire du cin\u00e9ma fran\u00e7ais : ph\u00e9nom\u00e8ne du r\u00e9alisme po\u00e9tique - IF Lituanie","robots":{"index":"index","follow":"follow","max-snippet":"max-snippet:-1","max-image-preview":"max-image-preview:large","max-video-preview":"max-video-preview:-1"},"canonical":"https:\/\/www.institutfrancais-lituanie.com\/fr\/archives\/francophonie\/viesoji-paskaita-prancuzu-kino-istorija-poetinio-realizmo-fenomenas\/","og_locale":"fr_FR","og_type":"article","og_title":"Conf\u00e9rence. Histoire du cin\u00e9ma fran\u00e7ais : ph\u00e9nom\u00e8ne du r\u00e9alisme po\u00e9tique - IF Lituanie","og_description":"Conf\u00e9rence : Histoire du cin\u00e9ma fran\u00e7ais : ph\u00e9nom\u00e8ne du r\u00e9alisme po\u00e9tique 9 mars 18h00 Prane\u0161\u0117jas&hellip;","og_url":"https:\/\/www.institutfrancais-lituanie.com\/fr\/archives\/francophonie\/viesoji-paskaita-prancuzu-kino-istorija-poetinio-realizmo-fenomenas\/","og_site_name":"IF Lituanie","article_publisher":"https:\/\/www.facebook.com\/prancuzuinstitutas\/","article_published_time":"2022-02-25T14:58:53+00:00","article_modified_time":"2022-02-25T15:20:38+00:00","og_image":[{"width":1191,"height":654,"url":"https:\/\/www.institutfrancais-lituanie.com\/wp-content\/uploads\/2022\/02\/Kaunas_web-01-1.jpg","type":"image\/jpeg"}],"author":"Evelina Reznikove","twitter_card":"summary_large_image","twitter_misc":{"Written by":"Evelina Reznikove","Est. reading time":"1 minute"},"schema":{"@context":"https:\/\/schema.org","@graph":[{"@type":"Article","@id":"https:\/\/www.institutfrancais-lituanie.com\/fr\/archives\/francophonie\/viesoji-paskaita-prancuzu-kino-istorija-poetinio-realizmo-fenomenas\/#article","isPartOf":{"@id":"https:\/\/www.institutfrancais-lituanie.com\/fr\/archives\/francophonie\/viesoji-paskaita-prancuzu-kino-istorija-poetinio-realizmo-fenomenas\/"},"author":{"name":"Evelina Reznikove","@id":"https:\/\/www.institutfrancais-lituanie.com\/fr\/#\/schema\/person\/c9dac6d9150f55695a95f9bba5374b9a"},"headline":"Conf\u00e9rence. Histoire du cin\u00e9ma fran\u00e7ais : ph\u00e9nom\u00e8ne du r\u00e9alisme po\u00e9tique","datePublished":"2022-02-25T14:58:53+00:00","dateModified":"2022-02-25T15:20:38+00:00","mainEntityOfPage":{"@id":"https:\/\/www.institutfrancais-lituanie.com\/fr\/archives\/francophonie\/viesoji-paskaita-prancuzu-kino-istorija-poetinio-realizmo-fenomenas\/"},"wordCount":160,"publisher":{"@id":"https:\/\/www.institutfrancais-lituanie.com\/fr\/#organization"},"image":{"@id":"https:\/\/www.institutfrancais-lituanie.com\/fr\/archives\/francophonie\/viesoji-paskaita-prancuzu-kino-istorija-poetinio-realizmo-fenomenas\/#primaryimage"},"thumbnailUrl":"https:\/\/www.institutfrancais-lituanie.com\/wp-content\/uploads\/2022\/02\/Kaunas_web-01-1.jpg","keywords":["kaunas"],"articleSection":["Archives : Francophonie"],"inLanguage":"fr-FR"},{"@type":"WebPage","@id":"https:\/\/www.institutfrancais-lituanie.com\/fr\/archives\/francophonie\/viesoji-paskaita-prancuzu-kino-istorija-poetinio-realizmo-fenomenas\/","url":"https:\/\/www.institutfrancais-lituanie.com\/fr\/archives\/francophonie\/viesoji-paskaita-prancuzu-kino-istorija-poetinio-realizmo-fenomenas\/","name":"Conf\u00e9rence. Histoire du cin\u00e9ma fran\u00e7ais : ph\u00e9nom\u00e8ne du r\u00e9alisme po\u00e9tique - IF Lituanie","isPartOf":{"@id":"https:\/\/www.institutfrancais-lituanie.com\/fr\/#website"},"primaryImageOfPage":{"@id":"https:\/\/www.institutfrancais-lituanie.com\/fr\/archives\/francophonie\/viesoji-paskaita-prancuzu-kino-istorija-poetinio-realizmo-fenomenas\/#primaryimage"},"image":{"@id":"https:\/\/www.institutfrancais-lituanie.com\/fr\/archives\/francophonie\/viesoji-paskaita-prancuzu-kino-istorija-poetinio-realizmo-fenomenas\/#primaryimage"},"thumbnailUrl":"https:\/\/www.institutfrancais-lituanie.com\/wp-content\/uploads\/2022\/02\/Kaunas_web-01-1.jpg","datePublished":"2022-02-25T14:58:53+00:00","dateModified":"2022-02-25T15:20:38+00:00","breadcrumb":{"@id":"https:\/\/www.institutfrancais-lituanie.com\/fr\/archives\/francophonie\/viesoji-paskaita-prancuzu-kino-istorija-poetinio-realizmo-fenomenas\/#breadcrumb"},"inLanguage":"fr-FR","potentialAction":[{"@type":"ReadAction","target":["https:\/\/www.institutfrancais-lituanie.com\/fr\/archives\/francophonie\/viesoji-paskaita-prancuzu-kino-istorija-poetinio-realizmo-fenomenas\/"]}]},{"@type":"ImageObject","inLanguage":"fr-FR","@id":"https:\/\/www.institutfrancais-lituanie.com\/fr\/archives\/francophonie\/viesoji-paskaita-prancuzu-kino-istorija-poetinio-realizmo-fenomenas\/#primaryimage","url":"https:\/\/www.institutfrancais-lituanie.com\/wp-content\/uploads\/2022\/02\/Kaunas_web-01-1.jpg","contentUrl":"https:\/\/www.institutfrancais-lituanie.com\/wp-content\/uploads\/2022\/02\/Kaunas_web-01-1.jpg","width":1191,"height":654},{"@type":"BreadcrumbList","@id":"https:\/\/www.institutfrancais-lituanie.com\/fr\/archives\/francophonie\/viesoji-paskaita-prancuzu-kino-istorija-poetinio-realizmo-fenomenas\/#breadcrumb","itemListElement":[{"@type":"ListItem","position":1,"name":"Home","item":"https:\/\/www.institutfrancais-lituanie.com\/fr\/"},{"@type":"ListItem","position":2,"name":"Conf\u00e9rence. Histoire du cin\u00e9ma fran\u00e7ais : ph\u00e9nom\u00e8ne du r\u00e9alisme po\u00e9tique"}]},{"@type":"WebSite","@id":"https:\/\/www.institutfrancais-lituanie.com\/fr\/#website","url":"https:\/\/www.institutfrancais-lituanie.com\/fr\/","name":"IF Lituanie","description":"Pranc\u016bz\u0173 kalbos kursai, kult\u016bra, mediateka...","publisher":{"@id":"https:\/\/www.institutfrancais-lituanie.com\/fr\/#organization"},"potentialAction":[{"@type":"SearchAction","target":{"@type":"EntryPoint","urlTemplate":"https:\/\/www.institutfrancais-lituanie.com\/fr\/?s={search_term_string}"},"query-input":"required name=search_term_string"}],"inLanguage":"fr-FR"},{"@type":"Organization","@id":"https:\/\/www.institutfrancais-lituanie.com\/fr\/#organization","name":"Pranc\u016bz\u0173 institutas","url":"https:\/\/www.institutfrancais-lituanie.com\/fr\/","logo":{"@type":"ImageObject","inLanguage":"fr-FR","@id":"https:\/\/www.institutfrancais-lituanie.com\/fr\/#\/schema\/logo\/image\/","url":"https:\/\/www.institutfrancais-lituanie.com\/wp-content\/uploads\/2023\/04\/IF_Logo-Lituanie-RVB.jpg","contentUrl":"https:\/\/www.institutfrancais-lituanie.com\/wp-content\/uploads\/2023\/04\/IF_Logo-Lituanie-RVB.jpg","width":827,"height":555,"caption":"Pranc\u016bz\u0173 institutas"},"image":{"@id":"https:\/\/www.institutfrancais-lituanie.com\/fr\/#\/schema\/logo\/image\/"},"sameAs":["https:\/\/www.facebook.com\/prancuzuinstitutas\/","https:\/\/www.instagram.com\/institut_francais_lituanie\/"]},{"@type":"Person","@id":"https:\/\/www.institutfrancais-lituanie.com\/fr\/#\/schema\/person\/c9dac6d9150f55695a95f9bba5374b9a","name":"Evelina Reznikove","image":{"@type":"ImageObject","inLanguage":"fr-FR","@id":"https:\/\/www.institutfrancais-lituanie.com\/fr\/#\/schema\/person\/image\/","url":"https:\/\/secure.gravatar.com\/avatar\/76f7b7d50952f6766575cbf6aadb57cc?s=96&d=mm&r=g","contentUrl":"https:\/\/secure.gravatar.com\/avatar\/76f7b7d50952f6766575cbf6aadb57cc?s=96&d=mm&r=g","caption":"Evelina Reznikove"},"url":"https:\/\/www.institutfrancais-lituanie.com\/fr\/author\/evelina\/"}]}},"_links":{"self":[{"href":"https:\/\/www.institutfrancais-lituanie.com\/fr\/wp-json\/wp\/v2\/posts\/10945"}],"collection":[{"href":"https:\/\/www.institutfrancais-lituanie.com\/fr\/wp-json\/wp\/v2\/posts"}],"about":[{"href":"https:\/\/www.institutfrancais-lituanie.com\/fr\/wp-json\/wp\/v2\/types\/post"}],"author":[{"embeddable":true,"href":"https:\/\/www.institutfrancais-lituanie.com\/fr\/wp-json\/wp\/v2\/users\/7"}],"replies":[{"embeddable":true,"href":"https:\/\/www.institutfrancais-lituanie.com\/fr\/wp-json\/wp\/v2\/comments?post=10945"}],"version-history":[{"count":2,"href":"https:\/\/www.institutfrancais-lituanie.com\/fr\/wp-json\/wp\/v2\/posts\/10945\/revisions"}],"predecessor-version":[{"id":10963,"href":"https:\/\/www.institutfrancais-lituanie.com\/fr\/wp-json\/wp\/v2\/posts\/10945\/revisions\/10963"}],"wp:featuredmedia":[{"embeddable":true,"href":"https:\/\/www.institutfrancais-lituanie.com\/fr\/wp-json\/wp\/v2\/media\/10933"}],"wp:attachment":[{"href":"https:\/\/www.institutfrancais-lituanie.com\/fr\/wp-json\/wp\/v2\/media?parent=10945"}],"wp:term":[{"taxonomy":"category","embeddable":true,"href":"https:\/\/www.institutfrancais-lituanie.com\/fr\/wp-json\/wp\/v2\/categories?post=10945"},{"taxonomy":"post_tag","embeddable":true,"href":"https:\/\/www.institutfrancais-lituanie.com\/fr\/wp-json\/wp\/v2\/tags?post=10945"}],"curies":[{"name":"wp","href":"https:\/\/api.w.org\/{rel}","templated":true}]}}